{"id":2456,"date":"2025-05-28T16:00:00","date_gmt":"2025-05-28T19:00:00","guid":{"rendered":"https:\/\/1truenote.com\/?p=2456"},"modified":"2025-09-27T18:03:29","modified_gmt":"2025-09-27T21:03:29","slug":"lofts-que-acolhem-todas-as-fases-da-vida","status":"publish","type":"post","link":"https:\/\/1truenote.com\/en\/lofts-que-acolhem-todas-as-fases-da-vida\/","title":{"rendered":"Mais que moradia: Lofts que acolhem todas as fases da vida"},"content":{"rendered":"<div class=\"fit_content\">\n                <div class=\"bd_toc_container\" data-fixedwidth=\"\">\n                    <div class=\"bd_toc_wrapper\" data-wrapperpadding=\"48px\">\n                        <div class=\"bd_toc_wrapper_item\">\n                            <div class=\"bd_toc_header active\" data-headerpadding=\"2px\">\n                                <div class=\"bd_toc_header_title\">\n                                    Sum\u00e1rio                                <\/div>\n                                <div class=\"bd_toc_switcher_hide_show_icon\">\n                                    <span class=\"bd_toc_arrow\"><\/span>                                <\/div>\n                            <\/div>\n                            <div class=\"bd_toc_content list-type-number\">\n                                <div class=\"bd_toc_content_list\">\n                                    <div class='bd_toc_content_list_item'>    <ul>\n      <li class=\"first\">\n        <a href=\"#por-que-lofts-que-acolhem-todas-as-fases-da-vida\">Por que lofts que acolhem todas as fases da vida<\/a>\n      <\/li>\n      <li>\n        <a href=\"#elementos-essenciais-em-lofts-humanizados\">Elementos essenciais em lofts humanizados<\/a>\n      <\/li>\n      <li>\n        <a href=\"#dicas-para-criar-um-loft-com-alma-e-fun\u00e7\u00e3o\">Dicas para criar um loft com alma e fun\u00e7\u00e3o<\/a>\n      <\/li>\n      <li>\n        <a href=\"#morar-bem-\u00e9-ser-acolhido-em-cada-momento\">Morar bem \u00e9 ser acolhido em cada momento<\/a>\n      <\/li>\n      <li class=\"last\">\n        <a href=\"#faq-lofts-que-acompanham-todas-as-fases-da-vida\">FAQ &#8211; Lofts que acompanham todas as fases da vida<\/a>\n        <ul class=\"menu_level_2\">\n          <li class=\"first\">\n            <a href=\"#lofts-servem-para-quem-tem-filhos\">Lofts servem para quem tem filhos?<\/a>\n          <\/li>\n          <li>\n            <a href=\"#idosos-se-adaptam-bem-a-lofts\">Idosos se adaptam bem a lofts?<\/a>\n          <\/li>\n          <li>\n            <a href=\"#preciso-de-muito-dinheiro-para-ter-um-loft-adapt\u00e1vel\">Preciso de muito dinheiro para ter um loft adapt\u00e1vel?<\/a>\n          <\/li>\n          <li class=\"last\">\n            <a href=\"#quais-materiais-transmitem-acolhimento-em-um-loft\">Quais materiais transmitem acolhimento em um loft?<\/a>\n          <\/li>\n        <\/ul>\n      <\/li>\n    <\/ul>\n<\/div>                                <\/div>\n                            <\/div>\n                        <\/div>\n                    <\/div>\n                    <div class=\"layout_toggle_button\">\n                        <span class=\"bd_toc_arrow\"><\/span>\n                    <\/div>\n                <\/div>\n            <\/div>\n\n    \n\n\n<p><strong>Lofts que acolhem todas as fases da vida<\/strong>. Quando a arquitetura se prop\u00f5e a ir al\u00e9m do concreto, o resultado \u00e9 emocionante. Os lofts que voc\u00ea vai conhecer aqui n\u00e3o s\u00e3o apenas espa\u00e7os bem planejados \u2014 eles foram pensados para acompanhar o ser humano em cada fase da vida, com conforto, flexibilidade e muita alma.<\/p>\n\n\n\n<p>Seja no in\u00edcio da vida adulta, com aquela independ\u00eancia cheia de descobertas, ou na maturidade, quando o lar precisa acolher com tranquilidade, esses projetos mostram que morar bem vai muito al\u00e9m da metragem. S\u00e3o <strong>lofts que acolhem todas as fases da vida<\/strong>, com leveza e respeito ao tempo de cada um.<\/p>\n\n\n\n<h2 id='por-que-lofts-que-acolhem-todas-as-fases-da-vida'  class=\"wp-block-heading\">Por que lofts que acolhem todas as fases da vida<\/h2>\n\n\n\n<p>O conceito de loft vai al\u00e9m do visual descolado: \u00e9 sobre liberdade. A planta aberta, os ambientes fluidos e a aus\u00eancia de divis\u00f3rias fixas permitem que o espa\u00e7o se transforme conforme as necessidades mudam. \u00c9 por isso que os <strong>lofts que acolhem todas as fases da vida<\/strong> t\u00eam ganhado tanto espa\u00e7o nas tend\u00eancias de arquitetura humanizada.<\/p>\n\n\n\n<figure class=\"wp-block-table\"><table class=\"has-fixed-layout\"><tbody><tr><th>Fase da Vida<\/th><th>Como o Loft Acompanha<\/th><\/tr><tr><td>Vida jovem e solteira<\/td><td>Espa\u00e7o fluido para receber amigos e trabalhar em casa<\/td><\/tr><tr><td>Casais e fam\u00edlias<\/td><td>Mobili\u00e1rio vers\u00e1til e possibilidade de criar divis\u00f5es<\/td><\/tr><tr><td>Maturidade e envelhecimento<\/td><td>Ambientes acess\u00edveis, integra\u00e7\u00e3o com natureza e conforto<\/td><\/tr><\/tbody><\/table><\/figure>\n\n\n\n<h2 id='elementos-essenciais-em-lofts-humanizados'  class=\"wp-block-heading\">Elementos essenciais em lofts humanizados<\/h2>\n\n\n\n<ul class=\"wp-block-list\">\n<li><strong>Ilumina\u00e7\u00e3o natural abundante:<\/strong> conecta o morador ao ritmo do dia<\/li>\n\n\n\n<li><strong>Materiais acolhedores:<\/strong> madeira, concreto aparente, tecidos naturais<\/li>\n\n\n\n<li><strong>Verde dentro de casa:<\/strong> jardineiras, vasos suspensos, paredes vivas<\/li>\n\n\n\n<li><strong>Layout adapt\u00e1vel:<\/strong> pain\u00e9is m\u00f3veis, cortinas divis\u00f3rias, m\u00f3veis multifuncionais<\/li>\n<\/ul>\n\n\n\n<p>Esses elementos s\u00e3o a base dos <strong>lofts que acolhem todas as fases da vida<\/strong>, pois trazem sensa\u00e7\u00e3o de lar verdadeiro, n\u00e3o importa a idade de quem vive ali.<\/p>\n\n\n\n<figure class=\"wp-block-image aligncenter size-large\"><img data-recalc-dims=\"1\" fetchpriority=\"high\" decoding=\"async\" width=\"1024\" height=\"683\" src=\"https:\/\/i0.wp.com\/1truenote.com\/wp-content\/uploads\/2025\/05\/ChatGPT-Image-27-de-mai.-de-2025-17_32_46.png?resize=1024%2C683&#038;ssl=1\" alt=\"Truques de decora\u00e7\u00e3o apartamento pequeno\" class=\"wp-image-2374\" srcset=\"https:\/\/i0.wp.com\/1truenote.com\/wp-content\/uploads\/2025\/05\/ChatGPT-Image-27-de-mai.-de-2025-17_32_46.png?resize=1024%2C683&amp;ssl=1 1024w, https:\/\/i0.wp.com\/1truenote.com\/wp-content\/uploads\/2025\/05\/ChatGPT-Image-27-de-mai.-de-2025-17_32_46.png?resize=300%2C200&amp;ssl=1 300w, https:\/\/i0.wp.com\/1truenote.com\/wp-content\/uploads\/2025\/05\/ChatGPT-Image-27-de-mai.-de-2025-17_32_46.png?resize=768%2C512&amp;ssl=1 768w, https:\/\/i0.wp.com\/1truenote.com\/wp-content\/uploads\/2025\/05\/ChatGPT-Image-27-de-mai.-de-2025-17_32_46.png?resize=150%2C100&amp;ssl=1 150w, https:\/\/i0.wp.com\/1truenote.com\/wp-content\/uploads\/2025\/05\/ChatGPT-Image-27-de-mai.-de-2025-17_32_46.png?w=1536&amp;ssl=1 1536w\" sizes=\"(max-width: 1024px) 100vw, 1024px\" \/><\/figure>\n\n\n\n<h2 id='dicas-para-criar-um-loft-com-alma-e-fun\u00e7\u00e3o'  class=\"wp-block-heading\">Dicas para criar um loft com alma e fun\u00e7\u00e3o<\/h2>\n\n\n\n<ul class=\"wp-block-list\">\n<li>Escolha m\u00f3veis que se movem com voc\u00ea: mesas dobr\u00e1veis, camas retr\u00e1teis, estantes com rodinhas<\/li>\n\n\n\n<li>Aposte em cores neutras e texturas naturais: elas n\u00e3o cansam e acolhem<\/li>\n\n\n\n<li>Use tapetes, cortinas e almofadas para aquecer o visual e modular espa\u00e7os<\/li>\n\n\n\n<li>Crie um &#8220;cora\u00e7\u00e3o&#8221; para seu lar: pode ser a cozinha aberta, uma estante cheia de livros ou uma poltrona que te abra\u00e7a<\/li>\n<\/ul>\n\n\n\n<h2 id='morar-bem-\u00e9-ser-acolhido-em-cada-momento'  class=\"wp-block-heading\">Morar bem \u00e9 ser acolhido em cada momento<\/h2>\n\n\n\n<p>Esses <strong>lofts que acolhem todas as fases da vida<\/strong> provam que arquitetura e emo\u00e7\u00e3o andam juntas. Morar bem \u00e9 mais do que ter um endere\u00e7o bonito \u2014 \u00e9 se sentir acolhido todos os dias. E quando um projeto consegue te abra\u00e7ar aos 20, aos 40 e aos 70 anos, voc\u00ea sabe que encontrou um lar de verdade.<\/p>\n\n\n\n<p>A beleza desses lofts humanizados est\u00e1 nos detalhes que respeitam o tempo, o corpo, a individualidade e a conex\u00e3o com o entorno. Se voc\u00ea tamb\u00e9m sonha com um lugar assim, que acompanhe sua jornada, inspire-se nessas ideias e d\u00ea o primeiro passo.<\/p>\n\n\n\n<p>Quando falamos em arquitetura com prop\u00f3sito, os <strong>lofts que acolhem todas as fases da vida<\/strong> se destacam como um verdadeiro s\u00edmbolo de cuidado, versatilidade e afeto. Eles n\u00e3o s\u00e3o apenas espa\u00e7os bonitos para morar, mas cen\u00e1rios pensados para acompanhar as mudan\u00e7as do corpo, da rotina e da alma ao longo dos anos.<\/p>\n\n\n\n<p>Desde o jovem solteiro que quer um espa\u00e7o funcional, at\u00e9 o casal maduro que busca conforto sem abrir m\u00e3o do estilo \u2014 esse tipo de moradia oferece solu\u00e7\u00f5es que evoluem junto com o morador. Ambientes integrados, m\u00f3veis inteligentes, ilumina\u00e7\u00e3o bem planejada e elementos afetivos tornam esses lofts mais que um lar: eles s\u00e3o uma extens\u00e3o da nossa identidade.<\/p>\n\n\n\n<p>Se voc\u00ea busca um lugar que abrace suas escolhas e seu momento de vida com acolhimento e autenticidade, considere essa proposta. Os <strong>lofts que acolhem todas as fases da vida<\/strong> mostram que morar bem n\u00e3o tem idade, nem regra \u2014 tem afeto, intelig\u00eancia e simplicidade bem aplicada.<\/p>\n\n\n\n<p>Voc\u00ea pode ver mais conte\u00fados como <strong><a href=\"https:\/\/br.pinterest.com\/donatijunior\/lofts\/\" data-type=\"link\" data-id=\"https:\/\/br.pinterest.com\/donatijunior\/lofts\/\" target=\"_blank\" rel=\"noopener\">lofts<\/a> que acolhem todas as fases da vida<\/strong>, clicando <a href=\"https:\/\/1truenote.com\/en\/category\/casa-e-jardim\/\" data-type=\"link\" data-id=\"https:\/\/1truenote.com\/category\/casa-e-jardim\/\">aqui<\/a>.<\/p>\n\n\n\n<h2 id='faq-lofts-que-acompanham-todas-as-fases-da-vida'  class=\"wp-block-heading\">FAQ &#8211; Lofts que acompanham todas as fases da vida<\/h2>\n\n\n<div id=\"rank-math-faq\" class=\"rank-math-block\">\n<div class=\"rank-math-list\">\n<div id=\"faq-question-1748452881324\" class=\"rank-math-list-item\">\n<h3 id='lofts-servem-para-quem-tem-filhos'  class=\"rank-math-question\"><strong>Lofts servem para quem tem filhos?<\/strong><\/h3>\n<div class=\"rank-math-answer\">\n\n<p>Sim! Com divis\u00f5es bem pensadas, \u00e9 poss\u00edvel ter privacidade e conviv\u00eancia no mesmo espa\u00e7o.<\/p>\n\n<\/div>\n<\/div>\n<div id=\"faq-question-1748452897048\" class=\"rank-math-list-item\">\n<h3 id='idosos-se-adaptam-bem-a-lofts'  class=\"rank-math-question\"><strong>Idosos se adaptam bem a lofts?<\/strong><\/h3>\n<div class=\"rank-math-answer\">\n\n<p>Sim, desde que o projeto priorize acessibilidade, conforto t\u00e9rmico e boa ilumina\u00e7\u00e3o.<\/p>\n\n<\/div>\n<\/div>\n<div id=\"faq-question-1748452908128\" class=\"rank-math-list-item\">\n<h3 id='preciso-de-muito-dinheiro-para-ter-um-loft-adapt\u00e1vel'  class=\"rank-math-question\"><strong>Preciso de muito dinheiro para ter um loft adapt\u00e1vel?<\/strong><\/h3>\n<div class=\"rank-math-answer\">\n\n<p>N\u00e3o. A intelig\u00eancia est\u00e1 na escolha de solu\u00e7\u00f5es funcionais e n\u00e3o necessariamente caras.<\/p>\n\n<\/div>\n<\/div>\n<div id=\"faq-question-1748452922097\" class=\"rank-math-list-item\">\n<h3 id='quais-materiais-transmitem-acolhimento-em-um-loft'  class=\"rank-math-question\"><strong>Quais materiais transmitem acolhimento em um loft?<\/strong><\/h3>\n<div class=\"rank-math-answer\">\n\n<p>Madeira, cimento queimado, linho, algod\u00e3o e plantas. O segredo \u00e9 misturar texturas.<\/p>\n\n<\/div>\n<\/div>\n<\/div>\n<\/div>\n\n\n<figure class=\"wp-block-image aligncenter size-large\"><img data-recalc-dims=\"1\" decoding=\"async\" width=\"1024\" height=\"683\" src=\"https:\/\/i0.wp.com\/1truenote.com\/wp-content\/uploads\/2025\/05\/ChatGPT-Image-28-de-mai.-de-2025-14_22_52.png?resize=1024%2C683&#038;ssl=1\" alt=\"lofts que acolhem todas as fases da vida\" class=\"wp-image-2457\" srcset=\"https:\/\/i0.wp.com\/1truenote.com\/wp-content\/uploads\/2025\/05\/ChatGPT-Image-28-de-mai.-de-2025-14_22_52.png?resize=1024%2C683&amp;ssl=1 1024w, https:\/\/i0.wp.com\/1truenote.com\/wp-content\/uploads\/2025\/05\/ChatGPT-Image-28-de-mai.-de-2025-14_22_52.png?resize=300%2C200&amp;ssl=1 300w, https:\/\/i0.wp.com\/1truenote.com\/wp-content\/uploads\/2025\/05\/ChatGPT-Image-28-de-mai.-de-2025-14_22_52.png?resize=768%2C512&amp;ssl=1 768w, https:\/\/i0.wp.com\/1truenote.com\/wp-content\/uploads\/2025\/05\/ChatGPT-Image-28-de-mai.-de-2025-14_22_52.png?resize=150%2C100&amp;ssl=1 150w, https:\/\/i0.wp.com\/1truenote.com\/wp-content\/uploads\/2025\/05\/ChatGPT-Image-28-de-mai.-de-2025-14_22_52.png?w=1536&amp;ssl=1 1536w\" sizes=\"(max-width: 1024px) 100vw, 1024px\" \/><\/figure>","protected":false},"excerpt":{"rendered":"<p>Lofts que acolhem todas as fases da vida. Quando a arquitetura se prop\u00f5e a ir al\u00e9m do concreto, o resultado&#8230;<\/p>","protected":false},"author":1,"featured_media":2457,"comment_status":"open","ping_status":"open","sticky":false,"template":"","format":"standard","meta":{"_kad_post_transparent":"","_kad_post_title":"","_kad_post_layout":"","_kad_post_sidebar_id":"","_kad_post_content_style":"","_kad_post_vertical_padding":"","_kad_post_feature":"","_kad_post_feature_position":"","_kad_post_header":false,"_kad_post_footer":false,"_kad_post_classname":"","footnotes":"","jetpack_publicize_message":"","jetpack_publicize_feature_enabled":true,"jetpack_social_post_already_shared":true,"jetpack_social_options":{"image_generator_settings":{"template":"highway","enabled":false},"version":2}},"categories":[1],"tags":[13,14,12],"class_list":["post-2456","post","type-post","status-publish","format-standard","has-post-thumbnail","hentry","category-novidades","tag-minimalista","tag-interiores-inovadores","tag-projetos-inovadores"],"jetpack_publicize_connections":[],"jetpack_featured_media_url":"https:\/\/i0.wp.com\/1truenote.com\/wp-content\/uploads\/2025\/05\/ChatGPT-Image-28-de-mai.-de-2025-14_22_52.png?fit=1536%2C1024&ssl=1","jetpack_sharing_enabled":true,"_links":{"self":[{"href":"https:\/\/1truenote.com\/en\/wp-json\/wp\/v2\/posts\/2456","targetHints":{"allow":["GET"]}}],"collection":[{"href":"https:\/\/1truenote.com\/en\/wp-json\/wp\/v2\/posts"}],"about":[{"href":"https:\/\/1truenote.com\/en\/wp-json\/wp\/v2\/types\/post"}],"author":[{"embeddable":true,"href":"https:\/\/1truenote.com\/en\/wp-json\/wp\/v2\/users\/1"}],"replies":[{"embeddable":true,"href":"https:\/\/1truenote.com\/en\/wp-json\/wp\/v2\/comments?post=2456"}],"version-history":[{"count":1,"href":"https:\/\/1truenote.com\/en\/wp-json\/wp\/v2\/posts\/2456\/revisions"}],"predecessor-version":[{"id":4297,"href":"https:\/\/1truenote.com\/en\/wp-json\/wp\/v2\/posts\/2456\/revisions\/4297"}],"wp:featuredmedia":[{"embeddable":true,"href":"https:\/\/1truenote.com\/en\/wp-json\/wp\/v2\/media\/2457"}],"wp:attachment":[{"href":"https:\/\/1truenote.com\/en\/wp-json\/wp\/v2\/media?parent=2456"}],"wp:term":[{"taxonomy":"category","embeddable":true,"href":"https:\/\/1truenote.com\/en\/wp-json\/wp\/v2\/categories?post=2456"},{"taxonomy":"post_tag","embeddable":true,"href":"https:\/\/1truenote.com\/en\/wp-json\/wp\/v2\/tags?post=2456"}],"curies":[{"name":"wp","href":"https:\/\/api.w.org\/{rel}","templated":true}]}}