{"id":2379,"date":"2025-05-28T10:00:00","date_gmt":"2025-05-28T13:00:00","guid":{"rendered":"https:\/\/1truenote.com\/?p=2379"},"modified":"2025-09-27T17:43:26","modified_gmt":"2025-09-27T20:43:26","slug":"truques-para-integrar-sala-e-cozinha","status":"publish","type":"post","link":"https:\/\/1truenote.com\/en\/truques-para-integrar-sala-e-cozinha\/","title":{"rendered":"10 Truques de ouro para integrar sala e cozinha com leveza e bom gosto"},"content":{"rendered":"<div class=\"fit_content\">\n                <div class=\"bd_toc_container\" data-fixedwidth=\"\">\n                    <div class=\"bd_toc_wrapper\" data-wrapperpadding=\"48px\">\n                        <div class=\"bd_toc_wrapper_item\">\n                            <div class=\"bd_toc_header active\" data-headerpadding=\"2px\">\n                                <div class=\"bd_toc_header_title\">\n                                    Sum\u00e1rio                                <\/div>\n                                <div class=\"bd_toc_switcher_hide_show_icon\">\n                                    <span class=\"bd_toc_arrow\"><\/span>                                <\/div>\n                            <\/div>\n                            <div class=\"bd_toc_content list-type-number\">\n                                <div class=\"bd_toc_content_list\">\n                                    <div class='bd_toc_content_list_item'>    <ul>\n      <li class=\"first\">\n        <a href=\"#integrar-sala-e-cozinha-por-que-apostar-nisso\">Integrar sala e cozinha: Por que apostar nisso?<\/a>\n      <\/li>\n      <li>\n        <a href=\"#truque-1-paleta-de-cores-unificada\">Truque 1: Paleta de cores unificada<\/a>\n      <\/li>\n      <li>\n        <a href=\"#truque-2-ilumina\u00e7\u00e3o-bem-pensada\">Truque 2: Ilumina\u00e7\u00e3o bem pensada<\/a>\n      <\/li>\n      <li>\n        <a href=\"#truque-3-m\u00f3veis-planejados-ou-bem-escolhidos\">Truque 3: M\u00f3veis planejados (ou bem escolhidos)<\/a>\n      <\/li>\n      <li>\n        <a href=\"#truque-4-bancada-ou-ilha-como-divis\u00f3ria-sutil\">Truque 4: Bancada ou ilha como divis\u00f3ria sutil<\/a>\n      <\/li>\n      <li>\n        <a href=\"#truque-5-piso-cont\u00ednuo-para-ampliar\">Truque 5: Piso cont\u00ednuo para ampliar<\/a>\n      <\/li>\n      <li>\n        <a href=\"#truque-6-tapetes-e-texturas-que-delimitam\">Truque 6: Tapetes e texturas que delimitam<\/a>\n      <\/li>\n      <li>\n        <a href=\"#truque-7-prateleiras-e-nichos-decorativos\">Truque 7: Prateleiras e nichos decorativos<\/a>\n      <\/li>\n      <li>\n        <a href=\"#truque-8-estilo-coerente-sem-ficar-tudo-igual\">Truque 8: Estilo coerente (sem ficar tudo igual)<\/a>\n      <\/li>\n      <li>\n        <a href=\"#truque-9-cortinas-leves-ou-pain\u00e9is-de-correr\">Truque 9: Cortinas leves ou pain\u00e9is de correr<\/a>\n      <\/li>\n      <li>\n        <a href=\"#truque-10-personalidade-nos-detalhes\">Truque 10: Personalidade nos detalhes<\/a>\n      <\/li>\n      <li>\n        <a href=\"#sobre-integrar-sala-e-cozinha\">Sobre integrar sala e cozinha<\/a>\n      <\/li>\n      <li class=\"last\">\n        <a href=\"#faq-d\u00favidas-sobre-integrar-sala-e-cozinha\">FAQ: D\u00favidas sobre integrar sala e cozinha<\/a>\n        <ul class=\"menu_level_2\">\n          <li class=\"first\">\n            <a href=\"#precisa-de-arquiteto-pra-integrar-sala-e-cozinha\">Precisa de arquiteto pra integrar sala e cozinha?<\/a>\n          <\/li>\n          <li>\n            <a href=\"#como-evitar-cheiro-de-comida-na-sala\">Como evitar cheiro de comida na sala?<\/a>\n          <\/li>\n          <li>\n            <a href=\"#d\u00e1-pra-usar-estilos-diferentes-nos-dois-espa\u00e7os\">D\u00e1 pra usar estilos diferentes nos dois espa\u00e7os?<\/a>\n          <\/li>\n          <li class=\"last\">\n            <a href=\"#\u00e9-poss\u00edvel-integrar-sem-reformar\">\u00c9 poss\u00edvel integrar sem reformar?<\/a>\n          <\/li>\n        <\/ul>\n      <\/li>\n    <\/ul>\n<\/div>                                <\/div>\n                            <\/div>\n                        <\/div>\n                    <\/div>\n                    <div class=\"layout_toggle_button\">\n                        <span class=\"bd_toc_arrow\"><\/span>\n                    <\/div>\n                <\/div>\n            <\/div>\n\n    \n\n\n<p><strong>Integrar sala e cozinha<\/strong> \u00e9 mais do que derrubar uma parede \u2014 \u00e9 criar conex\u00e3o, praticidade e charme no dia a dia. Com alguns toques estrat\u00e9gicos, d\u00e1 pra deixar esses dois ambientes super harm\u00f4nicos, sem perder identidade nem estilo.<\/p>\n\n\n\n<p>Aqui voc\u00ea vai ver <strong>10 truques de ouro<\/strong> pra fazer isso com leveza e bom gosto destacados por nossa curadoria \u2014 mesmo em espa\u00e7os pequenos!<\/p>\n\n\n\n<h2 id='integrar-sala-e-cozinha-por-que-apostar-nisso'  class=\"wp-block-heading\">Integrar sala e cozinha: Por que apostar nisso?<\/h2>\n\n\n\n<p>Antes de tudo, entender o porqu\u00ea da integra\u00e7\u00e3o \u00e9 essencial. Quando unimos sala e cozinha, ganhamos:<\/p>\n\n\n\n<figure class=\"wp-block-table\"><table class=\"has-fixed-layout\"><tbody><tr><th>Benef\u00edcio<\/th><th>Vantagem pr\u00e1tica<\/th><\/tr><tr><td>Mais luz natural<\/td><td>Menos paredes = mais ilumina\u00e7\u00e3o<\/td><\/tr><tr><td>Conviv\u00eancia facilitada<\/td><td>Cozinhar e interagir ao mesmo tempo<\/td><\/tr><tr><td>Sensa\u00e7\u00e3o de amplitude<\/td><td>Espa\u00e7o visualmente maior<\/td><\/tr><tr><td>Estilo moderno e funcional<\/td><td>Combina\u00e7\u00e3o ideal pra quem ama praticidade<\/td><\/tr><\/tbody><\/table><\/figure>\n\n\n\n<p>Essa escolha est\u00e1 cada vez mais comum em apartamentos compactos e casas modernas. Mas como deixar tudo harm\u00f4nico? \u00c9 a\u00ed que entram os truques!<\/p>\n\n\n\n<h2 id='truque-1-paleta-de-cores-unificada'  class=\"wp-block-heading\">Truque 1: Paleta de cores unificada<\/h2>\n\n\n\n<p>Nada como uma base neutra e tons que conversam entre si para criar unidade. Tons claros ampliam, enquanto toques de cor trazem personalidade.<\/p>\n\n\n\n<h2 id='truque-2-ilumina\u00e7\u00e3o-bem-pensada'  class=\"wp-block-heading\">Truque 2: Ilumina\u00e7\u00e3o bem pensada<\/h2>\n\n\n\n<p>Use pendentes sobre bancadas, spots embutidos e luz natural ao m\u00e1ximo. A ilumina\u00e7\u00e3o ajuda a separar e ao mesmo tempo integrar visualmente.<\/p>\n\n\n\n<h2 id='truque-3-m\u00f3veis-planejados-ou-bem-escolhidos'  class=\"wp-block-heading\">Truque 3: M\u00f3veis planejados (ou bem escolhidos)<\/h2>\n\n\n\n<p>Em espa\u00e7os integrados, cada cent\u00edmetro importa. M\u00f3veis sob medida ou multifuncionais ajudam a manter tudo fluido e organizado.<\/p>\n\n\n\n<h2 id='truque-4-bancada-ou-ilha-como-divis\u00f3ria-sutil'  class=\"wp-block-heading\">Truque 4: Bancada ou ilha como divis\u00f3ria sutil<\/h2>\n\n\n\n<p>Al\u00e9m de funcionais, bancadas ou ilhas criam transi\u00e7\u00e3o entre cozinha e sala. D\u00e1 pra usar como apoio pra refei\u00e7\u00f5es ou at\u00e9 home office!<\/p>\n\n\n\n<h2 id='truque-5-piso-cont\u00ednuo-paraliar'  class=\"wp-block-heading\">Truque 5: Piso cont\u00ednuo para ampliar<\/h2>\n\n\n\n<p>Usar o mesmo piso nos dois ambientes evita cortes visuais. Isso alonga o espa\u00e7o e d\u00e1 sensa\u00e7\u00e3o de unidade.<\/p>\n\n\n\n<h2 id='truque-6-tapetes-e-texturas-que-delimitam'  class=\"wp-block-heading\">Truque 6: Tapetes e texturas que delimitam<\/h2>\n\n\n\n<p>Tapetes s\u00e3o \u00f3timos pra marcar onde termina a sala e come\u00e7a a cozinha \u2014 sem precisar levantar paredes.<\/p>\n\n\n\n<figure class=\"wp-block-image aligncenter size-large\"><img data-recalc-dims=\"1\" fetchpriority=\"high\" decoding=\"async\" width=\"1024\" height=\"683\" src=\"https:\/\/i0.wp.com\/1truenote.com\/wp-content\/uploads\/2025\/05\/ChatGPT-Image-23-de-mai.-de-2025-11_28_34.png?resize=1024%2C683&#038;ssl=1\" alt=\"Roomstyler 3D Home Planner\" class=\"wp-image-2209\" srcset=\"https:\/\/i0.wp.com\/1truenote.com\/wp-content\/uploads\/2025\/05\/ChatGPT-Image-23-de-mai.-de-2025-11_28_34.png?resize=1024%2C683&amp;ssl=1 1024w, https:\/\/i0.wp.com\/1truenote.com\/wp-content\/uploads\/2025\/05\/ChatGPT-Image-23-de-mai.-de-2025-11_28_34.png?resize=300%2C200&amp;ssl=1 300w, https:\/\/i0.wp.com\/1truenote.com\/wp-content\/uploads\/2025\/05\/ChatGPT-Image-23-de-mai.-de-2025-11_28_34.png?resize=768%2C512&amp;ssl=1 768w, https:\/\/i0.wp.com\/1truenote.com\/wp-content\/uploads\/2025\/05\/ChatGPT-Image-23-de-mai.-de-2025-11_28_34.png?resize=150%2C100&amp;ssl=1 150w, https:\/\/i0.wp.com\/1truenote.com\/wp-content\/uploads\/2025\/05\/ChatGPT-Image-23-de-mai.-de-2025-11_28_34.png?w=1536&amp;ssl=1 1536w\" sizes=\"(max-width: 1024px) 100vw, 1024px\" \/><\/figure>\n\n\n\n<h2 id='truque-7-prateleiras-e-nichos-decorativos'  class=\"wp-block-heading\">Truque 7: Prateleiras e nichos decorativos<\/h2>\n\n\n\n<p>Eles servem pra organizar e ainda criar um elo entre os ambientes. Use pra exibir lou\u00e7as, livros ou plantinhas.<\/p>\n\n\n\n<h2 id='truque-8-estilo-coerente-sem-ficar-tudo-igual'  class=\"wp-block-heading\">Truque 8: Estilo coerente (sem ficar tudo igual)<\/h2>\n\n\n\n<p>Escolha elementos que se complementem \u2014 como madeira na cozinha e no rack da sala, ou cores que se repetem em detalhes dos dois lados.<\/p>\n\n\n\n<h2 id='truque-9-cortinas-leves-ou-pain\u00e9is-de-correr'  class=\"wp-block-heading\">Truque 9: Cortinas leves ou pain\u00e9is de correr<\/h2>\n\n\n\n<p>Se quiser isolar sem fechar, aposte em pain\u00e9is ripados ou cortinas claras. Elas dividem sem pesar.<\/p>\n\n\n\n<h2 id='truque-10-personalidade-nos-detalhes'  class=\"wp-block-heading\">Truque 10: Personalidade nos detalhes<\/h2>\n\n\n\n<p>Mesmo integrando, mantenha o toque pessoal: quadros, almofadas, lumin\u00e1rias diferentes. Assim, cada canto tem alma!<\/p>\n\n\n\n<figure class=\"wp-block-image aligncenter size-large\"><img data-recalc-dims=\"1\" decoding=\"async\" width=\"1024\" height=\"683\" src=\"https:\/\/i0.wp.com\/1truenote.com\/wp-content\/uploads\/2025\/05\/ChatGPT-Image-27-de-mai.-de-2025-16_09_59.png?resize=1024%2C683&#038;ssl=1\" alt=\"salas e cozinhas conjugadas\" class=\"wp-image-2367\" srcset=\"https:\/\/i0.wp.com\/1truenote.com\/wp-content\/uploads\/2025\/05\/ChatGPT-Image-27-de-mai.-de-2025-16_09_59.png?resize=1024%2C683&amp;ssl=1 1024w, https:\/\/i0.wp.com\/1truenote.com\/wp-content\/uploads\/2025\/05\/ChatGPT-Image-27-de-mai.-de-2025-16_09_59.png?resize=300%2C200&amp;ssl=1 300w, https:\/\/i0.wp.com\/1truenote.com\/wp-content\/uploads\/2025\/05\/ChatGPT-Image-27-de-mai.-de-2025-16_09_59.png?resize=768%2C512&amp;ssl=1 768w, https:\/\/i0.wp.com\/1truenote.com\/wp-content\/uploads\/2025\/05\/ChatGPT-Image-27-de-mai.-de-2025-16_09_59.png?resize=150%2C100&amp;ssl=1 150w, https:\/\/i0.wp.com\/1truenote.com\/wp-content\/uploads\/2025\/05\/ChatGPT-Image-27-de-mai.-de-2025-16_09_59.png?w=1536&amp;ssl=1 1536w\" sizes=\"(max-width: 1024px) 100vw, 1024px\" \/><\/figure>\n\n\n\n<hr class=\"wp-block-separator has-alpha-channel-opacity\"\/>\n\n\n\n<h2 id='sobre-integrar-sala-e-cozinha'  class=\"wp-block-heading\">Sobre integrar sala e cozinha<\/h2>\n\n\n\n<p>Integrar sala e cozinha com leveza \u00e9 uma mistura de t\u00e9cnica, gosto pessoal e um pouquinho de ousadia. Os truques que voc\u00ea viu aqui servem tanto pra quem vai reformar quanto pra quem quer s\u00f3 repaginar \u2014 e o mais legal \u00e9 que d\u00e1 pra fazer tudo isso sem gastar horrores.<\/p>\n\n\n\n<p>Mais do que tend\u00eancia, <strong><a href=\"https:\/\/br.pinterest.com\/merycordao\/cozinha-e-sala-integradas\/\" data-type=\"link\" data-id=\"https:\/\/br.pinterest.com\/merycordao\/cozinha-e-sala-integradas\/\" target=\"_blank\" rel=\"noopener\">integrar sala e cozinha<\/a><\/strong> \u00e9 uma escolha que transforma a rotina. Cozinhar sem ficar isolado, receber amigos com tudo \u00e0 vista e ainda ter a sensa\u00e7\u00e3o de casa mais ampla&#8230; \u00c9 ou n\u00e3o \u00e9 um sonho? E sabe o que \u00e9 melhor? Voc\u00ea pode come\u00e7ar com pequenos ajustes \u2014 como uma nova ilumina\u00e7\u00e3o ou a escolha de um tapete estrat\u00e9gico \u2014 e j\u00e1 ver resultados incr\u00edveis.<\/p>\n\n\n\n<p>No fim das contas, o segredo est\u00e1 nos detalhes. S\u00e3o eles que deixam o ambiente funcional, bonito e com a sua cara. Ent\u00e3o aproveita os truques que voc\u00ea acabou de descobrir, olhe com carinho pro seu espa\u00e7o e m\u00e3os \u00e0 obra!<\/p>\n\n\n\n<p>Lembre-se: espa\u00e7os bem integrados s\u00e3o aqueles que facilitam a vida e encantam no visual. Que tal testar alguma dessas ideias a\u00ed no seu cantinho?<\/p>\n\n\n\n<p>Voc\u00ea pode ver mais artigos interessantes clicando <a href=\"https:\/\/1truenote.com\/en\/category\/casa-e-jardim\/\" data-type=\"link\" data-id=\"https:\/\/1truenote.com\/category\/casa-e-jardim\/\">aqui<\/a>.<\/p>\n\n\n\n<hr class=\"wp-block-separator has-alpha-channel-opacity\"\/>\n\n\n\n<h2 id='faq-d\u00favidas-sobre-integrar-sala-e-cozinha'  class=\"wp-block-heading\">FAQ: D\u00favidas sobre integrar sala e cozinha<\/h2>\n\n\n<div id=\"rank-math-faq\" class=\"rank-math-block\">\n<div class=\"rank-math-list\">\n<div id=\"faq-question-1748378470605\" class=\"rank-math-list-item\">\n<h3 id='precisa-de-arquiteto-pra-integrar-sala-e-cozinha'  class=\"rank-math-question\"><strong>Precisa de arquiteto pra integrar sala e cozinha?<\/strong><\/h3>\n<div class=\"rank-math-answer\">\n\n<p>N\u00e3o \u00e9 obrigat\u00f3rio, mas se envolver remo\u00e7\u00e3o de paredes, consultar um profissional \u00e9 o mais seguro.<\/p>\n\n<\/div>\n<\/div>\n<div id=\"faq-question-1748378483315\" class=\"rank-math-list-item\">\n<h3 id='como-evitar-cheiro-de-comida-na-sala'  class=\"rank-math-question\"><strong>Como evitar cheiro de comida na sala?<\/strong><\/h3>\n<div class=\"rank-math-answer\">\n\n<p>Invista em uma boa coifa e mantenha janelas abertas sempre que poss\u00edvel.<\/p>\n\n<\/div>\n<\/div>\n<div id=\"faq-question-1748378494754\" class=\"rank-math-list-item\">\n<h3 id='d\u00e1-pra-usar-estilos-diferentes-nos-dois-espa\u00e7os'  class=\"rank-math-question\"><strong>D\u00e1 pra usar estilos diferentes nos dois espa\u00e7os?<\/strong><\/h3>\n<div class=\"rank-math-answer\">\n\n<p>Sim, mas busque pontos em comum pra manter a harmonia.<\/p>\n\n<\/div>\n<\/div>\n<div id=\"faq-question-1748378504223\" class=\"rank-math-list-item\">\n<h3 id='\u00e9-poss\u00edvel-integrar-sem-reformar'  class=\"rank-math-question\"><strong>\u00c9 poss\u00edvel integrar sem reformar?<\/strong><\/h3>\n<div class=\"rank-math-answer\">\n\n<p>Sim! Usar elementos visuais como ilumina\u00e7\u00e3o, tapetes e m\u00f3veis j\u00e1 faz diferen\u00e7a.<\/p>\n\n<\/div>\n<\/div>\n<\/div>\n<\/div>\n\n\n<figure class=\"wp-block-image aligncenter size-large\"><img data-recalc-dims=\"1\" decoding=\"async\" width=\"1024\" height=\"683\" src=\"https:\/\/i0.wp.com\/1truenote.com\/wp-content\/uploads\/2025\/05\/ChatGPT-Image-27-de-mai.-de-2025-17_44_45.png?resize=1024%2C683&#038;ssl=1\" alt=\"integrar sala e cozinha\" class=\"wp-image-2380\" srcset=\"https:\/\/i0.wp.com\/1truenote.com\/wp-content\/uploads\/2025\/05\/ChatGPT-Image-27-de-mai.-de-2025-17_44_45.png?resize=1024%2C683&amp;ssl=1 1024w, https:\/\/i0.wp.com\/1truenote.com\/wp-content\/uploads\/2025\/05\/ChatGPT-Image-27-de-mai.-de-2025-17_44_45.png?resize=300%2C200&amp;ssl=1 300w, https:\/\/i0.wp.com\/1truenote.com\/wp-content\/uploads\/2025\/05\/ChatGPT-Image-27-de-mai.-de-2025-17_44_45.png?resize=768%2C512&amp;ssl=1 768w, https:\/\/i0.wp.com\/1truenote.com\/wp-content\/uploads\/2025\/05\/ChatGPT-Image-27-de-mai.-de-2025-17_44_45.png?resize=150%2C100&amp;ssl=1 150w, https:\/\/i0.wp.com\/1truenote.com\/wp-content\/uploads\/2025\/05\/ChatGPT-Image-27-de-mai.-de-2025-17_44_45.png?w=1536&amp;ssl=1 1536w\" sizes=\"(max-width: 1024px) 100vw, 1024px\" \/><\/figure>","protected":false},"excerpt":{"rendered":"<p>Integrar sala e cozinha \u00e9 mais do que derrubar uma parede \u2014 \u00e9 criar conex\u00e3o, praticidade e charme no dia&#8230;<\/p>","protected":false},"author":1,"featured_media":2380,"comment_status":"open","ping_status":"open","sticky":false,"template":"","format":"standard","meta":{"_kad_post_transparent":"","_kad_post_title":"","_kad_post_layout":"","_kad_post_sidebar_id":"","_kad_post_content_style":"","_kad_post_vertical_padding":"","_kad_post_feature":"","_kad_post_feature_position":"","_kad_post_header":false,"_kad_post_footer":false,"_kad_post_classname":"","footnotes":"","jetpack_publicize_message":"","jetpack_publicize_feature_enabled":true,"jetpack_social_post_already_shared":true,"jetpack_social_options":{"image_generator_settings":{"template":"highway","enabled":false},"version":2}},"categories":[16],"tags":[13,14],"class_list":["post-2379","post","type-post","status-publish","format-standard","has-post-thumbnail","hentry","category-casa-e-jardim","tag-minimalista","tag-interiores-inovadores"],"jetpack_publicize_connections":[],"jetpack_featured_media_url":"https:\/\/i0.wp.com\/1truenote.com\/wp-content\/uploads\/2025\/05\/ChatGPT-Image-27-de-mai.-de-2025-17_44_45.png?fit=1536%2C1024&ssl=1","jetpack_sharing_enabled":true,"_links":{"self":[{"href":"https:\/\/1truenote.com\/en\/wp-json\/wp\/v2\/posts\/2379","targetHints":{"allow":["GET"]}}],"collection":[{"href":"https:\/\/1truenote.com\/en\/wp-json\/wp\/v2\/posts"}],"about":[{"href":"https:\/\/1truenote.com\/en\/wp-json\/wp\/v2\/types\/post"}],"author":[{"embeddable":true,"href":"https:\/\/1truenote.com\/en\/wp-json\/wp\/v2\/users\/1"}],"replies":[{"embeddable":true,"href":"https:\/\/1truenote.com\/en\/wp-json\/wp\/v2\/comments?post=2379"}],"version-history":[{"count":1,"href":"https:\/\/1truenote.com\/en\/wp-json\/wp\/v2\/posts\/2379\/revisions"}],"predecessor-version":[{"id":4284,"href":"https:\/\/1truenote.com\/en\/wp-json\/wp\/v2\/posts\/2379\/revisions\/4284"}],"wp:featuredmedia":[{"embeddable":true,"href":"https:\/\/1truenote.com\/en\/wp-json\/wp\/v2\/media\/2380"}],"wp:attachment":[{"href":"https:\/\/1truenote.com\/en\/wp-json\/wp\/v2\/media?parent=2379"}],"wp:term":[{"taxonomy":"category","embeddable":true,"href":"https:\/\/1truenote.com\/en\/wp-json\/wp\/v2\/categories?post=2379"},{"taxonomy":"post_tag","embeddable":true,"href":"https:\/\/1truenote.com\/en\/wp-json\/wp\/v2\/tags?post=2379"}],"curies":[{"name":"wp","href":"https:\/\/api.w.org\/{rel}","templated":true}]}}