{"id":2366,"date":"2025-05-27T18:00:00","date_gmt":"2025-05-27T21:00:00","guid":{"rendered":"https:\/\/1truenote.com\/?p=2366"},"modified":"2025-05-27T16:13:25","modified_gmt":"2025-05-27T19:13:25","slug":"salas-e-cozinhas-conjugadas-incriveis","status":"publish","type":"post","link":"https:\/\/1truenote.com\/en\/salas-e-cozinhas-conjugadas-incriveis\/","title":{"rendered":"Veja como essas salas e cozinhas conjugadas ficaram incr\u00edveis"},"content":{"rendered":"<div class=\"fit_content\">\n                <div class=\"bd_toc_container\" data-fixedwidth=\"\">\n                    <div class=\"bd_toc_wrapper\" data-wrapperpadding=\"48px\">\n                        <div class=\"bd_toc_wrapper_item\">\n                            <div class=\"bd_toc_header active\" data-headerpadding=\"2px\">\n                                <div class=\"bd_toc_header_title\">\n                                    Sum\u00e1rio                                <\/div>\n                                <div class=\"bd_toc_switcher_hide_show_icon\">\n                                    <span class=\"bd_toc_arrow\"><\/span>                                <\/div>\n                            <\/div>\n                            <div class=\"bd_toc_content list-type-number\">\n                                <div class=\"bd_toc_content_list\">\n                                    <div class='bd_toc_content_list_item'>    <ul>\n      <li class=\"first\">\n        <a href=\"#ambientes-integrados-mais-conex\u00e3o-menos-paredes-com-salas-e-cozinhas-conjugadas\">Ambientes integrados: Mais conex\u00e3o, menos paredes com salas e cozinhas conjugadas<\/a>\n      <\/li>\n      <li>\n        <a href=\"#inspira\u00e7\u00f5es-reais-salas-e-cozinhas-que-arrasam\">Inspira\u00e7\u00f5es reais: Salas e cozinhas que arrasam<\/a>\n        <ul class=\"menu_level_2\">\n          <li class=\"first\">\n            <a href=\"#1-estilo-americano-com-bancada\">1. Estilo americano com bancada<\/a>\n          <\/li>\n          <li>\n            <a href=\"#2-minimalismo-com-tons-claros\">2. Minimalismo com tons claros<\/a>\n          <\/li>\n          <li class=\"last\">\n            <a href=\"#3-toques-r\u00fasticos-+-industrial\">3. Toques r\u00fasticos + industrial<\/a>\n          <\/li>\n        <\/ul>\n      <\/li>\n      <li>\n        <a href=\"#paleta-de-cores-como-n\u00e3o-errar-na-combina\u00e7\u00e3o\">Paleta de cores: Como n\u00e3o errar na combina\u00e7\u00e3o<\/a>\n      <\/li>\n      <li>\n        <a href=\"#truques-de-decora\u00e7\u00e3o-para-salas-e-cozinhas-conjugadas\">Truques de decora\u00e7\u00e3o para salas e cozinhas conjugadas<\/a>\n      <\/li>\n      <li>\n        <a href=\"#salas-e-cozinhas-conjugadas\">Salas e cozinhas conjugadas<\/a>\n      <\/li>\n      <li class=\"last\">\n        <a href=\"#faq-d\u00favidas-comuns-sobre-salas-e-cozinhas-conjugadas\">FAQ: D\u00favidas comuns sobre salas e cozinhas conjugadas<\/a>\n        <ul class=\"menu_level_2\">\n          <li class=\"first\">\n            <a href=\"#\u00e9-preciso-contratar-um-arquiteto-para-integrar-sala-e-cozinha\">\u00c9 preciso contratar um arquiteto para integrar sala e cozinha?<\/a>\n          <\/li>\n          <li>\n            <a href=\"#como-esconder-a-bagun\u00e7a-da-cozinha-em-ambientes-integrados\">Como esconder a bagun\u00e7a da cozinha em ambientes integrados?<\/a>\n          <\/li>\n          <li>\n            <a href=\"#pode-usar-pisos-diferentes-nos-dois-ambientes\">Pode usar pisos diferentes nos dois ambientes?<\/a>\n          <\/li>\n          <li class=\"last\">\n            <a href=\"#a-sala-e-a-cozinha-precisam-ter-o-mesmo-estilo-de-m\u00f3veis\">A sala e a cozinha precisam ter o mesmo estilo de m\u00f3veis?<\/a>\n          <\/li>\n        <\/ul>\n      <\/li>\n    <\/ul>\n<\/div>                                <\/div>\n                            <\/div>\n                        <\/div>\n                    <\/div>\n                    <div class=\"layout_toggle_button\">\n                        <span class=\"bd_toc_arrow\"><\/span>\n                    <\/div>\n                <\/div>\n            <\/div>\n\n    \n\n\n<p><strong>Salas e cozinhas conjugadas<\/strong>. J\u00e1 reparou como uma sala integrada \u00e0 cozinha muda totalmente o clima da casa? \u00c9 como se tudo ficasse mais leve, mais fluido, mais conectado. E n\u00e3o precisa de mans\u00e3o, viu?<\/p>\n\n\n\n<p>At\u00e9 mesmo os ambientes pequenos ganham charme e funcionalidade quando a gente sabe brincar com os espa\u00e7os. Neste post, separei ideias reais de <strong>salas e cozinhas conjugadas<\/strong> que ficaram simplesmente irresist\u00edveis. Ah, e tem FAQ e tabelas tamb\u00e9m pra te ajudar a planejar direitinho!<\/p>\n\n\n\n<h2 id='ambientes-integrados-mais-conex\u00e3o-menos-paredes-com-salas-e-cozinhas-conjugadas'  class=\"wp-block-heading\">Ambientes integrados: Mais conex\u00e3o, menos paredes com salas e cozinhas conjugadas<\/h2>\n\n\n\n<p>Nada como poder cozinhar enquanto bate um papo com quem est\u00e1 no sof\u00e1. Esse tipo de layout n\u00e3o s\u00f3 \u00e9 pr\u00e1tico, como valoriza o im\u00f3vel e torna a rotina mais fluida. Principalmente em apartamentos pequenos, integrar sala e cozinha pode ser a chave para ganhar amplitude.<\/p>\n\n\n\n<p><strong>Vantagens da integra\u00e7\u00e3o com salas e cozinhas conjugadas:<\/strong><\/p>\n\n\n\n<figure class=\"wp-block-table\"><table class=\"has-fixed-layout\"><tbody><tr><th>Benef\u00edcio<\/th><th>Como impacta no dia a dia<\/th><\/tr><tr><td>Mais luz natural<\/td><td>A luz da janela se espalha pelos dois ambientes<\/td><\/tr><tr><td>Maior intera\u00e7\u00e3o social<\/td><td>Permite conversar enquanto cozinha<\/td><\/tr><tr><td>Sensa\u00e7\u00e3o de amplitude<\/td><td>A falta de paredes abre o espa\u00e7o visualmente<\/td><\/tr><tr><td>Decora\u00e7\u00e3o mais harm\u00f4nica<\/td><td>Uma paleta de cores une todo o ambiente<\/td><\/tr><\/tbody><\/table><\/figure>\n\n\n\n<h2 id='inspira\u00e7\u00f5es-reais-salas-e-cozinhas-que-arrasam'  class=\"wp-block-heading\">Inspira\u00e7\u00f5es reais: Salas e cozinhas que arrasam<\/h2>\n\n\n\n<p>Quer ver ideias que funcionam de verdade? Separei aqui alguns estilos que andam bombando e t\u00eam tudo para te inspirar:<\/p>\n\n\n\n<h3 id='1-estilo-americano-com-bancada'  class=\"wp-block-heading\">1. Estilo americano com bancada<\/h3>\n\n\n\n<p>A famosa bancada americana funciona como divis\u00f3ria e ponto de encontro. Serve pra apoiar o caf\u00e9 da manh\u00e3, conversar com amigos e ainda organiza visualmente o espa\u00e7o.<\/p>\n\n\n\n<h3 id='2-minimalismo-com-tons-claros'  class=\"wp-block-heading\">2. Minimalismo com tons claros<\/h3>\n\n\n\n<p>Perfeito para quem ama ambientes calmos. Usar branco, bege, cinza claro e madeira natural deixa tudo fluido e sofisticado. Aqui, menos \u00e9 mais.<\/p>\n\n\n\n<h3 id='3-toques-r\u00fasticos-+-industrial'  class=\"wp-block-heading\">3. Toques r\u00fasticos + industrial<\/h3>\n\n\n\n<p>Essa mistura \u00e9 sucesso! Tijolinho aparente, metais pretos, madeira bruta e lumin\u00e1rias com design. \u00c9 o tipo de decora\u00e7\u00e3o que tem personalidade de sobra.<\/p>\n\n\n\n<hr class=\"wp-block-separator has-alpha-channel-opacity\"\/>\n\n\n\n<h2 id='paleta-de-cores-como-n\u00e3o-errar-na-combina\u00e7\u00e3o'  class=\"wp-block-heading\">Paleta de cores: Como n\u00e3o errar na combina\u00e7\u00e3o<\/h2>\n\n\n\n<p>Escolher cores certas \u00e9 fundamental. N\u00e3o precisa ser tudo igual, mas tem que conversar. Aqui vai uma tabela com combina\u00e7\u00f5es certeiras:<\/p>\n\n\n\n<figure class=\"wp-block-table\"><table class=\"has-fixed-layout\"><tbody><tr><td>Cores base<\/td><td>Cores para destacar<\/td><td>Estilo que transmite<\/td><\/tr><tr><td>Branco, bege<\/td><td>Azul-marinho, verde-m\u00fasgo<\/td><td>Sofisticado e calmo<\/td><\/tr><tr><td>Cinza claro<\/td><td>Amarelo mostarda, rosa seco<\/td><td>Moderno e acolhedor<\/td><\/tr><tr><td>Madeira natural<\/td><td>Preto, cobre<\/td><td>R\u00fastico com um toque elegante<\/td><\/tr><\/tbody><\/table><\/figure>\n\n\n\n<hr class=\"wp-block-separator has-alpha-channel-opacity\"\/>\n\n\n\n<h2 id='truques-de-decora\u00e7\u00e3o-para-salas-e-cozinhas-conjugadas'  class=\"wp-block-heading\">Truques de decora\u00e7\u00e3o para salas e cozinhas conjugadas<\/h2>\n\n\n\n<ul class=\"wp-block-list\">\n<li><strong>Lustres sobre a bancada<\/strong>: ajudam a delimitar sem precisar de parede<\/li>\n\n\n\n<li><strong>Tapetes<\/strong>: dividem ambientes e aquecem visualmente<\/li>\n\n\n\n<li><strong>M\u00f3veis baixos e integrados<\/strong>: garantem fluidez e funcionalidade<\/li>\n\n\n\n<li><strong>Prateleiras abertas<\/strong>: unificam o visual entre cozinha e sala<\/li>\n<\/ul>\n\n\n\n<p>Quer uma dica valiosa? Escolha um ponto focal para cada ambiente (um quadro, um vaso, uma lumin\u00e1ria). Isso guia o olhar e evita confus\u00e3o visual.<\/p>\n\n\n\n<figure class=\"wp-block-image aligncenter size-large\"><img data-recalc-dims=\"1\" fetchpriority=\"high\" decoding=\"async\" width=\"1024\" height=\"683\" src=\"https:\/\/i0.wp.com\/1truenote.com\/wp-content\/uploads\/2025\/05\/ChatGPT-Image-15-de-mai.-de-2025-12_22_30.png?resize=1024%2C683&#038;ssl=1\" alt=\"Apartamento Minimalista Integrado\" class=\"wp-image-1765\" srcset=\"https:\/\/i0.wp.com\/1truenote.com\/wp-content\/uploads\/2025\/05\/ChatGPT-Image-15-de-mai.-de-2025-12_22_30.png?resize=1024%2C683&amp;ssl=1 1024w, https:\/\/i0.wp.com\/1truenote.com\/wp-content\/uploads\/2025\/05\/ChatGPT-Image-15-de-mai.-de-2025-12_22_30.png?resize=300%2C200&amp;ssl=1 300w, https:\/\/i0.wp.com\/1truenote.com\/wp-content\/uploads\/2025\/05\/ChatGPT-Image-15-de-mai.-de-2025-12_22_30.png?resize=768%2C512&amp;ssl=1 768w, https:\/\/i0.wp.com\/1truenote.com\/wp-content\/uploads\/2025\/05\/ChatGPT-Image-15-de-mai.-de-2025-12_22_30.png?w=1536&amp;ssl=1 1536w\" sizes=\"(max-width: 1024px) 100vw, 1024px\" \/><\/figure>\n\n\n\n<h2 id='salas-e-cozinhas-conjugadas'  class=\"wp-block-heading\">Salas e cozinhas conjugadas<\/h2>\n\n\n\n<p>Integrar <a href=\"https:\/\/br.pinterest.com\/cristineranzi\/sala-conjugada-com-cozinha\/\" data-type=\"link\" data-id=\"https:\/\/br.pinterest.com\/cristineranzi\/sala-conjugada-com-cozinha\/\" target=\"_blank\" rel=\"noopener\">sala e cozinha<\/a> \u00e9 muito mais do que uma tend\u00eancia. \u00c9 sobre criar um lar funcional, acolhedor e cheio de estilo. Com as inspira\u00e7\u00f5es e truques certos, qualquer espa\u00e7o pode se transformar. E o melhor: com criatividade, voc\u00ea consegue resultados incr\u00edveis mesmo com or\u00e7amento enxuto.<\/p>\n\n\n\n<p>Al\u00e9m disso, integrar esses ambientes \u00e9 uma oportunidade incr\u00edvel de deixar sua casa com a sua cara. Cada escolha \u2014 da lumin\u00e1ria ao puxador do arm\u00e1rio \u2014 pode carregar um pedacinho da sua hist\u00f3ria. E quando a decora\u00e7\u00e3o reflete quem a gente \u00e9, o resultado vai muito al\u00e9m do visual: vira sensa\u00e7\u00e3o de bem-estar. \u2764\ufe0f<\/p>\n\n\n\n<p>Ent\u00e3o bora colocar a m\u00e3o na massa e repensar sua decora\u00e7\u00e3o? Se surgir alguma d\u00favida, volta aqui. Eu te ajudo! Voc\u00ea pode ver mais conte\u00fados <a href=\"https:\/\/1truenote.com\/en\/category\/casa-e-jardim\/\" data-type=\"link\" data-id=\"https:\/\/1truenote.com\/category\/casa-e-jardim\/\">aqui<\/a>.<\/p>\n\n\n\n<h2 id='faq-d\u00favidas-comuns-sobre-salas-e-cozinhas-conjugadas'  class=\"wp-block-heading\">FAQ: D\u00favidas comuns sobre salas e cozinhas conjugadas<\/h2>\n\n\n<div id=\"rank-math-faq\" class=\"rank-math-block\">\n<div class=\"rank-math-list\">\n<div id=\"faq-question-1748372936104\" class=\"rank-math-list-item\">\n<h3 id='\u00e9-preciso-contratar-um-arquiteto-para-integrar-sala-e-cozinha'  class=\"rank-math-question\"><strong>\u00c9 preciso contratar um arquiteto para integrar sala e cozinha?<\/strong><\/h3>\n<div class=\"rank-math-answer\">\n\n<p>N\u00e3o obrigatoriamente, mas se houver quebra de parede, \u00e9 essencial consultar um profissional.<\/p>\n\n<\/div>\n<\/div>\n<div id=\"faq-question-1748372946998\" class=\"rank-math-list-item\">\n<h3 id='como-esconder-a-bagun\u00e7a-da-cozinha-em-ambientes-integrados'  class=\"rank-math-question\"><strong>Como esconder a bagun\u00e7a da cozinha em ambientes integrados?<\/strong><\/h3>\n<div class=\"rank-math-answer\">\n\n<p>Aposte em arm\u00e1rios fechados, portas de correr, ou bancada com painel alto.<\/p>\n\n<\/div>\n<\/div>\n<div id=\"faq-question-1748372959120\" class=\"rank-math-list-item\">\n<h3 id='pode-usar-pisos-diferentes-nos-dois-ambientes'  class=\"rank-math-question\"><strong>Pode usar pisos diferentes nos dois ambientes?<\/strong><\/h3>\n<div class=\"rank-math-answer\">\n\n<p>Pode sim! Mas prefira tons semelhantes ou materiais que se complementem.<\/p>\n\n<\/div>\n<\/div>\n<div id=\"faq-question-1748372969045\" class=\"rank-math-list-item\">\n<h3 id='a-sala-e-a-cozinha-precisam-ter-o-mesmo-estilo-de-m\u00f3veis'  class=\"rank-math-question\"><strong>A sala e a cozinha precisam ter o mesmo estilo de m\u00f3veis?<\/strong><\/h3>\n<div class=\"rank-math-answer\">\n\n<p>N\u00e3o, mas \u00e9 importante que conversem entre si. Cores e texturas ajudam nessa harmonia.<\/p>\n\n<\/div>\n<\/div>\n<\/div>\n<\/div>\n\n\n<figure class=\"wp-block-image aligncenter size-large\"><img data-recalc-dims=\"1\" decoding=\"async\" width=\"1024\" height=\"683\" src=\"https:\/\/i0.wp.com\/1truenote.com\/wp-content\/uploads\/2025\/05\/ChatGPT-Image-27-de-mai.-de-2025-16_09_59.png?resize=1024%2C683&#038;ssl=1\" alt=\"salas e cozinhas conjugadas\" class=\"wp-image-2367\" srcset=\"https:\/\/i0.wp.com\/1truenote.com\/wp-content\/uploads\/2025\/05\/ChatGPT-Image-27-de-mai.-de-2025-16_09_59.png?resize=1024%2C683&amp;ssl=1 1024w, https:\/\/i0.wp.com\/1truenote.com\/wp-content\/uploads\/2025\/05\/ChatGPT-Image-27-de-mai.-de-2025-16_09_59.png?resize=300%2C200&amp;ssl=1 300w, https:\/\/i0.wp.com\/1truenote.com\/wp-content\/uploads\/2025\/05\/ChatGPT-Image-27-de-mai.-de-2025-16_09_59.png?resize=768%2C512&amp;ssl=1 768w, https:\/\/i0.wp.com\/1truenote.com\/wp-content\/uploads\/2025\/05\/ChatGPT-Image-27-de-mai.-de-2025-16_09_59.png?resize=150%2C100&amp;ssl=1 150w, https:\/\/i0.wp.com\/1truenote.com\/wp-content\/uploads\/2025\/05\/ChatGPT-Image-27-de-mai.-de-2025-16_09_59.png?w=1536&amp;ssl=1 1536w\" sizes=\"(max-width: 1024px) 100vw, 1024px\" \/><\/figure>","protected":false},"excerpt":{"rendered":"<p>Salas e cozinhas conjugadas. J\u00e1 reparou como uma sala integrada \u00e0 cozinha muda totalmente o clima da casa? \u00c9 como&#8230;<\/p>","protected":false},"author":1,"featured_media":2367,"comment_status":"open","ping_status":"open","sticky":false,"template":"","format":"standard","meta":{"_kad_post_transparent":"","_kad_post_title":"","_kad_post_layout":"","_kad_post_sidebar_id":"","_kad_post_content_style":"","_kad_post_vertical_padding":"","_kad_post_feature":"","_kad_post_feature_position":"","_kad_post_header":false,"_kad_post_footer":false,"_kad_post_classname":"","footnotes":"","jetpack_publicize_message":"","jetpack_publicize_feature_enabled":true,"jetpack_social_post_already_shared":true,"jetpack_social_options":{"image_generator_settings":{"template":"highway","enabled":false},"version":2}},"categories":[16],"tags":[15,13,14],"class_list":["post-2366","post","type-post","status-publish","format-standard","has-post-thumbnail","hentry","category-casa-e-jardim","tag-conservacao-e-manutencao","tag-minimalista","tag-interiores-inovadores"],"jetpack_publicize_connections":[],"jetpack_featured_media_url":"https:\/\/i0.wp.com\/1truenote.com\/wp-content\/uploads\/2025\/05\/ChatGPT-Image-27-de-mai.-de-2025-16_09_59.png?fit=1536%2C1024&ssl=1","jetpack_sharing_enabled":true,"_links":{"self":[{"href":"https:\/\/1truenote.com\/en\/wp-json\/wp\/v2\/posts\/2366","targetHints":{"allow":["GET"]}}],"collection":[{"href":"https:\/\/1truenote.com\/en\/wp-json\/wp\/v2\/posts"}],"about":[{"href":"https:\/\/1truenote.com\/en\/wp-json\/wp\/v2\/types\/post"}],"author":[{"embeddable":true,"href":"https:\/\/1truenote.com\/en\/wp-json\/wp\/v2\/users\/1"}],"replies":[{"embeddable":true,"href":"https:\/\/1truenote.com\/en\/wp-json\/wp\/v2\/comments?post=2366"}],"version-history":[{"count":0,"href":"https:\/\/1truenote.com\/en\/wp-json\/wp\/v2\/posts\/2366\/revisions"}],"wp:featuredmedia":[{"embeddable":true,"href":"https:\/\/1truenote.com\/en\/wp-json\/wp\/v2\/media\/2367"}],"wp:attachment":[{"href":"https:\/\/1truenote.com\/en\/wp-json\/wp\/v2\/media?parent=2366"}],"wp:term":[{"taxonomy":"category","embeddable":true,"href":"https:\/\/1truenote.com\/en\/wp-json\/wp\/v2\/categories?post=2366"},{"taxonomy":"post_tag","embeddable":true,"href":"https:\/\/1truenote.com\/en\/wp-json\/wp\/v2\/tags?post=2366"}],"curies":[{"name":"wp","href":"https:\/\/api.w.org\/{rel}","templated":true}]}}