{"id":2353,"date":"2025-05-27T12:00:00","date_gmt":"2025-05-27T15:00:00","guid":{"rendered":"https:\/\/1truenote.com\/?p=2353"},"modified":"2025-05-27T11:55:13","modified_gmt":"2025-05-27T14:55:13","slug":"decoracao-para-o-inverno-dicas-acolhedoras","status":"publish","type":"post","link":"https:\/\/1truenote.com\/en\/decoracao-para-o-inverno-dicas-acolhedoras\/","title":{"rendered":"Prepare sua casa para o inverno com essas ideias acolhedoras (e f\u00e1ceis!)"},"content":{"rendered":"<p><strong>Decora\u00e7\u00e3o para o inverno<\/strong>. Quando o friozinho chega, a gente sente: \u00e9 hora de deixar a casa com aquele ar mais quentinho, gostoso e convidativo.<strong> N\u00e3o precisa de reforma nem gastos enormes<\/strong>. Com pequenas mudan\u00e7as e escolhas certeiras, voc\u00ea transforma cada cantinho do seu lar num verdadeiro ref\u00fagio de inverno.<\/p>\n\n\n\n<p>Aqui <strong>v\u00e3o dicas pr\u00e1ticas e acess\u00edveis<\/strong> para aquecer sua casa de dentro pra fora \u2014 com estilo, aconchego e muita funcionalidade.<\/p>\n\n\n\n<hr class=\"wp-block-separator has-alpha-channel-opacity\"\/>\n\n\n\n<h2 id='\ud83d\udecb\ufe0f-aposte-em-tecidos-que-abra\u00e7am-a-decora\u00e7\u00e3o-para-o-inverno'  class=\"wp-block-heading\">\ud83d\udecb\ufe0f Aposte em tecidos que abra\u00e7am a decora\u00e7\u00e3o para o inverno<\/h2>\n\n\n\n<p>Sabe aquela manta que te chama pro sof\u00e1? Ela faz toda a diferen\u00e7a na <strong>decora\u00e7\u00e3o para o inverno<\/strong>. No inverno, os tecidos ganham protagonismo na decora\u00e7\u00e3o. Mantas, almofadas e tapetes felpudos criam uma camada visual de conforto \u2014 e aquecem de verdade!<\/p>\n\n\n\n<p>Escolha materiais como l\u00e3, veludo, tric\u00f4 e pel\u00facia para renovar o visual do sof\u00e1 ou da cama. Al\u00e9m de proteger do frio, eles trazem textura e um charme especial ao ambiente com <strong>decora\u00e7\u00e3o para o inverno<\/strong>.<\/p>\n\n\n\n<hr class=\"wp-block-separator has-alpha-channel-opacity\"\/>\n\n\n\n<h2 id='\ud83c\udf08-cores-quentes-que-mudam-o-clima-da-casa'  class=\"wp-block-heading\">\ud83c\udf08 Cores quentes que mudam o clima da casa<\/h2>\n\n\n\n<p>A paleta de cores influencia (muito!) a sensa\u00e7\u00e3o t\u00e9rmica do ambiente e na <strong>decora\u00e7\u00e3o para o inverno<\/strong>. Cores como terracota, vinho, mostarda, caramelo e laranja queimado evocam calor e acolhimento. N\u00e3o precisa pintar a casa toda \u2014 mudar a capa da almofada ou o tapete j\u00e1 \u00e9 um \u00f3timo come\u00e7o.<\/p>\n\n\n\n<p>Quer algo mais neutro? Combine bege, off-white e marrom com toques de cor quente. O equil\u00edbrio entre claro e escuro ajuda a trazer aconchego sem pesar.<\/p>\n\n\n\n<iframe src=\"https:\/\/assets.pinterest.com\/ext\/embed.html?id=5136987069895105\" height=\"714\" width=\"345\" frameborder=\"0\" scrolling=\"no\" ><\/iframe>\n\n\n\n<hr class=\"wp-block-separator has-alpha-channel-opacity\"\/>\n\n\n\n<h2 id='\ud83d\udd6f\ufe0f-ilumina\u00e7\u00e3o-suave-\u00e9-um-abra\u00e7o-visual'  class=\"wp-block-heading\">\ud83d\udd6f\ufe0f Ilumina\u00e7\u00e3o suave \u00e9 um abra\u00e7o visual<\/h2>\n\n\n\n<p>Luz amarelada, abajures, lumin\u00e1rias de canto e at\u00e9 velas perfumadas mudam completamente o clima da casa no inverno. Aposte em luz indireta, que espalha suavemente pelo ambiente e deixa tudo com ar de sala de estar de filme.<\/p>\n\n\n\n<p>Se quiser um toque extra de charme, use velas com perfume de baunilha, canela ou madeira. Al\u00e9m de cheirosas, elas aquecem o visual.<\/p>\n\n\n\n<hr class=\"wp-block-separator has-alpha-channel-opacity\"\/>\n\n\n\n<h2 id='\ud83e\udeb5-madeira-l\u00e3-e-pedra-o-trio-do-aconchego'  class=\"wp-block-heading\">\ud83e\udeb5 Madeira, l\u00e3 e pedra: O trio do aconchego<\/h2>\n\n\n\n<p>Os materiais naturais t\u00eam o poder de \u201caquecer\u201d visualmente o ambiente. Madeira clara ou escura em m\u00f3veis e detalhes, l\u00e3 em mantas e almofadas, e elementos de pedra em bancadas ou vasos trazem um toque r\u00fastico-chique que nunca sai de moda, especialmente em <strong>decora\u00e7\u00e3o para o inverno<\/strong>.<\/p>\n\n\n\n<p>At\u00e9 pequenos acess\u00f3rios em barro ou cer\u00e2mica artesanal podem fazer diferen\u00e7a. A natureza tem textura \u2014 e isso reconecta a gente com o conforto mais essencial.<\/p>\n\n\n\n<iframe src=\"https:\/\/assets.pinterest.com\/ext\/embed.html?id=154389093481111430\" height=\"716\" width=\"345\" frameborder=\"0\" scrolling=\"no\" ><\/iframe>\n\n\n\n\n\n<hr class=\"wp-block-separator has-alpha-channel-opacity\"\/>\n\n\n\n<h2 id='\ud83d\udeaa-combata-o-frio-com-isolamento-inteligente'  class=\"wp-block-heading\">\ud83d\udeaa Combata o frio com isolamento inteligente<\/h2>\n\n\n\n<p>Corrente de ar nas pernas? Ningu\u00e9m merece. No inverno, vale prestar aten\u00e7\u00e3o nas frestas de portas e janelas. Use vedadores autoadesivos ou rolinhos de tecido para bloquear a entrada de ar frio.<\/p>\n\n\n\n<p>Troque tamb\u00e9m as cortinas leves por tecidos mais grossos ou com forro t\u00e9rmico. Isso ajuda a manter o calor por mais tempo, principalmente \u00e0 noite.<\/p>\n\n\n\n<hr class=\"wp-block-separator has-alpha-channel-opacity\"\/>\n\n\n\n<h2 id='\ud83d\udd25-aquecedores-e-truques-que-funcionam'  class=\"wp-block-heading\">\ud83d\udd25 Aquecedores e truques que funcionam<\/h2>\n\n\n\n<p>Se o inverno a\u00ed na sua regi\u00e3o for mais intenso, talvez seja hora de investir num aquecedor port\u00e1til \u2014 existem op\u00e7\u00f5es a \u00f3leo, cer\u00e2mica e at\u00e9 modelos com baixo consumo de energia. Mas sempre use com aten\u00e7\u00e3o \u00e0s instru\u00e7\u00f5es de seguran\u00e7a!<\/p>\n\n\n\n<p>Outro truque? Deixe o sol entrar de dia! Abra bem as janelas e feche assim que come\u00e7ar a esfriar. Essa simples pr\u00e1tica ajuda a manter o calor natural por mais tempo.<\/p>\n\n\n\n<hr class=\"wp-block-separator has-alpha-channel-opacity\"\/>\n\n\n\n<h2 id='\ud83e\ude91-m\u00f3veis-que-abra\u00e7am-reorganize-e-aproveite'  class=\"wp-block-heading\">\ud83e\ude91 M\u00f3veis que abra\u00e7am: Reorganize e aproveite<\/h2>\n\n\n\n<p>\u00c0s vezes, mudar os m\u00f3veis de lugar j\u00e1 ajuda a deixar o ambiente mais aconchegante. Crie cantinhos de leitura com uma poltrona + lumin\u00e1ria + manta. Reposicione o sof\u00e1 mais perto da parede mais quente da casa.<\/p>\n\n\n\n<p>E se tiver um tapete guardado, esse \u00e9 o momento de us\u00e1-lo. Al\u00e9m de aquecer o piso, ele delimita visualmente os espa\u00e7os e traz sensa\u00e7\u00e3o de \u201clar doce lar\u201d.<\/p>\n\n\n\n<hr class=\"wp-block-separator has-alpha-channel-opacity\"\/>\n\n\n\n<h2 id='\u2615-aromas-e-sensa\u00e7\u00f5es-o-toque-final'  class=\"wp-block-heading\">\u2615 Aromas e sensa\u00e7\u00f5es: O toque final<\/h2>\n\n\n\n<p>Cheiros t\u00eam mem\u00f3ria e trazem conforto. Invista em difusores, velas ou \u00f3leos essenciais com aromas como canela, caf\u00e9, lavanda ou ch\u00e1 preto. Perfumar a casa no inverno \u00e9 um carinho extra \u2014 que torna tudo mais intimista.<\/p>\n\n\n\n<p>M\u00fasicas suaves, luz baixa e um ch\u00e1 na caneca favorita completam o cen\u00e1rio perfeito para curtir os dias frios com prazer.<\/p>\n\n\n\n<hr class=\"wp-block-separator has-alpha-channel-opacity\"\/>\n\n\n\n<h2 id='\u2744\ufe0f-transforme-o-frio-em-aconchego-com-uma-decora\u00e7\u00e3o-para-o-inverno'  class=\"wp-block-heading\">\u2744\ufe0f Transforme o frio em aconchego com uma decora\u00e7\u00e3o para o inverno<\/h2>\n\n\n\n<p>Preparar a casa para o inverno n\u00e3o \u00e9 s\u00f3 uma quest\u00e3o de temperatura, mas de sensa\u00e7\u00e3o. Quando o ambiente acolhe, o corpo e a alma relaxam. E voc\u00ea percebe que o inverno pode ser uma das esta\u00e7\u00f5es mais gostosas para se estar em casa.<\/p>\n\n\n\n<p>Com essas <a href=\"https:\/\/br.pinterest.com\/pin\/154389093481111430\/\" data-type=\"link\" data-id=\"https:\/\/br.pinterest.com\/pin\/154389093481111430\/\" target=\"_blank\" rel=\"noopener\">ideias simples<\/a> e acess\u00edveis de <strong>decora\u00e7\u00e3o para o inverno<\/strong>, voc\u00ea cria um lar que aquece sem pesar \u2014 e transforma cada canto em um convite ao bem-estar.<\/p>\n\n\n\n<p>Voc\u00ea pode ver mais conte\u00fados como esse sobre decora\u00e7\u00e3o para o inverno, clicando <a href=\"https:\/\/1truenote.com\/en\/category\/casa-e-jardim\/\" data-type=\"link\" data-id=\"https:\/\/1truenote.com\/category\/casa-e-jardim\/\">aqui<\/a>.<\/p>\n\n\n\n<h2 id='faq-d\u00favidas-frequentes-sobre-decora\u00e7\u00e3o-de-inverno'  class=\"wp-block-heading\">FAQ \u2013 D\u00favidas frequentes sobre decora\u00e7\u00e3o de inverno<\/h2>\n\n\n<div id=\"rank-math-faq\" class=\"rank-math-block\">\n<div class=\"rank-math-list\">\n<div id=\"faq-question-1748357177202\" class=\"rank-math-list-item\">\n<h3 id='preciso-comprar-tudo-novo-para-deixar-a-casa-aconchegante'  class=\"rank-math-question\">Preciso comprar tudo novo para deixar a casa aconchegante?<\/h3>\n<div class=\"rank-math-answer\">\n\n<p>N\u00e3o! Reaproveite mantas, tapetes e cortinas. \u00c0s vezes, basta mudar o lugar dos objetos ou misturar texturas diferentes para criar um efeito novo.<\/p>\n\n<\/div>\n<\/div>\n<div id=\"faq-question-1748357205020\" class=\"rank-math-list-item\">\n<h3 id='quais-materiais-s\u00e3o-ideais-para-o-inverno'  class=\"rank-math-question\">Quais materiais s\u00e3o ideais para o inverno?<\/h3>\n<div class=\"rank-math-answer\">\n\n<p>L\u00e3, algod\u00e3o, veludo, madeira, pedra, barro e cer\u00e2mica. Eles t\u00eam textura e ajudam na sensa\u00e7\u00e3o t\u00e9rmica e visual.<\/p>\n\n<\/div>\n<\/div>\n<div id=\"faq-question-1748357213088\" class=\"rank-math-list-item\">\n<h3 id='tapete-realmente-faz-diferen\u00e7a-no-frio'  class=\"rank-math-question\">Tapete realmente faz diferen\u00e7a no frio?<\/h3>\n<div class=\"rank-math-answer\">\n\n<p>Sim! Al\u00e9m de isolar o piso gelado, ele deixa o ambiente mais acolhedor e visualmente confort\u00e1vel.<\/p>\n\n<\/div>\n<\/div>\n<div id=\"faq-question-1748357227328\" class=\"rank-math-list-item\">\n<h3 id='cortinas-pesadas-ajudam-a-aquecer'  class=\"rank-math-question\">Cortinas pesadas ajudam a aquecer?<\/h3>\n<div class=\"rank-math-answer\">\n\n<p>Muito! Elas bloqueiam correntes de ar e ajudam a reter o calor interno, especialmente \u00e0 noite.<\/p>\n\n<\/div>\n<\/div>\n<div id=\"faq-question-1748357242435\" class=\"rank-math-list-item\">\n<h3 id='como-criar-um-clima-de-inverno-sem-gastar-muito'  class=\"rank-math-question\">Como criar um clima de inverno sem gastar muito?<\/h3>\n<div class=\"rank-math-answer\">\n\n<p>Use velas, reorganize m\u00f3veis, adicione mantas e invista em uma boa ilumina\u00e7\u00e3o amarelada. Tudo isso transforma o ambiente sem grandes custos.<\/p>\n\n<\/div>\n<\/div>\n<\/div>\n<\/div>\n\n\n<figure class=\"wp-block-image aligncenter size-large\"><img data-recalc-dims=\"1\" fetchpriority=\"high\" decoding=\"async\" width=\"1024\" height=\"683\" src=\"https:\/\/i0.wp.com\/1truenote.com\/wp-content\/uploads\/2025\/05\/ChatGPT-Image-27-de-mai.-de-2025-11_45_07.png?resize=1024%2C683&#038;ssl=1\" alt=\"decora\u00e7\u00e3o para o inverno\" class=\"wp-image-2354\" srcset=\"https:\/\/i0.wp.com\/1truenote.com\/wp-content\/uploads\/2025\/05\/ChatGPT-Image-27-de-mai.-de-2025-11_45_07.png?resize=1024%2C683&amp;ssl=1 1024w, https:\/\/i0.wp.com\/1truenote.com\/wp-content\/uploads\/2025\/05\/ChatGPT-Image-27-de-mai.-de-2025-11_45_07.png?resize=300%2C200&amp;ssl=1 300w, https:\/\/i0.wp.com\/1truenote.com\/wp-content\/uploads\/2025\/05\/ChatGPT-Image-27-de-mai.-de-2025-11_45_07.png?resize=768%2C512&amp;ssl=1 768w, https:\/\/i0.wp.com\/1truenote.com\/wp-content\/uploads\/2025\/05\/ChatGPT-Image-27-de-mai.-de-2025-11_45_07.png?resize=150%2C100&amp;ssl=1 150w, https:\/\/i0.wp.com\/1truenote.com\/wp-content\/uploads\/2025\/05\/ChatGPT-Image-27-de-mai.-de-2025-11_45_07.png?w=1536&amp;ssl=1 1536w\" sizes=\"(max-width: 1024px) 100vw, 1024px\" \/><\/figure>","protected":false},"excerpt":{"rendered":"<p>Decora\u00e7\u00e3o para o inverno. Quando o friozinho chega, a gente sente: \u00e9 hora de deixar a casa com aquele ar&#8230;<\/p>","protected":false},"author":1,"featured_media":2354,"comment_status":"open","ping_status":"open","sticky":false,"template":"","format":"standard","meta":{"_kad_post_transparent":"","_kad_post_title":"","_kad_post_layout":"","_kad_post_sidebar_id":"","_kad_post_content_style":"","_kad_post_vertical_padding":"","_kad_post_feature":"","_kad_post_feature_position":"","_kad_post_header":false,"_kad_post_footer":false,"_kad_post_classname":"","footnotes":"","jetpack_publicize_message":"","jetpack_publicize_feature_enabled":true,"jetpack_social_post_already_shared":true,"jetpack_social_options":{"image_generator_settings":{"template":"highway","enabled":false},"version":2}},"categories":[16,1],"tags":[11,13,14],"class_list":["post-2353","post","type-post","status-publish","format-standard","has-post-thumbnail","hentry","category-casa-e-jardim","category-novidades","tag-conforto-noturno","tag-minimalista","tag-interiores-inovadores"],"jetpack_publicize_connections":[],"jetpack_featured_media_url":"https:\/\/i0.wp.com\/1truenote.com\/wp-content\/uploads\/2025\/05\/ChatGPT-Image-27-de-mai.-de-2025-11_45_07.png?fit=1536%2C1024&ssl=1","jetpack_sharing_enabled":true,"_links":{"self":[{"href":"https:\/\/1truenote.com\/en\/wp-json\/wp\/v2\/posts\/2353","targetHints":{"allow":["GET"]}}],"collection":[{"href":"https:\/\/1truenote.com\/en\/wp-json\/wp\/v2\/posts"}],"about":[{"href":"https:\/\/1truenote.com\/en\/wp-json\/wp\/v2\/types\/post"}],"author":[{"embeddable":true,"href":"https:\/\/1truenote.com\/en\/wp-json\/wp\/v2\/users\/1"}],"replies":[{"embeddable":true,"href":"https:\/\/1truenote.com\/en\/wp-json\/wp\/v2\/comments?post=2353"}],"version-history":[{"count":0,"href":"https:\/\/1truenote.com\/en\/wp-json\/wp\/v2\/posts\/2353\/revisions"}],"wp:featuredmedia":[{"embeddable":true,"href":"https:\/\/1truenote.com\/en\/wp-json\/wp\/v2\/media\/2354"}],"wp:attachment":[{"href":"https:\/\/1truenote.com\/en\/wp-json\/wp\/v2\/media?parent=2353"}],"wp:term":[{"taxonomy":"category","embeddable":true,"href":"https:\/\/1truenote.com\/en\/wp-json\/wp\/v2\/categories?post=2353"},{"taxonomy":"post_tag","embeddable":true,"href":"https:\/\/1truenote.com\/en\/wp-json\/wp\/v2\/tags?post=2353"}],"curies":[{"name":"wp","href":"https:\/\/api.w.org\/{rel}","templated":true}]}}