{"id":2278,"date":"2025-05-23T20:00:00","date_gmt":"2025-05-23T23:00:00","guid":{"rendered":"https:\/\/1truenote.com\/?p=2278"},"modified":"2025-05-26T19:59:21","modified_gmt":"2025-05-26T22:59:21","slug":"home-office-criativo-colorido-compras","status":"publish","type":"post","link":"https:\/\/1truenote.com\/en\/home-office-criativo-colorido-compras\/","title":{"rendered":"HOME OFFICE 3: Um espa\u00e7o colorido, produtivo e cheio de personalidade"},"content":{"rendered":"<p>Um <strong>home office criativo colorido<\/strong> precisa ir al\u00e9m da funcionalidade \u2014 ele deve ser inspirador. Se voc\u00ea busca um ambiente que estimule a criatividade e traga leveza \u00e0 rotina, este decorado \u00e9 a escolha perfeita. A combina\u00e7\u00e3o de cores vibrantes, plantas e objetos l\u00fadicos transforma o espa\u00e7o em um verdadeiro ref\u00fagio de produtividade e bem-estar.<\/p>\n\n\n\n<p>Al\u00e9m de ser visualmente estimulante, esse ambiente \u00e9 f\u00e1cil de replicar com os produtos certos. Abaixo, voc\u00ea confere os principais itens que comp\u00f5em esse home office encantador.<\/p>\n\n\n\n<p>Nossa curadoria trouxe os principais elementos que comp\u00f5em esse decorado e como trazer cada detalhe para o seu espa\u00e7o usando produtos dispon\u00edveis na Amazon.<\/p>\n\n\n\n<p>Se voc\u00ea deseja reproduzir essa proposta de decora\u00e7\u00e3o home office no seu ambiente, confira abaixo os m\u00f3veis e acess\u00f3rios semelhantes dispon\u00edveis na Amazon:<\/p>\n\n\n\n<p class=\"has-text-align-center\"><strong>Voc\u00ea pode ver os produtos da imagem do decorado e comprar o produto de sua escolha nos links abaixo Amazon.<\/strong><\/p>\n\n\n\n<hr class=\"wp-block-separator has-alpha-channel-opacity\"\/>\n\n\n\n<p class=\"has-text-align-center\"><strong>DECORADO \u2013 HOME OFFICE<\/strong><\/p>\n\n\n\n<figure class=\"wp-block-image aligncenter size-large\"><img data-recalc-dims=\"1\" fetchpriority=\"high\" decoding=\"async\" width=\"1024\" height=\"1024\" src=\"https:\/\/i0.wp.com\/1truenote.com\/wp-content\/uploads\/2025\/05\/Home_Office_Creative_Decoration.png?resize=1024%2C1024&#038;ssl=1\" alt=\"home office criativo colorido\" class=\"wp-image-2280\" srcset=\"https:\/\/i0.wp.com\/1truenote.com\/wp-content\/uploads\/2025\/05\/Home_Office_Creative_Decoration.png?resize=1024%2C1024&amp;ssl=1 1024w, https:\/\/i0.wp.com\/1truenote.com\/wp-content\/uploads\/2025\/05\/Home_Office_Creative_Decoration.png?resize=300%2C300&amp;ssl=1 300w, https:\/\/i0.wp.com\/1truenote.com\/wp-content\/uploads\/2025\/05\/Home_Office_Creative_Decoration.png?resize=150%2C150&amp;ssl=1 150w, https:\/\/i0.wp.com\/1truenote.com\/wp-content\/uploads\/2025\/05\/Home_Office_Creative_Decoration.png?resize=768%2C768&amp;ssl=1 768w, https:\/\/i0.wp.com\/1truenote.com\/wp-content\/uploads\/2025\/05\/Home_Office_Creative_Decoration.png?resize=1536%2C1536&amp;ssl=1 1536w, https:\/\/i0.wp.com\/1truenote.com\/wp-content\/uploads\/2025\/05\/Home_Office_Creative_Decoration.png?resize=96%2C96&amp;ssl=1 96w, https:\/\/i0.wp.com\/1truenote.com\/wp-content\/uploads\/2025\/05\/Home_Office_Creative_Decoration.png?w=2048&amp;ssl=1 2048w\" sizes=\"(max-width: 1024px) 100vw, 1024px\" \/><\/figure>\n\n\n\n<hr class=\"wp-block-separator has-alpha-channel-opacity\"\/>\n\n\n\n<h2 id='1-escrivaninha-com-cavaletes-brancos-e-tampo-de-madeira-clara-para-home-office-criativo-colorido'  class=\"wp-block-heading\"><strong>1. Escrivaninha com Cavaletes Brancos e Tampo de Madeira Clara para <strong>Home Office Criativo Colorido<\/strong><\/strong><\/h2>\n\n\n\n<p>O modelo simples, com cavaletes brancos e tampo em madeira clara, oferece leveza visual e combina bem com qualquer cor de parede ou objetos decorativos.<br>Produto <strong>Premium<\/strong>.<\/p>\n\n\n    <div class=\"hostinger-affiliate-block-single-type\">\n                    <div class=\"hostinger-affiliate-block-single-type__image\">\n                <a href=\"https:\/\/www.amazon.com.br\/dp\/B09CG7X1WF?tag=joaopedro047-20\" target=\"_blank\" rel=\"nofollow noopener noreferrer\">\n                    <img decoding=\"async\" src=\"https:\/\/m.media-amazon.com\/images\/I\/51ZmR5KCXIL.jpg\" alt=\"Escrivaninha Cavalete Bali Branco\">\n                <\/a>\n            <\/div>\n                    <div class=\"hostinger-affiliate-block-single-type__product-data\">\n            <div class=\"hostinger-affiliate-block-single-type__product-title\">\n                <a href=\"https:\/\/www.amazon.com.br\/dp\/B09CG7X1WF?tag=joaopedro047-20\" target=\"_blank\" rel=\"nofollow noopener noreferrer\">\n                    <h3 id='escrivaninha-cavalete-bali-branco'>\n                        Escrivaninha Cavalete Bali Branco                    <\/h3>\n                <\/a>\n            <\/div>\n                            <div class=\"hostinger-affiliate-block-single-type__product-description\">\n                            <ul>\n                                <li>Branco<\/li>\n                                        <li>MDP<\/li>\n                            <\/ul>\n                        <\/div>\n                            <div class=\"hostinger-affiliate-block-single-type__product-actions\">\n                                    <div class=\"hostinger-affiliate-block-single-type__product-price\">\n                        R$466,64                    <\/div>\n                                    <div class=\"hostinger-affiliate-block-single-type__product-button-wrap\">\n                    <a href=\"https:\/\/www.amazon.com.br\/dp\/B09CG7X1WF?tag=joaopedro047-20\" class=\"hostinger-affiliate-block-single-type__product-amazon-button\" target=\"_blank\" rel=\"nofollow noopener noreferrer\">\n    Buy on Amazon<\/a>\n                <\/div>\n\n            <\/div>\n        <\/div>\n    <\/div>\n    \n\n\n<p>\ud83d\udd17 <a href=\"https:\/\/www.amazon.com.br\/dp\/B09CG7X1WF?tag=joaopedro047-20\" data-type=\"link\" data-id=\"https:\/\/www.amazon.com.br\/dp\/B09CG7X1WF?tag=joaopedro047-20\" target=\"_blank\" rel=\"noopener\">Escrivaninha com Cavaletes \u2013 Amazon<\/a> (produto premium)<\/p>\n\n\n\n<hr class=\"wp-block-separator has-alpha-channel-opacity\"\/>\n\n\n\n<h2 id='2-cadeira-com-design-moderno-e-acabamento-fosco'  class=\"wp-block-heading\"><strong>2. Cadeira com Design Moderno e Acabamento Fosco<\/strong><\/h2>\n\n\n\n<p>A cadeira \u00e9 ergon\u00f4mica, confort\u00e1vel e traz um contraste elegante com o restante do ambiente. Ideal para longas horas de trabalho sem abrir m\u00e3o do estilo.<br>Produto <strong>Premium<\/strong>.<\/p>\n\n\n    <div class=\"hostinger-affiliate-block-single-type\">\n                    <div class=\"hostinger-affiliate-block-single-type__image\">\n                <a href=\"https:\/\/www.amazon.com.br\/dp\/B083TGPFYR?tag=joaopedro047-20\" target=\"_blank\" rel=\"nofollow noopener noreferrer\">\n                    <img decoding=\"async\" src=\"https:\/\/m.media-amazon.com\/images\/I\/31qcDpOuU8L.jpg\" alt=\"Loft7, Cadeira Charles Eames Eiffel Dsw Com P\u00e9s De Madeira Clara ...\">\n                <\/a>\n            <\/div>\n                    <div class=\"hostinger-affiliate-block-single-type__product-data\">\n            <div class=\"hostinger-affiliate-block-single-type__product-title\">\n                <a href=\"https:\/\/www.amazon.com.br\/dp\/B083TGPFYR?tag=joaopedro047-20\" target=\"_blank\" rel=\"nofollow noopener noreferrer\">\n                    <h3 id='loft7-cadeira-charles-eames-eiffel-dsw-com-p\u00e9s-de-madeira-clara'>\n                        Loft7, Cadeira Charles Eames Eiffel Dsw Com P\u00e9s De Madeira Clara &#8230;                    <\/h3>\n                <\/a>\n            <\/div>\n                            <div class=\"hostinger-affiliate-block-single-type__product-description\">\n                            <ul>\n                                <li>B083TGPFYR<\/li>\n                            <\/ul>\n                        <\/div>\n                            <div class=\"hostinger-affiliate-block-single-type__product-actions\">\n                                    <div class=\"hostinger-affiliate-block-single-type__product-price\">\n                        R$128,73                    <\/div>\n                                    <div class=\"hostinger-affiliate-block-single-type__product-button-wrap\">\n                    <a href=\"https:\/\/www.amazon.com.br\/dp\/B083TGPFYR?tag=joaopedro047-20\" class=\"hostinger-affiliate-block-single-type__product-amazon-button\" target=\"_blank\" rel=\"nofollow noopener noreferrer\">\n    Buy on Amazon<\/a>\n                <\/div>\n\n            <\/div>\n        <\/div>\n    <\/div>\n    \n\n\n<p>\ud83d\udd17 <a href=\"https:\/\/amzn.to\/3H771NP\" data-type=\"link\" data-id=\"https:\/\/amzn.to\/3H771NP\" target=\"_blank\" rel=\"noopener\">Cadeira Escrit\u00f3rio Moderna \u2013 Amazon<\/a> (produto premium)<\/p>\n\n\n\n<hr class=\"wp-block-separator has-alpha-channel-opacity\"\/>\n\n\n\n<h2 id='3-gaveteiro-colorido-retr\u00f4'  class=\"wp-block-heading\"><strong>3. Gaveteiro Colorido Retr\u00f4<\/strong><\/h2>\n\n\n\n<p>O charme extra vem do gaveteiro amarelo ao lado da mesa, que al\u00e9m de \u00fatil para organiza\u00e7\u00e3o, adiciona um toque retr\u00f4 e divertido.<br>Produto <strong>Premium<\/strong>.<\/p>\n\n\n    <div class=\"hostinger-affiliate-block-single-type\">\n                    <div class=\"hostinger-affiliate-block-single-type__image\">\n                <a href=\"https:\/\/www.amazon.com.br\/dp\/B0D8T35L9D?tag=joaopedro047-20\" target=\"_blank\" rel=\"nofollow noopener noreferrer\">\n                    <img decoding=\"async\" src=\"https:\/\/m.media-amazon.com\/images\/I\/41Og1DmcCaL.jpg\" alt=\"C\u00f4moda 5 Gavetas 40cm Ipanema Amadeirado\">\n                <\/a>\n            <\/div>\n                    <div class=\"hostinger-affiliate-block-single-type__product-data\">\n            <div class=\"hostinger-affiliate-block-single-type__product-title\">\n                <a href=\"https:\/\/www.amazon.com.br\/dp\/B0D8T35L9D?tag=joaopedro047-20\" target=\"_blank\" rel=\"nofollow noopener noreferrer\">\n                    <h3 id='c\u00f4moda-5-gavetas-40cm-ipanema-amadeirado'>\n                        C\u00f4moda 5 Gavetas 40cm Ipanema Amadeirado                    <\/h3>\n                <\/a>\n            <\/div>\n                            <div class=\"hostinger-affiliate-block-single-type__product-description\">\n                            <ul>\n                    <\/ul>\n                        <\/div>\n                            <div class=\"hostinger-affiliate-block-single-type__product-actions\">\n                                    <div class=\"hostinger-affiliate-block-single-type__product-price\">\n                        R$488,87                    <\/div>\n                                    <div class=\"hostinger-affiliate-block-single-type__product-button-wrap\">\n                    <a href=\"https:\/\/www.amazon.com.br\/dp\/B0D8T35L9D?tag=joaopedro047-20\" class=\"hostinger-affiliate-block-single-type__product-amazon-button\" target=\"_blank\" rel=\"nofollow noopener noreferrer\">\n    Buy on Amazon<\/a>\n                <\/div>\n\n            <\/div>\n        <\/div>\n    <\/div>\n    \n\n\n<p>\ud83d\udd17 <a href=\"https:\/\/www.amazon.com.br\/dp\/B0D8T35L9D?tag=joaopedro047-20\" data-type=\"link\" data-id=\"https:\/\/www.amazon.com.br\/dp\/B0D8T35L9D?tag=joaopedro047-20\" target=\"_blank\" rel=\"noopener\">Gaveteiro Retr\u00f4 Amadeirado \u2013 Amazon<\/a> (produto premium)<\/p>\n\n\n\n<hr class=\"wp-block-separator has-alpha-channel-opacity\"\/>\n\n\n\n<h2 id='4-puffs-decorativos-em-veludo'  class=\"wp-block-heading\"><strong>4. Puffs Decorativos em Veludo<\/strong><\/h2>\n\n\n\n<p>Puffs coloridos em veludo, como o laranja e o amarelo da imagem, trazem conforto e aconchego, al\u00e9m de servirem como apoio ou assento extra.<br>Produto <strong>Premium<\/strong>.<\/p>\n\n\n    <div class=\"hostinger-affiliate-block-single-type\">\n                    <div class=\"hostinger-affiliate-block-single-type__image\">\n                <a href=\"https:\/\/www.amazon.com.br\/dp\/B0DKYL35XL?tag=joaopedro047-20\" target=\"_blank\" rel=\"nofollow noopener noreferrer\">\n                    <img decoding=\"async\" src=\"https:\/\/m.media-amazon.com\/images\/I\/41RcapdfoAL.jpg\" alt=\"Puff Cilindrico Decorativo Narciso em Veludo Premium para Sala e ...\">\n                <\/a>\n            <\/div>\n                    <div class=\"hostinger-affiliate-block-single-type__product-data\">\n            <div class=\"hostinger-affiliate-block-single-type__product-title\">\n                <a href=\"https:\/\/www.amazon.com.br\/dp\/B0DKYL35XL?tag=joaopedro047-20\" target=\"_blank\" rel=\"nofollow noopener noreferrer\">\n                    <h3 id='puff-cilindrico-decorativo-narciso-em-veludo-premium-para-sala-e'>\n                        Puff Cilindrico Decorativo Narciso em Veludo Premium para Sala e &#8230;                    <\/h3>\n                <\/a>\n            <\/div>\n                            <div class=\"hostinger-affiliate-block-single-type__product-description\">\n                            <ul>\n                                <li>Produto Vers\u00e1til<\/li>\n                                        <li>Ocupa Pouco Espa\u00e7o<\/li>\n                                        <li>Tape\u00e7ado em Veludo Premium (Suede)<\/li>\n                            <\/ul>\n                        <\/div>\n                            <div class=\"hostinger-affiliate-block-single-type__product-actions\">\n                                <div class=\"hostinger-affiliate-block-single-type__product-button-wrap\">\n                    <a href=\"https:\/\/www.amazon.com.br\/dp\/B0DKYL35XL?tag=joaopedro047-20\" class=\"hostinger-affiliate-block-single-type__product-amazon-button\" target=\"_blank\" rel=\"nofollow noopener noreferrer\">\n    Buy on Amazon<\/a>\n                <\/div>\n\n            <\/div>\n        <\/div>\n    <\/div>\n    \n\n\n<p>\ud83d\udd17 <a href=\"https:\/\/amzn.to\/4dwzbxS\" data-type=\"link\" data-id=\"https:\/\/amzn.to\/4dwzbxS\" target=\"_blank\" rel=\"noopener\">Puff Decorativo em Veludo \u2013 Amazon<\/a> (produto premium)<\/p>\n\n\n\n<hr class=\"wp-block-separator has-alpha-channel-opacity\"\/>\n\n\n\n<h2 id='5-lumin\u00e1ria-de-parede-criativa'  class=\"wp-block-heading\"><strong>5. Lumin\u00e1ria de Parede Criativa<\/strong><\/h2>\n\n\n\n<p>A lumin\u00e1ria de parede laranja \u00e9 funcional e divertida. Um toque essencial para o equil\u00edbrio entre decora\u00e7\u00e3o e ilumina\u00e7\u00e3o correta para trabalho.<br>Produto <strong>Premium<\/strong>.<\/p>\n\n\n    <div class=\"hostinger-affiliate-block-single-type\">\n                    <div class=\"hostinger-affiliate-block-single-type__image\">\n                <a href=\"https:\/\/www.amazon.com.br\/dp\/B0C3RP8SB9?tag=joaopedro047-20\" target=\"_blank\" rel=\"nofollow noopener noreferrer\">\n                    <img decoding=\"async\" src=\"https:\/\/m.media-amazon.com\/images\/I\/316aPkScCCL.jpg\" alt=\"Arandela Lumin\u00e1ria Parede Moderna Sala Cama Banheiro Dourado\">\n                <\/a>\n            <\/div>\n                    <div class=\"hostinger-affiliate-block-single-type__product-data\">\n            <div class=\"hostinger-affiliate-block-single-type__product-title\">\n                <a href=\"https:\/\/www.amazon.com.br\/dp\/B0C3RP8SB9?tag=joaopedro047-20\" target=\"_blank\" rel=\"nofollow noopener noreferrer\">\n                    <h3 id='arandela-lumin\u00e1ria-parede-moderna-sala-cama-banheiro-dourado'>\n                        Arandela Lumin\u00e1ria Parede Moderna Sala Cama Banheiro Dourado                    <\/h3>\n                <\/a>\n            <\/div>\n                            <div class=\"hostinger-affiliate-block-single-type__product-description\">\n                            <ul>\n                                <li>Lumin\u00e1ria de Parede<\/li>\n                                        <li>Constru\u00e7\u00e3o em Alum\u00ednio<\/li>\n                                        <li>1 soquete E27<\/li>\n                            <\/ul>\n                        <\/div>\n                            <div class=\"hostinger-affiliate-block-single-type__product-actions\">\n                                    <div class=\"hostinger-affiliate-block-single-type__product-price\">\n                        R$55,00                    <\/div>\n                                    <div class=\"hostinger-affiliate-block-single-type__product-button-wrap\">\n                    <a href=\"https:\/\/www.amazon.com.br\/dp\/B0C3RP8SB9?tag=joaopedro047-20\" class=\"hostinger-affiliate-block-single-type__product-amazon-button\" target=\"_blank\" rel=\"nofollow noopener noreferrer\">\n    Buy on Amazon<\/a>\n                <\/div>\n\n            <\/div>\n        <\/div>\n    <\/div>\n    \n\n\n<p>\ud83d\udd17 <a href=\"https:\/\/amzn.to\/3FraZQP\" data-type=\"link\" data-id=\"https:\/\/amzn.to\/3FraZQP\" target=\"_blank\" rel=\"noopener\">Lumin\u00e1ria de Parede Colorida \u2013 Amazon<\/a> (produto premium)<\/p>\n\n\n\n<hr class=\"wp-block-separator has-alpha-channel-opacity\"\/>\n\n\n\n<h2 id='6-prateleiras-com-plantas-e-decora\u00e7\u00e3o-l\u00fadica'  class=\"wp-block-heading\"><strong>6. Prateleiras com Plantas e Decora\u00e7\u00e3o L\u00fadica<\/strong><\/h2>\n\n\n\n<p>As prateleiras abertas sustentam plantas e quadros com arte divertida. Esse detalhe transforma a parede em uma verdadeira galeria de inspira\u00e7\u00e3o.<br>Produto <strong>Premium<\/strong>.<\/p>\n\n\n    <div class=\"hostinger-affiliate-block-single-type\">\n                    <div class=\"hostinger-affiliate-block-single-type__image\">\n                <a href=\"https:\/\/www.amazon.com.br\/dp\/B0DP3FJQXH?tag=joaopedro047-20\" target=\"_blank\" rel=\"nofollow noopener noreferrer\">\n                    <img decoding=\"async\" src=\"https:\/\/m.media-amazon.com\/images\/I\/41QTIZYPfML.jpg\" alt=\"Kit 3 Prateleira De Madeira Cozinha Escrit\u00f3rio Sala Quarto Suport...\">\n                <\/a>\n            <\/div>\n                    <div class=\"hostinger-affiliate-block-single-type__product-data\">\n            <div class=\"hostinger-affiliate-block-single-type__product-title\">\n                <a href=\"https:\/\/www.amazon.com.br\/dp\/B0DP3FJQXH?tag=joaopedro047-20\" target=\"_blank\" rel=\"nofollow noopener noreferrer\">\n                    <h3 id='kit-3-prateleira-de-madeira-cozinha-escrit\u00f3rio-sala-quarto-suport'>\n                        Kit 3 Prateleira De Madeira Cozinha Escrit\u00f3rio Sala Quarto Suport&#8230;                    <\/h3>\n                <\/a>\n            <\/div>\n                            <div class=\"hostinger-affiliate-block-single-type__product-description\">\n                            <ul>\n                                <li>Madeira Maci\u00e7a (Pinus) de excelente qualidade e acabamento<\/li>\n                                        <li>Produto Artesanal produzido por nossos marceneiros pe\u00e7a a pe\u00e7a<\/li>\n                                        <li>Pode ser utilizado em diversos ambientes como quarto, closet, hall, cozinha, banheiro wc, etc.<\/li>\n                            <\/ul>\n                        <\/div>\n                            <div class=\"hostinger-affiliate-block-single-type__product-actions\">\n                                <div class=\"hostinger-affiliate-block-single-type__product-button-wrap\">\n                    <a href=\"https:\/\/www.amazon.com.br\/dp\/B0DP3FJQXH?tag=joaopedro047-20\" class=\"hostinger-affiliate-block-single-type__product-amazon-button\" target=\"_blank\" rel=\"nofollow noopener noreferrer\">\n    Buy on Amazon<\/a>\n                <\/div>\n\n            <\/div>\n        <\/div>\n    <\/div>\n    \n\n\n<p>\ud83d\udd17 <a href=\"https:\/\/amzn.to\/4muiwPz\" data-type=\"link\" data-id=\"https:\/\/amzn.to\/4muiwPz\" target=\"_blank\" rel=\"noopener\">Kit de Prateleiras + Suportes \u2013 Amazon<\/a> (produto premium)<\/p>\n\n\n    <div class=\"hostinger-affiliate-block-single-type\">\n                    <div class=\"hostinger-affiliate-block-single-type__image\">\n                <a href=\"https:\/\/www.amazon.com.br\/dp\/B0BLP6LT7K?tag=joaopedro047-20\" target=\"_blank\" rel=\"nofollow noopener noreferrer\">\n                    <img decoding=\"async\" src=\"https:\/\/m.media-amazon.com\/images\/I\/41LUPRUEyGL.jpg\" alt=\"Kit 3 Quadros Decorativos com MOLDURA Geom\u00e9trico Moderno com Folh...\">\n                <\/a>\n            <\/div>\n                    <div class=\"hostinger-affiliate-block-single-type__product-data\">\n            <div class=\"hostinger-affiliate-block-single-type__product-title\">\n                <a href=\"https:\/\/www.amazon.com.br\/dp\/B0BLP6LT7K?tag=joaopedro047-20\" target=\"_blank\" rel=\"nofollow noopener noreferrer\">\n                    <h3 id='kit-3-quadros-decorativos-com-moldura-geom\u00e9trico-moderno-com-folh'>\n                        Kit 3 Quadros Decorativos com MOLDURA Geom\u00e9trico Moderno com Folh&#8230;                    <\/h3>\n                <\/a>\n            <\/div>\n                            <div class=\"hostinger-affiliate-block-single-type__product-description\">\n                            <ul>\n                                <li>Quadro com Moldura<\/li>\n                            <\/ul>\n                        <\/div>\n                            <div class=\"hostinger-affiliate-block-single-type__product-actions\">\n                                    <div class=\"hostinger-affiliate-block-single-type__product-price\">\n                        R$129,90                    <\/div>\n                                    <div class=\"hostinger-affiliate-block-single-type__product-button-wrap\">\n                    <a href=\"https:\/\/www.amazon.com.br\/dp\/B0BLP6LT7K?tag=joaopedro047-20\" class=\"hostinger-affiliate-block-single-type__product-amazon-button\" target=\"_blank\" rel=\"nofollow noopener noreferrer\">\n    Buy on Amazon<\/a>\n                <\/div>\n\n            <\/div>\n        <\/div>\n    <\/div>\n    \n\n\n<p><br><\/p>\n\n\n\n<p>&#8211; Esse modelo \u00e9 recomendado pela pr\u00f3pria Amazon! #AmazonRecomenda<br>Produto <strong>Premium<\/strong>.<br>Produto <strong>Prime<\/strong>.<br>Produto <strong>Amazon Recomenda<\/strong>.<br>\ud83d\udd17 <a href=\"https:\/\/www.amazon.com.br\/dp\/B0BLP6LT7K?tag=joaopedro047-20\" data-type=\"link\" data-id=\"https:\/\/www.amazon.com.br\/dp\/B0BLP6LT7K?tag=joaopedro047-20\" target=\"_blank\" rel=\"noopener\">Quadros Decorativos Divertidos \u2013 Amazon<\/a> (produto prime)<\/p>\n\n\n\n<hr class=\"wp-block-separator has-alpha-channel-opacity\"\/>\n\n\n\n<h2 id='7-plantas-e-cortinas-para-harmonia-visual'  class=\"wp-block-heading\"><strong>7. Plantas e Cortinas para Harmonia Visual<\/strong><\/h2>\n\n\n\n<p>Plantas naturais em vasos e cortinas coloridas completam o ambiente com frescor e equil\u00edbrio visual.<br>Produto <strong>Premium<\/strong>.<br>Produto <strong>Prime<\/strong>.<\/p>\n\n\n    <div class=\"hostinger-affiliate-block-single-type\">\n                    <div class=\"hostinger-affiliate-block-single-type__image\">\n                <a href=\"https:\/\/www.amazon.com.br\/dp\/B0DSXH3M7G?tag=joaopedro047-20\" target=\"_blank\" rel=\"nofollow noopener noreferrer\">\n                    <img decoding=\"async\" src=\"https:\/\/m.media-amazon.com\/images\/I\/41UXYfzPpuL.jpg\" alt=\"Kit 3 Vasos para Plantas Decorativo Luxo Efeito Marmorizado cor C...\">\n                <\/a>\n            <\/div>\n                    <div class=\"hostinger-affiliate-block-single-type__product-data\">\n            <div class=\"hostinger-affiliate-block-single-type__product-title\">\n                <a href=\"https:\/\/www.amazon.com.br\/dp\/B0DSXH3M7G?tag=joaopedro047-20\" target=\"_blank\" rel=\"nofollow noopener noreferrer\">\n                    <h3 id='kit-3-vasos-para-plantas-decorativo-luxo-efeito-marmorizado-cor-c'>\n                        Kit 3 Vasos para Plantas Decorativo Luxo Efeito Marmorizado cor C&#8230;                    <\/h3>\n                <\/a>\n            <\/div>\n                            <div class=\"hostinger-affiliate-block-single-type__product-description\">\n                            <ul>\n                                <li>KIT 3 VASOS<\/li>\n                                        <li>RESISTENTES<\/li>\n                                        <li>LEVES<\/li>\n                            <\/ul>\n                        <\/div>\n                            <div class=\"hostinger-affiliate-block-single-type__product-actions\">\n                                    <div class=\"hostinger-affiliate-block-single-type__product-price\">\n                        R$144,90                    <\/div>\n                                    <div class=\"hostinger-affiliate-block-single-type__product-button-wrap\">\n                    <a href=\"https:\/\/www.amazon.com.br\/dp\/B0DSXH3M7G?tag=joaopedro047-20\" class=\"hostinger-affiliate-block-single-type__product-amazon-button\" target=\"_blank\" rel=\"nofollow noopener noreferrer\">\n    Buy on Amazon<\/a>\n                <\/div>\n\n            <\/div>\n        <\/div>\n    <\/div>\n    \n\n\n<p>\ud83d\udd17 <a href=\"https:\/\/amzn.to\/45o3jt7\" data-type=\"link\" data-id=\"https:\/\/amzn.to\/45o3jt7\" target=\"_blank\" rel=\"noopener\">Kit de Plantas Artificiais com Vasos \u2013 Amazon<\/a> (produto premium)<\/p>\n\n\n    <div class=\"hostinger-affiliate-block-single-type\">\n                    <div class=\"hostinger-affiliate-block-single-type__image\">\n                <a href=\"https:\/\/www.amazon.com.br\/dp\/B09ZF3SPY2?tag=joaopedro047-20\" target=\"_blank\" rel=\"nofollow noopener noreferrer\">\n                    <img decoding=\"async\" src=\"https:\/\/m.media-amazon.com\/images\/I\/418aM8ebotL.jpg\" alt=\"Joydeco Cortinas de veludo azul royal 153 cm de comprimento, cort...\">\n                <\/a>\n            <\/div>\n                    <div class=\"hostinger-affiliate-block-single-type__product-data\">\n            <div class=\"hostinger-affiliate-block-single-type__product-title\">\n                <a href=\"https:\/\/www.amazon.com.br\/dp\/B09ZF3SPY2?tag=joaopedro047-20\" target=\"_blank\" rel=\"nofollow noopener noreferrer\">\n                    <h3 id='joydeco-cortinas-de-veludo-azul-royal-153-cm-de-comprimento-cort'>\n                        Joydeco Cortinas de veludo azul royal 153 cm de comprimento, cort&#8230;                    <\/h3>\n                <\/a>\n            <\/div>\n                            <div class=\"hostinger-affiliate-block-single-type__product-description\">\n                            <ul>\n                                <li>\u3010O pacote inclui\u3011Cada pacote cont\u00e9m 2 pain\u00e9is de cortina de veludo e cada painel mede 132 cm L x 160 cm C | O par mede 2&#8230;<\/li>\n                                        <li>\u301080%-90% blackout\u3011O efeito de sombreamento varia ligeiramente devido \u00e0 diferen\u00e7a de cor. Devido ao processo de produ\u00e7\u00e3o,&#8230;<\/li>\n                                        <li>\u3010M\u00e9todo de suspens\u00e3o\u3011Cada painel tem 8 argolas cl\u00e1ssicas \u00e0 prova de ferrugem, f\u00e1ceis de instalar ou deslizar.<\/li>\n                            <\/ul>\n                        <\/div>\n                            <div class=\"hostinger-affiliate-block-single-type__product-actions\">\n                                    <div class=\"hostinger-affiliate-block-single-type__product-price\">\n                        R$323,16                    <\/div>\n                                    <div class=\"hostinger-affiliate-block-single-type__product-button-wrap\">\n                    <a href=\"https:\/\/www.amazon.com.br\/dp\/B09ZF3SPY2?tag=joaopedro047-20\" class=\"hostinger-affiliate-block-single-type__product-amazon-button\" target=\"_blank\" rel=\"nofollow noopener noreferrer\">\n    Buy on Amazon<\/a>\n                <\/div>\n\n            <\/div>\n        <\/div>\n    <\/div>\n    \n\n\n<p><br>\ud83d\udd17 <a href=\"https:\/\/amzn.to\/4kabfTB\" data-type=\"link\" data-id=\"https:\/\/amzn.to\/4kabfTB\" target=\"_blank\" rel=\"noopener\">Cortinas Azul Royal com Blackout \u2013 Amazon<\/a> (produto prime)<\/p>\n\n\n\n<hr class=\"wp-block-separator has-alpha-channel-opacity\"\/>\n\n\n\n<h2 id='home-office-decorado-3-home-office-criativo-colorido'  class=\"wp-block-heading\"><strong>Home Office Decorado 3 &#8211; Home office criativo colorido<\/strong><\/h2>\n\n\n\n<p>Criar um <strong>home office criativo colorido<\/strong> e funcional n\u00e3o significa abrir m\u00e3o da sua personalidade. Este ambiente mostra como \u00e9 poss\u00edvel unir <strong>produtividade, organiza\u00e7\u00e3o e alegria visual<\/strong> em um mesmo espa\u00e7o.<\/p>\n\n\n\n<p>Esse tipo de decora\u00e7\u00e3o de <strong>home office criativo colorido<\/strong> tamb\u00e9m contribui para o seu humor e motiva\u00e7\u00e3o di\u00e1ria, especialmente se voc\u00ea trabalha com atividades que exigem criatividade e foco. Cores, texturas e elementos afetivos fazem toda a diferen\u00e7a na forma como nos sentimos no ambiente. Invista em um espa\u00e7o que reflita quem voc\u00ea \u00e9 \u2014 e sinta a diferen\u00e7a na sua rotina.<\/p>\n\n\n\n<p>Com os produtos certos, voc\u00ea transforma seu canto de trabalho em um ambiente criativo e acolhedor, que te inspira a dar o melhor de si todos os dias. Gostou do nosso decorado de <strong>home office criativo colorido<\/strong>? Voc\u00ea pode ver mais decorados como <strong>home office criativo colorido<\/strong> clicando <a href=\"https:\/\/1truenote.com\/en\/category\/e-commerce\/\" data-type=\"link\" data-id=\"https:\/\/1truenote.com\/category\/e-commerce\/\">aqui<\/a>.<\/p>","protected":false},"excerpt":{"rendered":"<p>Um home office criativo colorido precisa ir al\u00e9m da funcionalidade \u2014 ele deve ser inspirador. Se voc\u00ea busca um ambiente&#8230;<\/p>","protected":false},"author":1,"featured_media":2280,"comment_status":"open","ping_status":"open","sticky":false,"template":"","format":"standard","meta":{"_kad_post_transparent":"","_kad_post_title":"","_kad_post_layout":"","_kad_post_sidebar_id":"","_kad_post_content_style":"","_kad_post_vertical_padding":"","_kad_post_feature":"","_kad_post_feature_position":"","_kad_post_header":false,"_kad_post_footer":false,"_kad_post_classname":"","footnotes":"","jetpack_publicize_message":"","jetpack_publicize_feature_enabled":true,"jetpack_social_post_already_shared":false,"jetpack_social_options":{"image_generator_settings":{"template":"highway","enabled":false},"version":2}},"categories":[10],"tags":[32,14,23],"class_list":["post-2278","post","type-post","status-publish","format-standard","has-post-thumbnail","hentry","category-e-commerce","tag-decorados","tag-interiores-inovadores","tag-produtos"],"jetpack_publicize_connections":[],"jetpack_featured_media_url":"https:\/\/i0.wp.com\/1truenote.com\/wp-content\/uploads\/2025\/05\/Home_Office_Creative_Decoration.png?fit=2048%2C2048&ssl=1","jetpack_sharing_enabled":true,"_links":{"self":[{"href":"https:\/\/1truenote.com\/en\/wp-json\/wp\/v2\/posts\/2278","targetHints":{"allow":["GET"]}}],"collection":[{"href":"https:\/\/1truenote.com\/en\/wp-json\/wp\/v2\/posts"}],"about":[{"href":"https:\/\/1truenote.com\/en\/wp-json\/wp\/v2\/types\/post"}],"author":[{"embeddable":true,"href":"https:\/\/1truenote.com\/en\/wp-json\/wp\/v2\/users\/1"}],"replies":[{"embeddable":true,"href":"https:\/\/1truenote.com\/en\/wp-json\/wp\/v2\/comments?post=2278"}],"version-history":[{"count":0,"href":"https:\/\/1truenote.com\/en\/wp-json\/wp\/v2\/posts\/2278\/revisions"}],"wp:featuredmedia":[{"embeddable":true,"href":"https:\/\/1truenote.com\/en\/wp-json\/wp\/v2\/media\/2280"}],"wp:attachment":[{"href":"https:\/\/1truenote.com\/en\/wp-json\/wp\/v2\/media?parent=2278"}],"wp:term":[{"taxonomy":"category","embeddable":true,"href":"https:\/\/1truenote.com\/en\/wp-json\/wp\/v2\/categories?post=2278"},{"taxonomy":"post_tag","embeddable":true,"href":"https:\/\/1truenote.com\/en\/wp-json\/wp\/v2\/tags?post=2278"}],"curies":[{"name":"wp","href":"https:\/\/api.w.org\/{rel}","templated":true}]}}