{"id":2205,"date":"2025-05-23T11:00:00","date_gmt":"2025-05-23T14:00:00","guid":{"rendered":"https:\/\/1truenote.com\/?p=2205"},"modified":"2025-09-27T18:05:24","modified_gmt":"2025-09-27T21:05:24","slug":"consumo-real-da-air-fryer-em-casa","status":"publish","type":"post","link":"https:\/\/1truenote.com\/en\/consumo-real-da-air-fryer-em-casa\/","title":{"rendered":"Voc\u00ea vai se surpreender com o consumo real da Air Fryer em casa"},"content":{"rendered":"<div class=\"fit_content\">\n                <div class=\"bd_toc_container\" data-fixedwidth=\"\">\n                    <div class=\"bd_toc_wrapper\" data-wrapperpadding=\"48px\">\n                        <div class=\"bd_toc_wrapper_item\">\n                            <div class=\"bd_toc_header active\" data-headerpadding=\"2px\">\n                                <div class=\"bd_toc_header_title\">\n                                    Sum\u00e1rio                                <\/div>\n                                <div class=\"bd_toc_switcher_hide_show_icon\">\n                                    <span class=\"bd_toc_arrow\"><\/span>                                <\/div>\n                            <\/div>\n                            <div class=\"bd_toc_content list-type-number\">\n                                <div class=\"bd_toc_content_list\">\n                                    <div class='bd_toc_content_list_item'>    <ul>\n      <li class=\"first\">\n        <a href=\"#\ud83d\udd0d-mas-afinal-qual-\u00e9-o-consumo-real-da-air-fryer-em-casa\">\ud83d\udd0d Mas afinal, qual \u00e9 o consumo real da Air Fryer em casa?<\/a>\n      <\/li>\n      <li>\n        <a href=\"#\ud83d\udcca-comparando-com-outros-eletros-da-cozinha\">\ud83d\udcca Comparando com outros eletros da cozinha<\/a>\n      <\/li>\n      <li>\n        <a href=\"#\ud83d\udca1-dicas-para-usar-sua-air-fryer-com-economia\">\ud83d\udca1 Dicas para usar sua Air Fryer com economia<\/a>\n      <\/li>\n      <li>\n        <a href=\"#\ud83c\udfe1-vale-a-pena-para-casas-pequenas\">\ud83c\udfe1 Vale a pena para casas pequenas?<\/a>\n      <\/li>\n      <li>\n        <a href=\"#\ud83c\udf7d\ufe0f-o-impacto-no-dia-a-dia-mais-que-economia\">\ud83c\udf7d\ufe0f O impacto no dia a dia: Mais que economia<\/a>\n      <\/li>\n      <li>\n        <a href=\"#\ud83d\udd0b-air-fryer-e-consumo-inteligente-a-import\u00e2ncia-do-uso-planejado\">\ud83d\udd0b Air Fryer e consumo inteligente: a import\u00e2ncia do uso planejado<\/a>\n      <\/li>\n      <li class=\"last\">\n        <a href=\"#\ud83e\udded-consumo-consciente-cozinha-mais-feliz-consumo-real-da-air-fryer\">\ud83e\udded Consumo consciente, cozinha mais feliz &#8211; Consumo real da Air Fryer<\/a>\n      <\/li>\n    <\/ul>\n<\/div>                                <\/div>\n                            <\/div>\n                        <\/div>\n                    <\/div>\n                    <div class=\"layout_toggle_button\">\n                        <span class=\"bd_toc_arrow\"><\/span>\n                    <\/div>\n                <\/div>\n            <\/div>\n\n    \n\n\n<p>Ela \u00e9 a queridinha da cozinha moderna. Pr\u00e1tica, r\u00e1pida e (quase) sem \u00f3leo, a Air Fryer conquistou milhares de lares brasileiros. Mas por tr\u00e1s de tantas vantagens, uma d\u00favida persiste: <strong>qual \u00e9 o consumo real da Air Fryer em casa?<\/strong> Ser\u00e1 que ela gasta mais do que o forno? Ou pesa menos na conta de luz do que parece?<\/p>\n\n\n\n<p>Se voc\u00ea tamb\u00e9m j\u00e1 se fez essa pergunta, chegou a hora de descobrir a resposta \u2014 com n\u00fameros reais, compara\u00e7\u00f5es e dicas para usar o eletrodom\u00e9stico de forma mais consciente e econ\u00f4mica. Vamos l\u00e1 falar sobre o <strong>consumo real da Air Fryer<\/strong>:<\/p>\n\n\n\n<hr class=\"wp-block-separator has-alpha-channel-opacity\"\/>\n\n\n\n<h2 id='\ud83d\udd0d-mas-afinal-qual-\u00e9-o-consumo-real-da-air-fryer-em-casa'  class=\"wp-block-heading\">\ud83d\udd0d Mas afinal, qual \u00e9 o consumo real da Air Fryer em casa?<\/h2>\n\n\n\n<p>A maioria das Air Fryers do mercado tem pot\u00eancia entre <strong>1.200W e 1.500W<\/strong>. Isso significa que, em uma hora de uso cont\u00ednuo, ela pode consumir cerca de <strong>1,2 kWh a 1,5 kWh<\/strong> de energia.<\/p>\n\n\n\n<p>Para entender melhor o <strong>consumo real da Air Fryer<\/strong>: se voc\u00ea pagar R$ 0,90 por kWh (valor m\u00e9dio nacional), usar sua Air Fryer por 30 minutos por dia resultaria em um gasto de aproximadamente R$ 13,50 no m\u00eas. E olha que muitos pratos ficam prontos em menos de 20 minutos, o que reduz ainda mais esse n\u00famero.<\/p>\n\n\n\n<hr class=\"wp-block-separator has-alpha-channel-opacity\"\/>\n\n\n\n<h2 id='\ud83d\udcca-comparando-com-outros-eletros-da-cozinha'  class=\"wp-block-heading\">\ud83d\udcca Comparando com outros eletros da cozinha<\/h2>\n\n\n\n<p>Pra ter uma ideia, um forno el\u00e9trico convencional pode ter entre <strong>2.000W e 3.000W<\/strong> de pot\u00eancia. Ou seja, gasta o dobro (ou mais) de energia que a Air Fryer, al\u00e9m de demorar mais para aquecer e assar.<\/p>\n\n\n\n<p>J\u00e1 o micro-ondas, embora r\u00e1pido, costuma ter uso mais pontual. A Air Fryer se destaca por ser <strong>vers\u00e1til e mais econ\u00f4mica que muitos esperam<\/strong>. Com ela, d\u00e1 pra assar, grelhar, gratinar e at\u00e9 reaquecer com gasto moderado e boa efici\u00eancia t\u00e9rmica.<\/p>\n\n\n\n<hr class=\"wp-block-separator has-alpha-channel-opacity\"\/>\n\n\n\n<h2 id='\ud83d\udca1-dicas-para-usar-sua-air-fryer-com-economia'  class=\"wp-block-heading\">\ud83d\udca1 Dicas para usar sua Air Fryer com economia<\/h2>\n\n\n\n<p>Se voc\u00ea quer aproveitar todos os benef\u00edcios da Air Fryer sem surpresas na conta de luz, anote essas dicas:<\/p>\n\n\n\n<ul class=\"wp-block-list\">\n<li><strong>Preaque\u00e7a s\u00f3 quando necess\u00e1rio<\/strong>: alguns modelos nem exigem esse passo.<\/li>\n\n\n\n<li><strong>Evite abrir toda hora<\/strong>: cada vez que voc\u00ea abre, perde calor e consome mais.<\/li>\n\n\n\n<li><strong>Cozinhe por\u00e7\u00f5es completas<\/strong>: use bem o espa\u00e7o do cesto para otimizar o tempo.<\/li>\n\n\n\n<li><strong>Mantenha o aparelho limpo<\/strong>: res\u00edduos acumulados for\u00e7am mais o motor.<\/li>\n<\/ul>\n\n\n\n<p>Essas atitudes simples ajudam a reduzir o tempo de funcionamento e, com isso, o consumo de energia.<\/p>\n\n\n\n<hr class=\"wp-block-separator has-alpha-channel-opacity\"\/>\n\n\n\n<h2 id='\ud83c\udfe1-vale-a-pena-para-casas-pequenas'  class=\"wp-block-heading\">\ud83c\udfe1 Vale a pena para casas pequenas?<\/h2>\n\n\n\n<p>Sim, e muito! Para quem mora sozinho ou em casal, a Air Fryer \u00e9 perfeita. Ela substitui o forno, consome menos, ocupa pouco espa\u00e7o e ainda evita aquecer demais a cozinha \u2014 o que \u00e9 \u00f3timo no ver\u00e3o.<\/p>\n\n\n\n<p>Al\u00e9m disso, ela combina com o estilo de vida mais pr\u00e1tico e saud\u00e1vel que muitos buscam hoje. At\u00e9 quem tem pouco tempo ou habilidade na cozinha consegue preparar refei\u00e7\u00f5es completas sem sujeira ou dificuldade.<\/p>\n\n\n\n<hr class=\"wp-block-separator has-alpha-channel-opacity\"\/>\n\n\n\n<h2 id='\ud83c\udf7d\ufe0f-o-impacto-no-dia-a-dia-mais-que-economia'  class=\"wp-block-heading\">\ud83c\udf7d\ufe0f O impacto no dia a dia: Mais que economia<\/h2>\n\n\n\n<p>Mais do que olhar s\u00f3 o valor da conta de energia, vale considerar o que voc\u00ea ganha no uso di\u00e1rio: tempo, praticidade, variedade de receitas e at\u00e9 menos lou\u00e7a para lavar. O consumo real da Air Fryer, quando equilibrado com seus benef\u00edcios, mostra que <strong>ela \u00e9 uma aliada e n\u00e3o uma vil\u00e3 no consumo dom\u00e9stico<\/strong>.<\/p>\n\n\n\n<p>E se voc\u00ea ainda n\u00e3o tem uma, saiba que h\u00e1 modelos compactos e baratos que atendem bem \u00e0s necessidades do dia a dia \u2014 sem pesar no bolso nem na energia.<\/p>\n\n\n\n<hr class=\"wp-block-separator has-alpha-channel-opacity\"\/>\n\n\n\n<h2 id='\ud83d\udd0b-air-fryer-e-consumo-inteligente-a-import\u00e2ncia-do-uso-planejado'  class=\"wp-block-heading\">\ud83d\udd0b Air Fryer e consumo inteligente: a import\u00e2ncia do uso planejado<\/h2>\n\n\n\n<p>Embora a Air Fryer tenha um consumo energ\u00e9tico considerado razo\u00e1vel, o segredo est\u00e1 no uso inteligente. Por ser um eletro que atinge rapidamente altas temperaturas e mant\u00e9m o calor por mais tempo, ela permite <strong>preparos r\u00e1pidos e eficientes<\/strong>, o que ajuda a reduzir o tempo de funcionamento \u2014 e, consequentemente, o gasto.<\/p>\n\n\n\n<p>Al\u00e9m disso, muitas pessoas t\u00eam substitu\u00eddo o uso do forno tradicional e at\u00e9 da frigideira com \u00f3leo pela Air Fryer, o que representa <strong>uma mudan\u00e7a de h\u00e1bito mais sustent\u00e1vel<\/strong>. Menos \u00f3leo, menos g\u00e1s e uma rotina culin\u00e1ria mais pr\u00e1tica e saud\u00e1vel fazem parte desse pacote moderno que vai al\u00e9m da economia na conta de luz.<\/p>\n\n\n    <div class=\"hostinger-affiliate-block-single-type\">\n                    <div class=\"hostinger-affiliate-block-single-type__image\">\n                <a href=\"https:\/\/www.amazon.com.br\/dp\/B0D4B5PNXT?tag=joaopedro047-20\" target=\"_blank\" rel=\"nofollow noopener noreferrer\">\n                    <img decoding=\"async\" src=\"https:\/\/m.media-amazon.com\/images\/I\/31eimDOwLAL.jpg\" alt=\"Fritadeira El\u00e9trica Air Fryer 4,2L 1500W 127V Preto Multi - GO207\">\n                <\/a>\n            <\/div>\n                    <div class=\"hostinger-affiliate-block-single-type__product-data\">\n            <div class=\"hostinger-affiliate-block-single-type__product-title\">\n                <a href=\"https:\/\/www.amazon.com.br\/dp\/B0D4B5PNXT?tag=joaopedro047-20\" target=\"_blank\" rel=\"nofollow noopener noreferrer\">\n                    <h3 id='fritadeira-el\u00e9trica-air-fryer-4-2l-1500w-127v-preto-multi-go207'>\n                        Fritadeira El\u00e9trica Air Fryer 4,2L 1500W 127V Preto Multi &#8211; GO207                    <\/h3>\n                <\/a>\n            <\/div>\n                            <div class=\"hostinger-affiliate-block-single-type__product-description\">\n                            <ul>\n                                <li>Controle de Temperatura de 80\u00b0C a 200\u00b0C: Ajuste a temperatura ideal para diferentes tipos de receitas, garantindo alimen&#8230;<\/li>\n                                        <li>Timer Sonoro de 60 Minutos com Desligamento Autom\u00e1tico: Programe o tempo de preparo desejado e deixe que a fritadeira cu&#8230;<\/li>\n                                        <li>Grade Remov\u00edvel: Facilita a limpeza, tornando o processo de manuten\u00e7\u00e3o simples e r\u00e1pido.<\/li>\n                            <\/ul>\n                        <\/div>\n                            <div class=\"hostinger-affiliate-block-single-type__product-actions\">\n                                    <div class=\"hostinger-affiliate-block-single-type__product-price\">\n                        R$329,90                    <\/div>\n                                    <div class=\"hostinger-affiliate-block-single-type__product-button-wrap\">\n                    <a href=\"https:\/\/www.amazon.com.br\/dp\/B0D4B5PNXT?tag=joaopedro047-20\" class=\"hostinger-affiliate-block-single-type__product-amazon-button\" target=\"_blank\" rel=\"nofollow noopener noreferrer\">\n    Buy on Amazon<\/a>\n                <\/div>\n\n            <\/div>\n        <\/div>\n    <\/div>\n    \n\n\n<hr class=\"wp-block-separator has-alpha-channel-opacity\"\/>\n\n\n\n<h2 id='\ud83e\udded-consumo-consciente-cozinha-mais-feliz-consumo-real-da-air-fryer'  class=\"wp-block-heading\">\ud83e\udded Consumo consciente, cozinha mais feliz &#8211; Consumo real da Air Fryer<\/h2>\n\n\n\n<p>A verdade \u00e9 que o <strong>consumo real da <a href=\"https:\/\/br.pinterest.com\/ligiamariak\/air-fryer\/\" data-type=\"link\" data-id=\"https:\/\/br.pinterest.com\/ligiamariak\/air-fryer\/\" target=\"_blank\" rel=\"noopener\">Air Fryer<\/a> em casa<\/strong> surpreende pela efici\u00eancia. Claro, tudo depende do tempo de uso e da frequ\u00eancia, mas, em geral, ela consome menos do que outros eletros e entrega muito em retorno.<\/p>\n\n\n\n<p>Com pequenas atitudes e planejamento, ela se torna uma grande aliada da rotina moderna \u2014 econ\u00f4mica, funcional e cada vez mais presente nos lares brasileiros.<\/p>\n\n\n\n<p>No fim das contas, entender o <strong>consumo real da Air Fryer<\/strong> ajuda a fazer escolhas mais conscientes \u2014 e mostra que tecnologia, quando bem usada, pode ser aliada do bolso e da sa\u00fade. Se voc\u00ea j\u00e1 tem uma, vale revisitar seus h\u00e1bitos. Se est\u00e1 pensando em comprar, agora tem os dados para decidir com mais seguran\u00e7a.<\/p>\n\n\n\n<p>Gostou de saber o <strong>consumo real da Air Fryer<\/strong>? Voc\u00ea pode ver mais <a href=\"https:\/\/1truenote.com\/en\/category\/casa-e-jardim\/\" data-type=\"link\" data-id=\"https:\/\/1truenote.com\/category\/casa-e-jardim\/\">aqui<\/a>.<\/p>\n\n\n\n<hr class=\"wp-block-separator has-alpha-channel-opacity\"\/>\n\n\n\n<figure class=\"wp-block-image aligncenter size-large\"><img data-recalc-dims=\"1\" fetchpriority=\"high\" decoding=\"async\" width=\"1024\" height=\"683\" src=\"https:\/\/i0.wp.com\/1truenote.com\/wp-content\/uploads\/2025\/05\/ChatGPT-Image-23-de-mai.-de-2025-11_05_22.png?resize=1024%2C683&#038;ssl=1\" alt=\"consumo real da Air Fryer\" class=\"wp-image-2206\" srcset=\"https:\/\/i0.wp.com\/1truenote.com\/wp-content\/uploads\/2025\/05\/ChatGPT-Image-23-de-mai.-de-2025-11_05_22.png?resize=1024%2C683&amp;ssl=1 1024w, https:\/\/i0.wp.com\/1truenote.com\/wp-content\/uploads\/2025\/05\/ChatGPT-Image-23-de-mai.-de-2025-11_05_22.png?resize=300%2C200&amp;ssl=1 300w, https:\/\/i0.wp.com\/1truenote.com\/wp-content\/uploads\/2025\/05\/ChatGPT-Image-23-de-mai.-de-2025-11_05_22.png?resize=768%2C512&amp;ssl=1 768w, https:\/\/i0.wp.com\/1truenote.com\/wp-content\/uploads\/2025\/05\/ChatGPT-Image-23-de-mai.-de-2025-11_05_22.png?resize=150%2C100&amp;ssl=1 150w, https:\/\/i0.wp.com\/1truenote.com\/wp-content\/uploads\/2025\/05\/ChatGPT-Image-23-de-mai.-de-2025-11_05_22.png?w=1536&amp;ssl=1 1536w\" sizes=\"(max-width: 1024px) 100vw, 1024px\" \/><\/figure>","protected":false},"excerpt":{"rendered":"<p>Ela \u00e9 a queridinha da cozinha moderna. Pr\u00e1tica, r\u00e1pida e (quase) sem \u00f3leo, a Air Fryer conquistou milhares de lares&#8230;<\/p>","protected":false},"author":1,"featured_media":2206,"comment_status":"open","ping_status":"open","sticky":false,"template":"","format":"standard","meta":{"_kad_post_transparent":"","_kad_post_title":"","_kad_post_layout":"","_kad_post_sidebar_id":"","_kad_post_content_style":"","_kad_post_vertical_padding":"","_kad_post_feature":"","_kad_post_feature_position":"","_kad_post_header":false,"_kad_post_footer":false,"_kad_post_classname":"","footnotes":"","jetpack_publicize_message":"","jetpack_publicize_feature_enabled":true,"jetpack_social_post_already_shared":false,"jetpack_social_options":{"image_generator_settings":{"template":"highway","enabled":false},"version":2}},"categories":[1],"tags":[14,23],"class_list":["post-2205","post","type-post","status-publish","format-standard","has-post-thumbnail","hentry","category-novidades","tag-interiores-inovadores","tag-produtos"],"jetpack_publicize_connections":[],"jetpack_featured_media_url":"https:\/\/i0.wp.com\/1truenote.com\/wp-content\/uploads\/2025\/05\/ChatGPT-Image-23-de-mai.-de-2025-11_05_22.png?fit=1536%2C1024&ssl=1","jetpack_sharing_enabled":true,"_links":{"self":[{"href":"https:\/\/1truenote.com\/en\/wp-json\/wp\/v2\/posts\/2205","targetHints":{"allow":["GET"]}}],"collection":[{"href":"https:\/\/1truenote.com\/en\/wp-json\/wp\/v2\/posts"}],"about":[{"href":"https:\/\/1truenote.com\/en\/wp-json\/wp\/v2\/types\/post"}],"author":[{"embeddable":true,"href":"https:\/\/1truenote.com\/en\/wp-json\/wp\/v2\/users\/1"}],"replies":[{"embeddable":true,"href":"https:\/\/1truenote.com\/en\/wp-json\/wp\/v2\/comments?post=2205"}],"version-history":[{"count":1,"href":"https:\/\/1truenote.com\/en\/wp-json\/wp\/v2\/posts\/2205\/revisions"}],"predecessor-version":[{"id":4300,"href":"https:\/\/1truenote.com\/en\/wp-json\/wp\/v2\/posts\/2205\/revisions\/4300"}],"wp:featuredmedia":[{"embeddable":true,"href":"https:\/\/1truenote.com\/en\/wp-json\/wp\/v2\/media\/2206"}],"wp:attachment":[{"href":"https:\/\/1truenote.com\/en\/wp-json\/wp\/v2\/media?parent=2205"}],"wp:term":[{"taxonomy":"category","embeddable":true,"href":"https:\/\/1truenote.com\/en\/wp-json\/wp\/v2\/categories?post=2205"},{"taxonomy":"post_tag","embeddable":true,"href":"https:\/\/1truenote.com\/en\/wp-json\/wp\/v2\/tags?post=2205"}],"curies":[{"name":"wp","href":"https:\/\/api.w.org\/{rel}","templated":true}]}}