{"id":2196,"date":"2025-05-23T08:00:00","date_gmt":"2025-05-23T11:00:00","guid":{"rendered":"https:\/\/1truenote.com\/?p=2196"},"modified":"2025-05-23T14:37:55","modified_gmt":"2025-05-23T17:37:55","slug":"como-aproveitar-area-de-casa","status":"publish","type":"post","link":"https:\/\/1truenote.com\/en\/como-aproveitar-area-de-casa\/","title":{"rendered":"Como aproveitar melhor cada \u00e1rea de casa: Ideias criativas e funcionais"},"content":{"rendered":"<div class=\"fit_content\">\n                <div class=\"bd_toc_container\" data-fixedwidth=\"\">\n                    <div class=\"bd_toc_wrapper\" data-wrapperpadding=\"48px\">\n                        <div class=\"bd_toc_wrapper_item\">\n                            <div class=\"bd_toc_header active\" data-headerpadding=\"2px\">\n                                <div class=\"bd_toc_header_title\">\n                                    Sum\u00e1rio                                <\/div>\n                                <div class=\"bd_toc_switcher_hide_show_icon\">\n                                    <span class=\"bd_toc_arrow\"><\/span>                                <\/div>\n                            <\/div>\n                            <div class=\"bd_toc_content list-type-number\">\n                                <div class=\"bd_toc_content_list\">\n                                    <div class='bd_toc_content_list_item'>    <ul>\n      <li class=\"first\">\n        <a href=\"#\ud83e\udeb4-varanda-ou-quintal-da-\u00e1rea-de-casa-externa-ao-ref\u00fagio-pessoal\">\ud83e\udeb4 Varanda ou quintal: Da \u00e1rea de casa externa ao ref\u00fagio pessoal<\/a>\n      <\/li>\n      <li>\n        <a href=\"#\ud83c\udf7d\ufe0f-\u00e1rea-gourmet-ou-de-refei\u00e7\u00f5es-ao-ar-livre\">\ud83c\udf7d\ufe0f \u00c1rea gourmet ou de refei\u00e7\u00f5es ao ar livre<\/a>\n      <\/li>\n      <li>\n        <a href=\"#\ud83e\uddfa-lavanderia-funcionalidade-com-estilo\">\ud83e\uddfa Lavanderia: Funcionalidade com estilo<\/a>\n      <\/li>\n      <li>\n        <a href=\"#\ud83d\udcda-corredores-e-halls-de-entrada-transformando-passagens-em-espa\u00e7os-\u00fateis\">\ud83d\udcda Corredores e halls de entrada: Transformando passagens em espa\u00e7os \u00fateis<\/a>\n      <\/li>\n      <li>\n        <a href=\"#\ud83e\uddd8-cantinho-de-relaxamento-ou-leitura\">\ud83e\uddd8 Cantinho de relaxamento ou leitura<\/a>\n      <\/li>\n      <li>\n        <a href=\"#\ud83c\udfa8-\u00e1rea-de-casa-como-extens\u00e3o-da-personalidade\">\ud83c\udfa8 \u00c1rea de casa como extens\u00e3o da personalidade<\/a>\n      <\/li>\n      <li class=\"last\">\n        <a href=\"#\ud83e\udded-toda-\u00e1rea-de-casa-tem-potencial\">\ud83e\udded Toda \u00e1rea de casa tem potencial<\/a>\n      <\/li>\n    <\/ul>\n<\/div>                                <\/div>\n                            <\/div>\n                        <\/div>\n                    <\/div>\n                    <div class=\"layout_toggle_button\">\n                        <span class=\"bd_toc_arrow\"><\/span>\n                    <\/div>\n                <\/div>\n            <\/div>\n\n    \n\n\n<p>A <strong>\u00e1rea de casa<\/strong> \u00e9 um reflexo direto da nossa rotina e das fases da vida. Mas muitas vezes, algumas partes do lar acabam sendo subutilizadas \u2014 ou esquecidas. Seja por falta de tempo, planejamento ou ideias, \u00e9 comum deixar um cantinho encostado ou uma varanda sem fun\u00e7\u00e3o definida. A boa not\u00edcia? Com criatividade, d\u00e1 pra transformar qualquer <strong>\u00e1rea de casa<\/strong> em um espa\u00e7o cheio de prop\u00f3sito, beleza e bem-estar.<\/p>\n\n\n\n<p>Neste artigo, reunimos sugest\u00f5es pr\u00e1ticas para repensar ambientes internos e externos, aproveitando ao m\u00e1ximo cada metro quadrado do seu lar \u2014 seja ele grande ou compacto. Porque sim, at\u00e9 a menor \u00e1rea pode se tornar especial.<\/p>\n\n\n\n<hr class=\"wp-block-separator has-alpha-channel-opacity\"\/>\n\n\n\n<h2 id='\ud83e\udeb4-varanda-ou-quintal-da-\u00e1rea-de-casa-externa-ao-ref\u00fagio-pessoal'  class=\"wp-block-heading\">\ud83e\udeb4 Varanda ou quintal: Da \u00e1rea de casa externa ao ref\u00fagio pessoal<\/h2>\n\n\n\n<p>A <strong>\u00e1rea de casa<\/strong> que mais sofre com o abandono costuma ser a externa. Muitas vezes usada apenas como passagem ou local para pendurar roupas, ela tem um potencial enorme para se transformar em um ref\u00fagio verde.<\/p>\n\n\n\n<p>Que tal montar um cantinho zen com almofadas no ch\u00e3o, vasos de plantas e luzes de LED? Ou ent\u00e3o uma pequena horta com temperos frescos para o dia a dia? Mesmo em apartamentos, \u00e9 poss\u00edvel criar varandas aconchegantes com m\u00f3veis dobr\u00e1veis e solu\u00e7\u00f5es verticais para o verde.<\/p>\n\n\n\n<hr class=\"wp-block-separator has-alpha-channel-opacity\"\/>\n\n\n\n<h2 id='\ud83c\udf7d\ufe0f-\u00e1rea-gourmet-ou-de-refei\u00e7\u00f5es-ao-ar-livre'  class=\"wp-block-heading\">\ud83c\udf7d\ufe0f \u00c1rea gourmet ou de refei\u00e7\u00f5es ao ar livre<\/h2>\n\n\n\n<p>Se voc\u00ea tem um espa\u00e7o ao fundo da casa ou uma cobertura aberta, considere transform\u00e1-la em uma \u00e1rea gourmet. N\u00e3o precisa ser nada muito elaborado \u2014 uma bancada com pia, uma churrasqueira port\u00e1til e uma mesa com cadeiras j\u00e1 criam um ambiente perfeito para receber amigos e aproveitar os fins de semana.<\/p>\n\n\n\n<p>Essa <strong>\u00e1rea de casa<\/strong> tamb\u00e9m pode ser integrada com o jardim ou com uma sala de jantar interna, criando fluidez e conforto. \u00c9 o tipo de ambiente que agrega valor \u00e0 casa e cria mem\u00f3rias.<\/p>\n\n\n\n<hr class=\"wp-block-separator has-alpha-channel-opacity\"\/>\n\n\n\n<h2 id='\ud83e\uddfa-lavanderia-funcionalidade-com-estilo'  class=\"wp-block-heading\">\ud83e\uddfa Lavanderia: Funcionalidade com estilo<\/h2>\n\n\n\n<p>A lavanderia \u00e9 uma das \u00e1reas mais negligenciadas da casa \u2014 mas n\u00e3o deveria. Organizar esse espa\u00e7o com arm\u00e1rios fechados, cestos organizadores e uma bancada para dobrar roupas faz toda a diferen\u00e7a na rotina.<\/p>\n\n\n\n<p>Para quem tem pouco espa\u00e7o, vale investir em m\u00f3veis multifuncionais, como tanques embutidos e prateleiras verticais. Plantinhas resistentes \u00e0 umidade e adesivos decorativos tamb\u00e9m ajudam a deixar essa \u00e1rea mais leve e convidativa.<\/p>\n\n\n\n<hr class=\"wp-block-separator has-alpha-channel-opacity\"\/>\n\n\n\n<h2 id='\ud83d\udcda-corredores-e-halls-de-entrada-transformando-passagens-em-espa\u00e7os-\u00fateis'  class=\"wp-block-heading\">\ud83d\udcda Corredores e halls de entrada: Transformando passagens em espa\u00e7os \u00fateis<\/h2>\n\n\n\n<p>Aquele corredor estreito ou hall esquecido na entrada da casa tamb\u00e9m pode ser valorizado. Uma estante baixa, quadros decorativos ou at\u00e9 um banco com sapateira embutida j\u00e1 mudam completamente o uso da <strong>\u00e1rea de casa<\/strong> que antes s\u00f3 servia como tr\u00e2nsito.<\/p>\n\n\n\n<p>Esses ambientes tamb\u00e9m s\u00e3o \u00f3timos para trazer personalidade ao lar: use espelhos, papel de parede ou ilumina\u00e7\u00e3o diferenciada para criar um primeiro impacto positivo logo na chegada.<\/p>\n\n\n\n<hr class=\"wp-block-separator has-alpha-channel-opacity\"\/>\n\n\n\n<h2 id='\ud83e\uddd8-cantinho-de-relaxamento-ou-leitura'  class=\"wp-block-heading\">\ud83e\uddd8 Cantinho de relaxamento ou leitura<\/h2>\n\n\n\n<p>Voc\u00ea n\u00e3o precisa de um c\u00f4modo inteiro para criar um espa\u00e7o s\u00f3 seu. Um cantinho da sala, um espa\u00e7o perto da janela ou at\u00e9 um peda\u00e7o da varanda podem virar uma mini \u00e1rea de descanso. Uma poltrona confort\u00e1vel, uma lumin\u00e1ria suave e uma pequena estante com livros j\u00e1 bastam.<\/p>\n\n\n\n<p>Essa <strong>\u00e1rea de casa<\/strong> pode ser adaptada para medita\u00e7\u00e3o, leitura ou apenas para sentar e tomar um ch\u00e1 em sil\u00eancio. O importante \u00e9 que seja um espa\u00e7o que convida \u00e0 pausa e ao autocuidado.<\/p>\n\n\n\n<h2 id='\ud83c\udfa8-\u00e1rea-de-casa-como-extens\u00e3o-da-personalidade'  class=\"wp-block-heading\">\ud83c\udfa8 \u00c1rea de casa como extens\u00e3o da personalidade<\/h2>\n\n\n\n<p>Sua casa deve refletir quem voc\u00ea \u00e9 \u2014 e isso vale para todas as \u00e1reas, inclusive aquelas menos valorizadas. Um cantinho pode se tornar uma galeria com quadros autorais, um mural com fotos da fam\u00edlia ou um espa\u00e7o com objetos de viagens e lembran\u00e7as especiais. Esses detalhes contam hist\u00f3rias e d\u00e3o alma ao lar.<\/p>\n\n\n\n<p>A personaliza\u00e7\u00e3o da <strong>\u00e1rea de casa<\/strong> tamb\u00e9m traz conforto emocional. Quando voc\u00ea olha ao redor e enxerga mem\u00f3rias, gostos e refer\u00eancias suas, sente-se mais acolhido naquele espa\u00e7o. Isso impacta diretamente no bem-estar e at\u00e9 na produtividade, especialmente se voc\u00ea passa bastante tempo em casa.<\/p>\n\n\n\n<hr class=\"wp-block-separator has-alpha-channel-opacity\"\/>\n\n\n\n<h2 id='\ud83e\udded-toda-\u00e1rea-de-casa-tem-potencial'  class=\"wp-block-heading\">\ud83e\udded Toda \u00e1rea de casa tem potencial<\/h2>\n\n\n\n<p>\u00c0s vezes, o que falta n\u00e3o \u00e9 espa\u00e7o, mas olhar. Ao observar com mais carinho cada canto da sua casa, voc\u00ea descobre possibilidades que antes passavam despercebidas. Seja uma varanda vazia ou um corredor apagado, <strong>toda <a href=\"https:\/\/br.pinterest.com\/vaniaalmeidar\/%C3%A1rea-externa\/\" data-type=\"link\" data-id=\"https:\/\/br.pinterest.com\/vaniaalmeidar\/%C3%A1rea-externa\/\" target=\"_blank\" rel=\"noopener\">\u00e1rea de casa<\/a> pode ganhar vida, fun\u00e7\u00e3o e identidade<\/strong> com pequenas mudan\u00e7as.<\/p>\n\n\n\n<p>E o melhor: n\u00e3o \u00e9 preciso gastar muito. Um m\u00f3vel reaproveitado, uma planta bem colocada ou uma luz diferente j\u00e1 transformam. A casa agradece \u2014 e voc\u00ea tamb\u00e9m.<\/p>\n\n\n\n<p>Transformar qualquer \u00e1rea de casa come\u00e7a com o desejo de viver melhor \u2014 mais conectado com o que faz sentido para voc\u00ea. N\u00e3o existe espa\u00e7o perdido quando existe inten\u00e7\u00e3o. E, na maioria das vezes, \u00e9 nos detalhes que mora o verdadeiro charme do lar.<\/p>\n\n\n\n<p>Voc\u00ea pode ver mais conte\u00fado interessantes <a href=\"https:\/\/1truenote.com\/en\/category\/casa-e-jardim\/\" data-type=\"link\" data-id=\"https:\/\/1truenote.com\/category\/casa-e-jardim\/\">aqui<\/a>.<\/p>\n\n\n\n<figure class=\"wp-block-image aligncenter size-large\"><img data-recalc-dims=\"1\" fetchpriority=\"high\" decoding=\"async\" width=\"1024\" height=\"683\" src=\"https:\/\/i0.wp.com\/1truenote.com\/wp-content\/uploads\/2025\/05\/ChatGPT-Image-22-de-mai.-de-2025-18_15_16.png?resize=1024%2C683&#038;ssl=1\" alt=\"\u00e1rea de casa\" class=\"wp-image-2197\" srcset=\"https:\/\/i0.wp.com\/1truenote.com\/wp-content\/uploads\/2025\/05\/ChatGPT-Image-22-de-mai.-de-2025-18_15_16.png?resize=1024%2C683&amp;ssl=1 1024w, https:\/\/i0.wp.com\/1truenote.com\/wp-content\/uploads\/2025\/05\/ChatGPT-Image-22-de-mai.-de-2025-18_15_16.png?resize=300%2C200&amp;ssl=1 300w, https:\/\/i0.wp.com\/1truenote.com\/wp-content\/uploads\/2025\/05\/ChatGPT-Image-22-de-mai.-de-2025-18_15_16.png?resize=768%2C512&amp;ssl=1 768w, https:\/\/i0.wp.com\/1truenote.com\/wp-content\/uploads\/2025\/05\/ChatGPT-Image-22-de-mai.-de-2025-18_15_16.png?resize=150%2C100&amp;ssl=1 150w, https:\/\/i0.wp.com\/1truenote.com\/wp-content\/uploads\/2025\/05\/ChatGPT-Image-22-de-mai.-de-2025-18_15_16.png?w=1536&amp;ssl=1 1536w\" sizes=\"(max-width: 1024px) 100vw, 1024px\" \/><\/figure>","protected":false},"excerpt":{"rendered":"<p>A \u00e1rea de casa \u00e9 um reflexo direto da nossa rotina e das fases da vida. Mas muitas vezes, algumas&#8230;<\/p>","protected":false},"author":1,"featured_media":2197,"comment_status":"open","ping_status":"open","sticky":false,"template":"","format":"standard","meta":{"_kad_post_transparent":"","_kad_post_title":"","_kad_post_layout":"","_kad_post_sidebar_id":"","_kad_post_content_style":"","_kad_post_vertical_padding":"","_kad_post_feature":"","_kad_post_feature_position":"","_kad_post_header":false,"_kad_post_footer":false,"_kad_post_classname":"","footnotes":"","jetpack_publicize_message":"","jetpack_publicize_feature_enabled":true,"jetpack_social_post_already_shared":true,"jetpack_social_options":{"image_generator_settings":{"template":"highway","enabled":false},"version":2}},"categories":[16],"tags":[13,14,12],"class_list":["post-2196","post","type-post","status-publish","format-standard","has-post-thumbnail","hentry","category-casa-e-jardim","tag-minimalista","tag-interiores-inovadores","tag-projetos-inovadores"],"jetpack_publicize_connections":[],"jetpack_featured_media_url":"https:\/\/i0.wp.com\/1truenote.com\/wp-content\/uploads\/2025\/05\/ChatGPT-Image-22-de-mai.-de-2025-18_15_16.png?fit=1536%2C1024&ssl=1","jetpack_sharing_enabled":true,"_links":{"self":[{"href":"https:\/\/1truenote.com\/en\/wp-json\/wp\/v2\/posts\/2196","targetHints":{"allow":["GET"]}}],"collection":[{"href":"https:\/\/1truenote.com\/en\/wp-json\/wp\/v2\/posts"}],"about":[{"href":"https:\/\/1truenote.com\/en\/wp-json\/wp\/v2\/types\/post"}],"author":[{"embeddable":true,"href":"https:\/\/1truenote.com\/en\/wp-json\/wp\/v2\/users\/1"}],"replies":[{"embeddable":true,"href":"https:\/\/1truenote.com\/en\/wp-json\/wp\/v2\/comments?post=2196"}],"version-history":[{"count":0,"href":"https:\/\/1truenote.com\/en\/wp-json\/wp\/v2\/posts\/2196\/revisions"}],"wp:featuredmedia":[{"embeddable":true,"href":"https:\/\/1truenote.com\/en\/wp-json\/wp\/v2\/media\/2197"}],"wp:attachment":[{"href":"https:\/\/1truenote.com\/en\/wp-json\/wp\/v2\/media?parent=2196"}],"wp:term":[{"taxonomy":"category","embeddable":true,"href":"https:\/\/1truenote.com\/en\/wp-json\/wp\/v2\/categories?post=2196"},{"taxonomy":"post_tag","embeddable":true,"href":"https:\/\/1truenote.com\/en\/wp-json\/wp\/v2\/tags?post=2196"}],"curies":[{"name":"wp","href":"https:\/\/api.w.org\/{rel}","templated":true}]}}