{"id":2120,"date":"2025-05-21T21:43:58","date_gmt":"2025-05-21T18:43:58","guid":{"rendered":"https:\/\/1truenote.com\/?p=2120"},"modified":"2025-05-22T14:55:30","modified_gmt":"2025-05-22T17:55:30","slug":"decoracao-home-office-criativo-dark","status":"publish","type":"post","link":"https:\/\/1truenote.com\/en\/decoracao-home-office-criativo-dark\/","title":{"rendered":"HOME OFFICE 2: Decora\u00e7\u00e3o Home Office. Transforme seu espa\u00e7o de trabalho trazendo conforto e criatividade"},"content":{"rendered":"<p>Decora\u00e7\u00e3o Home Office. Trabalhar em casa exige um ambiente que promova concentra\u00e7\u00e3o e bem-estar. O <strong>Home Office<\/strong> da imagem \u00e9 o exemplo perfeito de como criar um espa\u00e7o altamente funcional, bonito e cheio de personalidade \u2014 mesmo em c\u00f4modos compactos.<\/p>\n\n\n\n<p>Al\u00e9m da est\u00e9tica, um bom home office deve refletir quem voc\u00ea \u00e9, facilitar sua rotina e garantir o conforto necess\u00e1rio para manter a produtividade ao longo do dia. Com escolhas inteligentes e acess\u00edveis, voc\u00ea pode montar um ambiente inspirador, sem precisar de reformas ou grandes investimentos.<\/p>\n\n\n\n<p>Nossa curadoria trouxe os principais elementos que comp\u00f5em esse decorado e como trazer cada detalhe para o seu espa\u00e7o usando produtos dispon\u00edveis na Amazon.<\/p>\n\n\n\n<p>Se voc\u00ea deseja reproduzir essa proposta de decora\u00e7\u00e3o home office no seu ambiente, confira abaixo os m\u00f3veis e acess\u00f3rios semelhantes dispon\u00edveis na Amazon:<\/p>\n\n\n\n<p class=\"has-text-align-center\"><strong>Voc\u00ea pode ver os produtos da imagem do decorado e comprar o produto de sua escolha nos links abaixo Amazon.<\/strong><\/p>\n\n\n\n<hr class=\"wp-block-separator has-alpha-channel-opacity\"\/>\n\n\n\n<p class=\"has-text-align-center\"><strong>DECORADO \u2013 HOME OFFICE<\/strong><\/p>\n\n\n\n<figure class=\"wp-block-image aligncenter size-large\"><img data-recalc-dims=\"1\" fetchpriority=\"high\" decoding=\"async\" width=\"1024\" height=\"1024\" src=\"https:\/\/i0.wp.com\/1truenote.com\/wp-content\/uploads\/2025\/05\/1de3852c-269d-47c5-857d-459fc1ca6980.png?resize=1024%2C1024&#038;ssl=1\" alt=\"decora\u00e7\u00e3o home office 2\" class=\"wp-image-2121\" style=\"object-fit:cover\" srcset=\"https:\/\/i0.wp.com\/1truenote.com\/wp-content\/uploads\/2025\/05\/1de3852c-269d-47c5-857d-459fc1ca6980.png?resize=1024%2C1024&amp;ssl=1 1024w, https:\/\/i0.wp.com\/1truenote.com\/wp-content\/uploads\/2025\/05\/1de3852c-269d-47c5-857d-459fc1ca6980.png?resize=300%2C300&amp;ssl=1 300w, https:\/\/i0.wp.com\/1truenote.com\/wp-content\/uploads\/2025\/05\/1de3852c-269d-47c5-857d-459fc1ca6980.png?resize=150%2C150&amp;ssl=1 150w, https:\/\/i0.wp.com\/1truenote.com\/wp-content\/uploads\/2025\/05\/1de3852c-269d-47c5-857d-459fc1ca6980.png?resize=768%2C768&amp;ssl=1 768w, https:\/\/i0.wp.com\/1truenote.com\/wp-content\/uploads\/2025\/05\/1de3852c-269d-47c5-857d-459fc1ca6980.png?resize=96%2C96&amp;ssl=1 96w, https:\/\/i0.wp.com\/1truenote.com\/wp-content\/uploads\/2025\/05\/1de3852c-269d-47c5-857d-459fc1ca6980.png?w=1536&amp;ssl=1 1536w\" sizes=\"(max-width: 1024px) 100vw, 1024px\" \/><\/figure>\n\n\n\n<hr class=\"wp-block-separator has-alpha-channel-opacity\"\/>\n\n\n\n<h2 id='1-escrivaninha-minimalista-com-estilo-industrial-para-decora\u00e7\u00e3o-home-office'  class=\"wp-block-heading\"><strong>1. Escrivaninha Minimalista com Estilo Industrial para decora\u00e7\u00e3o Home Office<\/strong><\/h2>\n\n\n\n<p>O cora\u00e7\u00e3o do espa\u00e7o \u00e9 a mesa de trabalho em madeira clara com cavaletes met\u00e1licos pretos. Esse estilo industrial se harmoniza perfeitamente com o fundo escuro da parede.<br>Produto <strong>Premium<\/strong>.<br>Produto <strong>Prime<\/strong>.<\/p>\n\n\n    <div class=\"hostinger-affiliate-block-single-type\">\n                    <div class=\"hostinger-affiliate-block-single-type__image\">\n                <a href=\"https:\/\/www.amazon.com.br\/dp\/B0BJMD5VR5?tag=joaopedro047-20\" target=\"_blank\" rel=\"nofollow noopener noreferrer\">\n                    <img decoding=\"async\" src=\"https:\/\/m.media-amazon.com\/images\/I\/715qLMjoAnL.jpg\" alt=\"Escrivaninha Steel 76 cm Estilo Industrial com P\u00e9s em A\u00e7o Cor: Co...\">\n                <\/a>\n            <\/div>\n                    <div class=\"hostinger-affiliate-block-single-type__product-data\">\n            <div class=\"hostinger-affiliate-block-single-type__product-title\">\n                <a href=\"https:\/\/www.amazon.com.br\/dp\/B0BJMD5VR5?tag=joaopedro047-20\" target=\"_blank\" rel=\"nofollow noopener noreferrer\">\n                    <h3 id='escrivaninha-steel-76-cm-estilo-industrial-com-p\u00e9s-em-a\u00e7o-cor-co'>\n                        Escrivaninha Steel 76 cm Estilo Industrial com P\u00e9s em A\u00e7o Cor: Co&#8230;                    <\/h3>\n                <\/a>\n            <\/div>\n                            <div class=\"hostinger-affiliate-block-single-type__product-description\">\n                            <ul>\n                                <li>Size : Tamanho \u00fanico<\/li>\n                                        <li>Is assembly required : True<\/li>\n                                        <li>Item shape : Retangular<\/li>\n                            <\/ul>\n                        <\/div>\n                            <div class=\"hostinger-affiliate-block-single-type__product-actions\">\n                                    <div class=\"hostinger-affiliate-block-single-type__product-price\">\n                        R$234,99                    <\/div>\n                                    <div class=\"hostinger-affiliate-block-single-type__product-button-wrap\">\n                    <a href=\"https:\/\/www.amazon.com.br\/dp\/B0BJMD5VR5?tag=joaopedro047-20\" class=\"hostinger-affiliate-block-single-type__product-amazon-button\" target=\"_blank\" rel=\"nofollow noopener noreferrer\">\n    Buy on Amazon<\/a>\n                <\/div>\n\n            <\/div>\n        <\/div>\n    <\/div>\n    \n\n\n<p>\ud83d\udd17 <a href=\"https:\/\/amzn.to\/3YVfbPq\" data-type=\"link\" data-id=\"https:\/\/amzn.to\/3YVfbPq\" target=\"_blank\" rel=\"noopener\">Escrivaninha Industrial com Cavaletes \u2013 Amazon<\/a> (prime)<\/p>\n\n\n\n<hr class=\"wp-block-separator has-alpha-channel-opacity\"\/>\n\n\n\n<h2 id='2-cadeira-ergon\u00f4mica-com-design-moderno'  class=\"wp-block-heading\"><strong>2. Cadeira Ergon\u00f4mica com Design Moderno<\/strong><\/h2>\n\n\n\n<p>Conforto \u00e9 prioridade. A cadeira ergon\u00f4mica preta com ajuste lombar oferece o suporte necess\u00e1rio para longas horas de produtividade, sem comprometer o visual do ambiente. Modelo branco no link mais abaixo.<br>Produto <strong>Premium<\/strong>.<br>Produto <strong>Prime<\/strong>.<\/p>\n\n\n    <div class=\"hostinger-affiliate-block-single-type\">\n                    <div class=\"hostinger-affiliate-block-single-type__image\">\n                <a href=\"https:\/\/www.amazon.com.br\/dp\/B07C755Q3Z?tag=joaopedro047-20\" target=\"_blank\" rel=\"nofollow noopener noreferrer\">\n                    <img decoding=\"async\" src=\"https:\/\/m.media-amazon.com\/images\/I\/312PJVOBErL.jpg\" alt=\"CADEIRA ESTEIRINHA ALTA CORINO CAFE BASE RODIZIO\">\n                <\/a>\n            <\/div>\n                    <div class=\"hostinger-affiliate-block-single-type__product-data\">\n            <div class=\"hostinger-affiliate-block-single-type__product-title\">\n                <a href=\"https:\/\/www.amazon.com.br\/dp\/B07C755Q3Z?tag=joaopedro047-20\" target=\"_blank\" rel=\"nofollow noopener noreferrer\">\n                    <h3 id='cadeira-esteirinha-alta-corino-cafe-base-rodizio'>\n                        CADEIRA ESTEIRINHA ALTA CORINO CAFE BASE RODIZIO                    <\/h3>\n                <\/a>\n            <\/div>\n                            <div class=\"hostinger-affiliate-block-single-type__product-description\">\n                            <ul>\n                                <li>CADEIRA ESTEIRINHA ALTA CORINO CAFE BASE RODIZIO<\/li>\n                                        <li>Marca: OR DESIGN<\/li>\n                                        <li>Itens inclusos: Kit ferragem e Manual<\/li>\n                            <\/ul>\n                        <\/div>\n                            <div class=\"hostinger-affiliate-block-single-type__product-actions\">\n                                    <div class=\"hostinger-affiliate-block-single-type__product-price\">\n                        R$639,99                    <\/div>\n                                    <div class=\"hostinger-affiliate-block-single-type__product-button-wrap\">\n                    <a href=\"https:\/\/www.amazon.com.br\/dp\/B07C755Q3Z?tag=joaopedro047-20\" class=\"hostinger-affiliate-block-single-type__product-amazon-button\" target=\"_blank\" rel=\"nofollow noopener noreferrer\">\n    Buy on Amazon<\/a>\n                <\/div>\n\n            <\/div>\n        <\/div>\n    <\/div>\n    \n\n\n<p>\ud83d\udd17 <a href=\"https:\/\/amzn.to\/44NBz0U\" data-type=\"link\" data-id=\"https:\/\/amzn.to\/44NBz0U\" target=\"_blank\" rel=\"noopener\">Cadeira de Escrit\u00f3rio Ergon\u00f4mica Branca \u2013 Amazon<\/a> (modelo branco)<\/p>\n\n\n\n<hr class=\"wp-block-separator has-alpha-channel-opacity\"\/>\n\n\n\n<h2 id='3-gaveteiros-laterais-para-organiza\u00e7\u00e3o-total'  class=\"wp-block-heading\"><strong>3. Gaveteiros Laterais para Organiza\u00e7\u00e3o Total<\/strong><\/h2>\n\n\n\n<p>O m\u00f3vel conta com duas gavetas laterais com rod\u00edzios. Esse recurso n\u00e3o apenas otimiza o armazenamento de pap\u00e9is e acess\u00f3rios como tamb\u00e9m deixa a \u00e1rea livre de bagun\u00e7a.<\/p>\n\n\n    <div class=\"hostinger-affiliate-block-single-type\">\n                    <div class=\"hostinger-affiliate-block-single-type__image\">\n                <a href=\"https:\/\/www.amazon.com.br\/dp\/B08FXNLRYK?tag=joaopedro047-20\" target=\"_blank\" rel=\"nofollow noopener noreferrer\">\n                    <img decoding=\"async\" src=\"https:\/\/m.media-amazon.com\/images\/I\/211Hnfd3aLL.jpg\" alt=\"GAV-MULTI-400-UV-PR\">\n                <\/a>\n            <\/div>\n                    <div class=\"hostinger-affiliate-block-single-type__product-data\">\n            <div class=\"hostinger-affiliate-block-single-type__product-title\">\n                <a href=\"https:\/\/www.amazon.com.br\/dp\/B08FXNLRYK?tag=joaopedro047-20\" target=\"_blank\" rel=\"nofollow noopener noreferrer\">\n                    <h3 id='gav-multi-400-uv-pr'>\n                        GAV-MULTI-400-UV-PR                    <\/h3>\n                <\/a>\n            <\/div>\n                            <div class=\"hostinger-affiliate-block-single-type__product-description\">\n                            <ul>\n                                <li>GAVETEIRO MULTIUSO<\/li>\n                                        <li>GAVETEIRO 4 GAVETAS<\/li>\n                                        <li>GAVETEIRO OFFICE<\/li>\n                            <\/ul>\n                        <\/div>\n                            <div class=\"hostinger-affiliate-block-single-type__product-actions\">\n                                    <div class=\"hostinger-affiliate-block-single-type__product-price\">\n                        R$280,73                    <\/div>\n                                    <div class=\"hostinger-affiliate-block-single-type__product-button-wrap\">\n                    <a href=\"https:\/\/www.amazon.com.br\/dp\/B08FXNLRYK?tag=joaopedro047-20\" class=\"hostinger-affiliate-block-single-type__product-amazon-button\" target=\"_blank\" rel=\"nofollow noopener noreferrer\">\n    Buy on Amazon<\/a>\n                <\/div>\n\n            <\/div>\n        <\/div>\n    <\/div>\n    \n\n\n<p>\ud83d\udd17 <a href=\"https:\/\/amzn.to\/4j7lfvf\" data-type=\"link\" data-id=\"https:\/\/amzn.to\/4j7lfvf\" target=\"_blank\" rel=\"noopener\">Gaveteiro com Rod\u00edzios \u2013 Amazon<\/a><\/p>\n\n\n\n<hr class=\"wp-block-separator has-alpha-channel-opacity\"\/>\n\n\n\n<h2 id='4-ilumina\u00e7\u00e3o-direcionada-e-decorativa'  class=\"wp-block-heading\"><strong>4. Ilumina\u00e7\u00e3o Direcionada e Decorativa<\/strong><\/h2>\n\n\n\n<p>A ilumina\u00e7\u00e3o \u00e9 composta por lumin\u00e1rias de mesa tipo articuladas e uma lumin\u00e1ria pendente no canto, todas em preto, mantendo a unidade visual.<br>&#8211; Esse modelo \u00e9 recomendado pela pr\u00f3pria Amazon! #AmazonRecomenda<br>Produto <strong>Premium<\/strong>.<br>Produto <strong>Prime<\/strong>.<br>Produto <strong>Amazon Recomenda<\/strong>.<\/p>\n\n\n    <div class=\"hostinger-affiliate-block-single-type\">\n                    <div class=\"hostinger-affiliate-block-single-type__image\">\n                <a href=\"https:\/\/www.amazon.com.br\/dp\/B07HKRN81J?tag=joaopedro047-20\" target=\"_blank\" rel=\"nofollow noopener noreferrer\">\n                    <img decoding=\"async\" src=\"https:\/\/m.media-amazon.com\/images\/I\/41WfksO7DuL.jpg\" alt=\"Lumin\u00e1ria Articulada De Mesa Abajur Tipo Pixar Com Base E Garra (...\">\n                <\/a>\n            <\/div>\n                    <div class=\"hostinger-affiliate-block-single-type__product-data\">\n            <div class=\"hostinger-affiliate-block-single-type__product-title\">\n                <a href=\"https:\/\/www.amazon.com.br\/dp\/B07HKRN81J?tag=joaopedro047-20\" target=\"_blank\" rel=\"nofollow noopener noreferrer\">\n                    <h3 id='lumin\u00e1ria-articulada-de-mesa-abajur-tipo-pixar-com-base-e-garra'>\n                        Lumin\u00e1ria Articulada De Mesa Abajur Tipo Pixar Com Base E Garra (&#8230;                    <\/h3>\n                <\/a>\n            <\/div>\n                            <div class=\"hostinger-affiliate-block-single-type__product-description\">\n                            <ul>\n                                <li>\u2605 RECUSE IMITA\u00c7\u00d5ES. GARANTA SEU LEG\u00cdTIMO TECHLED \u2605<\/li>\n                                        <li>\u2605\u3010MATERIAL COM QUALIDADE PREMIUM\u3011: Material met\u00e1lico qualificado em todo o corpo e nas articula\u00e7\u00f5es.<\/li>\n                                        <li>\u2605\u3010CORPO FLEX\u00cdVEL E EST\u00c1VEL\u3011: Articula\u00e7\u00f5es em metal que possibilitam ajustes f\u00e1ceis e precisos. Ilumina onde voc\u00ea desejar&#8230;<\/li>\n                            <\/ul>\n                        <\/div>\n                            <div class=\"hostinger-affiliate-block-single-type__product-actions\">\n                                    <div class=\"hostinger-affiliate-block-single-type__product-price\">\n                        R$106,90                    <\/div>\n                                    <div class=\"hostinger-affiliate-block-single-type__product-button-wrap\">\n                    <a href=\"https:\/\/www.amazon.com.br\/dp\/B07HKRN81J?tag=joaopedro047-20\" class=\"hostinger-affiliate-block-single-type__product-amazon-button\" target=\"_blank\" rel=\"nofollow noopener noreferrer\">\n    Buy on Amazon<\/a>\n                <\/div>\n\n            <\/div>\n        <\/div>\n    <\/div>\n    \n\n\n<p>\ud83d\udd17 <a href=\"https:\/\/amzn.to\/3SikHrD\" data-type=\"link\" data-id=\"https:\/\/amzn.to\/3SikHrD\" target=\"_blank\" rel=\"noopener\">Lumin\u00e1ria Articulada de Mesa \u2013 Amazon<\/a> (outro modelo prime)<br>\ud83d\udd17 <a href=\"https:\/\/amzn.to\/4mJh2kL\" data-type=\"link\" data-id=\"https:\/\/amzn.to\/4mJh2kL\" target=\"_blank\" rel=\"noopener\">Pendente Industrial Preto \u2013 Amazon<\/a> (kit com 2)<\/p>\n\n\n\n<hr class=\"wp-block-separator has-alpha-channel-opacity\"\/>\n\n\n\n<h2 id='5-prateleiras-e-elementos-decorativos'  class=\"wp-block-heading\"><strong>5. Prateleiras e Elementos Decorativos<\/strong><\/h2>\n\n\n\n<p>As prateleiras em madeira clara sustentam objetos que traduzem a personalidade do ambiente: plantas, quadros, letras, livros e miniaturas.<br>Produto <strong>Premium<\/strong>.<br>Produto <strong>Prime<\/strong>.<\/p>\n\n\n    <div class=\"hostinger-affiliate-block-single-type\">\n                    <div class=\"hostinger-affiliate-block-single-type__image\">\n                <a href=\"https:\/\/www.amazon.com.br\/dp\/B084C3DBTX?tag=joaopedro047-20\" target=\"_blank\" rel=\"nofollow noopener noreferrer\">\n                    <img decoding=\"async\" src=\"https:\/\/m.media-amazon.com\/images\/I\/41AmKrIMf1S.jpg\" alt=\"KIT 3 Prateleiras Estante 60x20 Madeira Painel Pinus + Suporte In...\">\n                <\/a>\n            <\/div>\n                    <div class=\"hostinger-affiliate-block-single-type__product-data\">\n            <div class=\"hostinger-affiliate-block-single-type__product-title\">\n                <a href=\"https:\/\/www.amazon.com.br\/dp\/B084C3DBTX?tag=joaopedro047-20\" target=\"_blank\" rel=\"nofollow noopener noreferrer\">\n                    <h3 id='kit-3-prateleiras-estante-60\u00d720-madeira-painel-pinus-+-suporte-in'>\n                        KIT 3 Prateleiras Estante 60&#215;20 Madeira Painel Pinus + Suporte In&#8230;                    <\/h3>\n                <\/a>\n            <\/div>\n                            <div class=\"hostinger-affiliate-block-single-type__product-description\">\n                            <ul>\n                                <li>Madeira Natural Maci\u00e7a Ecologicamente Correta<\/li>\n                                        <li>Excelente Custo-Benef\u00edcio<\/li>\n                                        <li>Fixa\u00e7\u00e3o N\u00e3o Aparente<\/li>\n                            <\/ul>\n                        <\/div>\n                            <div class=\"hostinger-affiliate-block-single-type__product-actions\">\n                                    <div class=\"hostinger-affiliate-block-single-type__product-price\">\n                        R$81,90                    <\/div>\n                                    <div class=\"hostinger-affiliate-block-single-type__product-button-wrap\">\n                    <a href=\"https:\/\/www.amazon.com.br\/dp\/B084C3DBTX?tag=joaopedro047-20\" class=\"hostinger-affiliate-block-single-type__product-amazon-button\" target=\"_blank\" rel=\"nofollow noopener noreferrer\">\n    Buy on Amazon<\/a>\n                <\/div>\n\n            <\/div>\n        <\/div>\n    <\/div>\n    \n\n\n<p>\ud83d\udd17 <a href=\"https:\/\/amzn.to\/44NbPBR\" data-type=\"link\" data-id=\"https:\/\/amzn.to\/44NbPBR\" target=\"_blank\" rel=\"noopener\">Kit de Prateleiras de Parede \u2013 Amazon<\/a> (prime)<\/p>\n\n\n    <div class=\"hostinger-affiliate-block-single-type\">\n                    <div class=\"hostinger-affiliate-block-single-type__image\">\n                <a href=\"https:\/\/www.amazon.com.br\/dp\/B0CP8JRZGV?tag=joaopedro047-20\" target=\"_blank\" rel=\"nofollow noopener noreferrer\">\n                    <img decoding=\"async\" src=\"https:\/\/m.media-amazon.com\/images\/I\/418KLf4LRoL.jpg\" alt=\"Kit 3 Quadros Arte Minimalista Riscos Forma Org\u00e2nica Moderno Deco...\">\n                <\/a>\n            <\/div>\n                    <div class=\"hostinger-affiliate-block-single-type__product-data\">\n            <div class=\"hostinger-affiliate-block-single-type__product-title\">\n                <a href=\"https:\/\/www.amazon.com.br\/dp\/B0CP8JRZGV?tag=joaopedro047-20\" target=\"_blank\" rel=\"nofollow noopener noreferrer\">\n                    <h3 id='kit-3-quadros-arte-minimalista-riscos-forma-org\u00e2nica-moderno-deco'>\n                        Kit 3 Quadros Arte Minimalista Riscos Forma Org\u00e2nica Moderno Deco&#8230;                    <\/h3>\n                <\/a>\n            <\/div>\n                            <div class=\"hostinger-affiliate-block-single-type__product-description\">\n                            <ul>\n                                <li>Os quadros s\u00e3o elementos decorativos e ajudam a tornar um ambiente visivelmente confort\u00e1vel e marcam a identidade do loc&#8230;<\/li>\n                            <\/ul>\n                        <\/div>\n                            <div class=\"hostinger-affiliate-block-single-type__product-actions\">\n                                    <div class=\"hostinger-affiliate-block-single-type__product-price\">\n                        R$149,99                    <\/div>\n                                    <div class=\"hostinger-affiliate-block-single-type__product-button-wrap\">\n                    <a href=\"https:\/\/www.amazon.com.br\/dp\/B0CP8JRZGV?tag=joaopedro047-20\" class=\"hostinger-affiliate-block-single-type__product-amazon-button\" target=\"_blank\" rel=\"nofollow noopener noreferrer\">\n    Buy on Amazon<\/a>\n                <\/div>\n\n            <\/div>\n        <\/div>\n    <\/div>\n    \n\n\n<p>\ud83d\udd17 <a href=\"https:\/\/amzn.to\/4mqjJHF\" data-type=\"link\" data-id=\"https:\/\/amzn.to\/4mqjJHF\" target=\"_blank\" rel=\"noopener\">Quadros Decorativos Minimalistas \u2013 Amazon<\/a> (Esse produto \u00e9 recomendado pela pr\u00f3pria Amazon! #AmazonRecomenda)<\/p>\n\n\n\n<hr class=\"wp-block-separator has-alpha-channel-opacity\"\/>\n\n\n\n<h2 id='6-plantas-e-texturas-naturais'  class=\"wp-block-heading\"><strong>6. Plantas e Texturas Naturais<\/strong><\/h2>\n\n\n\n<p>Plantas grandes e pequenas espalhadas pelo home office trazem vida ao ambiente. Os vasos em cer\u00e2mica e cestos de palha equilibram o uso do preto e madeira.<br>Produto <strong>Premium<\/strong>.<br>Produto <strong>Prime<\/strong>.<\/p>\n\n\n    <div class=\"hostinger-affiliate-block-single-type\">\n                    <div class=\"hostinger-affiliate-block-single-type__image\">\n                <a href=\"https:\/\/www.amazon.com.br\/dp\/B09VTJQ4JK?tag=joaopedro047-20\" target=\"_blank\" rel=\"nofollow noopener noreferrer\">\n                    <img decoding=\"async\" src=\"https:\/\/m.media-amazon.com\/images\/I\/31lxoY-gCgL.jpg\" alt=\"3 Vasos Cachepot Suculenta Ervas Flor Decora Mesh Mini Pp58\">\n                <\/a>\n            <\/div>\n                    <div class=\"hostinger-affiliate-block-single-type__product-data\">\n            <div class=\"hostinger-affiliate-block-single-type__product-title\">\n                <a href=\"https:\/\/www.amazon.com.br\/dp\/B09VTJQ4JK?tag=joaopedro047-20\" target=\"_blank\" rel=\"nofollow noopener noreferrer\">\n                    <h3 id='3-vasos-cachepot-suculenta-ervas-flor-decora-mesh-mini-pp58'>\n                        3 Vasos Cachepot Suculenta Ervas Flor Decora Mesh Mini Pp58                    <\/h3>\n                <\/a>\n            <\/div>\n                            <div class=\"hostinger-affiliate-block-single-type__product-description\">\n                            <ul>\n                                <li>Vaso Design Decora\u00e7\u00e3o (N\u00e3o acompanha as plantas)<\/li>\n                                        <li>Design Moderno<\/li>\n                                        <li>Decora\u00e7\u00e3o para casa e escrit\u00f3rio<\/li>\n                            <\/ul>\n                        <\/div>\n                            <div class=\"hostinger-affiliate-block-single-type__product-actions\">\n                                    <div class=\"hostinger-affiliate-block-single-type__product-price\">\n                        R$45,90                    <\/div>\n                                    <div class=\"hostinger-affiliate-block-single-type__product-button-wrap\">\n                    <a href=\"https:\/\/www.amazon.com.br\/dp\/B09VTJQ4JK?tag=joaopedro047-20\" class=\"hostinger-affiliate-block-single-type__product-amazon-button\" target=\"_blank\" rel=\"nofollow noopener noreferrer\">\n    Buy on Amazon<\/a>\n                <\/div>\n\n            <\/div>\n        <\/div>\n    <\/div>\n    \n\n\n<p>\ud83d\udd17 <a href=\"https:\/\/amzn.to\/3ZqBhcG\" data-type=\"link\" data-id=\"https:\/\/amzn.to\/3ZqBhcG\" target=\"_blank\" rel=\"noopener\">Kit de Plantas Artificiais com Vaso \u2013 Amazon<\/a> (salve o cupom 10%: SCULPY10)<\/p>\n\n\n    <div class=\"hostinger-affiliate-block-single-type\">\n                    <div class=\"hostinger-affiliate-block-single-type__image\">\n                <a href=\"https:\/\/www.amazon.com.br\/dp\/B0DSJKVNQD?tag=joaopedro047-20\" target=\"_blank\" rel=\"nofollow noopener noreferrer\">\n                    <img decoding=\"async\" src=\"https:\/\/m.media-amazon.com\/images\/I\/51jNkI02OXL.jpg\" alt=\"Fotya Cesto Decorativo para Sala, Sirve para Guardar y Decorar Ce...\">\n                <\/a>\n            <\/div>\n                    <div class=\"hostinger-affiliate-block-single-type__product-data\">\n            <div class=\"hostinger-affiliate-block-single-type__product-title\">\n                <a href=\"https:\/\/www.amazon.com.br\/dp\/B0DSJKVNQD?tag=joaopedro047-20\" target=\"_blank\" rel=\"nofollow noopener noreferrer\">\n                    <h3 id='fotya-cesto-decorativo-para-sala-sirve-para-guardar-y-decorar-ce'>\n                        Fotya Cesto Decorativo para Sala, Sirve para Guardar y Decorar Ce&#8230;                    <\/h3>\n                <\/a>\n            <\/div>\n                            <div class=\"hostinger-affiliate-block-single-type__product-description\">\n                            <ul>\n                                <li>TECIDO \u00c0 M\u00c3O: Essa cesta \u00e9 tecida \u00e0 m\u00e3o com materiais naturais de alta qualidade, portanto, tem uma apar\u00eancia exclusiva &#8230;<\/li>\n                                        <li>ARMAZENAMENTO DOBR\u00c1VEL: Essa cesta \u00e9 dobr\u00e1vel e pode ser dobrada no meio para ser usada como vaso de plantas. Pode ser u&#8230;<\/li>\n                                        <li>AL\u00c7AS CONFORT\u00c1VEIS: Al\u00e7as grandes em forma de la\u00e7o est\u00e3o integradas em ambos os lados da cesta para facilitar o transpor&#8230;<\/li>\n                            <\/ul>\n                        <\/div>\n                            <div class=\"hostinger-affiliate-block-single-type__product-actions\">\n                                <div class=\"hostinger-affiliate-block-single-type__product-button-wrap\">\n                    <a href=\"https:\/\/www.amazon.com.br\/dp\/B0DSJKVNQD?tag=joaopedro047-20\" class=\"hostinger-affiliate-block-single-type__product-amazon-button\" target=\"_blank\" rel=\"nofollow noopener noreferrer\">\n    Buy on Amazon<\/a>\n                <\/div>\n\n            <\/div>\n        <\/div>\n    <\/div>\n    \n\n\n<p>\ud83d\udd17 <a href=\"https:\/\/amzn.to\/4kyMrV5\" data-type=\"link\" data-id=\"https:\/\/amzn.to\/4kyMrV5\" target=\"_blank\" rel=\"noopener\">Cesto de Palha Decorativo \u2013 Amazon<\/a> (prime)<\/p>\n\n\n\n<hr class=\"wp-block-separator has-alpha-channel-opacity\"\/>\n\n\n\n<h2 id='decora\u00e7\u00e3o-home-office-estilo-que-inspira-e-funciona'  class=\"wp-block-heading\"><strong>Decora\u00e7\u00e3o Home Office: Estilo que Inspira e Funciona<\/strong><\/h2>\n\n\n\n<p>Este estilo de decora\u00e7\u00e3o home office \u00e9 um exemplo de como design e produtividade andam juntos. Combinando materiais como madeira, metal, tecidos naturais e verde, o espa\u00e7o n\u00e3o apenas encanta visualmente, mas tamb\u00e9m oferece conforto, organiza\u00e7\u00e3o e foco.<\/p>\n\n\n\n<p>Trabalhar em casa exige um ambiente que promova concentra\u00e7\u00e3o e bem-estar. O home office da imagem acima \u00e9 o exemplo perfeito de como criar um espa\u00e7o altamente funcional, bonito e cheio de personalidade \u2014 mesmo em c\u00f4modos compactos.<\/p>\n\n\n\n<p>Com pequenas mudan\u00e7as e os itens certos para a decora\u00e7\u00e3o home office, qualquer canto pode se transformar em um ambiente de trabalho acolhedor e eficiente. O segredo est\u00e1 na escolha dos elementos que unem beleza e praticidade, criando um espa\u00e7o que realmente funciona para o seu dia a dia.<\/p>\n\n\n\n<p><strong>Voc\u00ea pode montar um espa\u00e7o como esse com poucos cliques. Explore os produtos indicados e transforme seu escrit\u00f3rio em um ambiente de inspira\u00e7\u00e3o di\u00e1ria.<\/strong><\/p>\n\n\n\n<p>O que achou desse novo decorado e decora\u00e7\u00e3o home office!? Curtiu? Voc\u00ea pode ver mais op\u00e7\u00f5es clicando <a href=\"https:\/\/1truenote.com\/en\/category\/e-commerce\/\" data-type=\"link\" data-id=\"https:\/\/1truenote.com\/category\/e-commerce\/\">aqui<\/a>.<\/p>","protected":false},"excerpt":{"rendered":"<p>Decora\u00e7\u00e3o Home Office. Trabalhar em casa exige um ambiente que promova concentra\u00e7\u00e3o e bem-estar. O Home Office da imagem \u00e9&#8230;<\/p>","protected":false},"author":1,"featured_media":2121,"comment_status":"open","ping_status":"open","sticky":false,"template":"","format":"standard","meta":{"_kad_post_transparent":"","_kad_post_title":"","_kad_post_layout":"","_kad_post_sidebar_id":"","_kad_post_content_style":"","_kad_post_vertical_padding":"","_kad_post_feature":"","_kad_post_feature_position":"","_kad_post_header":false,"_kad_post_footer":false,"_kad_post_classname":"","footnotes":"","jetpack_publicize_message":"","jetpack_publicize_feature_enabled":true,"jetpack_social_post_already_shared":false,"jetpack_social_options":{"image_generator_settings":{"template":"highway","enabled":false},"version":2}},"categories":[10],"tags":[32],"class_list":["post-2120","post","type-post","status-publish","format-standard","has-post-thumbnail","hentry","category-e-commerce","tag-decorados"],"jetpack_publicize_connections":[],"jetpack_featured_media_url":"https:\/\/i0.wp.com\/1truenote.com\/wp-content\/uploads\/2025\/05\/1de3852c-269d-47c5-857d-459fc1ca6980.png?fit=1536%2C1536&ssl=1","jetpack_sharing_enabled":true,"_links":{"self":[{"href":"https:\/\/1truenote.com\/en\/wp-json\/wp\/v2\/posts\/2120","targetHints":{"allow":["GET"]}}],"collection":[{"href":"https:\/\/1truenote.com\/en\/wp-json\/wp\/v2\/posts"}],"about":[{"href":"https:\/\/1truenote.com\/en\/wp-json\/wp\/v2\/types\/post"}],"author":[{"embeddable":true,"href":"https:\/\/1truenote.com\/en\/wp-json\/wp\/v2\/users\/1"}],"replies":[{"embeddable":true,"href":"https:\/\/1truenote.com\/en\/wp-json\/wp\/v2\/comments?post=2120"}],"version-history":[{"count":0,"href":"https:\/\/1truenote.com\/en\/wp-json\/wp\/v2\/posts\/2120\/revisions"}],"wp:featuredmedia":[{"embeddable":true,"href":"https:\/\/1truenote.com\/en\/wp-json\/wp\/v2\/media\/2121"}],"wp:attachment":[{"href":"https:\/\/1truenote.com\/en\/wp-json\/wp\/v2\/media?parent=2120"}],"wp:term":[{"taxonomy":"category","embeddable":true,"href":"https:\/\/1truenote.com\/en\/wp-json\/wp\/v2\/categories?post=2120"},{"taxonomy":"post_tag","embeddable":true,"href":"https:\/\/1truenote.com\/en\/wp-json\/wp\/v2\/tags?post=2120"}],"curies":[{"name":"wp","href":"https:\/\/api.w.org\/{rel}","templated":true}]}}