{"id":2117,"date":"2025-05-21T20:38:20","date_gmt":"2025-05-21T17:38:20","guid":{"rendered":"https:\/\/1truenote.com\/?p=2117"},"modified":"2025-05-21T20:38:24","modified_gmt":"2025-05-21T17:38:24","slug":"home-office-moderno","status":"publish","type":"post","link":"https:\/\/1truenote.com\/en\/home-office-moderno\/","title":{"rendered":"HOME OFFICE: Crie o Home Office moderno dos seus sonhos"},"content":{"rendered":"<p>Transformar um cantinho da sua casa em um <strong>Home Office<\/strong> moderno pode ser a chave para aumentar a produtividade e criar um ambiente convidativo e funcional.<\/p>\n\n\n\n<p>Aqui, voc\u00ea encontrar\u00e1 inspira\u00e7\u00f5es e sugest\u00f5es de produtos para montar seu pr\u00f3prio escrit\u00f3rio em casa com estilo e efici\u00eancia de acordo com nossa curadoria.<\/p>\n\n\n\n<p>Se voc\u00ea deseja reproduzir essa proposta no seu home office, confira abaixo os m\u00f3veis e acess\u00f3rios semelhantes dispon\u00edveis na Amazon:<\/p>\n\n\n\n<p class=\"has-text-align-center\"><strong>Voc\u00ea pode ver os produtos da imagem do decorado e comprar o produto de sua escolha nos links abaixo Amazon.<\/strong><\/p>\n\n\n\n<hr class=\"wp-block-separator has-alpha-channel-opacity\"\/>\n\n\n\n<p class=\"has-text-align-center\"><strong>DECORADO \u2013 HOME OFFICE<\/strong><\/p>\n\n\n\n<figure class=\"wp-block-image size-large\"><img data-recalc-dims=\"1\" fetchpriority=\"high\" decoding=\"async\" width=\"1024\" height=\"683\" src=\"https:\/\/i0.wp.com\/1truenote.com\/wp-content\/uploads\/2025\/05\/ChatGPT-Image-21-de-mai.-de-2025-14_16_27.png?resize=1024%2C683&#038;ssl=1\" alt=\"home office\" class=\"wp-image-2118\" srcset=\"https:\/\/i0.wp.com\/1truenote.com\/wp-content\/uploads\/2025\/05\/ChatGPT-Image-21-de-mai.-de-2025-14_16_27.png?resize=1024%2C683&amp;ssl=1 1024w, https:\/\/i0.wp.com\/1truenote.com\/wp-content\/uploads\/2025\/05\/ChatGPT-Image-21-de-mai.-de-2025-14_16_27.png?resize=300%2C200&amp;ssl=1 300w, https:\/\/i0.wp.com\/1truenote.com\/wp-content\/uploads\/2025\/05\/ChatGPT-Image-21-de-mai.-de-2025-14_16_27.png?resize=768%2C512&amp;ssl=1 768w, https:\/\/i0.wp.com\/1truenote.com\/wp-content\/uploads\/2025\/05\/ChatGPT-Image-21-de-mai.-de-2025-14_16_27.png?resize=150%2C100&amp;ssl=1 150w, https:\/\/i0.wp.com\/1truenote.com\/wp-content\/uploads\/2025\/05\/ChatGPT-Image-21-de-mai.-de-2025-14_16_27.png?w=1536&amp;ssl=1 1536w\" sizes=\"(max-width: 1024px) 100vw, 1024px\" \/><\/figure>\n\n\n\n<hr class=\"wp-block-separator has-alpha-channel-opacity\"\/>\n\n\n\n<h2 id='conceito-e-estilo-moderno-de-home-office'  class=\"wp-block-heading\">Conceito e Estilo Moderno de Home Office<\/h2>\n\n\n\n<p>O estilo moderno no Home Office se caracteriza por linhas limpas, simplicidade, e uma paleta de cores neutras com toques de tom met\u00e1lico. Ele \u00e9 funcional e esteticamente agrad\u00e1vel, focando na integra\u00e7\u00e3o de tecnologia e conforto.<\/p>\n\n\n\n<h2 id='elementos-essenciais-do-home-office-moderno'  class=\"wp-block-heading\">Elementos Essenciais do Home Office Moderno<\/h2>\n\n\n\n<p>Para criar um Home Office moderno, alguns elementos s\u00e3o essenciais:<\/p>\n\n\n\n<h3 id='mesa-minimalista'  class=\"wp-block-heading\"><strong>Mesa Minimalista:<\/strong><\/h3>\n\n\n    <div class=\"hostinger-affiliate-block-single-type\">\n                    <div class=\"hostinger-affiliate-block-single-type__image\">\n                <a href=\"https:\/\/www.amazon.com.br\/dp\/B089Y5NKDR?tag=joaopedro047-20\" target=\"_blank\" rel=\"nofollow noopener noreferrer\">\n                    <img decoding=\"async\" src=\"https:\/\/m.media-amazon.com\/images\/I\/51l9um0m-qL.jpg\" alt=\"Mesa para Escrit\u00f3rio Office Estilo Industrial 1,35m, Compace, Kua...\">\n                <\/a>\n            <\/div>\n                    <div class=\"hostinger-affiliate-block-single-type__product-data\">\n            <div class=\"hostinger-affiliate-block-single-type__product-title\">\n                <a href=\"https:\/\/www.amazon.com.br\/dp\/B089Y5NKDR?tag=joaopedro047-20\" target=\"_blank\" rel=\"nofollow noopener noreferrer\">\n                    <h3 id='mesa-para-escrit\u00f3rio-office-estilo-industrial-1-35m-compace-kua'>\n                        Mesa para Escrit\u00f3rio Office Estilo Industrial 1,35m, Compace, Kua&#8230;                    <\/h3>\n                <\/a>\n            <\/div>\n                            <div class=\"hostinger-affiliate-block-single-type__product-description\">\n                            <ul>\n                                <li>Mesa Kuadra Office 135X60X75cm Amadeirado \/ Est.Preta<\/li>\n                                        <li>Marca: Compace<\/li>\n                            <\/ul>\n                        <\/div>\n                            <div class=\"hostinger-affiliate-block-single-type__product-actions\">\n                                    <div class=\"hostinger-affiliate-block-single-type__product-price\">\n                        R$245,90                    <\/div>\n                                    <div class=\"hostinger-affiliate-block-single-type__product-button-wrap\">\n                    <a href=\"https:\/\/www.amazon.com.br\/dp\/B089Y5NKDR?tag=joaopedro047-20\" class=\"hostinger-affiliate-block-single-type__product-amazon-button\" target=\"_blank\" rel=\"nofollow noopener noreferrer\">\n    Buy on Amazon<\/a>\n                <\/div>\n\n            <\/div>\n        <\/div>\n    <\/div>\n    \n\n\n<ul class=\"wp-block-list\">\n<li>Opte por uma mesa com linhas suaves e pouco volume. Um modelo de madeira clara ou com acabamento em metal acrescenta aquele toque de modernidade.<br>&#8211; Esse modelo \u00e9 recomendado pela pr\u00f3pria Amazon! #AmazonRecomenda<br>Produto <strong>Premium<\/strong>.<br>Produto <strong>Prime<\/strong>.<br>Produto <strong>Amazon Recomenda<\/strong>.<\/li>\n\n\n\n<li><a href=\"https:\/\/amzn.to\/4dsZ2GY\" target=\"_blank\" data-type=\"link\" data-id=\"https:\/\/amzn.to\/4dsZ2GY\" rel=\"noreferrer noopener\">Link para Mesa Similar na Amazon<\/a><\/li>\n<\/ul>\n\n\n\n<h3 id='cadeira-ergon\u00f4mica'  class=\"wp-block-heading\"><strong>Cadeira Ergon\u00f4mica:<\/strong><\/h3>\n\n\n    <div class=\"hostinger-affiliate-block-single-type\">\n                    <div class=\"hostinger-affiliate-block-single-type__image\">\n                <a href=\"https:\/\/www.amazon.com.br\/dp\/B0CG8J3N2H?tag=joaopedro047-20\" target=\"_blank\" rel=\"nofollow noopener noreferrer\">\n                    <img decoding=\"async\" src=\"https:\/\/m.media-amazon.com\/images\/I\/41BmYLYgvcL.jpg\" alt=\"Cadeira de escrit\u00f3rio, design ergon\u00f4mico com suporte lombar indep...\">\n                <\/a>\n            <\/div>\n                    <div class=\"hostinger-affiliate-block-single-type__product-data\">\n            <div class=\"hostinger-affiliate-block-single-type__product-title\">\n                <a href=\"https:\/\/www.amazon.com.br\/dp\/B0CG8J3N2H?tag=joaopedro047-20\" target=\"_blank\" rel=\"nofollow noopener noreferrer\">\n                    <h3 id='cadeira-de-escrit\u00f3rio-design-ergon\u00f4mico-com-suporte-lombar-indep'>\n                        Cadeira de escrit\u00f3rio, design ergon\u00f4mico com suporte lombar indep&#8230;                    <\/h3>\n                <\/a>\n            <\/div>\n                            <div class=\"hostinger-affiliate-block-single-type__product-description\">\n                            <ul>\n                                <li>\ud83d\udda8\ufe0f\u3010Cadeira de escrit\u00f3rio ergon\u00f4mica\u3011O encosto tem suporte suas costas para melhorar a postura da coluna vertebral. Forne&#8230;<\/li>\n                                        <li>\ud83d\udda8\ufe0f\u3010Confort\u00e1vel e respir\u00e1vel\u3011Nossa cadeira tem uma malha feita de tecido respir\u00e1vel com alta elasticidade e que resiste \u00e0&#8230;<\/li>\n                                        <li>\ud83d\udda8\ufe0f\u3010Apoios de bra\u00e7os 90\u00b0\u3011 Dobre os bra\u00e7os para cima ou para baixo conforme necess\u00e1rio, os apoios de bra\u00e7os acolchoados al&#8230;<\/li>\n                            <\/ul>\n                        <\/div>\n                            <div class=\"hostinger-affiliate-block-single-type__product-actions\">\n                                    <div class=\"hostinger-affiliate-block-single-type__product-price\">\n                        R$578,00                    <\/div>\n                                    <div class=\"hostinger-affiliate-block-single-type__product-button-wrap\">\n                    <a href=\"https:\/\/www.amazon.com.br\/dp\/B0CG8J3N2H?tag=joaopedro047-20\" class=\"hostinger-affiliate-block-single-type__product-amazon-button\" target=\"_blank\" rel=\"nofollow noopener noreferrer\">\n    Buy on Amazon<\/a>\n                <\/div>\n\n            <\/div>\n        <\/div>\n    <\/div>\n    \n\n\n<ul class=\"wp-block-list\">\n<li>Invista em uma cadeira ergon\u00f4mica com ajuste de altura e apoio lombar para garantir conforto durante as horas de trabalho.<br>Produto <strong>Premium<\/strong>.<br>Produto <strong>Prime<\/strong>.<\/li>\n\n\n\n<li><a href=\"https:\/\/amzn.to\/4ksvviN\" target=\"_blank\" data-type=\"link\" data-id=\"https:\/\/amzn.to\/4ksvviN\" rel=\"noreferrer noopener\">Link para Cadeira Similar na Amazon<\/a><\/li>\n<\/ul>\n\n\n\n<h3 id='ilumina\u00e7\u00e3o-adequada'  class=\"wp-block-heading\"><strong>Ilumina\u00e7\u00e3o Adequada:<\/strong><\/h3>\n\n\n    <div class=\"hostinger-affiliate-block-single-type\">\n                    <div class=\"hostinger-affiliate-block-single-type__image\">\n                <a href=\"https:\/\/www.amazon.com.br\/dp\/B0C1KWXNQS?tag=joaopedro047-20\" target=\"_blank\" rel=\"nofollow noopener noreferrer\">\n                    <img decoding=\"async\" src=\"https:\/\/m.media-amazon.com\/images\/I\/41tfXNuO2oL.jpg\" alt=\"Candeeiro de pano c\u00fapula l\u00e2mpada redonda pequena l\u00e2mpada de tambo...\">\n                <\/a>\n            <\/div>\n                    <div class=\"hostinger-affiliate-block-single-type__product-data\">\n            <div class=\"hostinger-affiliate-block-single-type__product-title\">\n                <a href=\"https:\/\/www.amazon.com.br\/dp\/B0C1KWXNQS?tag=joaopedro047-20\" target=\"_blank\" rel=\"nofollow noopener noreferrer\">\n                    <h3 id='candeeiro-de-pano-c\u00fapula-l\u00e2mpada-redonda-pequena-l\u00e2mpada-de-tambo'>\n                        Candeeiro de pano c\u00fapula l\u00e2mpada redonda pequena l\u00e2mpada de tambo&#8230;                    <\/h3>\n                <\/a>\n            <\/div>\n                            <div class=\"hostinger-affiliate-block-single-type__product-description\">\n                            <ul>\n                                <li>Prote\u00e7\u00e3o para os olhos e bonito: o abajur de pano pode tornar a luz transmitida pela l\u00e2mpada mais suave e confort\u00e1vel, e&#8230;<\/li>\n                                        <li>Material: O abajur \u00e9 feito de tecido de linho natural e tem uma estrutura de metal forte, proporcionando boa estabilidad&#8230;<\/li>\n                                        <li>Dimens\u00e3o do abajur: o tamanho deste abajur \u00e9 20 x 20 x 18 cm. \u00c9 pequeno e adequado para luzes de leitura, luzes de cabec&#8230;<\/li>\n                            <\/ul>\n                        <\/div>\n                            <div class=\"hostinger-affiliate-block-single-type__product-actions\">\n                                    <div class=\"hostinger-affiliate-block-single-type__product-price\">\n                        R$176,64                    <\/div>\n                                    <div class=\"hostinger-affiliate-block-single-type__product-button-wrap\">\n                    <a href=\"https:\/\/www.amazon.com.br\/dp\/B0C1KWXNQS?tag=joaopedro047-20\" class=\"hostinger-affiliate-block-single-type__product-amazon-button\" target=\"_blank\" rel=\"nofollow noopener noreferrer\">\n    Buy on Amazon<\/a>\n                <\/div>\n\n            <\/div>\n        <\/div>\n    <\/div>\n    \n\n\n<ul class=\"wp-block-list\">\n<li>Uma lumin\u00e1ria de mesa em LED n\u00e3o s\u00f3 economiza energia mas oferece uma luz dirigida, perfeita para tarefas.<br>Produto <strong>Premium<\/strong>.<br>Produto <strong>Prime<\/strong>.<\/li>\n\n\n\n<li><a href=\"https:\/\/amzn.to\/4k6xUQF\" data-type=\"link\" data-id=\"https:\/\/amzn.to\/4k6xUQF\" target=\"_blank\" rel=\"noopener\">Link para Lumin\u00e1ria Similar na Amazon<\/a><\/li>\n<\/ul>\n\n\n\n<h3 id='prateleiras-funcionais'  class=\"wp-block-heading\"><strong>Prateleiras Funcionais:<\/strong><\/h3>\n\n\n    <div class=\"hostinger-affiliate-block-single-type\">\n                    <div class=\"hostinger-affiliate-block-single-type__image\">\n                <a href=\"https:\/\/www.amazon.com.br\/dp\/B0D8R1TNPX?tag=joaopedro047-20\" target=\"_blank\" rel=\"nofollow noopener noreferrer\">\n                    <img decoding=\"async\" src=\"https:\/\/m.media-amazon.com\/images\/I\/41pGhv3a0-L.jpg\" alt=\"JE HOME Estante Industrial de Madeira MDP com 5 Prateleiras Estil...\">\n                <\/a>\n            <\/div>\n                    <div class=\"hostinger-affiliate-block-single-type__product-data\">\n            <div class=\"hostinger-affiliate-block-single-type__product-title\">\n                <a href=\"https:\/\/www.amazon.com.br\/dp\/B0D8R1TNPX?tag=joaopedro047-20\" target=\"_blank\" rel=\"nofollow noopener noreferrer\">\n                    <h3 id='je-home-estante-industrial-de-madeira-mdp-com-5-prateleiras-estil'>\n                        JE HOME Estante Industrial de Madeira MDP com 5 Prateleiras Estil&#8230;                    <\/h3>\n                <\/a>\n            <\/div>\n                            <div class=\"hostinger-affiliate-block-single-type__product-description\">\n                            <ul>\n                                <li>Liso N\u00e3o cont\u00e9m partes em A\u00e7o. Todo em MDP. Adquirir somente 1 unidade por compra.<\/li>\n                            <\/ul>\n                        <\/div>\n                            <div class=\"hostinger-affiliate-block-single-type__product-actions\">\n                                    <div class=\"hostinger-affiliate-block-single-type__product-price\">\n                        R$219,90                    <\/div>\n                                    <div class=\"hostinger-affiliate-block-single-type__product-button-wrap\">\n                    <a href=\"https:\/\/www.amazon.com.br\/dp\/B0D8R1TNPX?tag=joaopedro047-20\" class=\"hostinger-affiliate-block-single-type__product-amazon-button\" target=\"_blank\" rel=\"nofollow noopener noreferrer\">\n    Buy on Amazon<\/a>\n                <\/div>\n\n            <\/div>\n        <\/div>\n    <\/div>\n    \n\n\n<ul class=\"wp-block-list\">\n<li>Estantes abertas ou prateleiras flutuantes otimizam o espa\u00e7o e permitem organizar livros e materiais de forma acess\u00edvel.<br>Produto <strong>Premium<\/strong>.<\/li>\n\n\n\n<li><a href=\"https:\/\/amzn.to\/3Zu8ns5\" target=\"_blank\" data-type=\"link\" data-id=\"https:\/\/amzn.to\/3Zu8ns5\" rel=\"noreferrer noopener\">Link para Prateleiras Similares na Amazon<\/a><\/li>\n<\/ul>\n\n\n\n<ol class=\"wp-block-list\">\n<li><strong>Tecnologia Integrada:<\/strong><\/li>\n<\/ol>\n\n\n\n<ul class=\"wp-block-list\">\n<li>Um assistente pessoal, como Alexa, pode ser fundamental para manter a rotina e agenda em dia.<br>&#8211; Esse modelo \u00e9 recomendado pela pr\u00f3pria Amazon! #AmazonRecomenda<br>Produto <strong>Premium<\/strong>.<br>Produto <strong>Prime<\/strong>.<br>Produto <strong>Amazon Recomenda<\/strong>.<\/li>\n\n\n\n<li><a href=\"https:\/\/amzn.to\/4jbjopi\" target=\"_blank\" data-type=\"link\" data-id=\"https:\/\/amzn.to\/4jbjopi\" rel=\"noreferrer noopener\">Link Oficial para Alexa na Amazon<\/a><\/li>\n<\/ul>\n\n\n\n<h2 id='detalhes-decorativos'  class=\"wp-block-heading\">Detalhes Decorativos<\/h2>\n\n\n\n<p>N\u00e3o esque\u00e7a de adicionar um toque pessoal ao seu home office para deixar o ambiente mais acolhedor:<\/p>\n\n\n\n<ul class=\"wp-block-list\">\n<li><strong><a href=\"https:\/\/amzn.to\/3YQXPDm\" data-type=\"link\" data-id=\"https:\/\/amzn.to\/3YQXPDm\" target=\"_blank\" rel=\"noopener\">Plantas para Home Office<\/a>:<\/strong> Pequenos vasos de plantas em cima da mesa ou prateleiras adicionam vida e frescor ao espa\u00e7o.<\/li>\n\n\n\n<li><strong><a href=\"https:\/\/amzn.to\/3ZvnyRV\" data-type=\"link\" data-id=\"https:\/\/amzn.to\/3ZvnyRV\" target=\"_blank\" rel=\"noopener\">Quadros Minimalistas<\/a>:<\/strong> Escolha arte que ressoe com voc\u00ea e que ajude a estimular a criatividade sem tirar o foco.<\/li>\n<\/ul>\n\n\n    <div class=\"hostinger-affiliate-block-single-type\">\n                    <div class=\"hostinger-affiliate-block-single-type__image\">\n                <a href=\"https:\/\/www.amazon.com.br\/dp\/B09NZ54PQ1?tag=joaopedro047-20\" target=\"_blank\" rel=\"nofollow noopener noreferrer\">\n                    <img decoding=\"async\" src=\"https:\/\/m.media-amazon.com\/images\/I\/41iG+HhEn9L.jpg\" alt=\"Dupla Vasinho Suculenta Realista Design Moderno\">\n                <\/a>\n            <\/div>\n                    <div class=\"hostinger-affiliate-block-single-type__product-data\">\n            <div class=\"hostinger-affiliate-block-single-type__product-title\">\n                <a href=\"https:\/\/www.amazon.com.br\/dp\/B09NZ54PQ1?tag=joaopedro047-20\" target=\"_blank\" rel=\"nofollow noopener noreferrer\">\n                    <h3 id='dupla-vasinho-suculenta-realista-design-moderno'>\n                        Dupla Vasinho Suculenta Realista Design Moderno                    <\/h3>\n                <\/a>\n            <\/div>\n                            <div class=\"hostinger-affiliate-block-single-type__product-description\">\n                            <ul>\n                                <li>Kit com 2 vasos brancos em cer\u00e2mica<\/li>\n                                        <li>Altura do vaso: 11 cm \u00b7 Di\u00e2metro da base: 7 cm \u00b7 Altura total com planta: 18 cm<\/li>\n                                        <li>Design minimalista, leve e elegante com folhagem verde artificial<\/li>\n                            <\/ul>\n                        <\/div>\n                            <div class=\"hostinger-affiliate-block-single-type__product-actions\">\n                                    <div class=\"hostinger-affiliate-block-single-type__product-price\">\n                        R$69,99                    <\/div>\n                                    <div class=\"hostinger-affiliate-block-single-type__product-button-wrap\">\n                    <a href=\"https:\/\/www.amazon.com.br\/dp\/B09NZ54PQ1?tag=joaopedro047-20\" class=\"hostinger-affiliate-block-single-type__product-amazon-button\" target=\"_blank\" rel=\"nofollow noopener noreferrer\">\n    Buy on Amazon<\/a>\n                <\/div>\n\n            <\/div>\n        <\/div>\n    <\/div>\n    \n\n    <div class=\"hostinger-affiliate-block-single-type\">\n                    <div class=\"hostinger-affiliate-block-single-type__image\">\n                <a href=\"https:\/\/www.amazon.com.br\/dp\/B0CP8KG7CD?tag=joaopedro047-20\" target=\"_blank\" rel=\"nofollow noopener noreferrer\">\n                    <img decoding=\"async\" src=\"https:\/\/m.media-amazon.com\/images\/I\/418KLf4LRoL.jpg\" alt=\"Kit 3 Quadros Arte Minimalista Riscos Forma Org\u00e2nica Moderno Deco...\">\n                <\/a>\n            <\/div>\n                    <div class=\"hostinger-affiliate-block-single-type__product-data\">\n            <div class=\"hostinger-affiliate-block-single-type__product-title\">\n                <a href=\"https:\/\/www.amazon.com.br\/dp\/B0CP8KG7CD?tag=joaopedro047-20\" target=\"_blank\" rel=\"nofollow noopener noreferrer\">\n                    <h3 id='kit-3-quadros-arte-minimalista-riscos-forma-org\u00e2nica-moderno-deco'>\n                        Kit 3 Quadros Arte Minimalista Riscos Forma Org\u00e2nica Moderno Deco&#8230;                    <\/h3>\n                <\/a>\n            <\/div>\n                            <div class=\"hostinger-affiliate-block-single-type__product-description\">\n                            <ul>\n                                <li>Os quadros s\u00e3o elementos decorativos e ajudam a tornar um ambiente visivelmente confort\u00e1vel e marcam a identidade do loc&#8230;<\/li>\n                            <\/ul>\n                        <\/div>\n                            <div class=\"hostinger-affiliate-block-single-type__product-actions\">\n                                    <div class=\"hostinger-affiliate-block-single-type__product-price\">\n                        R$69,99                    <\/div>\n                                    <div class=\"hostinger-affiliate-block-single-type__product-button-wrap\">\n                    <a href=\"https:\/\/www.amazon.com.br\/dp\/B0CP8KG7CD?tag=joaopedro047-20\" class=\"hostinger-affiliate-block-single-type__product-amazon-button\" target=\"_blank\" rel=\"nofollow noopener noreferrer\">\n    Buy on Amazon<\/a>\n                <\/div>\n\n            <\/div>\n        <\/div>\n    <\/div>\n    \n\n\n<h2 id='conclus\u00e3o-sobre-o-decorado-home-office'  class=\"wp-block-heading\">Conclus\u00e3o sobre o decorado Home Office<\/h2>\n\n\n\n<p>Montar um Home Office que seja n\u00e3o s\u00f3 funcional mas tamb\u00e9m inspirador pode parecer um desafio, mas com os produtos certos e um pouco de planejamento, voc\u00ea pode criar o espa\u00e7o perfeito.<\/p>\n\n\n\n<p>N\u00e3o perca a oportunidade de transformar seu ambiente de trabalho e conferir as op\u00e7\u00f5es incr\u00edveis que encontramos para voc\u00ea na Amazon. Clique nos links acima para explorar mais sobre cada produto.<\/p>\n\n\n\n<p>Espero que essas dicas ajudem voc\u00ea a montar o Home Office moderno que sempre sonhou. Aproveite o processo de decora\u00e7\u00e3o como uma extens\u00e3o de sua criatividade e produtividade!<\/p>\n\n\n\n<p>Gostou desse decorado moderno!? Para ver mais decorados, dos mais diversos tipos, voc\u00ea pode conferir clicando <a href=\"https:\/\/1truenote.com\/en\/category\/e-commerce\/\" data-type=\"link\" data-id=\"https:\/\/1truenote.com\/category\/e-commerce\/\">aqui<\/a>.<\/p>","protected":false},"excerpt":{"rendered":"<p>Transformar um cantinho da sua casa em um Home Office moderno pode ser a chave para aumentar a produtividade e&#8230;<\/p>","protected":false},"author":1,"featured_media":2118,"comment_status":"open","ping_status":"open","sticky":false,"template":"","format":"standard","meta":{"_kad_post_transparent":"","_kad_post_title":"","_kad_post_layout":"","_kad_post_sidebar_id":"","_kad_post_content_style":"","_kad_post_vertical_padding":"","_kad_post_feature":"","_kad_post_feature_position":"","_kad_post_header":false,"_kad_post_footer":false,"_kad_post_classname":"","footnotes":"","jetpack_publicize_message":"","jetpack_publicize_feature_enabled":true,"jetpack_social_post_already_shared":true,"jetpack_social_options":{"image_generator_settings":{"template":"highway","default_image_id":0,"font":"","enabled":false},"version":2}},"categories":[10],"tags":[32],"class_list":["post-2117","post","type-post","status-publish","format-standard","has-post-thumbnail","hentry","category-e-commerce","tag-decorados"],"jetpack_publicize_connections":[],"jetpack_featured_media_url":"https:\/\/i0.wp.com\/1truenote.com\/wp-content\/uploads\/2025\/05\/ChatGPT-Image-21-de-mai.-de-2025-14_16_27.png?fit=1536%2C1024&ssl=1","jetpack_sharing_enabled":true,"_links":{"self":[{"href":"https:\/\/1truenote.com\/en\/wp-json\/wp\/v2\/posts\/2117","targetHints":{"allow":["GET"]}}],"collection":[{"href":"https:\/\/1truenote.com\/en\/wp-json\/wp\/v2\/posts"}],"about":[{"href":"https:\/\/1truenote.com\/en\/wp-json\/wp\/v2\/types\/post"}],"author":[{"embeddable":true,"href":"https:\/\/1truenote.com\/en\/wp-json\/wp\/v2\/users\/1"}],"replies":[{"embeddable":true,"href":"https:\/\/1truenote.com\/en\/wp-json\/wp\/v2\/comments?post=2117"}],"version-history":[{"count":0,"href":"https:\/\/1truenote.com\/en\/wp-json\/wp\/v2\/posts\/2117\/revisions"}],"wp:featuredmedia":[{"embeddable":true,"href":"https:\/\/1truenote.com\/en\/wp-json\/wp\/v2\/media\/2118"}],"wp:attachment":[{"href":"https:\/\/1truenote.com\/en\/wp-json\/wp\/v2\/media?parent=2117"}],"wp:term":[{"taxonomy":"category","embeddable":true,"href":"https:\/\/1truenote.com\/en\/wp-json\/wp\/v2\/categories?post=2117"},{"taxonomy":"post_tag","embeddable":true,"href":"https:\/\/1truenote.com\/en\/wp-json\/wp\/v2\/tags?post=2117"}],"curies":[{"name":"wp","href":"https:\/\/api.w.org\/{rel}","templated":true}]}}