{"id":2114,"date":"2025-05-21T20:03:45","date_gmt":"2025-05-21T17:03:45","guid":{"rendered":"https:\/\/1truenote.com\/?p=2114"},"modified":"2025-09-27T18:06:06","modified_gmt":"2025-09-27T21:06:06","slug":"jardim-sensorial-beneficios-e-como-fazer","status":"publish","type":"post","link":"https:\/\/1truenote.com\/en\/jardim-sensorial-beneficios-e-como-fazer\/","title":{"rendered":"5 Motivos para ter um Jardim Sensorial em casa (Mesmo em espa\u00e7os pequenos)"},"content":{"rendered":"<div class=\"fit_content\">\n                <div class=\"bd_toc_container\" data-fixedwidth=\"\">\n                    <div class=\"bd_toc_wrapper\" data-wrapperpadding=\"48px\">\n                        <div class=\"bd_toc_wrapper_item\">\n                            <div class=\"bd_toc_header active\" data-headerpadding=\"2px\">\n                                <div class=\"bd_toc_header_title\">\n                                    Sum\u00e1rio                                <\/div>\n                                <div class=\"bd_toc_switcher_hide_show_icon\">\n                                    <span class=\"bd_toc_arrow\"><\/span>                                <\/div>\n                            <\/div>\n                            <div class=\"bd_toc_content list-type-number\">\n                                <div class=\"bd_toc_content_list\">\n                                    <div class='bd_toc_content_list_item'>    <ul>\n      <li class=\"first\">\n        <a href=\"#\ud83c\udf38-1-al\u00edvio-do-estresse-no-dia-a-dia-com-jardim-sensorial\">\ud83c\udf38 1. Al\u00edvio do estresse no dia a dia com jardim sensorial<\/a>\n      <\/li>\n      <li>\n        <a href=\"#\ud83c\udf3f-2-mais-presen\u00e7a-e-aten\u00e7\u00e3o-plena\">\ud83c\udf3f 2. Mais presen\u00e7a e aten\u00e7\u00e3o plena<\/a>\n      <\/li>\n      <li>\n        <a href=\"#\ud83e\udeb4-3-estimula-os-sentidos-de-forma-natural\">\ud83e\udeb4 3. Estimula os sentidos de forma natural<\/a>\n      <\/li>\n      <li>\n        <a href=\"#\ud83c\udf31-4-conex\u00e3o-com-crian\u00e7as-idosos-e-com-voc\u00ea-mesma\">\ud83c\udf31 4. Conex\u00e3o com crian\u00e7as, idosos (e com voc\u00ea mesma)<\/a>\n      <\/li>\n      <li>\n        <a href=\"#\ud83e\uddfa-5-d\u00e1-para-montar-mesmo-com-pouco-espa\u00e7o\">\ud83e\uddfa 5. D\u00e1 para montar mesmo com pouco espa\u00e7o<\/a>\n      <\/li>\n      <li>\n        <a href=\"#\ud83c\udf3f-6-para-quem-trabalha-em-home-office\">\ud83c\udf3f 6. Para quem trabalha em home office<\/a>\n      <\/li>\n      <li class=\"last\">\n        <a href=\"#\ud83e\udded-um-jardim-sensorial-que-cuida-de-voc\u00ea\">\ud83e\udded Um jardim sensorial que cuida de voc\u00ea<\/a>\n      <\/li>\n    <\/ul>\n<\/div>                                <\/div>\n                            <\/div>\n                        <\/div>\n                    <\/div>\n                    <div class=\"layout_toggle_button\">\n                        <span class=\"bd_toc_arrow\"><\/span>\n                    <\/div>\n                <\/div>\n            <\/div>\n\n    \n\n\n<p>J\u00e1 imaginou ter um cantinho onde o toque, o cheiro e a beleza das plantas te ajudam a desacelerar? Essa \u00e9 a proposta do <strong>jardim sensorial<\/strong>, uma tend\u00eancia que vai al\u00e9m da est\u00e9tica: ele convida voc\u00ea a se reconectar com o momento presente. E o melhor? D\u00e1 para criar um mesmo em apartamentos pequenos ou varandas urbanas.<\/p>\n\n\n\n<p>A ideia \u00e9 simples e poderosa: montar um espa\u00e7o que estimule os cinco sentidos com plantas, texturas, aromas e sons naturais. Mais do que uma moda, o jardim sensorial \u00e9 uma resposta ao excesso de telas e ao ritmo acelerado da vida moderna.<\/p>\n\n\n\n<hr class=\"wp-block-separator has-alpha-channel-opacity\"\/>\n\n\n\n<h2 id='\ud83c\udf38-1-al\u00edvio-do-estresse-no-dia-a-dia-com-jardim-sensorial'  class=\"wp-block-heading\">\ud83c\udf38 1. Al\u00edvio do estresse no dia a dia com jardim sensorial<\/h2>\n\n\n\n<p>O contato com plantas j\u00e1 \u00e9 conhecido por reduzir os n\u00edveis de estresse, mas o jardim sensorial intensifica essa experi\u00eancia ao incluir outros est\u00edmulos: fragr\u00e2ncias naturais como lavanda, alecrim e hortel\u00e3, o barulho leve da \u00e1gua, e at\u00e9 caminhos com pedras para caminhar descal\u00e7o.<\/p>\n\n\n\n<p>Mesmo em espa\u00e7os pequenos, isso pode ser adaptado com vasos arom\u00e1ticos, fontes compactas e texturas naturais como madeira ou seixos. Um verdadeiro ref\u00fagio dentro de casa.<\/p>\n\n\n\n<hr class=\"wp-block-separator has-alpha-channel-opacity\"\/>\n\n\n\n<h2 id='\ud83c\udf3f-2-mais-presen\u00e7a-e-aten\u00e7\u00e3o-plena'  class=\"wp-block-heading\">\ud83c\udf3f 2. Mais presen\u00e7a e aten\u00e7\u00e3o plena<\/h2>\n\n\n\n<p>Ao mexer na terra, regar uma planta ou simplesmente tocar uma folha macia, voc\u00ea pratica um tipo de \u201cmedita\u00e7\u00e3o ativa\u201d. O jardim sensorial convida \u00e0 <strong>aten\u00e7\u00e3o plena<\/strong>, um h\u00e1bito associado ao bem-estar emocional e mental.<\/p>\n\n\n\n<p>Essa presen\u00e7a no agora ajuda a reduzir a ansiedade e estimula uma conex\u00e3o mais profunda com o espa\u00e7o \u2014 algo que transforma a rela\u00e7\u00e3o com o pr\u00f3prio lar.<\/p>\n\n\n\n<hr class=\"wp-block-separator has-alpha-channel-opacity\"\/>\n\n\n\n<h2 id='\ud83e\udeb4-3-estimula-os-sentidos-de-forma-natural'  class=\"wp-block-heading\">\ud83e\udeb4 3. Estimula os sentidos de forma natural<\/h2>\n\n\n\n<p>Cada planta escolhida no jardim sensorial tem um prop\u00f3sito. Algumas despertam o olfato, como o jasmim ou a erva-cidreira. Outras trazem beleza visual, como lavandas e suculentas coloridas. H\u00e1 ainda as que agradam o paladar, como manjeric\u00e3o e hortel\u00e3.<\/p>\n\n\n\n<p>Voc\u00ea pode incluir elementos como:<\/p>\n\n\n\n<ul class=\"wp-block-list\">\n<li>Pedras para toque e textura<\/li>\n\n\n\n<li>Pequenas fontes com som de \u00e1gua<\/li>\n\n\n\n<li>Sinos de vento e at\u00e9 m\u00fasicas suaves<\/li>\n<\/ul>\n\n\n\n<p>Tudo isso cria uma experi\u00eancia imersiva e acolhedora.<\/p>\n\n\n\n<hr class=\"wp-block-separator has-alpha-channel-opacity\"\/>\n\n\n\n<h2 id='\ud83c\udf31-4-conex\u00e3o-com-crian\u00e7as-idosos-e-com-voc\u00ea-mesma'  class=\"wp-block-heading\">\ud83c\udf31 4. Conex\u00e3o com crian\u00e7as, idosos (e com voc\u00ea mesma)<\/h2>\n\n\n\n<p>Esse tipo de jardim \u00e9 \u00f3timo para fam\u00edlias com crian\u00e7as ou para quem convive com idosos. Ele estimula a curiosidade, ajuda no desenvolvimento cognitivo e proporciona atividades leves e terap\u00eauticas.<\/p>\n\n\n\n<p>Mas tamb\u00e9m serve como autocuidado: um espa\u00e7o onde voc\u00ea se permite desacelerar e simplesmente estar, sem cobran\u00e7as ou barulho externo.<\/p>\n\n\n\n<hr class=\"wp-block-separator has-alpha-channel-opacity\"\/>\n\n\n\n<h2 id='\ud83e\uddfa-5-d\u00e1-para-montar-mesmo-com-pouco-espa\u00e7o'  class=\"wp-block-heading\">\ud83e\uddfa 5. D\u00e1 para montar mesmo com pouco espa\u00e7o<\/h2>\n\n\n\n<p>N\u00e3o precisa ter quintal. D\u00e1 para montar um <strong>jardim sensorial em um cantinho da varanda, perto da janela ou at\u00e9 em cima de um aparador<\/strong>. O segredo est\u00e1 na escolha das esp\u00e9cies, nos elementos sensoriais e na harmonia do conjunto.<\/p>\n\n\n\n<p>Use vasos de tamanhos variados, madeira, pedras, um banquinho ou esteira. Voc\u00ea vai se surpreender com o poder de transforma\u00e7\u00e3o que isso pode trazer para o ambiente \u2014 e para voc\u00ea.<\/p>\n\n\n\n<p>Outro ponto interessante \u00e9 que o jardim sensorial pode mudar com as esta\u00e7\u00f5es. No outono, folhas secas e tons terrosos podem trazer uma nova atmosfera ao espa\u00e7o. Na primavera, flores coloridas e perfume no ar renovam o ambiente. Essa din\u00e2mica natural estimula a curiosidade e cria uma rela\u00e7\u00e3o viva com o tempo \u2014 algo raro no ritmo automatizado da rotina.<\/p>\n\n\n\n<h2 id='\ud83c\udf3f-6-para-quem-trabalha-em-home-office'  class=\"wp-block-heading\">\ud83c\udf3f 6. Para quem trabalha em home office<\/h2>\n\n\n\n<p>Para quem trabalha em home office, ter esse cantinho ao alcance dos olhos (ou dos p\u00e9s!) pode melhorar a produtividade e o humor. Uma pausa r\u00e1pida para regar as plantas, respirar fundo ou apenas observar os detalhes do seu jardim pode fazer mais por voc\u00ea do que uma rolagem no celular.<\/p>\n\n\n\n<p>E n\u00e3o precisa fazer tudo de uma vez. O mais gostoso de montar um jardim sensorial \u00e9 que ele <strong>cresce junto com voc\u00ea<\/strong>. Comece com algumas ervas arom\u00e1ticas e uma plantinha de folhas macias. Depois, v\u00e1 adicionando novos elementos aos poucos, com calma e inten\u00e7\u00e3o. Cada escolha conta uma parte da sua hist\u00f3ria.<\/p>\n\n\n\n<hr class=\"wp-block-separator has-alpha-channel-opacity\"\/>\n\n\n\n<h2 id='\ud83e\udded-um-jardim-sensorial-que-cuida-de-voc\u00ea'  class=\"wp-block-heading\">\ud83e\udded Um jardim sensorial que cuida de voc\u00ea<\/h2>\n\n\n\n<p>Mais do que decorar, um <a href=\"https:\/\/br.pinterest.com\/liamarquesi\/jardim-sensorial\/\" data-type=\"link\" data-id=\"https:\/\/br.pinterest.com\/liamarquesi\/jardim-sensorial\/\" target=\"_blank\" rel=\"noopener\">jardim sensorial<\/a> cuida da gente. Ele traz calma, presen\u00e7a e um tipo de alegria silenciosa que s\u00f3 quem tem plantas entende. E n\u00e3o precisa de muito: s\u00f3 de inten\u00e7\u00e3o, escolhas simples e um espacinho com alma.<\/p>\n\n\n\n<p>Vale lembrar que esse tipo de espa\u00e7o tamb\u00e9m pode ser um ref\u00fagio em dias dif\u00edceis. Um lugar para pensar, sentir ou simplesmente descansar do mundo l\u00e1 fora. Com o tempo, ele se torna quase como um abra\u00e7o verde \u2014 silencioso, constante e cheio de vida.<\/p>\n\n\n\n<p>Se voc\u00ea estava esperando um sinal para come\u00e7ar, aqui est\u00e1 ele. Voc\u00ea pode ver mais conte\u00fados como esse, <a href=\"https:\/\/1truenote.com\/en\/category\/novidades\/\" data-type=\"link\" data-id=\"https:\/\/1truenote.com\/category\/novidades\/\">aqui<\/a>.<\/p>\n\n\n\n<figure class=\"wp-block-image aligncenter size-large is-resized\"><img data-recalc-dims=\"1\" fetchpriority=\"high\" decoding=\"async\" width=\"1024\" height=\"683\" src=\"https:\/\/i0.wp.com\/1truenote.com\/wp-content\/uploads\/2025\/05\/ChatGPT-Image-21-de-mai.-de-2025-14_01_59.png?resize=1024%2C683&#038;ssl=1\" alt=\"jardim sensorial\" class=\"wp-image-2115\" style=\"width:442px;height:auto\" srcset=\"https:\/\/i0.wp.com\/1truenote.com\/wp-content\/uploads\/2025\/05\/ChatGPT-Image-21-de-mai.-de-2025-14_01_59.png?resize=1024%2C683&amp;ssl=1 1024w, https:\/\/i0.wp.com\/1truenote.com\/wp-content\/uploads\/2025\/05\/ChatGPT-Image-21-de-mai.-de-2025-14_01_59.png?resize=300%2C200&amp;ssl=1 300w, https:\/\/i0.wp.com\/1truenote.com\/wp-content\/uploads\/2025\/05\/ChatGPT-Image-21-de-mai.-de-2025-14_01_59.png?resize=768%2C512&amp;ssl=1 768w, https:\/\/i0.wp.com\/1truenote.com\/wp-content\/uploads\/2025\/05\/ChatGPT-Image-21-de-mai.-de-2025-14_01_59.png?resize=150%2C100&amp;ssl=1 150w, https:\/\/i0.wp.com\/1truenote.com\/wp-content\/uploads\/2025\/05\/ChatGPT-Image-21-de-mai.-de-2025-14_01_59.png?w=1536&amp;ssl=1 1536w\" sizes=\"(max-width: 1024px) 100vw, 1024px\" \/><\/figure>","protected":false},"excerpt":{"rendered":"<p>J\u00e1 imaginou ter um cantinho onde o toque, o cheiro e a beleza das plantas te ajudam a desacelerar? Essa&#8230;<\/p>","protected":false},"author":1,"featured_media":2115,"comment_status":"open","ping_status":"open","sticky":false,"template":"","format":"standard","meta":{"_kad_post_transparent":"","_kad_post_title":"","_kad_post_layout":"","_kad_post_sidebar_id":"","_kad_post_content_style":"","_kad_post_vertical_padding":"","_kad_post_feature":"","_kad_post_feature_position":"","_kad_post_header":false,"_kad_post_footer":false,"_kad_post_classname":"","footnotes":"","jetpack_publicize_message":"","jetpack_publicize_feature_enabled":true,"jetpack_social_post_already_shared":true,"jetpack_social_options":{"image_generator_settings":{"template":"highway","enabled":false},"version":2}},"categories":[1,16],"tags":[29],"class_list":["post-2114","post","type-post","status-publish","format-standard","has-post-thumbnail","hentry","category-novidades","category-casa-e-jardim","tag-jardim"],"jetpack_publicize_connections":[],"jetpack_featured_media_url":"https:\/\/i0.wp.com\/1truenote.com\/wp-content\/uploads\/2025\/05\/ChatGPT-Image-21-de-mai.-de-2025-14_01_59.png?fit=1536%2C1024&ssl=1","jetpack_sharing_enabled":true,"_links":{"self":[{"href":"https:\/\/1truenote.com\/en\/wp-json\/wp\/v2\/posts\/2114","targetHints":{"allow":["GET"]}}],"collection":[{"href":"https:\/\/1truenote.com\/en\/wp-json\/wp\/v2\/posts"}],"about":[{"href":"https:\/\/1truenote.com\/en\/wp-json\/wp\/v2\/types\/post"}],"author":[{"embeddable":true,"href":"https:\/\/1truenote.com\/en\/wp-json\/wp\/v2\/users\/1"}],"replies":[{"embeddable":true,"href":"https:\/\/1truenote.com\/en\/wp-json\/wp\/v2\/comments?post=2114"}],"version-history":[{"count":1,"href":"https:\/\/1truenote.com\/en\/wp-json\/wp\/v2\/posts\/2114\/revisions"}],"predecessor-version":[{"id":4301,"href":"https:\/\/1truenote.com\/en\/wp-json\/wp\/v2\/posts\/2114\/revisions\/4301"}],"wp:featuredmedia":[{"embeddable":true,"href":"https:\/\/1truenote.com\/en\/wp-json\/wp\/v2\/media\/2115"}],"wp:attachment":[{"href":"https:\/\/1truenote.com\/en\/wp-json\/wp\/v2\/media?parent=2114"}],"wp:term":[{"taxonomy":"category","embeddable":true,"href":"https:\/\/1truenote.com\/en\/wp-json\/wp\/v2\/categories?post=2114"},{"taxonomy":"post_tag","embeddable":true,"href":"https:\/\/1truenote.com\/en\/wp-json\/wp\/v2\/tags?post=2114"}],"curies":[{"name":"wp","href":"https:\/\/api.w.org\/{rel}","templated":true}]}}