{"id":1903,"date":"2025-05-19T18:49:15","date_gmt":"2025-05-19T15:49:15","guid":{"rendered":"https:\/\/1truenote.com\/?p=1903"},"modified":"2025-05-19T23:03:36","modified_gmt":"2025-05-19T20:03:36","slug":"casa-jardim-transformar-ambientes-com-estilo","status":"publish","type":"post","link":"https:\/\/1truenote.com\/en\/casa-jardim-transformar-ambientes-com-estilo\/","title":{"rendered":"Casa &amp; Jardim: Guia Definitivo com 25 dicas poderosas para transformar seu lar com estilo"},"content":{"rendered":"<div class=\"fit_content\">\n                <div class=\"bd_toc_container\" data-fixedwidth=\"\">\n                    <div class=\"bd_toc_wrapper\" data-wrapperpadding=\"48px\">\n                        <div class=\"bd_toc_wrapper_item\">\n                            <div class=\"bd_toc_header active\" data-headerpadding=\"2px\">\n                                <div class=\"bd_toc_header_title\">\n                                    Sum\u00e1rio                                <\/div>\n                                <div class=\"bd_toc_switcher_hide_show_icon\">\n                                    <span class=\"bd_toc_arrow\"><\/span>                                <\/div>\n                            <\/div>\n                            <div class=\"bd_toc_content list-type-number\">\n                                <div class=\"bd_toc_content_list\">\n                                    <div class='bd_toc_content_list_item'>    <ul>\n      <li class=\"first\">\n        <a href=\"#\ud83e\udeb4-por-que-a-integra\u00e7\u00e3o-casa-jardim-\u00e9-essencial\">\ud83e\udeb4 Por que a Integra\u00e7\u00e3o Casa &amp; Jardim \u00e9 Essencial<\/a>\n        <ul class=\"menu_level_2\">\n          <li class=\"first last\">\n            <a href=\"#\ud83c\udf3f-benef\u00edcios-de-um-ambiente-bem-planejado\">\ud83c\udf3f Benef\u00edcios de um ambiente bem planejado<\/a>\n          <\/li>\n        <\/ul>\n      <\/li>\n      <li>\n        <a href=\"#\ud83d\udecb\ufe0f-design-de-interiores-estilo-com-fun\u00e7\u00e3o\">\ud83d\udecb\ufe0f Design de Interiores: Estilo com Fun\u00e7\u00e3o<\/a>\n        <ul class=\"menu_level_2\">\n          <li class=\"first\">\n            <a href=\"#\ud83e\udde0-comece-com-um-bom-planejamento\">\ud83e\udde0 Comece com um bom planejamento<\/a>\n          <\/li>\n          <li>\n            <a href=\"#\ud83c\udfa8-estilos-de-decora\u00e7\u00e3o-que-fazem-sucesso\">\ud83c\udfa8 Estilos de decora\u00e7\u00e3o que fazem sucesso<\/a>\n          <\/li>\n          <li class=\"last\">\n            <a href=\"#\ud83d\udee0\ufe0f-m\u00f3veis-inteligentes-para-espa\u00e7os-otimizados\">\ud83d\udee0\ufe0f M\u00f3veis inteligentes para espa\u00e7os otimizados<\/a>\n          <\/li>\n        <\/ul>\n      <\/li>\n      <li>\n        <a href=\"#\ud83c\udfa8-decora\u00e7\u00e3o-atmosfera-que-encanta\">\ud83c\udfa8 Decora\u00e7\u00e3o: Atmosfera que Encanta<\/a>\n        <ul class=\"menu_level_2\">\n          <li class=\"first\">\n            <a href=\"#\ud83c\udf08-a-magia-das-cores-nos-ambientes\">\ud83c\udf08 A magia das cores nos ambientes<\/a>\n          <\/li>\n          <li>\n            <a href=\"#\ud83d\udcab-texturas-e-materiais-que-enriquecem-o-espa\u00e7o\">\ud83d\udcab Texturas e materiais que enriquecem o espa\u00e7o<\/a>\n          <\/li>\n          <li class=\"last\">\n            <a href=\"#\ud83e\ude9e-elementos-decorativos-que-fazem-diferen\u00e7a\">\ud83e\ude9e Elementos decorativos que fazem diferen\u00e7a<\/a>\n          <\/li>\n        <\/ul>\n      <\/li>\n      <li>\n        <a href=\"#\ud83d\uddc2\ufe0f-organiza\u00e7\u00e3o-ordem-que-traz-liberdade\">\ud83d\uddc2\ufe0f Organiza\u00e7\u00e3o: Ordem que Traz Liberdade<\/a>\n        <ul class=\"menu_level_2\">\n          <li class=\"first\">\n            <a href=\"#\ud83d\udd04-tr\u00eas-passos-infal\u00edveis-para-organizar\">\ud83d\udd04 Tr\u00eas passos infal\u00edveis para organizar<\/a>\n          <\/li>\n          <li>\n            <a href=\"#\ud83d\udce6-sistemas-pr\u00e1ticos-para-manter-a-casa-em-ordem\">\ud83d\udce6 Sistemas pr\u00e1ticos para manter a casa em ordem<\/a>\n          <\/li>\n          <li class=\"last\">\n            <a href=\"#\ud83c\udfe0-dicas-pr\u00e1ticas-por-ambiente-casa-jardim\">\ud83c\udfe0 Dicas pr\u00e1ticas por ambiente &#8211; Casa &amp; Jardim<\/a>\n          <\/li>\n        <\/ul>\n      <\/li>\n      <li>\n        <a href=\"#\ud83c\udf3c-jardim-o-pulm\u00e3o-verde-da-casa\">\ud83c\udf3c Jardim: O Pulm\u00e3o Verde da Casa<\/a>\n        <ul class=\"menu_level_2\">\n          <li class=\"first\">\n            <a href=\"#\ud83e\udeb4-jardins-verticais-e-vasos-vers\u00e1teis\">\ud83e\udeb4 Jardins verticais e vasos vers\u00e1teis<\/a>\n          <\/li>\n          <li>\n            <a href=\"#\ud83c\udf33-paisagismo-funcional-que-valoriza\">\ud83c\udf33 Paisagismo funcional que valoriza<\/a>\n          <\/li>\n          <li class=\"last\">\n            <a href=\"#\ud83d\udca1-ilumina\u00e7\u00e3o-externa-charmosa-e-pr\u00e1tica\">\ud83d\udca1 Ilumina\u00e7\u00e3o externa charmosa e pr\u00e1tica<\/a>\n          <\/li>\n        <\/ul>\n      <\/li>\n      <li>\n        <a href=\"#\ud83e\uddf9-manuten\u00e7\u00e3o-inteligente-cuidados-que-valem-ouro\">\ud83e\uddf9 Manuten\u00e7\u00e3o Inteligente: Cuidados que Valem Ouro<\/a>\n        <ul class=\"menu_level_2\">\n          <li class=\"first\">\n            <a href=\"#\ud83d\udcc5-limpeza-com-rotina-definida\">\ud83d\udcc5 Limpeza com rotina definida<\/a>\n          <\/li>\n          <li>\n            <a href=\"#\ud83d\udd27-manuten\u00e7\u00e3o-preventiva-sempre\">\ud83d\udd27 Manuten\u00e7\u00e3o preventiva sempre<\/a>\n          <\/li>\n          <li class=\"last\">\n            <a href=\"#\ud83c\udf3b-cuidados-com-o-jardim\">\ud83c\udf3b Cuidados com o jardim<\/a>\n          <\/li>\n        <\/ul>\n      <\/li>\n      <li>\n        <a href=\"#\ud83c\udf1e-integra\u00e7\u00e3o-casa-jardim-tend\u00eancia-atemporal\">\ud83c\udf1e Integra\u00e7\u00e3o Casa &amp; Jardim: Tend\u00eancia Atemporal<\/a>\n      <\/li>\n      <li>\n        <a href=\"#\ud83c\udf31-sustentabilidade-em-casa-jardim\">\ud83c\udf31 Sustentabilidade em Casa &amp; Jardim<\/a>\n        <ul class=\"menu_level_2\">\n          <li class=\"first\">\n            <a href=\"#\ud83c\udf43-escolhas-que-fazem-a-diferen\u00e7a\">\ud83c\udf43 Escolhas que fazem a diferen\u00e7a<\/a>\n          <\/li>\n          <li class=\"last\">\n            <a href=\"#\ud83c\udf3f-compostagem-e-hortas-caseiras\">\ud83c\udf3f Compostagem e hortas caseiras<\/a>\n          <\/li>\n        <\/ul>\n      <\/li>\n      <li>\n        <a href=\"#\u267b\ufe0f-reaproveitamento-criativo-sustentabilidade-com-estilo-na-casa-jardim\">\u267b\ufe0f Reaproveitamento Criativo: Sustentabilidade com Estilo na Casa &amp; Jardim<\/a>\n      <\/li>\n      <li>\n        <a href=\"#\ud83d\uddbc\ufe0f-personaliza\u00e7\u00e3o-casa-que-conta-hist\u00f3rias\">\ud83d\uddbc\ufe0f Personaliza\u00e7\u00e3o: Casa que Conta Hist\u00f3rias<\/a>\n      <\/li>\n      <li>\n        <a href=\"#\ud83e\uddd8\u200d\u2640\ufe0f-ambientes-de-bem-estar-espa\u00e7os-para-relaxar-e-cuidar-de-si\">\ud83e\uddd8\u200d\u2640\ufe0f Ambientes de Bem-Estar: Espa\u00e7os para Relaxar e Cuidar de Si<\/a>\n      <\/li>\n      <li>\n        <a href=\"#\ud83d\udcd0-b\u00f4nus-solu\u00e7\u00f5es-criativas-para-casas-pequenas\">\ud83d\udcd0 B\u00f4nus: Solu\u00e7\u00f5es Criativas para Casas Pequenas<\/a>\n      <\/li>\n      <li>\n        <a href=\"#\u2753perguntas-frequentes-sobre-casa-jardim-faq\">\u2753Perguntas Frequentes sobre Casa &amp; Jardim &#8211; FAQ<\/a>\n        <ul class=\"menu_level_2\">\n          <li class=\"first\">\n            <a href=\"#1-como-come\u00e7ar-a-decorar-minha-casa-com-pouco-dinheiro\">1. Como come\u00e7ar a decorar minha casa com pouco dinheiro?<\/a>\n          <\/li>\n          <li>\n            <a href=\"#2-quais-plantas-s\u00e3o-ideais-para-iniciantes\">2. Quais plantas s\u00e3o ideais para iniciantes?<\/a>\n          <\/li>\n          <li>\n            <a href=\"#3-posso-ter-jardim-em-apartamento\">3. Posso ter jardim em apartamento?<\/a>\n          <\/li>\n          <li>\n            <a href=\"#4-o-que-\u00e9-essencial-em-um-jardim-funcional\">4. O que \u00e9 essencial em um jardim funcional?<\/a>\n          <\/li>\n          <li>\n            <a href=\"#5-como-manter-a-casa-organizada-com-crian\u00e7as\">5. Como manter a casa organizada com crian\u00e7as?<\/a>\n          <\/li>\n          <li class=\"last\">\n            <a href=\"#6-qual-\u00e9-o-melhor-piso-para-\u00e1reas-externas\">6. Qual \u00e9 o melhor piso para \u00e1reas externas?<\/a>\n          <\/li>\n        <\/ul>\n      <\/li>\n      <li class=\"last\">\n        <a href=\"#\ud83d\udd1a-casa-jardim-como-estilo-de-vida\">\ud83d\udd1a Casa &amp; Jardim como Estilo de Vida<\/a>\n      <\/li>\n    <\/ul>\n<\/div>                                <\/div>\n                            <\/div>\n                        <\/div>\n                    <\/div>\n                    <div class=\"layout_toggle_button\">\n                        <span class=\"bd_toc_arrow\"><\/span>\n                    <\/div>\n                <\/div>\n            <\/div>\n\n    \n\n\n<p>A casa perfeita vai al\u00e9m das paredes e do teto \u2014 ela expressa sua personalidade, acolhe mem\u00f3rias e precisa funcionar bem. O mesmo vale para o jardim, que \u00e9 o elo com a natureza e estende o lar para o exterior.<\/p>\n\n\n\n<p>Neste <strong>guia completo<\/strong> sobre <strong>Home &amp; Garden<\/strong>, voc\u00ea encontrar\u00e1 ideias pr\u00e1ticas e inspiradoras para criar ambientes integrados, bonitos e funcionais, de acordo com nossa curadoria.<\/p>\n\n\n\n<h2 id='\ud83e\udeb4-por-que-a-integra\u00e7\u00e3o-casa-jardim-\u00e9-essencial'  class=\"wp-block-heading\"><strong>\ud83e\udeb4 Por que a Integra\u00e7\u00e3o Casa &amp; Jardim \u00e9 Essencial<\/strong><\/h2>\n\n\n\n<p>Pensar em casa \u00e9 imaginar conforto. Mas o conforto deve ser sensorial, funcional e est\u00e9tico. Ao unir ambientes internos com \u00e1reas externas, voc\u00ea cria um espa\u00e7o mais harm\u00f4nico, saud\u00e1vel e pr\u00e1tico para viver.<\/p>\n\n\n\n<h3 id='\ud83c\udf3f-benef\u00edcios-de-um-ambiente-bem-planejado'  class=\"wp-block-heading\"><strong>\ud83c\udf3f Benef\u00edcios de um ambiente bem planejado<\/strong><\/h3>\n\n\n\n<ul class=\"wp-block-list\">\n<li>Melhora o bem-estar emocional<\/li>\n\n\n\n<li>Valoriza o im\u00f3vel<\/li>\n\n\n\n<li>Aumenta a funcionalidade do dia a dia<\/li>\n\n\n\n<li>Amplia a conex\u00e3o com a natureza<\/li>\n<\/ul>\n\n\n\n<h2 id='\ud83d\udecb\ufe0f-design-de-interiores-estilo-com-fun\u00e7\u00e3o'  class=\"wp-block-heading\"><strong>\ud83d\udecb\ufe0f Design de Interiores: Estilo com Fun\u00e7\u00e3o<\/strong><\/h2>\n\n\n\n<h3 id='\ud83e\udde0-comece-com-um-bom-planejamento'  class=\"wp-block-heading\"><strong>\ud83e\udde0 Comece com um bom planejamento<\/strong><\/h3>\n\n\n\n<p>Antes de decorar ou reformar, entenda suas necessidades. Pergunte-se:<\/p>\n\n\n\n<ul class=\"wp-block-list\">\n<li>Quais os usos reais dos espa\u00e7os?<\/li>\n\n\n\n<li>Qual estilo me representa?<\/li>\n\n\n\n<li>Como melhorar a circula\u00e7\u00e3o e a ilumina\u00e7\u00e3o?<\/li>\n<\/ul>\n\n\n\n<h3 id='\ud83c\udfa8-estilos-de-decora\u00e7\u00e3o-que-fazem-sucesso'  class=\"wp-block-heading\"><strong>\ud83c\udfa8 Estilos de decora\u00e7\u00e3o que fazem sucesso<\/strong><\/h3>\n\n\n\n<ul class=\"wp-block-list\">\n<li><strong>Minimalista:<\/strong> Pr\u00e1tico, com poucos objetos e linhas limpas<\/li>\n\n\n\n<li><strong>Escandinavo:<\/strong> Tons neutros, madeira clara e aconchego<\/li>\n\n\n\n<li><strong>Industrial:<\/strong> Concreto aparente, metais e tubula\u00e7\u00f5es<\/li>\n\n\n\n<li><strong>R\u00fastico-moderno:<\/strong> Mistura entre o natural e o contempor\u00e2neo<\/li>\n<\/ul>\n\n\n\n<h3 id='\ud83d\udee0\ufe0f-m\u00f3veis-inteligentes-para-espa\u00e7os-otimizados'  class=\"wp-block-heading\"><strong>\ud83d\udee0\ufe0f M\u00f3veis inteligentes para espa\u00e7os otimizados<\/strong><\/h3>\n\n\n\n<ul class=\"wp-block-list\">\n<li>Sof\u00e1s-cama<\/li>\n\n\n\n<li>Mesas dobr\u00e1veis<\/li>\n\n\n\n<li>Camas com ba\u00fas<\/li>\n\n\n\n<li>Arm\u00e1rios multifuncionais<\/li>\n<\/ul>\n\n\n\n<h2 id='\ud83c\udfa8-decora\u00e7\u00e3o-atmosfera-que-encanta'  class=\"wp-block-heading\"><strong>\ud83c\udfa8 Decora\u00e7\u00e3o: Atmosfera que Encanta<\/strong><\/h2>\n\n\n\n<h3 id='\ud83c\udf08-a-magia-das-cores-nos-ambientes'  class=\"wp-block-heading\"><strong>\ud83c\udf08 A magia das cores nos ambientes<\/strong><\/h3>\n\n\n\n<ul class=\"wp-block-list\">\n<li>Tons claros: ampliam<\/li>\n\n\n\n<li>Escuros: aconchegam<\/li>\n\n\n\n<li>Vibrantes: energizam<\/li>\n\n\n\n<li>Neutros: equilibram<\/li>\n<\/ul>\n\n\n\n<h3 id='\ud83d\udcab-texturas-e-materiais-que-enriquecem-o-espa\u00e7o'  class=\"wp-block-heading\"><strong>\ud83d\udcab Texturas e materiais que enriquecem o espa\u00e7o<\/strong><\/h3>\n\n\n\n<p>Combina\u00e7\u00f5es como madeira + linho ou cimento + plantas trazem sensa\u00e7\u00f5es \u00fanicas. Aposte na diversidade t\u00e1til para criar experi\u00eancias completas.<\/p>\n\n\n\n<h3 id='\ud83e\ude9e-elementos-decorativos-que-fazem-diferen\u00e7a'  class=\"wp-block-heading\"><strong>\ud83e\ude9e Elementos decorativos que fazem diferen\u00e7a<\/strong><\/h3>\n\n\n\n<ul class=\"wp-block-list\">\n<li>Almofadas tem\u00e1ticas<\/li>\n\n\n\n<li>Quadros personalizados<\/li>\n\n\n\n<li>Vasos e plantas<\/li>\n\n\n\n<li>Tapetes e cortinas<\/li>\n<\/ul>\n\n\n\n<h2 id='\ud83d\uddc2\ufe0f-organiza\u00e7\u00e3o-ordem-que-traz-liberdade'  class=\"wp-block-heading\"><strong>\ud83d\uddc2\ufe0f Organiza\u00e7\u00e3o: Ordem que Traz Liberdade<\/strong><\/h2>\n\n\n\n<h3 id='\ud83d\udd04-tr\u00eas-passos-infal\u00edveis-para-organizar'  class=\"wp-block-heading\"><strong>\ud83d\udd04 Tr\u00eas passos infal\u00edveis para organizar<\/strong><\/h3>\n\n\n\n<ol class=\"wp-block-list\">\n<li>Desapegue do excesso<\/li>\n\n\n\n<li>Categorize tudo<\/li>\n\n\n\n<li>Defina um lugar fixo para cada item<\/li>\n<\/ol>\n\n\n\n<h3 id='\ud83d\udce6-sistemas-pr\u00e1ticos-para-manter-a-casa-em-ordem'  class=\"wp-block-heading\"><strong>\ud83d\udce6 Sistemas pr\u00e1ticos para manter a casa em ordem<\/strong><\/h3>\n\n\n\n<ul class=\"wp-block-list\">\n<li>Caixas organizadoras transparentes<\/li>\n\n\n\n<li>Etiquetas vis\u00edveis<\/li>\n\n\n\n<li>Setoriza\u00e7\u00e3o funcional<\/li>\n\n\n\n<li>Prateleiras abertas<\/li>\n<\/ul>\n\n\n\n<hr class=\"wp-block-separator has-alpha-channel-opacity\"\/>\n\n\n\n<h3 id='\ud83c\udfe0-dicas-pr\u00e1ticas-por-ambiente-casa-jardim'  class=\"wp-block-heading\"><strong>\ud83c\udfe0 Dicas pr\u00e1ticas por ambiente<\/strong> &#8211; Casa &amp; Jardim<\/h3>\n\n\n\n<figure class=\"wp-block-table\"><table class=\"has-fixed-layout\"><thead><tr><th>Ambiente<\/th><th>Solu\u00e7\u00e3o<\/th><\/tr><\/thead><tbody><tr><td>Cozinha<\/td><td>Suportes magn\u00e9ticos e ganchos<\/td><\/tr><tr><td>Quarto<\/td><td>Organizadores de gavetas<\/td><\/tr><tr><td>Banheiro<\/td><td>Cestos empilh\u00e1veis e nichos<\/td><\/tr><tr><td>Jardim<\/td><td>Vasos verticais e hortas compactas<\/td><\/tr><\/tbody><\/table><\/figure>\n\n\n\n<figure class=\"wp-block-image aligncenter size-large is-resized\"><img data-recalc-dims=\"1\" fetchpriority=\"high\" decoding=\"async\" width=\"683\" height=\"1024\" src=\"https:\/\/i0.wp.com\/1truenote.com\/wp-content\/uploads\/2025\/05\/ChatGPT-Image-19-de-mai.-de-2025-12_41_24.png?resize=683%2C1024&#038;ssl=1\" alt=\"Casa &amp; Jardim Guia Completo\" class=\"wp-image-1906\" style=\"width:307px;height:auto\" srcset=\"https:\/\/i0.wp.com\/1truenote.com\/wp-content\/uploads\/2025\/05\/ChatGPT-Image-19-de-mai.-de-2025-12_41_24.png?resize=683%2C1024&amp;ssl=1 683w, https:\/\/i0.wp.com\/1truenote.com\/wp-content\/uploads\/2025\/05\/ChatGPT-Image-19-de-mai.-de-2025-12_41_24.png?resize=200%2C300&amp;ssl=1 200w, https:\/\/i0.wp.com\/1truenote.com\/wp-content\/uploads\/2025\/05\/ChatGPT-Image-19-de-mai.-de-2025-12_41_24.png?resize=768%2C1152&amp;ssl=1 768w, https:\/\/i0.wp.com\/1truenote.com\/wp-content\/uploads\/2025\/05\/ChatGPT-Image-19-de-mai.-de-2025-12_41_24.png?resize=150%2C225&amp;ssl=1 150w, https:\/\/i0.wp.com\/1truenote.com\/wp-content\/uploads\/2025\/05\/ChatGPT-Image-19-de-mai.-de-2025-12_41_24.png?w=1024&amp;ssl=1 1024w\" sizes=\"(max-width: 683px) 100vw, 683px\" \/><\/figure>\n\n\n\n<h2 id='\ud83c\udf3c-jardim-o-pulm\u00e3o-verde-da-casa'  class=\"wp-block-heading\"><strong>\ud83c\udf3c Jardim: O Pulm\u00e3o Verde da Casa<\/strong><\/h2>\n\n\n\n<h3 id='\ud83e\udeb4-jardins-verticais-e-vasos-vers\u00e1teis'  class=\"wp-block-heading\"><strong>\ud83e\udeb4 Jardins verticais e vasos vers\u00e1teis<\/strong><\/h3>\n\n\n\n<p>Ideais para apartamentos ou casas pequenas. Use ervas, flores e hortali\u00e7as que s\u00e3o bonitas e \u00fateis no dia a dia.<\/p>\n\n\n\n<h3 id='\ud83c\udf33-paisagismo-funcional-que-valoriza'  class=\"wp-block-heading\"><strong>\ud83c\udf33 Paisagismo funcional que valoriza<\/strong><\/h3>\n\n\n\n<ul class=\"wp-block-list\">\n<li>Cercas-vivas para privacidade<\/li>\n\n\n\n<li>\u00c1rvores para sombra estrat\u00e9gica<\/li>\n\n\n\n<li>Canteiros que delimitam espa\u00e7os<\/li>\n<\/ul>\n\n\n\n<h3 id='\ud83d\udca1-ilumina\u00e7\u00e3o-externa-charmosa-e-pr\u00e1tica'  class=\"wp-block-heading\"><strong>\ud83d\udca1 Ilumina\u00e7\u00e3o externa charmosa e pr\u00e1tica<\/strong><\/h3>\n\n\n\n<ul class=\"wp-block-list\">\n<li>Fitas LED<\/li>\n\n\n\n<li>Refletores solares<\/li>\n\n\n\n<li>Lumin\u00e1rias de estaca<\/li>\n<\/ul>\n\n\n\n<h2 id='\ud83e\uddf9-manuten\u00e7\u00e3o-inteligente-cuidados-que-valem-ouro'  class=\"wp-block-heading\"><strong>\ud83e\uddf9 Manuten\u00e7\u00e3o Inteligente: Cuidados que Valem Ouro<\/strong><\/h2>\n\n\n\n<h3 id='\ud83d\udcc5-limpeza-com-rotina-definida'  class=\"wp-block-heading\"><strong>\ud83d\udcc5 Limpeza com rotina definida<\/strong><\/h3>\n\n\n\n<p>Evite ac\u00famulo com cronogramas semanais e uso de produtos multiuso. Automatize o que puder.<\/p>\n\n\n\n<h3 id='\ud83d\udd27-manuten\u00e7\u00e3o-preventiva-sempre'  class=\"wp-block-heading\"><strong>\ud83d\udd27 Manuten\u00e7\u00e3o preventiva sempre<\/strong><\/h3>\n\n\n\n<p>Cheque:<\/p>\n\n\n\n<ul class=\"wp-block-list\">\n<li>El\u00e9trica<\/li>\n\n\n\n<li>Hidr\u00e1ulica<\/li>\n\n\n\n<li>Pinturas e rejuntes<\/li>\n<\/ul>\n\n\n\n<h3 id='\ud83c\udf3b-cuidados-com-o-jardim'  class=\"wp-block-heading\"><strong>\ud83c\udf3b Cuidados com o jardim<\/strong><\/h3>\n\n\n\n<ul class=\"wp-block-list\">\n<li>Regas controladas<\/li>\n\n\n\n<li>Aduba\u00e7\u00e3o correta<\/li>\n\n\n\n<li>Podas regulares<\/li>\n\n\n\n<li>Irriga\u00e7\u00e3o automatizada (quando poss\u00edvel)<\/li>\n<\/ul>\n\n\n\n<h2 id='\ud83c\udf1e-integra\u00e7\u00e3o-casa-jardim-tend\u00eancia-atemporal'  class=\"wp-block-heading\"><strong>\ud83c\udf1e Integra\u00e7\u00e3o Casa &amp; Jardim: Tend\u00eancia Atemporal<\/strong><\/h2>\n\n\n\n<ul class=\"wp-block-list\">\n<li>Portas de vidro que conectam espa\u00e7os<\/li>\n\n\n\n<li>Decks e varandas gourmets<\/li>\n\n\n\n<li>Coberturas retr\u00e1teis para \u00e1reas externas<\/li>\n<\/ul>\n\n\n\n<h2 id='\ud83c\udf31-sustentabilidade-em-casa-jardim'  class=\"wp-block-heading\"><strong>\ud83c\udf31 Sustentabilidade em Casa &amp; Jardim<\/strong><\/h2>\n\n\n\n<h3 id='\ud83c\udf43-escolhas-que-fazem-a-diferen\u00e7a'  class=\"wp-block-heading\"><strong>\ud83c\udf43 Escolhas que fazem a diferen\u00e7a<\/strong><\/h3>\n\n\n\n<ul class=\"wp-block-list\">\n<li>M\u00f3veis com madeira certificada<\/li>\n\n\n\n<li>Reutiliza\u00e7\u00e3o criativa de objetos<\/li>\n\n\n\n<li>Energia solar como fonte limpa<\/li>\n<\/ul>\n\n\n\n<h3 id='\ud83c\udf3f-compostagem-e-hortas-caseiras'  class=\"wp-block-heading\"><strong>\ud83c\udf3f Compostagem e hortas caseiras<\/strong><\/h3>\n\n\n\n<ul class=\"wp-block-list\">\n<li>Reduza o lixo com compostagem org\u00e2nica<\/li>\n\n\n\n<li>Tenha temperos frescos sempre \u00e0 m\u00e3o<\/li>\n\n\n\n<li>Cultive em canteiros, vasos ou jardineiras<\/li>\n<\/ul>\n\n\n\n<hr class=\"wp-block-separator has-alpha-channel-opacity\"\/>\n\n\n\n<figure class=\"wp-block-image aligncenter size-large\"><img data-recalc-dims=\"1\" decoding=\"async\" width=\"1024\" height=\"683\" src=\"https:\/\/i0.wp.com\/1truenote.com\/wp-content\/uploads\/2025\/05\/ChatGPT-Image-19-de-mai.-de-2025-12_48_21.png?resize=1024%2C683&#038;ssl=1\" alt=\"Casa &amp; Jardim exuberante\" class=\"wp-image-1907\" srcset=\"https:\/\/i0.wp.com\/1truenote.com\/wp-content\/uploads\/2025\/05\/ChatGPT-Image-19-de-mai.-de-2025-12_48_21.png?resize=1024%2C683&amp;ssl=1 1024w, https:\/\/i0.wp.com\/1truenote.com\/wp-content\/uploads\/2025\/05\/ChatGPT-Image-19-de-mai.-de-2025-12_48_21.png?resize=300%2C200&amp;ssl=1 300w, https:\/\/i0.wp.com\/1truenote.com\/wp-content\/uploads\/2025\/05\/ChatGPT-Image-19-de-mai.-de-2025-12_48_21.png?resize=768%2C512&amp;ssl=1 768w, https:\/\/i0.wp.com\/1truenote.com\/wp-content\/uploads\/2025\/05\/ChatGPT-Image-19-de-mai.-de-2025-12_48_21.png?resize=150%2C100&amp;ssl=1 150w, https:\/\/i0.wp.com\/1truenote.com\/wp-content\/uploads\/2025\/05\/ChatGPT-Image-19-de-mai.-de-2025-12_48_21.png?w=1536&amp;ssl=1 1536w\" sizes=\"(max-width: 1024px) 100vw, 1024px\" \/><\/figure>\n\n\n\n<h2 id='\u267b\ufe0f-reaproveitamento-criativo-sustentabilidade-com-estilo-na-casa-jardim'  class=\"wp-block-heading\"><strong>\u267b\ufe0f Reaproveitamento Criativo: Sustentabilidade com Estilo na Casa &amp; Jardim<\/strong><\/h2>\n\n\n\n<p>Sustentabilidade n\u00e3o \u00e9 apenas instalar pain\u00e9is solares ou fazer compostagem. Ela come\u00e7a nas pequenas escolhas do dia a dia: m\u00f3veis reaproveitados, objetos reciclados, materiais naturais e dur\u00e1veis. Uma escada antiga pode virar uma estante charmosa. Caixotes de feira podem se transformar em nichos ou arm\u00e1rios.<\/p>\n\n\n\n<p>A criatividade \u00e9 o melhor caminho para transformar a Casa &amp; Jardim com responsabilidade ambiental. Al\u00e9m de reduzir o consumo, o reaproveitamento d\u00e1 origem a pe\u00e7as \u00fanicas, cheias de hist\u00f3ria e personalidade. Isso sem falar na economia e na satisfa\u00e7\u00e3o de criar algo com as pr\u00f3prias m\u00e3os.<\/p>\n\n\n\n<h2 id='\ud83d\uddbc\ufe0f-personaliza\u00e7\u00e3o-casa-que-conta-hist\u00f3rias'  class=\"wp-block-heading\"><strong>\ud83d\uddbc\ufe0f Personaliza\u00e7\u00e3o: Casa que Conta Hist\u00f3rias<\/strong><\/h2>\n\n\n\n<p>Cada ambiente da Casa &amp; Jardim deve refletir quem voc\u00ea \u00e9. Isso significa trazer elementos pessoais para a decora\u00e7\u00e3o, como lembran\u00e7as de viagens, objetos herdados, fotos de momentos especiais ou pe\u00e7as feitas \u00e0 m\u00e3o. Esses itens n\u00e3o precisam seguir uma linha est\u00e9tica r\u00edgida \u2014 o importante \u00e9 que eles tragam significado.<\/p>\n\n\n\n<p>Misturar o novo com o antigo tamb\u00e9m \u00e9 uma \u00f3tima forma de economizar e dar personalidade aos espa\u00e7os. Uma cristaleira da av\u00f3, por exemplo, pode ganhar nova vida com pintura colorida e servir como arm\u00e1rio de livros. J\u00e1 molduras antigas podem ser reaproveitadas como quadros criativos com colagens ou tecidos estampados.<\/p>\n\n\n\n<h2 id='\ud83e\uddd8\u200d\u2640\ufe0f-ambientes-de-bem-estar-espa\u00e7os-para-relaxar-e-cuidar-de-si'  class=\"wp-block-heading\"><strong>\ud83e\uddd8\u200d\u2640\ufe0f Ambientes de Bem-Estar: Espa\u00e7os para Relaxar e Cuidar de Si<\/strong><\/h2>\n\n\n\n<p>Em um mundo acelerado, a Casa &amp; Jardim precisa oferecer momentos de pausa. Crie cantinhos de descanso, leitura ou medita\u00e7\u00e3o, mesmo que em espa\u00e7os pequenos. Uma poltrona confort\u00e1vel perto da janela, uma rede na varanda ou um banco de jardim sob a sombra j\u00e1 s\u00e3o suficientes para criar ref\u00fagios de tranquilidade.<\/p>\n\n\n\n<p>Esses espa\u00e7os contribuem para a sa\u00fade mental, promovem o autocuidado e favorecem uma rotina mais equilibrada. E o melhor: n\u00e3o exigem grandes reformas, apenas inten\u00e7\u00e3o e sensibilidade.<\/p>\n\n\n\n<h2 id='\ud83d\udcd0-b\u00f4nus-solu\u00e7\u00f5es-criativas-para-casas-pequenas'  class=\"wp-block-heading\"><strong>\ud83d\udcd0 B\u00f4nus: Solu\u00e7\u00f5es Criativas para Casas Pequenas<\/strong><\/h2>\n\n\n\n<p>A otimiza\u00e7\u00e3o de ambientes \u00e9 especialmente importante em im\u00f3veis compactos. Nichos embutidos, m\u00f3veis planejados e divis\u00f3rias funcionais s\u00e3o apenas algumas das solu\u00e7\u00f5es inteligentes para Casa &amp; Jardim.<\/p>\n\n\n\n<p>Por exemplo, uma estante pode separar dois c\u00f4modos sem bloquear a luminosidade, enquanto um banco ba\u00fa no hall de entrada pode ser assento e espa\u00e7o de armazenamento ao mesmo tempo.<\/p>\n\n\n\n<p>At\u00e9 o teto pode ser aproveitado: prateleiras altas s\u00e3o perfeitas para livros ou objetos decorativos que n\u00e3o s\u00e3o usados com frequ\u00eancia. J\u00e1 em cozinhas e banheiros pequenos, arm\u00e1rios at\u00e9 o alto da parede aumentam a capacidade de organiza\u00e7\u00e3o sem comprometer a circula\u00e7\u00e3o.<\/p>\n\n\n\n<hr class=\"wp-block-separator has-alpha-channel-opacity\"\/>\n\n\n\n<h2 id='\u2753perguntas-frequentes-sobre-casa-jardim-faq'  class=\"wp-block-heading\"><strong>\u2753Perguntas Frequentes sobre Casa &amp; Jardim &#8211; FAQ<\/strong><\/h2>\n\n\n<div id=\"rank-math-faq\" class=\"rank-math-block\">\n<div class=\"rank-math-list\">\n<div id=\"faq-question-1747668717548\" class=\"rank-math-list-item\">\n<h3 id='1-como-come\u00e7ar-a-decorar-minha-casa-com-pouco-dinheiro'  class=\"rank-math-question\"><strong>1. Como come\u00e7ar a decorar minha casa com pouco dinheiro?<\/strong><\/h3>\n<div class=\"rank-math-answer\">\n\n<p>Invista em DIY, reutilize objetos antigos e compre em brech\u00f3s. Pinturas e novos tecidos tamb\u00e9m fazem diferen\u00e7a.<\/p>\n\n<\/div>\n<\/div>\n<div id=\"faq-question-1747668778217\" class=\"rank-math-list-item\">\n<h3 id='2-quais-plantas-s\u00e3o-ideais-para-iniciantes'  class=\"rank-math-question\"><strong>2. Quais plantas s\u00e3o ideais para iniciantes?<\/strong><\/h3>\n<div class=\"rank-math-answer\">\n\n<p>Espada-de-s\u00e3o-jorge, suculentas, jiboias e lavanda s\u00e3o f\u00e1ceis de cuidar.<\/p>\n\n<\/div>\n<\/div>\n<div id=\"faq-question-1747668852813\" class=\"rank-math-list-item\">\n<h3 id='3-posso-ter-jardim-em-apartamento'  class=\"rank-math-question\"><strong>3. Posso ter jardim em apartamento?<\/strong><\/h3>\n<div class=\"rank-math-answer\">\n\n<p>Sim! Use vasos em sacadas, jardins verticais ou mini-hortas na cozinha.<\/p>\n\n<\/div>\n<\/div>\n<div id=\"faq-question-1747668860301\" class=\"rank-math-list-item\">\n<h3 id='4-o-que-\u00e9-essencial-em-um-jardim-funcional'  class=\"rank-math-question\"><strong>4. O que \u00e9 essencial em um jardim funcional?<\/strong><\/h3>\n<div class=\"rank-math-answer\">\n\n<p>Ilumina\u00e7\u00e3o adequada, plantas adaptadas ao clima local e boa drenagem.<\/p>\n\n<\/div>\n<\/div>\n<div id=\"faq-question-1747668871283\" class=\"rank-math-list-item\">\n<h3 id='5-como-manter-a-casa-organizada-com-crian\u00e7as'  class=\"rank-math-question\"><strong>5. Como manter a casa organizada com crian\u00e7as?<\/strong><\/h3>\n<div class=\"rank-math-answer\">\n\n<p>Use caixas por categoria, m\u00f3veis baixos e incentive o h\u00e1bito de guardar ap\u00f3s o uso.<\/p>\n\n<\/div>\n<\/div>\n<div id=\"faq-question-1747668879291\" class=\"rank-math-list-item\">\n<h3 id='6-qual-\u00e9-o-melhor-piso-para-\u00e1reas-externas'  class=\"rank-math-question\"><strong>6. Qual \u00e9 o melhor piso para \u00e1reas externas?<\/strong><\/h3>\n<div class=\"rank-math-answer\">\n\n<p>Pisos antiderrapantes, como porcelanato r\u00fastico e ciment\u00edcio drenante.<\/p>\n\n<\/div>\n<\/div>\n<\/div>\n<\/div>\n\n\n<hr class=\"wp-block-separator has-alpha-channel-opacity\"\/>\n\n\n\n<h2 id='\ud83d\udd1a-casa-jardim-como-estilo-de-vida'  class=\"wp-block-heading\"><strong>\ud83d\udd1a Casa &amp; Jardim como Estilo de Vida<\/strong><\/h2>\n\n\n\n<p>Morar bem vai al\u00e9m da beleza. \u00c9 criar um espa\u00e7o com inten\u00e7\u00e3o, praticidade e personalidade. Ao integrar <strong><a href=\"https:\/\/revistacasaejardim.globo.com\/\" data-type=\"link\" data-id=\"https:\/\/revistacasaejardim.globo.com\/\" target=\"_blank\" rel=\"noopener\">Home &amp; Garden<\/a><\/strong>, voc\u00ea investe em qualidade de vida, conforto e bem-estar.<\/p>\n\n\n\n<p>Esse guia \u00e9 o primeiro passo. Continue conosco no blog da <a href=\"https:\/\/1truenote.com\/en\/\" data-type=\"link\" data-id=\"https:\/\/1truenote.com\/\"><strong>True Note<\/strong><\/a> para mais dicas pr\u00e1ticas e estilosas!<\/p>\n\n\n\n<figure class=\"wp-block-image aligncenter size-large\"><img data-recalc-dims=\"1\" decoding=\"async\" width=\"1024\" height=\"683\" src=\"https:\/\/i0.wp.com\/1truenote.com\/wp-content\/uploads\/2025\/05\/ChatGPT-Image-19-de-mai.-de-2025-12_29_26.png?resize=1024%2C683&#038;ssl=1\" alt=\"Casa &amp; Jardim\" class=\"wp-image-1904\" srcset=\"https:\/\/i0.wp.com\/1truenote.com\/wp-content\/uploads\/2025\/05\/ChatGPT-Image-19-de-mai.-de-2025-12_29_26.png?resize=1024%2C683&amp;ssl=1 1024w, https:\/\/i0.wp.com\/1truenote.com\/wp-content\/uploads\/2025\/05\/ChatGPT-Image-19-de-mai.-de-2025-12_29_26.png?resize=300%2C200&amp;ssl=1 300w, https:\/\/i0.wp.com\/1truenote.com\/wp-content\/uploads\/2025\/05\/ChatGPT-Image-19-de-mai.-de-2025-12_29_26.png?resize=768%2C512&amp;ssl=1 768w, https:\/\/i0.wp.com\/1truenote.com\/wp-content\/uploads\/2025\/05\/ChatGPT-Image-19-de-mai.-de-2025-12_29_26.png?resize=150%2C100&amp;ssl=1 150w, https:\/\/i0.wp.com\/1truenote.com\/wp-content\/uploads\/2025\/05\/ChatGPT-Image-19-de-mai.-de-2025-12_29_26.png?w=1536&amp;ssl=1 1536w\" sizes=\"(max-width: 1024px) 100vw, 1024px\" \/><\/figure>\n\n\n\n<hr class=\"wp-block-separator has-alpha-channel-opacity\"\/>","protected":false},"excerpt":{"rendered":"<p>A casa perfeita vai al\u00e9m das paredes e do teto \u2014 ela expressa sua personalidade, acolhe mem\u00f3rias e precisa funcionar&#8230;<\/p>","protected":false},"author":1,"featured_media":1904,"comment_status":"open","ping_status":"open","sticky":false,"template":"","format":"standard","meta":{"_kad_post_transparent":"","_kad_post_title":"","_kad_post_layout":"","_kad_post_sidebar_id":"","_kad_post_content_style":"","_kad_post_vertical_padding":"","_kad_post_feature":"","_kad_post_feature_position":"","_kad_post_header":false,"_kad_post_footer":false,"_kad_post_classname":"","footnotes":"","jetpack_publicize_message":"","jetpack_publicize_feature_enabled":true,"jetpack_social_post_already_shared":false,"jetpack_social_options":{"image_generator_settings":{"template":"highway","default_image_id":0,"font":"","enabled":false},"version":2}},"categories":[16],"tags":[15,13,29,12],"class_list":["post-1903","post","type-post","status-publish","format-standard","has-post-thumbnail","hentry","category-casa-e-jardim","tag-conservacao-e-manutencao","tag-minimalista","tag-jardim","tag-projetos-inovadores"],"jetpack_publicize_connections":[],"jetpack_featured_media_url":"https:\/\/i0.wp.com\/1truenote.com\/wp-content\/uploads\/2025\/05\/ChatGPT-Image-19-de-mai.-de-2025-12_29_26.png?fit=1536%2C1024&ssl=1","jetpack_sharing_enabled":true,"_links":{"self":[{"href":"https:\/\/1truenote.com\/en\/wp-json\/wp\/v2\/posts\/1903","targetHints":{"allow":["GET"]}}],"collection":[{"href":"https:\/\/1truenote.com\/en\/wp-json\/wp\/v2\/posts"}],"about":[{"href":"https:\/\/1truenote.com\/en\/wp-json\/wp\/v2\/types\/post"}],"author":[{"embeddable":true,"href":"https:\/\/1truenote.com\/en\/wp-json\/wp\/v2\/users\/1"}],"replies":[{"embeddable":true,"href":"https:\/\/1truenote.com\/en\/wp-json\/wp\/v2\/comments?post=1903"}],"version-history":[{"count":0,"href":"https:\/\/1truenote.com\/en\/wp-json\/wp\/v2\/posts\/1903\/revisions"}],"wp:featuredmedia":[{"embeddable":true,"href":"https:\/\/1truenote.com\/en\/wp-json\/wp\/v2\/media\/1904"}],"wp:attachment":[{"href":"https:\/\/1truenote.com\/en\/wp-json\/wp\/v2\/media?parent=1903"}],"wp:term":[{"taxonomy":"category","embeddable":true,"href":"https:\/\/1truenote.com\/en\/wp-json\/wp\/v2\/categories?post=1903"},{"taxonomy":"post_tag","embeddable":true,"href":"https:\/\/1truenote.com\/en\/wp-json\/wp\/v2\/tags?post=1903"}],"curies":[{"name":"wp","href":"https:\/\/api.w.org\/{rel}","templated":true}]}}