{"id":1900,"date":"2025-05-19T18:13:04","date_gmt":"2025-05-19T15:13:04","guid":{"rendered":"https:\/\/1truenote.com\/?p=1900"},"modified":"2025-09-27T18:16:59","modified_gmt":"2025-09-27T21:16:59","slug":"decoracao-para-area-gourmet-externa","status":"publish","type":"post","link":"https:\/\/1truenote.com\/en\/decoracao-para-area-gourmet-externa\/","title":{"rendered":"Como planejar a decora\u00e7\u00e3o para \u00e1reas gourmet externas com estilo e funcionalidade"},"content":{"rendered":"<div class=\"fit_content\">\n                <div class=\"bd_toc_container\" data-fixedwidth=\"\">\n                    <div class=\"bd_toc_wrapper\" data-wrapperpadding=\"48px\">\n                        <div class=\"bd_toc_wrapper_item\">\n                            <div class=\"bd_toc_header active\" data-headerpadding=\"2px\">\n                                <div class=\"bd_toc_header_title\">\n                                    Sum\u00e1rio                                <\/div>\n                                <div class=\"bd_toc_switcher_hide_show_icon\">\n                                    <span class=\"bd_toc_arrow\"><\/span>                                <\/div>\n                            <\/div>\n                            <div class=\"bd_toc_content list-type-number\">\n                                <div class=\"bd_toc_content_list\">\n                                    <div class='bd_toc_content_list_item'>    <ul>\n      <li class=\"first\">\n        <a href=\"#\ud83e\uddf1-escolha-materiais-resistentes-e-com-charme-para-a-decora\u00e7\u00e3o-para-\u00e1rea-gourmet\">\ud83e\uddf1 Escolha materiais resistentes e com charme para a decora\u00e7\u00e3o para \u00e1rea gourmet<\/a>\n      <\/li>\n      <li>\n        <a href=\"#\ud83c\udfa8-paleta-de-cores-que-conversa-com-a-natureza\">\ud83c\udfa8 Paleta de cores que conversa com a natureza<\/a>\n      <\/li>\n      <li>\n        <a href=\"#\ud83d\udd25-espa\u00e7o-de-preparo-bem-posicionado\">\ud83d\udd25 Espa\u00e7o de preparo bem posicionado<\/a>\n      <\/li>\n      <li>\n        <a href=\"#\ud83e\ude91-m\u00f3veis-que-convidam-a-ficar\">\ud83e\ude91 M\u00f3veis que convidam a ficar<\/a>\n      <\/li>\n      <li>\n        <a href=\"#\ud83d\udca1-ilumina\u00e7\u00e3o-para-encantar\">\ud83d\udca1 Ilumina\u00e7\u00e3o para encantar<\/a>\n      <\/li>\n      <li>\n        <a href=\"#\ud83c\udf3f-integra\u00e7\u00e3o-com-o-jardim-e-decora\u00e7\u00e3o-viva\">\ud83c\udf3f Integra\u00e7\u00e3o com o jardim e decora\u00e7\u00e3o viva<\/a>\n      <\/li>\n      <li class=\"last\">\n        <a href=\"#\ud83e\udded-seu-estilo-\u00e9-o-ingrediente-principal-decora\u00e7\u00e3o-para-\u00e1rea-gourmet\">\ud83e\udded Seu estilo \u00e9 o ingrediente principal &#8211; Decora\u00e7\u00e3o para \u00e1rea gourmet<\/a>\n      <\/li>\n    <\/ul>\n<\/div>                                <\/div>\n                            <\/div>\n                        <\/div>\n                    <\/div>\n                    <div class=\"layout_toggle_button\">\n                        <span class=\"bd_toc_arrow\"><\/span>\n                    <\/div>\n                <\/div>\n            <\/div>\n\n    \n\n\n<p>Decora\u00e7\u00e3o para \u00e1rea gourmet. Ter uma \u00e1rea gourmet externa virou sin\u00f4nimo de qualidade de vida. Mais do que um espa\u00e7o para receber visitas, ela se tornou o cora\u00e7\u00e3o social da casa \u2014 onde se compartilha comida, conversa boa e momentos que ficam na mem\u00f3ria. Mas como garantir que o espa\u00e7o fique bonito, pr\u00e1tico e acolhedor ao mesmo tempo?<\/p>\n\n\n\n<p>Saber planejar a <strong>decora\u00e7\u00e3o para \u00e1rea gourmet externa<\/strong> \u00e9 essencial para aproveitar todo o potencial desse ambiente. Seja um espa\u00e7o grande com churrasqueira e bancada completa, ou apenas uma varanda com mesa e apoio para drinks, o segredo est\u00e1 na escolha inteligente de materiais, m\u00f3veis e pequenos detalhes.<\/p>\n\n\n\n<hr class=\"wp-block-separator has-alpha-channel-opacity\"\/>\n\n\n\n<h2 id='\ud83e\uddf1-escolha-materiais-resistentes-e-com-charme-para-a-decora\u00e7\u00e3o-para-\u00e1rea-gourmet'  class=\"wp-block-heading\">\ud83e\uddf1 Escolha materiais resistentes e com charme para a decora\u00e7\u00e3o para \u00e1rea gourmet<\/h2>\n\n\n\n<p>Como estamos falando de \u00e1rea externa, o primeiro ponto \u00e9 escolher materiais que resistam bem \u00e0s varia\u00e7\u00f5es de temperatura, umidade e exposi\u00e7\u00e3o solar. Isso vale tanto para os m\u00f3veis quanto para o piso, a parede e os utens\u00edlios.<\/p>\n\n\n\n<p>\u2022 Mesas de madeira tratada ou alum\u00ednio pintado resistem bem ao tempo<br>\u2022 Revestimentos cer\u00e2micos ou ciment\u00edcios s\u00e3o \u00f3timos para paredes e ch\u00e3o<br>\u2022 Bancadas de granito, inox ou porcelanato facilitam a limpeza e duram anos<\/p>\n\n\n\n<p>A funcionalidade precisa andar junto com a beleza. Um espa\u00e7o gourmet com cara de sala de estar ao ar livre \u00e9 o novo luxo acess\u00edvel.<\/p>\n\n\n\n<hr class=\"wp-block-separator has-alpha-channel-opacity\"\/>\n\n\n\n<h2 id='\ud83c\udfa8-paleta-de-cores-que-conversa-com-a-natureza'  class=\"wp-block-heading\">\ud83c\udfa8 Paleta de cores que conversa com a natureza<\/h2>\n\n\n\n<p>A <strong>decora\u00e7\u00e3o para \u00e1rea gourmet externa<\/strong> fica mais harm\u00f4nica quando os tons escolhidos refletem o clima do ambiente. Cores terrosas, verdes, beges e tons de madeira ajudam a criar uma sensa\u00e7\u00e3o de integra\u00e7\u00e3o com o jardim ou quintal.<\/p>\n\n\n\n<p>Mas nada impede toques ousados: almofadas com estampas tropicais, lumin\u00e1rias em tons quentes ou detalhes em azul-marinho trazem personalidade e refor\u00e7am o estilo descontra\u00eddo. A regra aqui \u00e9 simples: acolhimento com identidade.<\/p>\n\n\n\n<hr class=\"wp-block-separator has-alpha-channel-opacity\"\/>\n\n\n\n<h2 id='\ud83d\udd25-espa\u00e7o-de-preparo-bem-posicionado'  class=\"wp-block-heading\">\ud83d\udd25 Espa\u00e7o de preparo bem posicionado<\/h2>\n\n\n\n<p>Se a ideia \u00e9 ter churrasqueira, fog\u00e3o ou forno \u00e0 lenha, pense bem na disposi\u00e7\u00e3o desses elementos. Eles devem estar pr\u00f3ximos da bancada de apoio e longe da passagem principal, para evitar fuma\u00e7a e aglomera\u00e7\u00e3o em momentos de preparo.<\/p>\n\n\n\n<p>Mesmo em espa\u00e7os compactos, \u00e9 poss\u00edvel criar solu\u00e7\u00f5es inteligentes com <strong>bancadas estreitas, prateleiras suspensas e arm\u00e1rios embutidos<\/strong>. O importante \u00e9 que tudo esteja \u00e0 m\u00e3o, sem comprometer a circula\u00e7\u00e3o ou a est\u00e9tica.<\/p>\n\n\n\n<hr class=\"wp-block-separator has-alpha-channel-opacity\"\/>\n\n\n\n<h2 id='\ud83e\ude91-m\u00f3veis-que-convidam-a-ficar'  class=\"wp-block-heading\">\ud83e\ude91 M\u00f3veis que convidam a ficar<\/h2>\n\n\n\n<p>A \u00e1rea gourmet \u00e9 feita para relaxar. Por isso, cadeiras desconfort\u00e1veis ou mesas pequenas demais n\u00e3o combinam com essa proposta. Prefira bancos com almofadas, mesas largas e cadeiras com encosto. Sof\u00e1s de pallet com estofado imperme\u00e1vel tamb\u00e9m funcionam bem em \u00e1reas cobertas.<\/p>\n\n\n\n<p>Se houver espa\u00e7o, aposte em um <strong>cantinho lounge com poltronas ou espregui\u00e7adeiras<\/strong>, perfeito para relaxar enquanto a comida fica pronta. E n\u00e3o esque\u00e7a da mesa lateral para apoiar ta\u00e7as e petiscos.<\/p>\n\n\n\n<hr class=\"wp-block-separator has-alpha-channel-opacity\"\/>\n\n\n\n<h2 id='\ud83d\udca1-ilumina\u00e7\u00e3o-para-encantar'  class=\"wp-block-heading\">\ud83d\udca1 Ilumina\u00e7\u00e3o para encantar<\/h2>\n\n\n\n<p>Uma boa ilumina\u00e7\u00e3o transforma a experi\u00eancia. Durante o dia, o ideal \u00e9 aproveitar ao m\u00e1ximo a luz natural \u2014 e proteger com coberturas de vidro, pergolados ou toldos retr\u00e1teis. \u00c0 noite, a m\u00e1gica acontece com pendentes, fitas de LED e lumin\u00e1rias de piso.<\/p>\n\n\n\n<p>Para criar um clima ainda mais aconchegante, use <strong>luz amarela e indireta<\/strong>, velas ou lanternas. O resultado \u00e9 um espa\u00e7o gourmet que vira cen\u00e1rio perfeito para encontros memor\u00e1veis.<\/p>\n\n\n\n<hr class=\"wp-block-separator has-alpha-channel-opacity\"\/>\n\n\n\n<h2 id='\ud83c\udf3f-integra\u00e7\u00e3o-com-o-jardim-e-decora\u00e7\u00e3o-viva'  class=\"wp-block-heading\">\ud83c\udf3f Integra\u00e7\u00e3o com o jardim e decora\u00e7\u00e3o viva<\/h2>\n\n\n\n<p>Integrar a <strong>decora\u00e7\u00e3o de \u00e1rea gourmet<\/strong> com o jardim \u00e9 mais f\u00e1cil do que parece. Vasos com temperos frescos, floreiras com lavanda, alecrim ou manjeric\u00e3o e at\u00e9 treli\u00e7as com plantas pendentes d\u00e3o vida ao ambiente e conectam o espa\u00e7o \u00e0 natureza.<\/p>\n\n\n\n<p>Al\u00e9m de decorar, essas plantas ainda podem ser usadas no preparo das receitas \u2014 funcionalidade com beleza e aroma. Se houver espa\u00e7o, um pequeno jardim vertical na parede tamb\u00e9m \u00e9 um \u00f3timo recurso.<\/p>\n\n\n\n<hr class=\"wp-block-separator has-alpha-channel-opacity\"\/>\n\n\n\n<h2 id='\ud83e\udded-seu-estilo-\u00e9-o-ingrediente-principal-decora\u00e7\u00e3o-para-\u00e1rea-gourmet'  class=\"wp-block-heading\">\ud83e\udded Seu estilo \u00e9 o ingrediente principal &#8211; Decora\u00e7\u00e3o para \u00e1rea gourmet<\/h2>\n\n\n\n<p>N\u00e3o existe uma f\u00f3rmula \u00fanica para montar uma boa <strong><a href=\"https:\/\/revistacasaejardim.globo.com\/\" data-type=\"link\" data-id=\"https:\/\/revistacasaejardim.globo.com\/\" target=\"_blank\" rel=\"noopener\">decora\u00e7\u00e3o para \u00e1rea gourmet extern<\/a>a<\/strong>. O segredo est\u00e1 em refletir seu estilo de vida, suas prefer\u00eancias e como voc\u00ea gosta de receber. Um espa\u00e7o com alma \u00e9 sempre mais convidativo.<\/p>\n\n\n\n<p>Seja moderno, r\u00fastico, boho ou minimalista, o que importa \u00e9 que a \u00e1rea gourmet seja um prolongamento da sua casa \u2014 e da sua ess\u00eancia. E com planejamento, criatividade e boas escolhas, ela pode ser o melhor lugar do mundo. Voc\u00ea pode ver mais decora\u00e7\u00e3o para \u00e1rea gourmet <a href=\"https:\/\/1truenote.com\/en\/casa-jardim-transformar-ambientes-com-estilo\/\" data-type=\"link\" data-id=\"https:\/\/1truenote.com\/casa-jardim-transformar-ambientes-com-estilo\/\">aqui<\/a>.<\/p>\n\n\n\n<figure class=\"wp-block-image aligncenter size-large is-resized\"><img data-recalc-dims=\"1\" fetchpriority=\"high\" decoding=\"async\" width=\"1024\" height=\"683\" src=\"https:\/\/i0.wp.com\/1truenote.com\/wp-content\/uploads\/2025\/05\/ChatGPT-Image-19-de-mai.-de-2025-12_12_48.png?resize=1024%2C683&#038;ssl=1\" alt=\"decora\u00e7\u00e3o para \u00e1rea gourmet\" class=\"wp-image-1901\" style=\"width:523px;height:auto\" srcset=\"https:\/\/i0.wp.com\/1truenote.com\/wp-content\/uploads\/2025\/05\/ChatGPT-Image-19-de-mai.-de-2025-12_12_48.png?resize=1024%2C683&amp;ssl=1 1024w, https:\/\/i0.wp.com\/1truenote.com\/wp-content\/uploads\/2025\/05\/ChatGPT-Image-19-de-mai.-de-2025-12_12_48.png?resize=300%2C200&amp;ssl=1 300w, https:\/\/i0.wp.com\/1truenote.com\/wp-content\/uploads\/2025\/05\/ChatGPT-Image-19-de-mai.-de-2025-12_12_48.png?resize=768%2C512&amp;ssl=1 768w, https:\/\/i0.wp.com\/1truenote.com\/wp-content\/uploads\/2025\/05\/ChatGPT-Image-19-de-mai.-de-2025-12_12_48.png?resize=150%2C100&amp;ssl=1 150w, https:\/\/i0.wp.com\/1truenote.com\/wp-content\/uploads\/2025\/05\/ChatGPT-Image-19-de-mai.-de-2025-12_12_48.png?w=1536&amp;ssl=1 1536w\" sizes=\"(max-width: 1024px) 100vw, 1024px\" \/><\/figure>","protected":false},"excerpt":{"rendered":"<p>Decora\u00e7\u00e3o para \u00e1rea gourmet. Ter uma \u00e1rea gourmet externa virou sin\u00f4nimo de qualidade de vida. Mais do que um espa\u00e7o&#8230;<\/p>","protected":false},"author":1,"featured_media":1901,"comment_status":"open","ping_status":"open","sticky":false,"template":"","format":"standard","meta":{"_kad_post_transparent":"","_kad_post_title":"","_kad_post_layout":"","_kad_post_sidebar_id":"","_kad_post_content_style":"","_kad_post_vertical_padding":"","_kad_post_feature":"","_kad_post_feature_position":"","_kad_post_header":false,"_kad_post_footer":false,"_kad_post_classname":"","footnotes":"","jetpack_publicize_message":"","jetpack_publicize_feature_enabled":true,"jetpack_social_post_already_shared":false,"jetpack_social_options":{"image_generator_settings":{"template":"highway","default_image_id":0,"font":"","enabled":false},"version":2}},"categories":[16],"tags":[29,12],"class_list":["post-1900","post","type-post","status-publish","format-standard","has-post-thumbnail","hentry","category-casa-e-jardim","tag-jardim","tag-projetos-inovadores"],"jetpack_publicize_connections":[],"jetpack_featured_media_url":"https:\/\/i0.wp.com\/1truenote.com\/wp-content\/uploads\/2025\/05\/ChatGPT-Image-19-de-mai.-de-2025-12_12_48.png?fit=1536%2C1024&ssl=1","jetpack_sharing_enabled":true,"_links":{"self":[{"href":"https:\/\/1truenote.com\/en\/wp-json\/wp\/v2\/posts\/1900","targetHints":{"allow":["GET"]}}],"collection":[{"href":"https:\/\/1truenote.com\/en\/wp-json\/wp\/v2\/posts"}],"about":[{"href":"https:\/\/1truenote.com\/en\/wp-json\/wp\/v2\/types\/post"}],"author":[{"embeddable":true,"href":"https:\/\/1truenote.com\/en\/wp-json\/wp\/v2\/users\/1"}],"replies":[{"embeddable":true,"href":"https:\/\/1truenote.com\/en\/wp-json\/wp\/v2\/comments?post=1900"}],"version-history":[{"count":1,"href":"https:\/\/1truenote.com\/en\/wp-json\/wp\/v2\/posts\/1900\/revisions"}],"predecessor-version":[{"id":4303,"href":"https:\/\/1truenote.com\/en\/wp-json\/wp\/v2\/posts\/1900\/revisions\/4303"}],"wp:featuredmedia":[{"embeddable":true,"href":"https:\/\/1truenote.com\/en\/wp-json\/wp\/v2\/media\/1901"}],"wp:attachment":[{"href":"https:\/\/1truenote.com\/en\/wp-json\/wp\/v2\/media?parent=1900"}],"wp:term":[{"taxonomy":"category","embeddable":true,"href":"https:\/\/1truenote.com\/en\/wp-json\/wp\/v2\/categories?post=1900"},{"taxonomy":"post_tag","embeddable":true,"href":"https:\/\/1truenote.com\/en\/wp-json\/wp\/v2\/tags?post=1900"}],"curies":[{"name":"wp","href":"https:\/\/api.w.org\/{rel}","templated":true}]}}