{"id":1897,"date":"2025-05-19T18:07:57","date_gmt":"2025-05-19T15:07:57","guid":{"rendered":"https:\/\/1truenote.com\/?p=1897"},"modified":"2025-05-19T22:54:34","modified_gmt":"2025-05-19T19:54:34","slug":"como-cuidar-do-gramado-o-ano-todo","status":"publish","type":"post","link":"https:\/\/1truenote.com\/en\/como-cuidar-do-gramado-o-ano-todo\/","title":{"rendered":"Dicas para manter o gramado saud\u00e1vel o ano inteiro"},"content":{"rendered":"<div class=\"fit_content\">\n                <div class=\"bd_toc_container\" data-fixedwidth=\"\">\n                    <div class=\"bd_toc_wrapper\" data-wrapperpadding=\"48px\">\n                        <div class=\"bd_toc_wrapper_item\">\n                            <div class=\"bd_toc_header active\" data-headerpadding=\"2px\">\n                                <div class=\"bd_toc_header_title\">\n                                    Sum\u00e1rio                                <\/div>\n                                <div class=\"bd_toc_switcher_hide_show_icon\">\n                                    <span class=\"bd_toc_arrow\"><\/span>                                <\/div>\n                            <\/div>\n                            <div class=\"bd_toc_content list-type-number\">\n                                <div class=\"bd_toc_content_list\">\n                                    <div class='bd_toc_content_list_item'>    <ul>\n      <li class=\"first\">\n        <a href=\"#como-cuidar-do-gramado\">Como cuidar do gramado?<\/a>\n      <\/li>\n      <li>\n        <a href=\"#\ud83c\udf1e-ver\u00e3o-muita-\u00e1gua-e-aten\u00e7\u00e3o-ao-corte\">\ud83c\udf1e Ver\u00e3o: muita \u00e1gua e aten\u00e7\u00e3o ao corte<\/a>\n      <\/li>\n      <li>\n        <a href=\"#\ud83c\udf42-outono-hora-de-refor\u00e7ar-a-sa\u00fade-do-solo\">\ud83c\udf42 Outono: hora de refor\u00e7ar a sa\u00fade do solo<\/a>\n      <\/li>\n      <li>\n        <a href=\"#\u2744\ufe0f-inverno-descanso-e-observa\u00e7\u00e3o\">\u2744\ufe0f Inverno: descanso e observa\u00e7\u00e3o<\/a>\n      <\/li>\n      <li>\n        <a href=\"#\ud83c\udf38-primavera-recupera\u00e7\u00e3o-e-revitaliza\u00e7\u00e3o\">\ud83c\udf38 Primavera: recupera\u00e7\u00e3o e revitaliza\u00e7\u00e3o<\/a>\n      <\/li>\n      <li>\n        <a href=\"#\ud83d\udca7-como-regar-corretamente-em-cada-esta\u00e7\u00e3o\">\ud83d\udca7 Como regar corretamente em cada esta\u00e7\u00e3o<\/a>\n      <\/li>\n      <li>\n        <a href=\"#\ud83e\uddfa-cuidados-com-gramado-residencial-manuten\u00e7\u00e3o-simples-resultado-incr\u00edvel\">\ud83e\uddfa Cuidados com gramado residencial: manuten\u00e7\u00e3o simples, resultado incr\u00edvel<\/a>\n      <\/li>\n      <li class=\"last\">\n        <a href=\"#\ud83e\udded-cuidar-do-gramado-\u00e9-cuidar-do-lar\">\ud83e\udded Cuidar do gramado \u00e9 cuidar do lar<\/a>\n      <\/li>\n    <\/ul>\n<\/div>                                <\/div>\n                            <\/div>\n                        <\/div>\n                    <\/div>\n                    <div class=\"layout_toggle_button\">\n                        <span class=\"bd_toc_arrow\"><\/span>\n                    <\/div>\n                <\/div>\n            <\/div>\n\n    \n\n\n<p>Ter um gramado bonito n\u00e3o \u00e9 privil\u00e9gio de quem tem muito tempo ou dinheiro. Com pequenos h\u00e1bitos de cuidado, \u00e9 poss\u00edvel sim manter a grama verdinha e saud\u00e1vel durante as quatro esta\u00e7\u00f5es. Saber <strong>como cuidar do gramado o ano todo<\/strong> \u00e9 o segredo para um jardim que enche os olhos e o cora\u00e7\u00e3o.<\/p>\n\n\n\n<h2 id='como-cuidar-do-gramado'  class=\"wp-block-heading\">Como cuidar do gramado?<\/h2>\n\n\n\n<p>Cada \u00e9poca do ano exige uma aten\u00e7\u00e3o diferente: h\u00e1 momentos para cortar, regar mais, adubar, arejar ou simplesmente observar. Neste guia pr\u00e1tico, voc\u00ea vai entender o que fazer em cada esta\u00e7\u00e3o e como garantir que o seu jardim esteja sempre no seu melhor.<\/p>\n\n\n\n<hr class=\"wp-block-separator has-alpha-channel-opacity\"\/>\n\n\n\n<h2 id='\ud83c\udf1e-ver\u00e3o-muita-\u00e1gua-e-aten\u00e7\u00e3o-ao-corte'  class=\"wp-block-heading\">\ud83c\udf1e Ver\u00e3o: muita \u00e1gua e aten\u00e7\u00e3o ao corte<\/h2>\n\n\n\n<p>No ver\u00e3o, o calor intenso e o sol forte exigem mais hidrata\u00e7\u00e3o. O ideal \u00e9 regar o gramado pela manh\u00e3 ou no fim da tarde, evitando as horas mais quentes para n\u00e3o queimar as folhas.<\/p>\n\n\n\n<p>A frequ\u00eancia do corte tamb\u00e9m pode aumentar, j\u00e1 que a grama cresce mais r\u00e1pido. Mas cuidado: nunca corte mais do que um ter\u00e7o da altura dos fios de uma vez. Isso evita o estresse da planta e mant\u00e9m a cobertura densa e resistente.<\/p>\n\n\n\n<hr class=\"wp-block-separator has-alpha-channel-opacity\"\/>\n\n\n\n<h2 id='\ud83c\udf42-outono-hora-de-refor\u00e7ar-a-sa\u00fade-do-solo'  class=\"wp-block-heading\">\ud83c\udf42 Outono: hora de refor\u00e7ar a sa\u00fade do solo<\/h2>\n\n\n\n<p>Com a queda das folhas e temperaturas mais amenas, o outono \u00e9 ideal para preparar o solo para os meses frios. Um bom momento para aplicar fertilizantes ricos em f\u00f3sforo, que fortalecem as ra\u00edzes.<\/p>\n\n\n\n<p>Al\u00e9m disso, vale remover folhas secas com um rastelo e fazer <strong>aera\u00e7\u00e3o do solo<\/strong> com ferramentas espec\u00edficas. Isso ajuda a liberar o ac\u00famulo de umidade e favorece a absor\u00e7\u00e3o de nutrientes, deixando o gramado pronto para enfrentar o inverno.<\/p>\n\n\n\n<hr class=\"wp-block-separator has-alpha-channel-opacity\"\/>\n\n\n\n<h2 id='\u2744\ufe0f-inverno-descanso-e-observa\u00e7\u00e3o'  class=\"wp-block-heading\">\u2744\ufe0f Inverno: descanso e observa\u00e7\u00e3o<\/h2>\n\n\n\n<p>No inverno, o crescimento da grama desacelera \u2014 e isso \u00e9 natural. Nesse per\u00edodo, o ideal \u00e9 <strong>reduzir a frequ\u00eancia de corte<\/strong> e de irriga\u00e7\u00e3o. O excesso de \u00e1gua pode favorecer o aparecimento de fungos, especialmente em regi\u00f5es muito \u00famidas.<\/p>\n\n\n\n<p>Aproveite para observar poss\u00edveis \u00e1reas que precisam de recupera\u00e7\u00e3o e planejar melhorias para a primavera. Menos a\u00e7\u00e3o, mais aten\u00e7\u00e3o: o inverno \u00e9 a pausa necess\u00e1ria no ciclo de cuidados com gramado residencial.<\/p>\n\n\n\n<hr class=\"wp-block-separator has-alpha-channel-opacity\"\/>\n\n\n\n<h2 id='\ud83c\udf38-primavera-recupera\u00e7\u00e3o-e-revitaliza\u00e7\u00e3o'  class=\"wp-block-heading\">\ud83c\udf38 Primavera: recupera\u00e7\u00e3o e revitaliza\u00e7\u00e3o<\/h2>\n\n\n\n<p>Com o retorno das temperaturas mais altas, a grama volta a crescer com mais for\u00e7a. Aqui come\u00e7a o momento ideal para <strong>fertilizar, cortar com regularidade e replantar \u00e1reas falhadas<\/strong>.<\/p>\n\n\n\n<p>Se houver manchas secas ou espa\u00e7os irregulares, aproveite para fazer pequenas corre\u00e7\u00f5es com sementes ou peda\u00e7os de tapete de grama. A primavera tamb\u00e9m pede aten\u00e7\u00e3o com pragas \u2014 observe o gramado semanalmente e, se necess\u00e1rio, recorra a tratamentos org\u00e2nicos ou espec\u00edficos.<\/p>\n\n\n\n<hr class=\"wp-block-separator has-alpha-channel-opacity\"\/>\n\n\n\n<h2 id='\ud83d\udca7-como-regar-corretamente-em-cada-esta\u00e7\u00e3o'  class=\"wp-block-heading\">\ud83d\udca7 Como regar corretamente em cada esta\u00e7\u00e3o<\/h2>\n\n\n\n<p>Entender <strong>como cuidar do gramado o ano todo<\/strong> tamb\u00e9m passa por ajustar a rega conforme o clima. No ver\u00e3o, regue de 3 a 4 vezes por semana. No outono e primavera, de 1 a 2 vezes \u00e9 o suficiente. No inverno, s\u00f3 regue se houver longos per\u00edodos de seca.<\/p>\n\n\n\n<p>A dica de ouro: regue profundamente, mas com menos frequ\u00eancia. Isso incentiva as ra\u00edzes a crescerem mais fundo, tornando o gramado mais resistente ao calor e \u00e0 seca.<\/p>\n\n\n\n<hr class=\"wp-block-separator has-alpha-channel-opacity\"\/>\n\n\n\n<h2 id='\ud83e\uddfa-cuidados-com-gramado-residencial-manuten\u00e7\u00e3o-simples-resultado-incr\u00edvel'  class=\"wp-block-heading\">\ud83e\uddfa Cuidados com gramado residencial: manuten\u00e7\u00e3o simples, resultado incr\u00edvel<\/h2>\n\n\n\n<p>Manter o jardim bonito n\u00e3o precisa ser complicado. A chave est\u00e1 na <strong>const\u00e2ncia dos cuidados com gramado residencial<\/strong>: cortes leves, regas na hora certa, nutri\u00e7\u00e3o balanceada e aten\u00e7\u00e3o aos sinais que a grama d\u00e1.<\/p>\n\n\n\n<p>Mesmo para quem tem pouco tempo para cuidar do gramado, incluir esses cuidados na rotina semanal pode transformar completamente a apar\u00eancia e a sa\u00fade do seu jardim.<\/p>\n\n\n\n<hr class=\"wp-block-separator has-alpha-channel-opacity\"\/>\n\n\n\n<h2 id='\ud83e\udded-cuidar-do-gramado-\u00e9-cuidar-do-lar'  class=\"wp-block-heading\">\ud83e\udded Cuidar do gramado \u00e9 cuidar do lar<\/h2>\n\n\n\n<p>Mais do que est\u00e9tica, aprender <strong><a href=\"https:\/\/revistacasaejardim.globo.com\/\" data-type=\"link\" data-id=\"https:\/\/revistacasaejardim.globo.com\/\" target=\"_blank\" rel=\"noopener\">como cuidar do gramado o ano todo<\/a><\/strong> \u00e9 investir em bem-estar, aconchego e qualidade de vida. Um gramado bem cuidado convida para momentos ao ar livre, relaxamento em fam\u00edlia e at\u00e9 novas mem\u00f3rias com quem a gente ama.<\/p>\n\n\n\n<p>Lembre-se: com um pouco de planejamento e carinho, seu jardim pode florescer em qualquer esta\u00e7\u00e3o. Se curtiu esse artigo de como cuidar do gramado, voc\u00ea pode ver um artigo complet\u00e3o <a href=\"https:\/\/1truenote.com\/en\/casa-jardim-transformar-ambientes-com-estilo\/\" data-type=\"link\" data-id=\"https:\/\/1truenote.com\/casa-jardim-transformar-ambientes-com-estilo\/\">aqui<\/a>.<\/p>\n\n\n\n<figure class=\"wp-block-image aligncenter size-large is-resized\"><img data-recalc-dims=\"1\" fetchpriority=\"high\" decoding=\"async\" width=\"1024\" height=\"683\" src=\"https:\/\/i0.wp.com\/1truenote.com\/wp-content\/uploads\/2025\/05\/ChatGPT-Image-19-de-mai.-de-2025-12_06_10.png?resize=1024%2C683&#038;ssl=1\" alt=\"como cuidar do gramado o ano todo\" class=\"wp-image-1898\" style=\"width:427px;height:auto\" srcset=\"https:\/\/i0.wp.com\/1truenote.com\/wp-content\/uploads\/2025\/05\/ChatGPT-Image-19-de-mai.-de-2025-12_06_10.png?resize=1024%2C683&amp;ssl=1 1024w, https:\/\/i0.wp.com\/1truenote.com\/wp-content\/uploads\/2025\/05\/ChatGPT-Image-19-de-mai.-de-2025-12_06_10.png?resize=300%2C200&amp;ssl=1 300w, https:\/\/i0.wp.com\/1truenote.com\/wp-content\/uploads\/2025\/05\/ChatGPT-Image-19-de-mai.-de-2025-12_06_10.png?resize=768%2C512&amp;ssl=1 768w, https:\/\/i0.wp.com\/1truenote.com\/wp-content\/uploads\/2025\/05\/ChatGPT-Image-19-de-mai.-de-2025-12_06_10.png?resize=150%2C100&amp;ssl=1 150w, https:\/\/i0.wp.com\/1truenote.com\/wp-content\/uploads\/2025\/05\/ChatGPT-Image-19-de-mai.-de-2025-12_06_10.png?w=1536&amp;ssl=1 1536w\" sizes=\"(max-width: 1024px) 100vw, 1024px\" \/><\/figure>","protected":false},"excerpt":{"rendered":"<p>Ter um gramado bonito n\u00e3o \u00e9 privil\u00e9gio de quem tem muito tempo ou dinheiro. Com pequenos h\u00e1bitos de cuidado, \u00e9&#8230;<\/p>","protected":false},"author":1,"featured_media":1898,"comment_status":"open","ping_status":"open","sticky":false,"template":"","format":"standard","meta":{"_kad_post_transparent":"","_kad_post_title":"","_kad_post_layout":"","_kad_post_sidebar_id":"","_kad_post_content_style":"","_kad_post_vertical_padding":"","_kad_post_feature":"","_kad_post_feature_position":"","_kad_post_header":false,"_kad_post_footer":false,"_kad_post_classname":"","footnotes":"","jetpack_publicize_message":"","jetpack_publicize_feature_enabled":true,"jetpack_social_post_already_shared":false,"jetpack_social_options":{"image_generator_settings":{"template":"highway","default_image_id":0,"font":"","enabled":false},"version":2}},"categories":[16],"tags":[29],"class_list":["post-1897","post","type-post","status-publish","format-standard","has-post-thumbnail","hentry","category-casa-e-jardim","tag-jardim"],"jetpack_publicize_connections":[],"jetpack_featured_media_url":"https:\/\/i0.wp.com\/1truenote.com\/wp-content\/uploads\/2025\/05\/ChatGPT-Image-19-de-mai.-de-2025-12_06_10.png?fit=1536%2C1024&ssl=1","jetpack_sharing_enabled":true,"_links":{"self":[{"href":"https:\/\/1truenote.com\/en\/wp-json\/wp\/v2\/posts\/1897","targetHints":{"allow":["GET"]}}],"collection":[{"href":"https:\/\/1truenote.com\/en\/wp-json\/wp\/v2\/posts"}],"about":[{"href":"https:\/\/1truenote.com\/en\/wp-json\/wp\/v2\/types\/post"}],"author":[{"embeddable":true,"href":"https:\/\/1truenote.com\/en\/wp-json\/wp\/v2\/users\/1"}],"replies":[{"embeddable":true,"href":"https:\/\/1truenote.com\/en\/wp-json\/wp\/v2\/comments?post=1897"}],"version-history":[{"count":0,"href":"https:\/\/1truenote.com\/en\/wp-json\/wp\/v2\/posts\/1897\/revisions"}],"wp:featuredmedia":[{"embeddable":true,"href":"https:\/\/1truenote.com\/en\/wp-json\/wp\/v2\/media\/1898"}],"wp:attachment":[{"href":"https:\/\/1truenote.com\/en\/wp-json\/wp\/v2\/media?parent=1897"}],"wp:term":[{"taxonomy":"category","embeddable":true,"href":"https:\/\/1truenote.com\/en\/wp-json\/wp\/v2\/categories?post=1897"},{"taxonomy":"post_tag","embeddable":true,"href":"https:\/\/1truenote.com\/en\/wp-json\/wp\/v2\/tags?post=1897"}],"curies":[{"name":"wp","href":"https:\/\/api.w.org\/{rel}","templated":true}]}}