{"id":1894,"date":"2025-05-19T18:01:32","date_gmt":"2025-05-19T15:01:32","guid":{"rendered":"https:\/\/1truenote.com\/?p=1894"},"modified":"2025-09-27T18:20:36","modified_gmt":"2025-09-27T21:20:36","slug":"espaco-zen-em-casa-como-fazer","status":"publish","type":"post","link":"https:\/\/1truenote.com\/en\/espaco-zen-em-casa-como-fazer\/","title":{"rendered":"Como criar um cantinho zen para relaxamento em casa: Paz \u00e0 sua maneira"},"content":{"rendered":"<div class=\"fit_content\">\n                <div class=\"bd_toc_container\" data-fixedwidth=\"\">\n                    <div class=\"bd_toc_wrapper\" data-wrapperpadding=\"48px\">\n                        <div class=\"bd_toc_wrapper_item\">\n                            <div class=\"bd_toc_header active\" data-headerpadding=\"2px\">\n                                <div class=\"bd_toc_header_title\">\n                                    Sum\u00e1rio                                <\/div>\n                                <div class=\"bd_toc_switcher_hide_show_icon\">\n                                    <span class=\"bd_toc_arrow\"><\/span>                                <\/div>\n                            <\/div>\n                            <div class=\"bd_toc_content list-type-number\">\n                                <div class=\"bd_toc_content_list\">\n                                    <div class='bd_toc_content_list_item'>    <ul>\n      <li class=\"first\">\n        <a href=\"#\ud83c\udf3f-por-onde-come\u00e7ar-o-que-define-um-espa\u00e7o-zen\">\ud83c\udf3f Por onde come\u00e7ar: o que define um espa\u00e7o zen?<\/a>\n      <\/li>\n      <li>\n        <a href=\"#\ud83c\udf38-elementos-que-transformam-o-ambiente\">\ud83c\udf38 Elementos que transformam o ambiente<\/a>\n      <\/li>\n      <li>\n        <a href=\"#\ud83e\uddfa-organiza\u00e7\u00e3o-e-harmonia-visual\">\ud83e\uddfa Organiza\u00e7\u00e3o e harmonia visual<\/a>\n      <\/li>\n      <li>\n        <a href=\"#\ud83c\udf31-traga-a-natureza-para-perto\">\ud83c\udf31 Traga a natureza para perto<\/a>\n      <\/li>\n      <li>\n        <a href=\"#\ud83e\uddd8\u200d\u2642\ufe0f-um-espa\u00e7o-de-medita\u00e7\u00e3o-em-casa-do-seu-jeito\">\ud83e\uddd8\u200d\u2642\ufe0f Um espa\u00e7o de medita\u00e7\u00e3o em casa, do seu jeito<\/a>\n      <\/li>\n      <li class=\"last\">\n        <a href=\"#\ud83e\udded-seu-lar-como-ref\u00fagio-de-calma-espa\u00e7o-zen\">\ud83e\udded Seu lar como ref\u00fagio de calma &#8211; Espa\u00e7o zen<\/a>\n      <\/li>\n    <\/ul>\n<\/div>                                <\/div>\n                            <\/div>\n                        <\/div>\n                    <\/div>\n                    <div class=\"layout_toggle_button\">\n                        <span class=\"bd_toc_arrow\"><\/span>\n                    <\/div>\n                <\/div>\n            <\/div>\n\n    \n\n\n<p>Com a rotina cada vez mais corrida, encontrar ref\u00fagios de calma dentro da pr\u00f3pria casa se tornou essencial. Por isso, saber como montar um <strong>espa\u00e7o zen em casa<\/strong> deixou de ser um luxo e virou uma forma de autocuidado real e acess\u00edvel.<\/p>\n\n\n\n<p>Seja para meditar, respirar fundo ou apenas ficar em sil\u00eancio, um cantinho zen \u00e9 aquele peda\u00e7o da casa onde voc\u00ea pode pausar, desacelerar e reconectar com o que importa. E a boa not\u00edcia \u00e9: voc\u00ea n\u00e3o precisa de muito espa\u00e7o, nem de grandes investimentos \u2014 s\u00f3 de inten\u00e7\u00e3o.<\/p>\n\n\n\n<hr class=\"wp-block-separator has-alpha-channel-opacity\"\/>\n\n\n\n<h2 id='\ud83c\udf3f-por-onde-come\u00e7ar-o-que-define-um-espa\u00e7o-zen'  class=\"wp-block-heading\">\ud83c\udf3f Por onde come\u00e7ar: o que define um espa\u00e7o zen?<\/h2>\n\n\n\n<p>Um <strong>espa\u00e7o zen em casa<\/strong> n\u00e3o precisa seguir regras r\u00edgidas. A proposta \u00e9 justamente o oposto: criar um lugar que reflita sua ess\u00eancia, promova bem-estar e convide ao descanso mental. Pode ser um canto da varanda, uma almofada no ch\u00e3o da sala ou um pequeno jardim interno.<\/p>\n\n\n\n<p>O ponto-chave \u00e9 a simplicidade. Itens em excesso poluem visualmente e dificultam o foco. Menos \u00e9 mais \u2014 mas com aconchego. A ideia \u00e9 que, ao entrar naquele espa\u00e7o, voc\u00ea sinta o tempo desacelerar.<\/p>\n\n\n\n<hr class=\"wp-block-separator has-alpha-channel-opacity\"\/>\n\n\n\n<h2 id='\ud83c\udf38-elementos-que-transformam-o-ambiente'  class=\"wp-block-heading\">\ud83c\udf38 Elementos que transformam o ambiente<\/h2>\n\n\n\n<p>Para criar um ambiente verdadeiramente inspirador, vale apostar em elementos que atuam nos sentidos. Um <strong>tapete macio<\/strong>, uma <strong>almofada de medita\u00e7\u00e3o<\/strong>, <strong>velas arom\u00e1ticas<\/strong> ou um pequeno <strong>vaso com planta<\/strong> j\u00e1 criam uma atmosfera mais acolhedora.<\/p>\n\n\n\n<p>Outras sugest\u00f5es que ajudam a compor um <strong>espa\u00e7o zen em casa<\/strong>:<\/p>\n\n\n\n<ul class=\"wp-block-list\">\n<li>Incensos suaves ou difusores com lavanda<\/li>\n\n\n\n<li>M\u00fasica ambiente ou sons da natureza<\/li>\n\n\n\n<li>Luz natural filtrada por cortinas leves<\/li>\n\n\n\n<li>Fonte de \u00e1gua ou sino dos ventos<\/li>\n<\/ul>\n\n\n\n<p>Tudo isso ajuda a criar uma \u201cquebra de ritmo\u201d dentro do lar, funcionando como um lembrete de que ali \u00e9 um lugar especial.<\/p>\n\n\n\n<hr class=\"wp-block-separator has-alpha-channel-opacity\"\/>\n\n\n\n<h2 id='\ud83e\uddfa-organiza\u00e7\u00e3o-e-harmonia-visual'  class=\"wp-block-heading\">\ud83e\uddfa Organiza\u00e7\u00e3o e harmonia visual<\/h2>\n\n\n\n<p>A organiza\u00e7\u00e3o \u00e9 um dos pilares de qualquer espa\u00e7o de paz. Evite ac\u00famulos, cores muito vibrantes ou objetos com mem\u00f3rias negativas. Prefira tons neutros e naturais como bege, branco, verde-claro e terracota.<\/p>\n\n\n\n<p>Uma dica pr\u00e1tica: use cestos de palha ou caixas de madeira para guardar itens que voc\u00ea usa durante suas pausas \u2014 como um livro, caderno de anota\u00e7\u00f5es ou \u00f3leos essenciais. Isso ajuda a manter a harmonia visual e funcional do seu espa\u00e7o.<\/p>\n\n\n\n<hr class=\"wp-block-separator has-alpha-channel-opacity\"\/>\n\n\n\n<h2 id='\ud83c\udf31-traga-a-natureza-para-perto'  class=\"wp-block-heading\">\ud83c\udf31 Traga a natureza para perto<\/h2>\n\n\n\n<p>Mesmo um pequeno vaso com folhas verdes j\u00e1 transforma o clima do ambiente. Plantas como <strong>espada-de-s\u00e3o-jorge, lavanda, alecrim e jasmim<\/strong> s\u00e3o boas escolhas por suas propriedades energ\u00e9ticas e aroma suave.<\/p>\n\n\n\n<p>Se tiver espa\u00e7o, pense em montar um <strong>mini jardim zen<\/strong> com pedras brancas, areia e elementos naturais. Ele pode ficar sobre um aparador, num cantinho do ch\u00e3o ou at\u00e9 na varanda, conectando voc\u00ea \u00e0 natureza mesmo nos dias mais agitados.<\/p>\n\n\n\n<hr class=\"wp-block-separator has-alpha-channel-opacity\"\/>\n\n\n\n<h2 id='\ud83e\uddd8\u200d\u2642\ufe0f-um-espa\u00e7o-de-medita\u00e7\u00e3o-em-casa-do-seu-jeito'  class=\"wp-block-heading\">\ud83e\uddd8\u200d\u2642\ufe0f Um espa\u00e7o de medita\u00e7\u00e3o em casa, do seu jeito<\/h2>\n\n\n\n<p>Esse cantinho pode ser tamb\u00e9m o seu <strong>espa\u00e7o de medita\u00e7\u00e3o em casa<\/strong>. Voc\u00ea pode adicionar um pequeno altar com objetos pessoais, frases inspiradoras, imagens que tragam boas energias ou at\u00e9 uma vela sempre acesa.<\/p>\n\n\n\n<p>Mas lembre: n\u00e3o existe \u201cmodelo certo\u201d. O melhor espa\u00e7o \u00e9 aquele que convida voc\u00ea a sentar, respirar fundo e simplesmente estar presente. Seja por 5 minutos ou por uma hora, o que importa \u00e9 o tempo de qualidade consigo mesma.<\/p>\n\n\n\n<hr class=\"wp-block-separator has-alpha-channel-opacity\"\/>\n\n\n\n<h2 id='\ud83e\udded-seu-lar-como-ref\u00fagio-de-calma-espa\u00e7o-zen'  class=\"wp-block-heading\">\ud83e\udded Seu lar como ref\u00fagio de calma &#8211; Espa\u00e7o zen<\/h2>\n\n\n\n<p>Criar um <strong><a href=\"https:\/\/revistacasaejardim.globo.com\/\" data-type=\"link\" data-id=\"https:\/\/revistacasaejardim.globo.com\/\" target=\"_blank\" rel=\"noopener\">espa\u00e7o zen em casa<\/a><\/strong> \u00e9 uma forma de dizer a si mesma que o bem-estar \u00e9 prioridade. Mesmo nos dias mais corridos, saber que existe um cantinho seu, de sil\u00eancio e leveza, pode fazer toda a diferen\u00e7a.<\/p>\n\n\n\n<p>Com pequenas escolhas conscientes, voc\u00ea transforma um peda\u00e7o da sua casa num ref\u00fagio afetivo, que acolhe, equilibra e renova. E o melhor? Esse espa\u00e7o vai evoluindo com voc\u00ea, conforme seu momento de vida. Curtiu nosso artigo sobre <strong><a href=\"https:\/\/1truenote.com\/en\/casa-jardim-transformar-ambientes-com-estilo\/\" data-type=\"link\" data-id=\"https:\/\/1truenote.com\/casa-jardim-transformar-ambientes-com-estilo\/\">espa\u00e7o zen em cas<\/a>a<\/strong>? Voc\u00ea pode ver um artigo super completo com mais informa\u00e7\u00f5es aqui.<\/p>\n\n\n\n<figure class=\"wp-block-image aligncenter size-large is-resized\"><img data-recalc-dims=\"1\" fetchpriority=\"high\" decoding=\"async\" width=\"1024\" height=\"683\" src=\"https:\/\/i0.wp.com\/1truenote.com\/wp-content\/uploads\/2025\/05\/ChatGPT-Image-19-de-mai.-de-2025-12_01_05.png?resize=1024%2C683&#038;ssl=1\" alt=\"espa\u00e7o zen em casa\" class=\"wp-image-1895\" style=\"width:517px;height:auto\" srcset=\"https:\/\/i0.wp.com\/1truenote.com\/wp-content\/uploads\/2025\/05\/ChatGPT-Image-19-de-mai.-de-2025-12_01_05.png?resize=1024%2C683&amp;ssl=1 1024w, https:\/\/i0.wp.com\/1truenote.com\/wp-content\/uploads\/2025\/05\/ChatGPT-Image-19-de-mai.-de-2025-12_01_05.png?resize=300%2C200&amp;ssl=1 300w, https:\/\/i0.wp.com\/1truenote.com\/wp-content\/uploads\/2025\/05\/ChatGPT-Image-19-de-mai.-de-2025-12_01_05.png?resize=768%2C512&amp;ssl=1 768w, https:\/\/i0.wp.com\/1truenote.com\/wp-content\/uploads\/2025\/05\/ChatGPT-Image-19-de-mai.-de-2025-12_01_05.png?resize=150%2C100&amp;ssl=1 150w, https:\/\/i0.wp.com\/1truenote.com\/wp-content\/uploads\/2025\/05\/ChatGPT-Image-19-de-mai.-de-2025-12_01_05.png?w=1536&amp;ssl=1 1536w\" sizes=\"(max-width: 1024px) 100vw, 1024px\" \/><\/figure>","protected":false},"excerpt":{"rendered":"<p>Com a rotina cada vez mais corrida, encontrar ref\u00fagios de calma dentro da pr\u00f3pria casa se tornou essencial. Por isso,&#8230;<\/p>","protected":false},"author":1,"featured_media":1895,"comment_status":"open","ping_status":"open","sticky":false,"template":"","format":"standard","meta":{"_kad_post_transparent":"","_kad_post_title":"","_kad_post_layout":"","_kad_post_sidebar_id":"","_kad_post_content_style":"","_kad_post_vertical_padding":"","_kad_post_feature":"","_kad_post_feature_position":"","_kad_post_header":false,"_kad_post_footer":false,"_kad_post_classname":"","footnotes":"","jetpack_publicize_message":"","jetpack_publicize_feature_enabled":true,"jetpack_social_post_already_shared":false,"jetpack_social_options":{"image_generator_settings":{"template":"highway","default_image_id":0,"font":"","enabled":false},"version":2}},"categories":[1],"tags":[13],"class_list":["post-1894","post","type-post","status-publish","format-standard","has-post-thumbnail","hentry","category-novidades","tag-minimalista"],"jetpack_publicize_connections":[],"jetpack_featured_media_url":"https:\/\/i0.wp.com\/1truenote.com\/wp-content\/uploads\/2025\/05\/ChatGPT-Image-19-de-mai.-de-2025-12_01_05.png?fit=1536%2C1024&ssl=1","jetpack_sharing_enabled":true,"_links":{"self":[{"href":"https:\/\/1truenote.com\/en\/wp-json\/wp\/v2\/posts\/1894","targetHints":{"allow":["GET"]}}],"collection":[{"href":"https:\/\/1truenote.com\/en\/wp-json\/wp\/v2\/posts"}],"about":[{"href":"https:\/\/1truenote.com\/en\/wp-json\/wp\/v2\/types\/post"}],"author":[{"embeddable":true,"href":"https:\/\/1truenote.com\/en\/wp-json\/wp\/v2\/users\/1"}],"replies":[{"embeddable":true,"href":"https:\/\/1truenote.com\/en\/wp-json\/wp\/v2\/comments?post=1894"}],"version-history":[{"count":1,"href":"https:\/\/1truenote.com\/en\/wp-json\/wp\/v2\/posts\/1894\/revisions"}],"predecessor-version":[{"id":4305,"href":"https:\/\/1truenote.com\/en\/wp-json\/wp\/v2\/posts\/1894\/revisions\/4305"}],"wp:featuredmedia":[{"embeddable":true,"href":"https:\/\/1truenote.com\/en\/wp-json\/wp\/v2\/media\/1895"}],"wp:attachment":[{"href":"https:\/\/1truenote.com\/en\/wp-json\/wp\/v2\/media?parent=1894"}],"wp:term":[{"taxonomy":"category","embeddable":true,"href":"https:\/\/1truenote.com\/en\/wp-json\/wp\/v2\/categories?post=1894"},{"taxonomy":"post_tag","embeddable":true,"href":"https:\/\/1truenote.com\/en\/wp-json\/wp\/v2\/tags?post=1894"}],"curies":[{"name":"wp","href":"https:\/\/api.w.org\/{rel}","templated":true}]}}