{"id":1885,"date":"2025-05-19T17:44:54","date_gmt":"2025-05-19T14:44:54","guid":{"rendered":"https:\/\/1truenote.com\/?p=1885"},"modified":"2025-09-27T18:26:05","modified_gmt":"2025-09-27T21:26:05","slug":"horta-vertical-no-apartamento","status":"publish","type":"post","link":"https:\/\/1truenote.com\/en\/horta-vertical-no-apartamento\/","title":{"rendered":"Como montar uma horta vertical no apartamento DIY"},"content":{"rendered":"<div class=\"fit_content\">\n                <div class=\"bd_toc_container\" data-fixedwidth=\"\">\n                    <div class=\"bd_toc_wrapper\" data-wrapperpadding=\"48px\">\n                        <div class=\"bd_toc_wrapper_item\">\n                            <div class=\"bd_toc_header active\" data-headerpadding=\"2px\">\n                                <div class=\"bd_toc_header_title\">\n                                    Sum\u00e1rio                                <\/div>\n                                <div class=\"bd_toc_switcher_hide_show_icon\">\n                                    <span class=\"bd_toc_arrow\"><\/span>                                <\/div>\n                            <\/div>\n                            <div class=\"bd_toc_content list-type-number\">\n                                <div class=\"bd_toc_content_list\">\n                                    <div class='bd_toc_content_list_item'>    <ul>\n      <li class=\"first\">\n        <a href=\"#como-montar-uma-horta-vertical-no-apartamento\">Como montar uma horta vertical no apartamento?<\/a>\n      <\/li>\n      <li>\n        <a href=\"#1-escolha-o-cantinho-perfeito-para-sua-horta-vertical-no-apartamento\">1. Escolha o cantinho perfeito para sua horta vertical no apartamento<\/a>\n      <\/li>\n      <li>\n        <a href=\"#2-defina-a-estrutura-da-sua-horta\">2. Defina a estrutura da sua horta<\/a>\n      <\/li>\n      <li>\n        <a href=\"#3-escolha-os-vasos-certos-e-prepare-o-solo\">3. Escolha os vasos certos e prepare o solo<\/a>\n      <\/li>\n      <li>\n        <a href=\"#4-o-que-plantar-na-horta\">4. O que plantar na horta?<\/a>\n      <\/li>\n      <li>\n        <a href=\"#5-cuidados-do-dia-a-dia\">5. Cuidados do dia a dia<\/a>\n      <\/li>\n      <li>\n        <a href=\"#6-use-e-renove\">6. Use e renove<\/a>\n      <\/li>\n      <li class=\"last\">\n        <a href=\"#conclus\u00e3o-sobre-uma-horta-vertical-no-apartamento\">Conclus\u00e3o sobre uma horta vertical no apartamento<\/a>\n      <\/li>\n    <\/ul>\n<\/div>                                <\/div>\n                            <\/div>\n                        <\/div>\n                    <\/div>\n                    <div class=\"layout_toggle_button\">\n                        <span class=\"bd_toc_arrow\"><\/span>\n                    <\/div>\n                <\/div>\n            <\/div>\n\n    \n\n\n<p>Horta vertical no apartamento. Se voc\u00ea ama temperinhos frescos na comida mas acha que morar em apartamento \u00e9 um obst\u00e1culo&#8230; pode esquecer isso agora mesmo!<\/p>\n\n\n\n<p>Montar uma <strong>horta vertical em apartamento<\/strong> \u00e9 mais f\u00e1cil do que parece e traz um toque verde delicioso pra dentro de casa.<\/p>\n\n\n\n<h2 id='como-montar-uma-horta-vertical-no-apartamento'  class=\"wp-block-heading\">Como montar uma horta vertical no apartamento?<\/h2>\n\n\n\n<p>Neste tutorial, vou te mostrar o passo a passo para cultivar sua pr\u00f3pria horta vertical no apartamento, mesmo que o espa\u00e7o seja pequeno. Vem ver!<\/p>\n\n\n\n<h2 id='1-escolha-o-cantinho-perfeito-para-sua-horta-vertical-no-apartamento'  class=\"wp-block-heading\">1. Escolha o cantinho perfeito para sua horta vertical no apartamento<\/h2>\n\n\n\n<p>A primeira coisa \u00e9 observar onde bate sol. O ideal \u00e9 escolher um local que receba pelo menos 4 horas de luz direta por dia \u2014 pode ser na sacada, na janela da \u00e1rea de servi\u00e7o ou at\u00e9 na parede da cozinha. Ventila\u00e7\u00e3o tamb\u00e9m \u00e9 importante, mas evite lugares com ventos muito fortes.<\/p>\n\n\n\n<h2 id='2-defina-a-estrutura-da-sua-horta'  class=\"wp-block-heading\">2. Defina a estrutura da sua horta<\/h2>\n\n\n\n<p>Existem v\u00e1rias op\u00e7\u00f5es para montar sua <strong>horta vertical em apartamento<\/strong>, e voc\u00ea pode escolher conforme o estilo da sua casa e o quanto quer investir:<\/p>\n\n\n\n<ul class=\"wp-block-list\">\n<li><strong>Pallets de madeira<\/strong>: estilo r\u00fastico e supercharmoso<\/li>\n\n\n\n<li><strong>Prateleiras ou estantes<\/strong>: simples e organizadas<\/li>\n\n\n\n<li><strong>Jardineiras suspensas<\/strong>: ficam lindas na varanda<\/li>\n\n\n\n<li><strong>Garrafas PET ou canos de PVC<\/strong>: op\u00e7\u00e3o econ\u00f4mica e criativa<\/li>\n<\/ul>\n\n\n\n<p>Dica extra: escolha uma estrutura que seja f\u00e1cil de fixar e de manter, principalmente se voc\u00ea mora de aluguel.<\/p>\n\n\n\n<h2 id='3-escolha-os-vasos-certos-e-prepare-o-solo'  class=\"wp-block-heading\">3. Escolha os vasos certos e prepare o solo<\/h2>\n\n\n\n<p>Use vasinhos com furos para drenagem e n\u00e3o esque\u00e7a de colocar uma camada de pedrinhas ou argila expandida no fundo. Depois, vem a terra: prefira um substrato leve, como uma mistura de terra vegetal com h\u00famus de minhoca. Suas plantinhas v\u00e3o agradecer!<\/p>\n\n\n\n<h2 id='4-o-que-plantar-na-horta'  class=\"wp-block-heading\">4. O que plantar na horta?<\/h2>\n\n\n\n<p>Pra come\u00e7ar, escolha plantinhas f\u00e1ceis de cuidar e que voc\u00ea realmente use no dia a dia. Algumas ideias:<\/p>\n\n\n\n<ul class=\"wp-block-list\">\n<li><strong>Temperos<\/strong>: salsinha, cebolinha, hortel\u00e3, alecrim, manjeric\u00e3o, or\u00e9gano<\/li>\n\n\n\n<li><strong>Folhas<\/strong>: alface, r\u00facula, espinafre<\/li>\n\n\n\n<li><strong>Outros<\/strong>: pimenta, morango, tomate-cereja (em vasos maiores)<\/li>\n<\/ul>\n\n\n\n<p>Evite misturar plantas que gostam de sol com as que preferem sombra no mesmo n\u00edvel da horta, ok?<\/p>\n\n\n\n<h2 id='5-cuidados-do-dia-a-dia'  class=\"wp-block-heading\">5. Cuidados do dia a dia<\/h2>\n\n\n\n<p>Montou sua horta? Agora vem a parte mais gostosa: cuidar!<\/p>\n\n\n\n<ul class=\"wp-block-list\">\n<li><strong>Rega<\/strong>: mantenha o solo \u00famido, mas n\u00e3o encharcado. Na d\u00favida, coloque o dedo na terra.<\/li>\n\n\n\n<li><strong>Aduba\u00e7\u00e3o<\/strong>: a cada 15 dias, use adubo org\u00e2nico (tipo borra de caf\u00e9, casca de ovo triturada ou composto caseiro).<\/li>\n\n\n\n<li><strong>Poda<\/strong>: retire folhas secas ou velhas sempre que notar.<\/li>\n\n\n\n<li><strong>Pragas<\/strong>: viu formiga ou pulg\u00f5es? Solu\u00e7\u00f5es naturais com sab\u00e3o neutro ou extrato de neem funcionam bem.<\/li>\n<\/ul>\n\n\n\n<h2 id='6-use-e-renove'  class=\"wp-block-heading\">6. Use e renove<\/h2>\n\n\n\n<p>Colheu a salsinha? Planta de novo! As <strong>hortas verticais em casa<\/strong> t\u00eam ciclo: algumas plantas duram meses, outras semanas. A ideia \u00e9 manter o rod\u00edzio e ir testando novas mudinhas. Assim, sua horta est\u00e1 sempre viva e produtiva.<\/p>\n\n\n\n<hr class=\"wp-block-separator has-alpha-channel-opacity\"\/>\n\n\n\n<h2 id='conclus\u00e3o-sobre-uma-horta-vertical-no-apartamento'  class=\"wp-block-heading\">Conclus\u00e3o sobre uma horta vertical no apartamento<\/h2>\n\n\n\n<p>Criar uma <strong><a href=\"https:\/\/revistacasaejardim.globo.com\/\" data-type=\"link\" data-id=\"https:\/\/revistacasaejardim.globo.com\/\" target=\"_blank\" rel=\"noopener\">horta vertical em apartamento<\/a><\/strong> \u00e9 muito mais do que cultivar alimentos: \u00e9 criar conex\u00e3o com a natureza, melhorar a qualidade do ar e ainda decorar o lar com charme e funcionalidade.<\/p>\n\n\n\n<p>Se quiser mais inspira\u00e7\u00f5es de como ter uma <strong><a href=\"https:\/\/1truenote.com\/en\/casa-jardim-transformar-ambientes-com-estilo\/\" data-type=\"link\" data-id=\"https:\/\/1truenote.com\/casa-jardim-transformar-ambientes-com-estilo\/\">horta vertical no apartamento<\/a><\/strong>, veja esse post cheio de ideias criativas e acess\u00edveis pra todos os estilos e bolsos!<\/p>\n\n\n\n<figure class=\"wp-block-image aligncenter size-large is-resized\"><img data-recalc-dims=\"1\" fetchpriority=\"high\" decoding=\"async\" width=\"1024\" height=\"683\" src=\"https:\/\/i0.wp.com\/1truenote.com\/wp-content\/uploads\/2025\/05\/ChatGPT-Image-19-de-mai.-de-2025-11_44_10.png?resize=1024%2C683&#038;ssl=1\" alt=\"horta vertical no apartamento\" class=\"wp-image-1886\" style=\"width:505px;height:auto\" srcset=\"https:\/\/i0.wp.com\/1truenote.com\/wp-content\/uploads\/2025\/05\/ChatGPT-Image-19-de-mai.-de-2025-11_44_10.png?resize=1024%2C683&amp;ssl=1 1024w, https:\/\/i0.wp.com\/1truenote.com\/wp-content\/uploads\/2025\/05\/ChatGPT-Image-19-de-mai.-de-2025-11_44_10.png?resize=300%2C200&amp;ssl=1 300w, https:\/\/i0.wp.com\/1truenote.com\/wp-content\/uploads\/2025\/05\/ChatGPT-Image-19-de-mai.-de-2025-11_44_10.png?resize=768%2C512&amp;ssl=1 768w, https:\/\/i0.wp.com\/1truenote.com\/wp-content\/uploads\/2025\/05\/ChatGPT-Image-19-de-mai.-de-2025-11_44_10.png?resize=150%2C100&amp;ssl=1 150w, https:\/\/i0.wp.com\/1truenote.com\/wp-content\/uploads\/2025\/05\/ChatGPT-Image-19-de-mai.-de-2025-11_44_10.png?w=1536&amp;ssl=1 1536w\" sizes=\"(max-width: 1024px) 100vw, 1024px\" \/><\/figure>","protected":false},"excerpt":{"rendered":"<p>Horta vertical no apartamento. Se voc\u00ea ama temperinhos frescos na comida mas acha que morar em apartamento \u00e9 um obst\u00e1culo&#8230;&#8230;<\/p>","protected":false},"author":1,"featured_media":1886,"comment_status":"open","ping_status":"open","sticky":false,"template":"","format":"standard","meta":{"_kad_post_transparent":"","_kad_post_title":"","_kad_post_layout":"","_kad_post_sidebar_id":"","_kad_post_content_style":"","_kad_post_vertical_padding":"","_kad_post_feature":"","_kad_post_feature_position":"","_kad_post_header":false,"_kad_post_footer":false,"_kad_post_classname":"","footnotes":"","jetpack_publicize_message":"","jetpack_publicize_feature_enabled":true,"jetpack_social_post_already_shared":false,"jetpack_social_options":{"image_generator_settings":{"template":"highway","default_image_id":0,"font":"","enabled":false},"version":2}},"categories":[9],"tags":[14,12],"class_list":["post-1885","post","type-post","status-publish","format-standard","has-post-thumbnail","hentry","category-lazer","tag-interiores-inovadores","tag-projetos-inovadores"],"jetpack_publicize_connections":[],"jetpack_featured_media_url":"https:\/\/i0.wp.com\/1truenote.com\/wp-content\/uploads\/2025\/05\/ChatGPT-Image-19-de-mai.-de-2025-11_44_10.png?fit=1536%2C1024&ssl=1","jetpack_sharing_enabled":true,"_links":{"self":[{"href":"https:\/\/1truenote.com\/en\/wp-json\/wp\/v2\/posts\/1885","targetHints":{"allow":["GET"]}}],"collection":[{"href":"https:\/\/1truenote.com\/en\/wp-json\/wp\/v2\/posts"}],"about":[{"href":"https:\/\/1truenote.com\/en\/wp-json\/wp\/v2\/types\/post"}],"author":[{"embeddable":true,"href":"https:\/\/1truenote.com\/en\/wp-json\/wp\/v2\/users\/1"}],"replies":[{"embeddable":true,"href":"https:\/\/1truenote.com\/en\/wp-json\/wp\/v2\/comments?post=1885"}],"version-history":[{"count":1,"href":"https:\/\/1truenote.com\/en\/wp-json\/wp\/v2\/posts\/1885\/revisions"}],"predecessor-version":[{"id":4309,"href":"https:\/\/1truenote.com\/en\/wp-json\/wp\/v2\/posts\/1885\/revisions\/4309"}],"wp:featuredmedia":[{"embeddable":true,"href":"https:\/\/1truenote.com\/en\/wp-json\/wp\/v2\/media\/1886"}],"wp:attachment":[{"href":"https:\/\/1truenote.com\/en\/wp-json\/wp\/v2\/media?parent=1885"}],"wp:term":[{"taxonomy":"category","embeddable":true,"href":"https:\/\/1truenote.com\/en\/wp-json\/wp\/v2\/categories?post=1885"},{"taxonomy":"post_tag","embeddable":true,"href":"https:\/\/1truenote.com\/en\/wp-json\/wp\/v2\/tags?post=1885"}],"curies":[{"name":"wp","href":"https:\/\/api.w.org\/{rel}","templated":true}]}}