{"id":1875,"date":"2025-05-19T17:20:15","date_gmt":"2025-05-19T14:20:15","guid":{"rendered":"https:\/\/1truenote.com\/?p=1875"},"modified":"2025-05-19T22:58:46","modified_gmt":"2025-05-19T19:58:46","slug":"moveis-multifuncionais-para-apartamento-pequeno","status":"publish","type":"post","link":"https:\/\/1truenote.com\/en\/moveis-multifuncionais-para-apartamento-pequeno\/","title":{"rendered":"Tend\u00eancias em m\u00f3veis multifuncionais para espa\u00e7os compactos"},"content":{"rendered":"<div class=\"fit_content\">\n                <div class=\"bd_toc_container\" data-fixedwidth=\"\">\n                    <div class=\"bd_toc_wrapper\" data-wrapperpadding=\"48px\">\n                        <div class=\"bd_toc_wrapper_item\">\n                            <div class=\"bd_toc_header active\" data-headerpadding=\"2px\">\n                                <div class=\"bd_toc_header_title\">\n                                    Sum\u00e1rio                                <\/div>\n                                <div class=\"bd_toc_switcher_hide_show_icon\">\n                                    <span class=\"bd_toc_arrow\"><\/span>                                <\/div>\n                            <\/div>\n                            <div class=\"bd_toc_content list-type-number\">\n                                <div class=\"bd_toc_content_list\">\n                                    <div class='bd_toc_content_list_item'>    <ul>\n      <li class=\"first\">\n        <a href=\"#sof\u00e1s-que-viram-cama-ba\u00fas-e-muito-mais-m\u00f3veis-multifuncionais\">Sof\u00e1s que viram cama, ba\u00fas e muito mais &#8211; M\u00f3veis multifuncionais<\/a>\n      <\/li>\n      <li>\n        <a href=\"#mesas-camale\u00f4nicas-o-novo-must-have\">Mesas camale\u00f4nicas: o novo must-have<\/a>\n      <\/li>\n      <li>\n        <a href=\"#camas-com-mil-e-uma-utilidades\">Camas com mil e uma utilidades<\/a>\n      <\/li>\n      <li class=\"last\">\n        <a href=\"#estantes-e-pain\u00e9is-que-fazem-tudo-m\u00f3veis-multifuncionais\">Estantes e pain\u00e9is que fazem tudo &#8211; M\u00f3veis multifuncionais<\/a>\n      <\/li>\n    <\/ul>\n<\/div>                                <\/div>\n                            <\/div>\n                        <\/div>\n                    <\/div>\n                    <div class=\"layout_toggle_button\">\n                        <span class=\"bd_toc_arrow\"><\/span>\n                    <\/div>\n                <\/div>\n            <\/div>\n\n    \n\n\n<p>Sabe aquele apartamento pequeno que parece n\u00e3o comportar mais nada? Pois \u00e9! A verdade \u00e9 que o segredo n\u00e3o est\u00e1 em ter menos coisas, mas sim em fazer escolhas mais inteligentes. Os <strong>m\u00f3veis multifuncionais para apartamento pequeno<\/strong> est\u00e3o ganhando cada vez mais espa\u00e7o (e cora\u00e7\u00f5es!) por aqui, e n\u00e3o \u00e9 por acaso: eles s\u00e3o a solu\u00e7\u00e3o perfeita para quem busca praticidade sem abrir m\u00e3o de estilo.<\/p>\n\n\n\n<p>Se voc\u00ea est\u00e1 de olho em como transformar o seu cantinho com criatividade e efici\u00eancia, esse artigo foi feito sob medida pra voc\u00ea. Vem comigo descobrir as tend\u00eancias mais quentinhas em mobili\u00e1rio inteligente e funcional!<\/p>\n\n\n\n<h2 id='sof\u00e1s-que-viram-cama-ba\u00fas-e-muito-mais-m\u00f3veis-multifuncionais'  class=\"wp-block-heading\">Sof\u00e1s que viram cama, ba\u00fas e muito mais &#8211; M\u00f3veis multifuncionais<\/h2>\n\n\n\n<p>Um dos queridinhos dos <strong>m\u00f3veis multifuncionais para apartamento pequeno<\/strong> s\u00e3o os sof\u00e1s-cama, que v\u00e3o muito al\u00e9m do tradicional. Hoje, a tend\u00eancia \u00e9 apostar em modelos que, al\u00e9m de abrir para dormir, contam com compartimentos secretos para guardar roupas de cama, livros ou o que mais voc\u00ea quiser.<\/p>\n\n\n\n<p>E n\u00e3o para por a\u00ed! Tem sof\u00e1 que vira mesa de jantar, puff que esconde organizadores e at\u00e9 modelos modulares, que voc\u00ea adapta conforme a necessidade. \u00c9 tipo um Lego adulto e superestiloso. Ah, e n\u00e3o podemos esquecer do design: nada de m\u00f3veis pesad\u00f5es. As pe\u00e7as atuais apostam em linhas leves, cores neutras e tecidos confort\u00e1veis, que ajudam a ampliar visualmente o ambiente.<\/p>\n\n\n\n<h2 id='mesas-camale\u00f4nicas-o-novo-must-have'  class=\"wp-block-heading\">Mesas camale\u00f4nicas: o novo must-have<\/h2>\n\n\n\n<p>Mesas dobr\u00e1veis ou retr\u00e1teis j\u00e1 t\u00eam lugar cativo em quem vive em espa\u00e7os menores. Mas agora a novidade s\u00e3o as <strong>mesas multifuncionais<\/strong> com ajustes de altura, rod\u00edzios e superf\u00edcies expans\u00edveis. Elas s\u00e3o perfeitas para funcionar como escrivaninha durante o dia e mesa de jantar \u00e0 noite.<\/p>\n\n\n\n<p>Esse tipo de m\u00f3vel ajuda a redefinir completamente a fun\u00e7\u00e3o de um c\u00f4modo. Cozinhas viram home office, varandas se transformam em cantinho para jantar a dois&#8230; Basta girar, levantar ou deslizar. Legal, n\u00e9?<\/p>\n\n\n\n<p><strong>Algumas fun\u00e7\u00f5es que uma \u00fanica mesa pode ter hoje:<\/strong><\/p>\n\n\n\n<ul class=\"wp-block-list\">\n<li>Apoio para notebook com tomada embutida<\/li>\n\n\n\n<li>Estante com prateleiras ajust\u00e1veis<\/li>\n\n\n\n<li>Mesa de centro que &#8220;sobe&#8221; para virar de jantar<\/li>\n\n\n\n<li>Carrinho gourmet com tampo remov\u00edvel<\/li>\n<\/ul>\n\n\n\n<h2 id='camas-com-mil-e-uma-utilidades'  class=\"wp-block-heading\">Camas com mil e uma utilidades<\/h2>\n\n\n\n<p>Quem mora em studios ou quitinetes sabe: o espa\u00e7o \u00e9 um luxo. Por isso, a cama precisa ser mais do que um local de descanso. Os modelos embutidos na parede ou que deslizam para dentro de um arm\u00e1rio est\u00e3o em alta, assim como os modelos com gavet\u00f5es, compartimentos laterais e cabeceiras funcionais.<\/p>\n\n\n\n<p>Alguns projetos tamb\u00e9m apostam nas famosas <strong>camas suspensas<\/strong>, que liberam o espa\u00e7o debaixo para arm\u00e1rios, escrivaninhas ou sof\u00e1s. Al\u00e9m de otimizarem a \u00e1rea, d\u00e3o um charme moderno ao ambiente. Para quem curte um visual mais criativo e jovem, \u00e9 um prato cheio!<\/p>\n\n\n\n<h2 id='estantes-e-pain\u00e9is-que-fazem-tudo-m\u00f3veis-multifuncionais'  class=\"wp-block-heading\">Estantes e pain\u00e9is que fazem tudo &#8211; M\u00f3veis multifuncionais<\/h2>\n\n\n\n<p>N\u00e3o tem como falar de <strong>m\u00f3veis multifuncionais para apartamento pequeno<\/strong> sem mencionar as estantes inteligentes. Elas dividem ambientes, servem de home office, organizam livros, exp\u00f5em decora\u00e7\u00f5es e ainda embutem TV, som e at\u00e9 cama retr\u00e1til.<\/p>\n\n\n\n<p>Esse tipo de m\u00f3vel virou queridinho em projetos de arquitetura compacta, porque ocupa pouco espa\u00e7o, mas entrega muito. Al\u00e9m disso, permite deixar tudo organizado sem aquela sensa\u00e7\u00e3o de bagun\u00e7a visual.<\/p>\n\n\n\n<p><strong>Dica esperta<\/strong>: procure estantes vazadas. Elas dividem ambientes com leveza e deixam a luz circular.<\/p>\n\n\n\n<hr class=\"wp-block-separator has-alpha-channel-opacity\"\/>\n\n\n\n<p>E ent\u00e3o, deu vontade de transformar seu ap\u00ea com solu\u00e7\u00f5es criativas? Os <strong><a href=\"https:\/\/revistacasaejardim.globo.com\/\" data-type=\"link\" data-id=\"https:\/\/revistacasaejardim.globo.com\/\" target=\"_blank\" rel=\"noopener\">m\u00f3veis multifuncionais para apartamento pequeno<\/a><\/strong> s\u00e3o mais do que uma tend\u00eancia: s\u00e3o aliados reais para quem quer praticidade com estilo.<\/p>\n\n\n\n<p>E se quiser mais ideias sobre como otimizar sua casa, vem dar uma olhadinha nessas dicas de <strong><a href=\"https:\/\/1truenote.com\/en\/casa-jardim-transformar-ambientes-com-estilo\/\" data-type=\"link\" data-id=\"https:\/\/1truenote.com\/casa-jardim-transformar-ambientes-com-estilo\/\">m\u00f3veis para espa\u00e7os pequenos<\/a><\/strong> que v\u00e3o te inspirar ainda mais!<\/p>\n\n\n\n<hr class=\"wp-block-separator has-alpha-channel-opacity\"\/>\n\n\n\n<figure class=\"wp-block-image aligncenter size-large is-resized\"><img data-recalc-dims=\"1\" fetchpriority=\"high\" decoding=\"async\" width=\"1024\" height=\"683\" src=\"https:\/\/i0.wp.com\/1truenote.com\/wp-content\/uploads\/2025\/05\/ChatGPT-Image-19-de-mai.-de-2025-11_18_00.png?resize=1024%2C683&#038;ssl=1\" alt=\"m\u00f3veis multifuncionais\" class=\"wp-image-1876\" style=\"width:496px;height:auto\" srcset=\"https:\/\/i0.wp.com\/1truenote.com\/wp-content\/uploads\/2025\/05\/ChatGPT-Image-19-de-mai.-de-2025-11_18_00.png?resize=1024%2C683&amp;ssl=1 1024w, https:\/\/i0.wp.com\/1truenote.com\/wp-content\/uploads\/2025\/05\/ChatGPT-Image-19-de-mai.-de-2025-11_18_00.png?resize=300%2C200&amp;ssl=1 300w, https:\/\/i0.wp.com\/1truenote.com\/wp-content\/uploads\/2025\/05\/ChatGPT-Image-19-de-mai.-de-2025-11_18_00.png?resize=768%2C512&amp;ssl=1 768w, https:\/\/i0.wp.com\/1truenote.com\/wp-content\/uploads\/2025\/05\/ChatGPT-Image-19-de-mai.-de-2025-11_18_00.png?resize=150%2C100&amp;ssl=1 150w, https:\/\/i0.wp.com\/1truenote.com\/wp-content\/uploads\/2025\/05\/ChatGPT-Image-19-de-mai.-de-2025-11_18_00.png?w=1536&amp;ssl=1 1536w\" sizes=\"(max-width: 1024px) 100vw, 1024px\" \/><\/figure>","protected":false},"excerpt":{"rendered":"<p>Sabe aquele apartamento pequeno que parece n\u00e3o comportar mais nada? Pois \u00e9! A verdade \u00e9 que o segredo n\u00e3o est\u00e1&#8230;<\/p>","protected":false},"author":1,"featured_media":1876,"comment_status":"open","ping_status":"open","sticky":false,"template":"","format":"standard","meta":{"_kad_post_transparent":"","_kad_post_title":"","_kad_post_layout":"","_kad_post_sidebar_id":"","_kad_post_content_style":"","_kad_post_vertical_padding":"","_kad_post_feature":"","_kad_post_feature_position":"","_kad_post_header":false,"_kad_post_footer":false,"_kad_post_classname":"","footnotes":"","jetpack_publicize_message":"","jetpack_publicize_feature_enabled":true,"jetpack_social_post_already_shared":false,"jetpack_social_options":{"image_generator_settings":{"template":"highway","default_image_id":0,"font":"","enabled":false},"version":2}},"categories":[16,1],"tags":[14],"class_list":["post-1875","post","type-post","status-publish","format-standard","has-post-thumbnail","hentry","category-casa-e-jardim","category-novidades","tag-interiores-inovadores"],"jetpack_publicize_connections":[],"jetpack_featured_media_url":"https:\/\/i0.wp.com\/1truenote.com\/wp-content\/uploads\/2025\/05\/ChatGPT-Image-19-de-mai.-de-2025-11_18_00.png?fit=1536%2C1024&ssl=1","jetpack_sharing_enabled":true,"_links":{"self":[{"href":"https:\/\/1truenote.com\/en\/wp-json\/wp\/v2\/posts\/1875","targetHints":{"allow":["GET"]}}],"collection":[{"href":"https:\/\/1truenote.com\/en\/wp-json\/wp\/v2\/posts"}],"about":[{"href":"https:\/\/1truenote.com\/en\/wp-json\/wp\/v2\/types\/post"}],"author":[{"embeddable":true,"href":"https:\/\/1truenote.com\/en\/wp-json\/wp\/v2\/users\/1"}],"replies":[{"embeddable":true,"href":"https:\/\/1truenote.com\/en\/wp-json\/wp\/v2\/comments?post=1875"}],"version-history":[{"count":0,"href":"https:\/\/1truenote.com\/en\/wp-json\/wp\/v2\/posts\/1875\/revisions"}],"wp:featuredmedia":[{"embeddable":true,"href":"https:\/\/1truenote.com\/en\/wp-json\/wp\/v2\/media\/1876"}],"wp:attachment":[{"href":"https:\/\/1truenote.com\/en\/wp-json\/wp\/v2\/media?parent=1875"}],"wp:term":[{"taxonomy":"category","embeddable":true,"href":"https:\/\/1truenote.com\/en\/wp-json\/wp\/v2\/categories?post=1875"},{"taxonomy":"post_tag","embeddable":true,"href":"https:\/\/1truenote.com\/en\/wp-json\/wp\/v2\/tags?post=1875"}],"curies":[{"name":"wp","href":"https:\/\/api.w.org\/{rel}","templated":true}]}}