{"id":1872,"date":"2025-05-19T17:12:32","date_gmt":"2025-05-19T14:12:32","guid":{"rendered":"https:\/\/1truenote.com\/?p=1872"},"modified":"2025-05-22T16:17:58","modified_gmt":"2025-05-22T13:17:58","slug":"plantas-para-ambientes-internos-guia-pratico","status":"publish","type":"post","link":"https:\/\/1truenote.com\/en\/plantas-para-ambientes-internos-guia-pratico\/","title":{"rendered":"Como escolher plantas para ambientes internos: Guia pr\u00e1tico para um lar mais verde"},"content":{"rendered":"<div class=\"fit_content\">\n                <div class=\"bd_toc_container\" data-fixedwidth=\"\">\n                    <div class=\"bd_toc_wrapper\" data-wrapperpadding=\"48px\">\n                        <div class=\"bd_toc_wrapper_item\">\n                            <div class=\"bd_toc_header active\" data-headerpadding=\"2px\">\n                                <div class=\"bd_toc_header_title\">\n                                    Sum\u00e1rio                                <\/div>\n                                <div class=\"bd_toc_switcher_hide_show_icon\">\n                                    <span class=\"bd_toc_arrow\"><\/span>                                <\/div>\n                            <\/div>\n                            <div class=\"bd_toc_content list-type-number\">\n                                <div class=\"bd_toc_content_list\">\n                                    <div class='bd_toc_content_list_item'>    <ul>\n      <li class=\"first\">\n        <a href=\"#\ud83c\udf24\ufe0f-avalie-a-ilumina\u00e7\u00e3o-do-seu-espa\u00e7o-para-plantas-para-ambientes-internos\">\ud83c\udf24\ufe0f Avalie a ilumina\u00e7\u00e3o do seu espa\u00e7o para plantas para ambientes internos<\/a>\n      <\/li>\n      <li>\n        <a href=\"#\ud83c\udf21\ufe0f-leve-em-conta-a-ventila\u00e7\u00e3o-e-temperatura\">\ud83c\udf21\ufe0f Leve em conta a ventila\u00e7\u00e3o e temperatura<\/a>\n      <\/li>\n      <li>\n        <a href=\"#\ud83c\udf31-plantas-para-dentro-de-casa-esp\u00e9cies-que-fazem-sucesso\">\ud83c\udf31 Plantas para dentro de casa: esp\u00e9cies que fazem sucesso<\/a>\n      <\/li>\n      <li>\n        <a href=\"#\ud83e\udeb4-cuidados-b\u00e1sicos-menos-\u00e9-mais\">\ud83e\udeb4 Cuidados b\u00e1sicos: menos \u00e9 mais<\/a>\n      <\/li>\n      <li>\n        <a href=\"#\ud83e\udde9-integre-o-verde-\u00e0-decora\u00e7\u00e3o-com-leveza\">\ud83e\udde9 Integre o verde \u00e0 decora\u00e7\u00e3o com leveza<\/a>\n      <\/li>\n      <li class=\"last\">\n        <a href=\"#\ud83e\udded-escolher-a-plantas-para-ambientes-internos-certa-\u00e9-acolher-natureza-em-casa\">\ud83e\udded Escolher a plantas para ambientes internos certa \u00e9 acolher natureza em casa<\/a>\n      <\/li>\n    <\/ul>\n<\/div>                                <\/div>\n                            <\/div>\n                        <\/div>\n                    <\/div>\n                    <div class=\"layout_toggle_button\">\n                        <span class=\"bd_toc_arrow\"><\/span>\n                    <\/div>\n                <\/div>\n            <\/div>\n\n    \n\n\n<p>Adicionar <strong>plantas para ambientes internos<\/strong> \u00e9 uma das formas mais simples e encantadoras de transformar qualquer espa\u00e7o. Elas purificam o ar, trazem sensa\u00e7\u00e3o de bem-estar e ainda deixam tudo mais bonito \u2014 mesmo em casas pequenas ou apartamentos.<\/p>\n\n\n\n<p>Mas nem toda planta se adapta bem longe do sol. Por isso, entender as condi\u00e7\u00f5es do seu espa\u00e7o antes de sair comprando vasos e folhagens \u00e9 essencial. Esse guia pr\u00e1tico vai te ajudar a escolher as esp\u00e9cies ideais, cuidar delas com carinho e deixar sua casa mais viva e natural.<\/p>\n\n\n\n<hr class=\"wp-block-separator has-alpha-channel-opacity\"\/>\n\n\n\n<h2 id='\ud83c\udf24\ufe0f-avalie-a-ilumina\u00e7\u00e3o-do-seu-espa\u00e7o-para-plantas-para-ambientes-internos'  class=\"wp-block-heading\">\ud83c\udf24\ufe0f Avalie a ilumina\u00e7\u00e3o do seu espa\u00e7o para plantas para ambientes internos<\/h2>\n\n\n\n<p>O primeiro passo \u00e9 observar quanta luz natural entra no ambiente. Algumas <strong>plantas para ambientes internos<\/strong> amam luz direta, enquanto outras preferem a penumbra do cantinho da estante.<\/p>\n\n\n\n<p>Se a luz for intensa (pr\u00f3xima a janelas), aposte em suculentas, babosa e jiboia. J\u00e1 para locais mais sombreados, zamioculca, l\u00edrio da paz e maranta s\u00e3o boas op\u00e7\u00f5es \u2014 resistentes, lindas e f\u00e1ceis de cuidar.<\/p>\n\n\n\n<hr class=\"wp-block-separator has-alpha-channel-opacity\"\/>\n\n\n\n<h2 id='\ud83c\udf21\ufe0f-leve-em-conta-a-ventila\u00e7\u00e3o-e-temperatura'  class=\"wp-block-heading\">\ud83c\udf21\ufe0f Leve em conta a ventila\u00e7\u00e3o e temperatura<\/h2>\n\n\n\n<p>Ambientes abafados e com pouca circula\u00e7\u00e3o de ar podem prejudicar algumas plantas. Verifique se o espa\u00e7o tem janelas que se abrem, ventiladores ou qualquer tipo de ventila\u00e7\u00e3o natural.<\/p>\n\n\n\n<p>Plantas como espada-de-s\u00e3o-jorge e pacov\u00e1 toleram melhor varia\u00e7\u00f5es de temperatura e umidade. J\u00e1 as samambaias, por exemplo, adoram locais \u00famidos e bem ventilados, como banheiros com janelas.<\/p>\n\n\n\n<hr class=\"wp-block-separator has-alpha-channel-opacity\"\/>\n\n\n\n<h2 id='\ud83c\udf31-plantas-para-dentro-de-casa-esp\u00e9cies-que-fazem-sucesso'  class=\"wp-block-heading\">\ud83c\udf31 Plantas para dentro de casa: esp\u00e9cies que fazem sucesso<\/h2>\n\n\n\n<p>Nem sempre \u00e9 f\u00e1cil escolher entre tantas op\u00e7\u00f5es verdes. Por isso, separamos algumas <strong>plantas para dentro de casa<\/strong> que fazem sucesso pela beleza e praticidade:<\/p>\n\n\n\n<ul class=\"wp-block-list\">\n<li><strong>Zamioculca<\/strong>: resistente e \u00f3tima para ambientes com pouca luz<\/li>\n\n\n\n<li><strong>Jiboia<\/strong>: f\u00e1cil de cultivar, com folhas em tons variados<\/li>\n\n\n\n<li><strong>Peper\u00f4mia<\/strong>: pequena, charmosa e ideal para prateleiras e bancadas<\/li>\n\n\n\n<li><strong>L\u00edrio da Paz<\/strong>: florido e purificador de ar natural<\/li>\n\n\n\n<li><strong>Espada-de-S\u00e3o-Jorge<\/strong>: m\u00edstica, robusta e de f\u00e1cil manuten\u00e7\u00e3o<\/li>\n<\/ul>\n\n\n\n<p>Essas esp\u00e9cies s\u00e3o perfeitas para quem est\u00e1 come\u00e7ando ou deseja dar um toque de verde sem complica\u00e7\u00e3o.<\/p>\n\n\n\n<hr class=\"wp-block-separator has-alpha-channel-opacity\"\/>\n\n\n\n<h2 id='\ud83e\udeb4-cuidados-b\u00e1sicos-menos-\u00e9-mais'  class=\"wp-block-heading\">\ud83e\udeb4 Cuidados b\u00e1sicos: menos \u00e9 mais<\/h2>\n\n\n\n<p>Cuidar de plantas para ambientes internos exige mais observa\u00e7\u00e3o do que rega excessiva. Muitas morrem por excesso de \u00e1gua, ent\u00e3o prefira <strong>tocar o solo antes de regar<\/strong> \u2014 se estiver seco, \u00e9 hora. Se estiver \u00famido, espere mais um pouco.<\/p>\n\n\n\n<p>Al\u00e9m disso, escolha vasos com furos e n\u00e3o esque\u00e7a da drenagem (pedrinhas no fundo ajudam bastante). Uma borrifada de \u00e1gua nas folhas, de tempos em tempos, tamb\u00e9m \u00e9 bem-vinda \u2014 especialmente em \u00e9pocas secas.<\/p>\n\n\n\n<hr class=\"wp-block-separator has-alpha-channel-opacity\"\/>\n\n\n\n<h2 id='\ud83e\udde9-integre-o-verde-\u00e0-decora\u00e7\u00e3o-com-leveza'  class=\"wp-block-heading\">\ud83e\udde9 Integre o verde \u00e0 decora\u00e7\u00e3o com leveza<\/h2>\n\n\n\n<p>As plantas n\u00e3o precisam ficar todas no mesmo canto. <strong>Espalhe-as pela casa<\/strong> em prateleiras, estantes, penduradas no teto ou at\u00e9 no banheiro. Use vasos com cores neutras ou texturas naturais para compor ambientes mais harm\u00f4nicos.<\/p>\n\n\n\n<p>Outra dica \u00e9 combinar plantas com objetos afetivos, livros ou lumin\u00e1rias \u2014 isso cria um visual aconchegante e cheio de personalidade. O verde se encaixa em qualquer estilo de casa, do r\u00fastico ao moderno.<\/p>\n\n\n\n<hr class=\"wp-block-separator has-alpha-channel-opacity\"\/>\n\n\n\n<h2 id='\ud83e\udded-escolher-a-plantas-para-ambientes-internos-certa-\u00e9-acolher-natureza-em-casa'  class=\"wp-block-heading\">\ud83e\udded Escolher a plantas para ambientes internos certa \u00e9 acolher natureza em casa<\/h2>\n\n\n\n<p>Trazer <strong><a href=\"https:\/\/revistacasaejardim.globo.com\/\" data-type=\"link\" data-id=\"https:\/\/revistacasaejardim.globo.com\/\" target=\"_blank\" rel=\"noopener\">plantas para ambientes internos<\/a><\/strong> \u00e9 um ato de carinho com o lar e consigo mesmo. Elas tornam os espa\u00e7os mais vivos, calmos e cheios de energia boa. N\u00e3o precisa ter m\u00e3o verde \u2014 com um pouco de aten\u00e7\u00e3o e amor, qualquer cantinho pode virar um mini ref\u00fagio verde.<\/p>\n\n\n\n<p>E se voc\u00ea quiser ir al\u00e9m, confira tamb\u00e9m nosso conte\u00fado completo sobre <strong><a href=\"https:\/\/1truenote.com\/en\/casa-jardim-transformar-ambientes-com-estilo\/\" data-type=\"link\" data-id=\"https:\/\/1truenote.com\/casa-jardim-transformar-ambientes-com-estilo\/\">plantas para dentro de casa<\/a><\/strong>, com mais dicas de esp\u00e9cies, inspira\u00e7\u00f5es de decora\u00e7\u00e3o e cuidados personalizados.<\/p>\n\n\n\n<figure class=\"wp-block-image aligncenter size-large is-resized\"><img data-recalc-dims=\"1\" fetchpriority=\"high\" decoding=\"async\" width=\"1024\" height=\"683\" src=\"https:\/\/i0.wp.com\/1truenote.com\/wp-content\/uploads\/2025\/05\/ChatGPT-Image-19-de-mai.-de-2025-11_08_30.png?resize=1024%2C683&#038;ssl=1\" alt=\"plantas para ambientes internos\" class=\"wp-image-1873\" style=\"width:529px;height:auto\" srcset=\"https:\/\/i0.wp.com\/1truenote.com\/wp-content\/uploads\/2025\/05\/ChatGPT-Image-19-de-mai.-de-2025-11_08_30.png?resize=1024%2C683&amp;ssl=1 1024w, https:\/\/i0.wp.com\/1truenote.com\/wp-content\/uploads\/2025\/05\/ChatGPT-Image-19-de-mai.-de-2025-11_08_30.png?resize=300%2C200&amp;ssl=1 300w, https:\/\/i0.wp.com\/1truenote.com\/wp-content\/uploads\/2025\/05\/ChatGPT-Image-19-de-mai.-de-2025-11_08_30.png?resize=768%2C512&amp;ssl=1 768w, https:\/\/i0.wp.com\/1truenote.com\/wp-content\/uploads\/2025\/05\/ChatGPT-Image-19-de-mai.-de-2025-11_08_30.png?resize=150%2C100&amp;ssl=1 150w, https:\/\/i0.wp.com\/1truenote.com\/wp-content\/uploads\/2025\/05\/ChatGPT-Image-19-de-mai.-de-2025-11_08_30.png?w=1536&amp;ssl=1 1536w\" sizes=\"(max-width: 1024px) 100vw, 1024px\" \/><\/figure>","protected":false},"excerpt":{"rendered":"<p>Adicionar plantas para ambientes internos \u00e9 uma das formas mais simples e encantadoras de transformar qualquer espa\u00e7o. Elas purificam o&#8230;<\/p>","protected":false},"author":1,"featured_media":1873,"comment_status":"open","ping_status":"open","sticky":false,"template":"","format":"standard","meta":{"_kad_post_transparent":"","_kad_post_title":"","_kad_post_layout":"","_kad_post_sidebar_id":"","_kad_post_content_style":"","_kad_post_vertical_padding":"","_kad_post_feature":"","_kad_post_feature_position":"","_kad_post_header":false,"_kad_post_footer":false,"_kad_post_classname":"","footnotes":"","jetpack_publicize_message":"","jetpack_publicize_feature_enabled":true,"jetpack_social_post_already_shared":false,"jetpack_social_options":{"image_generator_settings":{"template":"highway","enabled":false},"version":2}},"categories":[16,1],"tags":[14],"class_list":["post-1872","post","type-post","status-publish","format-standard","has-post-thumbnail","hentry","category-casa-e-jardim","category-novidades","tag-interiores-inovadores"],"jetpack_publicize_connections":[],"jetpack_featured_media_url":"https:\/\/i0.wp.com\/1truenote.com\/wp-content\/uploads\/2025\/05\/ChatGPT-Image-19-de-mai.-de-2025-11_08_30.png?fit=1536%2C1024&ssl=1","jetpack_sharing_enabled":true,"_links":{"self":[{"href":"https:\/\/1truenote.com\/en\/wp-json\/wp\/v2\/posts\/1872","targetHints":{"allow":["GET"]}}],"collection":[{"href":"https:\/\/1truenote.com\/en\/wp-json\/wp\/v2\/posts"}],"about":[{"href":"https:\/\/1truenote.com\/en\/wp-json\/wp\/v2\/types\/post"}],"author":[{"embeddable":true,"href":"https:\/\/1truenote.com\/en\/wp-json\/wp\/v2\/users\/1"}],"replies":[{"embeddable":true,"href":"https:\/\/1truenote.com\/en\/wp-json\/wp\/v2\/comments?post=1872"}],"version-history":[{"count":0,"href":"https:\/\/1truenote.com\/en\/wp-json\/wp\/v2\/posts\/1872\/revisions"}],"wp:featuredmedia":[{"embeddable":true,"href":"https:\/\/1truenote.com\/en\/wp-json\/wp\/v2\/media\/1873"}],"wp:attachment":[{"href":"https:\/\/1truenote.com\/en\/wp-json\/wp\/v2\/media?parent=1872"}],"wp:term":[{"taxonomy":"category","embeddable":true,"href":"https:\/\/1truenote.com\/en\/wp-json\/wp\/v2\/categories?post=1872"},{"taxonomy":"post_tag","embeddable":true,"href":"https:\/\/1truenote.com\/en\/wp-json\/wp\/v2\/tags?post=1872"}],"curies":[{"name":"wp","href":"https:\/\/api.w.org\/{rel}","templated":true}]}}