{"id":1840,"date":"2025-05-17T01:09:41","date_gmt":"2025-05-16T22:09:41","guid":{"rendered":"https:\/\/1truenote.com\/?p=1840"},"modified":"2025-09-27T17:43:34","modified_gmt":"2025-09-27T20:43:34","slug":"jardim-e-casa-integracao-natural","status":"publish","type":"post","link":"https:\/\/1truenote.com\/en\/jardim-e-casa-integracao-natural\/","title":{"rendered":"Jardim e Casa em Harmonia: Dicas para unir natureza e conforto no dia a dia"},"content":{"rendered":"<div class=\"fit_content\">\n                <div class=\"bd_toc_container\" data-fixedwidth=\"\">\n                    <div class=\"bd_toc_wrapper\" data-wrapperpadding=\"48px\">\n                        <div class=\"bd_toc_wrapper_item\">\n                            <div class=\"bd_toc_header active\" data-headerpadding=\"2px\">\n                                <div class=\"bd_toc_header_title\">\n                                    Sum\u00e1rio                                <\/div>\n                                <div class=\"bd_toc_switcher_hide_show_icon\">\n                                    <span class=\"bd_toc_arrow\"><\/span>                                <\/div>\n                            <\/div>\n                            <div class=\"bd_toc_content list-type-number\">\n                                <div class=\"bd_toc_content_list\">\n                                    <div class='bd_toc_content_list_item'>    <ul>\n      <li class=\"first\">\n        <a href=\"#\ud83c\udfe1-integra\u00e7\u00e3o-visual-quando-o-verde-entra-pela-janela\">\ud83c\udfe1 Integra\u00e7\u00e3o visual: Quando o verde entra pela janela<\/a>\n      <\/li>\n      <li>\n        <a href=\"#\ud83c\udf31-canteiros-inteligentes-para-espa\u00e7os-pequenos\">\ud83c\udf31 Canteiros inteligentes para espa\u00e7os pequenos<\/a>\n      <\/li>\n      <li>\n        <a href=\"#\ud83c\udf43-jardim-funcional-al\u00e9m-da-est\u00e9tica-bem-estar\">\ud83c\udf43 Jardim funcional: Al\u00e9m da est\u00e9tica, bem-estar<\/a>\n      <\/li>\n      <li>\n        <a href=\"#\ud83d\udecb\ufe0f-a-casa-tamb\u00e9m-pode-ter-alma-de-jardim\">\ud83d\udecb\ufe0f A casa tamb\u00e9m pode ter alma de jardim<\/a>\n      <\/li>\n      <li>\n        <a href=\"#\ud83c\udf38-toques-simples-que-fazem-diferen\u00e7a\">\ud83c\udf38 Toques simples que fazem diferen\u00e7a<\/a>\n      <\/li>\n      <li class=\"last\">\n        <a href=\"#\ud83e\udded-jardim-e-casa-como-ref\u00fagio-afetivo\">\ud83e\udded Jardim e Casa como Ref\u00fagio Afetivo<\/a>\n      <\/li>\n    <\/ul>\n<\/div>                                <\/div>\n                            <\/div>\n                        <\/div>\n                    <\/div>\n                    <div class=\"layout_toggle_button\">\n                        <span class=\"bd_toc_arrow\"><\/span>\n                    <\/div>\n                <\/div>\n            <\/div>\n\n    \n\n\n<p>Se antes o jardim era visto como um espa\u00e7o isolado, hoje ele \u00e9 parte essencial da experi\u00eancia de morar. A uni\u00e3o entre <strong>jardim e casa<\/strong> deixou de ser um luxo e se transformou em um estilo de vida mais leve, bonito e saud\u00e1vel.<\/p>\n\n\n\n<p>Criar essa conex\u00e3o entre o interno e o externo n\u00e3o exige grandes reformas ou \u00e1reas enormes. Com pequenas mudan\u00e7as e escolhas certeiras, \u00e9 poss\u00edvel transformar at\u00e9 a menor varanda em um o\u00e1sis verde que conversa com a alma da casa.<\/p>\n\n\n\n<hr class=\"wp-block-separator has-alpha-channel-opacity\"\/>\n\n\n\n<h2 id='\ud83c\udfe1-integra\u00e7\u00e3o-visual-quando-o-verde-entra-pela-janela'  class=\"wp-block-heading\">\ud83c\udfe1 Integra\u00e7\u00e3o visual: Quando o verde entra pela janela<\/h2>\n\n\n\n<p>A primeira dica para unir <strong>jardim e casa<\/strong> de forma fluida \u00e9 pensar na integra\u00e7\u00e3o visual. Ambientes com grandes janelas, portas de vidro ou cobog\u00f3s deixam o verde do lado de fora fazer parte da decora\u00e7\u00e3o interna. O resultado? Um efeito de amplitude e frescor instant\u00e2neo.<\/p>\n\n\n\n<p>Se o seu espa\u00e7o \u00e9 mais compacto, vasos pendurados pr\u00f3ximos \u00e0s janelas ou hortinhas verticais j\u00e1 ajudam a criar esse elo. A ideia \u00e9 que o olhar flua entre os ambientes, sem barreiras visuais duras entre dentro e fora.<\/p>\n\n\n\n<hr class=\"wp-block-separator has-alpha-channel-opacity\"\/>\n\n\n\n<h2 id='\ud83c\udf31-canteiros-inteligentes-para-espa\u00e7os-pequenos'  class=\"wp-block-heading\">\ud83c\udf31 Canteiros inteligentes para espa\u00e7os pequenos<\/h2>\n\n\n\n<p>Nem todo mundo tem quintal, mas isso n\u00e3o significa abrir m\u00e3o de ter um jardim. Os <strong>canteiros elevados, jardins de parede e vasos grandes com mix de plantas<\/strong> s\u00e3o \u00f3timas op\u00e7\u00f5es para quem mora em apartamento ou em casas geminadas.<\/p>\n\n\n\n<p>Priorize esp\u00e9cies adaptadas ao clima da sua regi\u00e3o e escolha plantas com folhas de texturas diferentes \u2014 isso cria uma composi\u00e7\u00e3o mais rica visualmente. E o melhor: d\u00e1 para manter tudo organizado com praticidade e pouco gasto.<\/p>\n\n\n\n<hr class=\"wp-block-separator has-alpha-channel-opacity\"\/>\n\n\n\n<h2 id='\ud83c\udf43-jardim-funcional-al\u00e9m-da-est\u00e9tica-bem-estar'  class=\"wp-block-heading\">\ud83c\udf43 Jardim funcional: Al\u00e9m da est\u00e9tica, bem-estar<\/h2>\n\n\n\n<p>Unir jardim e casa tamb\u00e9m tem um impacto direto no bem-estar. Espa\u00e7os verdes ajudam a reduzir o estresse, melhoram a qualidade do ar e incentivam momentos ao ar livre. Que tal montar um cantinho com rede, futon ou cadeira de balan\u00e7o para ler e relaxar?<\/p>\n\n\n\n<p>Se o objetivo \u00e9 aproveitar ao m\u00e1ximo, pense em um jardim funcional: <strong>hortas, plantas arom\u00e1ticas, \u00e1rvores frut\u00edferas em vasos e at\u00e9 flores comest\u00edveis<\/strong>. Beleza e utilidade juntas, deixando a casa mais viva.<\/p>\n\n\n\n<hr class=\"wp-block-separator has-alpha-channel-opacity\"\/>\n\n\n\n<h2 id='\ud83d\udecb\ufe0f-a-casa-tamb\u00e9m-pode-ter-alma-de-jardim'  class=\"wp-block-heading\">\ud83d\udecb\ufe0f A casa tamb\u00e9m pode ter alma de jardim<\/h2>\n\n\n\n<p>A integra\u00e7\u00e3o pode ir al\u00e9m das janelas. Use o verde como elemento decorativo dentro da casa: pendure samambaias em suportes, aposte em estantes de plantas na sala ou coloque pequenas suculentas no banheiro. O segredo est\u00e1 no equil\u00edbrio.<\/p>\n\n\n\n<p>Materiais como madeira, barro, vime e palha ajudam a criar <strong>ambientes internos com alma de jardim<\/strong>. Velas arom\u00e1ticas com cheiros naturais e tecidos leves tamb\u00e9m completam essa ambienta\u00e7\u00e3o mais sensorial e natural.<\/p>\n\n\n\n<hr class=\"wp-block-separator has-alpha-channel-opacity\"\/>\n\n\n\n<h2 id='\ud83c\udf38-toques-simples-que-fazem-diferen\u00e7a'  class=\"wp-block-heading\">\ud83c\udf38 Toques simples que fazem diferen\u00e7a<\/h2>\n\n\n\n<p>Voc\u00ea n\u00e3o precisa reformar toda a casa para aproximar jardim e casa. \u00c0s vezes, s\u00f3 de reorganizar o espa\u00e7o externo, dar uma nova fun\u00e7\u00e3o \u00e0 varanda ou <strong>criar um caminho com pedras at\u00e9 uma \u00e1rea de descanso<\/strong>, tudo j\u00e1 muda.<\/p>\n\n\n\n<p>Outras boas ideias s\u00e3o pendurar sinos dos ventos, colocar um banco sob uma \u00e1rvore ou instalar uma fonte pequena. Esses elementos trazem som e movimento ao jardim, criando uma conex\u00e3o emocional que aquece o cora\u00e7\u00e3o.<\/p>\n\n\n\n<hr class=\"wp-block-separator has-alpha-channel-opacity\"\/>\n\n\n\n<h2 id='\ud83e\udded-jardim-e-casa-como-ref\u00fagio-afetivo'  class=\"wp-block-heading\">\ud83e\udded Jardim e Casa como Ref\u00fagio Afetivo<\/h2>\n\n\n\n<p>Unir <a href=\"https:\/\/revistacasaejardim.globo.com\/\" data-type=\"link\" data-id=\"https:\/\/revistacasaejardim.globo.com\/\" target=\"_blank\" rel=\"noopener\"><strong>jardim e casa<\/strong><\/a> \u00e9 mais do que est\u00e9tica \u2014 \u00e9 um convite a viver com mais calma, mais ar puro e mais presen\u00e7a. Seja com uma varanda florida ou um quintal amplo, o importante \u00e9 permitir que a natureza entre no seu dia a dia.<\/p>\n\n\n\n<p>Com criatividade, qualquer lar pode virar um ref\u00fagio verde. E o melhor: voc\u00ea colhe bem-estar, estilo e equil\u00edbrio em um s\u00f3 lugar.<\/p>\n\n\n\n<p>E se engana quem pensa que essa uni\u00e3o exige grandes investimentos no jardim e casa \u2014 muitas vezes, o que falta \u00e9 s\u00f3 um olhar mais sens\u00edvel para o espa\u00e7o. Um simples vaso bem colocado, uma ilumina\u00e7\u00e3o mais suave ou o h\u00e1bito de cuidar de uma plantinha j\u00e1 s\u00e3o gestos que transformam o lar. Afinal, quando o verde entra, a vida muda de ritmo.<\/p>\n\n\n\n<p>Voc\u00ea pode ver mais sobre o assunto clicando <a href=\"https:\/\/1truenote.com\/en\/category\/casa-e-jardim\/\" data-type=\"link\" data-id=\"https:\/\/1truenote.com\/category\/casa-e-jardim\/\">aqui<\/a>.<\/p>\n\n\n\n<figure class=\"wp-block-image aligncenter size-large is-resized\"><img data-recalc-dims=\"1\" fetchpriority=\"high\" decoding=\"async\" width=\"1024\" height=\"683\" src=\"https:\/\/i0.wp.com\/1truenote.com\/wp-content\/uploads\/2025\/05\/ChatGPT-Image-16-de-mai.-de-2025-19_08_28.png?resize=1024%2C683&#038;ssl=1\" alt=\"jardim e casa\" class=\"wp-image-1841\" style=\"width:514px;height:auto\" srcset=\"https:\/\/i0.wp.com\/1truenote.com\/wp-content\/uploads\/2025\/05\/ChatGPT-Image-16-de-mai.-de-2025-19_08_28.png?resize=1024%2C683&amp;ssl=1 1024w, https:\/\/i0.wp.com\/1truenote.com\/wp-content\/uploads\/2025\/05\/ChatGPT-Image-16-de-mai.-de-2025-19_08_28.png?resize=300%2C200&amp;ssl=1 300w, https:\/\/i0.wp.com\/1truenote.com\/wp-content\/uploads\/2025\/05\/ChatGPT-Image-16-de-mai.-de-2025-19_08_28.png?resize=768%2C512&amp;ssl=1 768w, https:\/\/i0.wp.com\/1truenote.com\/wp-content\/uploads\/2025\/05\/ChatGPT-Image-16-de-mai.-de-2025-19_08_28.png?resize=150%2C100&amp;ssl=1 150w, https:\/\/i0.wp.com\/1truenote.com\/wp-content\/uploads\/2025\/05\/ChatGPT-Image-16-de-mai.-de-2025-19_08_28.png?w=1536&amp;ssl=1 1536w\" sizes=\"(max-width: 1024px) 100vw, 1024px\" \/><\/figure>","protected":false},"excerpt":{"rendered":"<p>Se antes o jardim era visto como um espa\u00e7o isolado, hoje ele \u00e9 parte essencial da experi\u00eancia de morar. A&#8230;<\/p>","protected":false},"author":1,"featured_media":1841,"comment_status":"open","ping_status":"open","sticky":false,"template":"","format":"standard","meta":{"_kad_post_transparent":"","_kad_post_title":"","_kad_post_layout":"","_kad_post_sidebar_id":"","_kad_post_content_style":"","_kad_post_vertical_padding":"","_kad_post_feature":"","_kad_post_feature_position":"","_kad_post_header":false,"_kad_post_footer":false,"_kad_post_classname":"","footnotes":"","jetpack_publicize_message":"","jetpack_publicize_feature_enabled":true,"jetpack_social_post_already_shared":false,"jetpack_social_options":{"image_generator_settings":{"template":"highway","default_image_id":0,"font":"","enabled":false},"version":2}},"categories":[16],"tags":[12],"class_list":["post-1840","post","type-post","status-publish","format-standard","has-post-thumbnail","hentry","category-casa-e-jardim","tag-projetos-inovadores"],"jetpack_publicize_connections":[],"jetpack_featured_media_url":"https:\/\/i0.wp.com\/1truenote.com\/wp-content\/uploads\/2025\/05\/ChatGPT-Image-16-de-mai.-de-2025-19_08_28.png?fit=1536%2C1024&ssl=1","jetpack_sharing_enabled":true,"_links":{"self":[{"href":"https:\/\/1truenote.com\/en\/wp-json\/wp\/v2\/posts\/1840","targetHints":{"allow":["GET"]}}],"collection":[{"href":"https:\/\/1truenote.com\/en\/wp-json\/wp\/v2\/posts"}],"about":[{"href":"https:\/\/1truenote.com\/en\/wp-json\/wp\/v2\/types\/post"}],"author":[{"embeddable":true,"href":"https:\/\/1truenote.com\/en\/wp-json\/wp\/v2\/users\/1"}],"replies":[{"embeddable":true,"href":"https:\/\/1truenote.com\/en\/wp-json\/wp\/v2\/comments?post=1840"}],"version-history":[{"count":1,"href":"https:\/\/1truenote.com\/en\/wp-json\/wp\/v2\/posts\/1840\/revisions"}],"predecessor-version":[{"id":4285,"href":"https:\/\/1truenote.com\/en\/wp-json\/wp\/v2\/posts\/1840\/revisions\/4285"}],"wp:featuredmedia":[{"embeddable":true,"href":"https:\/\/1truenote.com\/en\/wp-json\/wp\/v2\/media\/1841"}],"wp:attachment":[{"href":"https:\/\/1truenote.com\/en\/wp-json\/wp\/v2\/media?parent=1840"}],"wp:term":[{"taxonomy":"category","embeddable":true,"href":"https:\/\/1truenote.com\/en\/wp-json\/wp\/v2\/categories?post=1840"},{"taxonomy":"post_tag","embeddable":true,"href":"https:\/\/1truenote.com\/en\/wp-json\/wp\/v2\/tags?post=1840"}],"curies":[{"name":"wp","href":"https:\/\/api.w.org\/{rel}","templated":true}]}}