{"id":1832,"date":"2025-05-16T23:52:03","date_gmt":"2025-05-16T20:52:03","guid":{"rendered":"https:\/\/1truenote.com\/?p=1832"},"modified":"2025-09-26T12:55:37","modified_gmt":"2025-09-26T15:55:37","slug":"bebe-reborn-na-decoracao-casa-e-jardim","status":"publish","type":"post","link":"https:\/\/1truenote.com\/en\/bebe-reborn-na-decoracao-casa-e-jardim\/","title":{"rendered":"Beb\u00ea Reborn ganha espa\u00e7o na decora\u00e7\u00e3o: Como criar ambientes aconchegantes e afetivos em casa"},"content":{"rendered":"<div class=\"fit_content\">\n                <div class=\"bd_toc_container\" data-fixedwidth=\"\">\n                    <div class=\"bd_toc_wrapper\" data-wrapperpadding=\"48px\">\n                        <div class=\"bd_toc_wrapper_item\">\n                            <div class=\"bd_toc_header active\" data-headerpadding=\"2px\">\n                                <div class=\"bd_toc_header_title\">\n                                    Sum\u00e1rio                                <\/div>\n                                <div class=\"bd_toc_switcher_hide_show_icon\">\n                                    <span class=\"bd_toc_arrow\"><\/span>                                <\/div>\n                            <\/div>\n                            <div class=\"bd_toc_content list-type-number\">\n                                <div class=\"bd_toc_content_list\">\n                                    <div class='bd_toc_content_list_item'>    <ul>\n      <li class=\"first\">\n        <a href=\"#\ud83d\udecf\ufe0f-quarto-tem\u00e1tico-um-mundo-para-o-seu-beb\u00ea-reborn\">\ud83d\udecf\ufe0f Quarto tem\u00e1tico: um mundo para o seu Beb\u00ea Reborn<\/a>\n      <\/li>\n      <li>\n        <a href=\"#\ud83c\udf3c-beb\u00ea-reborn-e-o-jardim-um-encontro-com-o-sensorial\">\ud83c\udf3c Beb\u00ea Reborn e o jardim: Um encontro com o sensorial<\/a>\n      <\/li>\n      <li>\n        <a href=\"#\ud83e\uddfa-organiza\u00e7\u00e3o-pr\u00e1tica-com-toque-afetivo\">\ud83e\uddfa Organiza\u00e7\u00e3o pr\u00e1tica com toque afetivo<\/a>\n      <\/li>\n      <li>\n        <a href=\"#\ud83d\udca1-decora\u00e7\u00e3o-afetiva-quando-a-casa-abra\u00e7a-quem-mora-nela\">\ud83d\udca1 Decora\u00e7\u00e3o afetiva: Quando a casa abra\u00e7a quem mora nela<\/a>\n      <\/li>\n      <li class=\"last\">\n        <a href=\"#\ud83e\udded-um-lar-que-acolhe-todas-as-suas-paix\u00f5es-do-seu-beb\u00ea-reborn\">\ud83e\udded Um lar que acolhe todas as suas paix\u00f5es do seu Beb\u00ea Reborn<\/a>\n      <\/li>\n    <\/ul>\n<\/div>                                <\/div>\n                            <\/div>\n                        <\/div>\n                    <\/div>\n                    <div class=\"layout_toggle_button\">\n                        <span class=\"bd_toc_arrow\"><\/span>\n                    <\/div>\n                <\/div>\n            <\/div>\n\n    \n\n\n<p>Beb\u00ea Reborn. Os <strong>beb\u00eas reborn<\/strong> ultrapassaram o universo do colecionismo e agora conquistam espa\u00e7o tamb\u00e9m na decora\u00e7\u00e3o e no estilo de vida. Para quem \u00e9 apaixonado por essas bonecas incrivelmente realistas, criar um cantinho especial para elas dentro de casa virou uma forma de express\u00e3o pessoal \u2014 e de carinho.<\/p>\n\n\n\n<p>Seja em um quarto tem\u00e1tico, um espa\u00e7o no jardim de inverno ou at\u00e9 em nichos bem planejados na sala, os reborns podem compor a est\u00e9tica do lar de maneira delicada e cheia de significado. Mais do que objetos, eles evocam mem\u00f3rias, cuidado e afeto.<\/p>\n\n\n\n<hr class=\"wp-block-separator has-alpha-channel-opacity\"\/>\n\n\n\n<h2 id='\ud83d\udecf\ufe0f-quarto-tem\u00e1tico-um-mundo-para-o-seu-beb\u00ea-reborn'  class=\"wp-block-heading\">\ud83d\udecf\ufe0f Quarto tem\u00e1tico: um mundo para o seu Beb\u00ea Reborn<\/h2>\n\n\n\n<p>Para quem tem mais de uma boneca reborn, ou considera a cole\u00e7\u00e3o um hobby s\u00e9rio, <strong>montar um quarto tem\u00e1tico<\/strong> pode ser uma experi\u00eancia encantadora. M\u00f3veis em tamanho reduzido, ber\u00e7os de madeira, roupas organizadas por esta\u00e7\u00e3o e objetos personalizados d\u00e3o vida ao ambiente.<\/p>\n\n\n\n<p>Esse espa\u00e7o pode ser usado tamb\u00e9m como \u00e1rea de relaxamento ou leitura. Almofadas, ilumina\u00e7\u00e3o suave e itens de papelaria ajudam a criar um clima \u00edntimo e acolhedor, onde o cuidado com o beb\u00ea reborn se mistura \u00e0 decora\u00e7\u00e3o funcional do lar.<\/p>\n\n\n\n<hr class=\"wp-block-separator has-alpha-channel-opacity\"\/>\n\n\n\n<h2 id='\ud83c\udf3c-beb\u00ea-reborn-e-o-jardim-um-encontro-com-o-sensorial'  class=\"wp-block-heading\">\ud83c\udf3c Beb\u00ea Reborn e o jardim: Um encontro com o sensorial<\/h2>\n\n\n\n<p>Muitas colecionadoras gostam de fotografar seus reborns em <strong>cen\u00e1rios naturais<\/strong>, e o jardim de casa se torna palco perfeito para isso. Vasos com flores, cestas de vime, mantas e pequenos balan\u00e7os criam composi\u00e7\u00f5es rom\u00e2nticas para ensaios fotogr\u00e1ficos e momentos de conex\u00e3o.<\/p>\n\n\n\n<p>Al\u00e9m disso, a intera\u00e7\u00e3o com o jardim traz calma e reduz o estresse. Cuidar de plantas e organizar o cen\u00e1rio para o beb\u00ea reborn vira quase uma terapia silenciosa \u2014 onde natureza e imagina\u00e7\u00e3o se encontram de forma po\u00e9tica.<\/p>\n\n\n\n<hr class=\"wp-block-separator has-alpha-channel-opacity\"\/>\n\n\n\n<h2 id='\ud83e\uddfa-organiza\u00e7\u00e3o-pr\u00e1tica-com-toque-afetivo'  class=\"wp-block-heading\">\ud83e\uddfa Organiza\u00e7\u00e3o pr\u00e1tica com toque afetivo<\/h2>\n\n\n\n<p>Manter os itens dos beb\u00eas reborn organizados tamb\u00e9m \u00e9 parte essencial do processo. Caixas etiquetadas, araras com mini roupinhas e prateleiras abertas para acess\u00f3rios garantem que tudo esteja vis\u00edvel e ao alcance, sem comprometer a est\u00e9tica da casa.<\/p>\n\n\n\n<p>Nesse caso, vale apostar em <strong>m\u00f3veis vers\u00e1teis<\/strong>, como c\u00f4modas retr\u00f4 ou nichos suspensos que se integrem ao restante da decora\u00e7\u00e3o. Isso ajuda a manter o lar visualmente leve e acolhedor, mesmo com uma cole\u00e7\u00e3o em expans\u00e3o.<\/p>\n\n\n\n<p>Outro detalhe que faz toda diferen\u00e7a \u00e9 pensar na <strong>ilumina\u00e7\u00e3o do ambiente onde os reborns ficam<\/strong>. Luzes amareladas e indiretas, como abajures ou fitas de LED embutidas, criam uma atmosfera acolhedora que combina com o clima de cuidado e tranquilidade que o hobby prop\u00f5e. Esse toque suave valoriza ainda mais o cantinho e contribui para o bem-estar geral da casa.<\/p>\n\n\n\n<p>Al\u00e9m disso, algumas pessoas t\u00eam usado os espa\u00e7os decorados com beb\u00eas reborn como cen\u00e1rio para <strong>v\u00eddeos, redes sociais ou mesmo visitas tem\u00e1ticas<\/strong>. \u00c9 uma forma criativa de compartilhar carinho com outras pessoas, fortalecer comunidades online e at\u00e9 transformar a paix\u00e3o em renda extra \u2014 seja com conte\u00fado, customiza\u00e7\u00f5es ou servi\u00e7os ligados ao mundo reborn.<\/p>\n\n\n\n<hr class=\"wp-block-separator has-alpha-channel-opacity\"\/>\n\n\n\n<h2 id='\ud83d\udca1-decora\u00e7\u00e3o-afetiva-quando-a-casa-abra\u00e7a-quem-mora-nela'  class=\"wp-block-heading\">\ud83d\udca1 Decora\u00e7\u00e3o afetiva: Quando a casa abra\u00e7a quem mora nela<\/h2>\n\n\n\n<p>A grande li\u00e7\u00e3o que o universo reborn traz para o lar \u00e9 a do afeto. Cada boneca carrega uma hist\u00f3ria, um nome, uma personalidade. E <strong>incluir isso na decora\u00e7\u00e3o<\/strong> \u00e9 uma forma de tornar a casa mais pessoal e cheia de alma.<\/p>\n\n\n\n<p>Mais do que est\u00e9tica, o espa\u00e7o constru\u00eddo em torno de um beb\u00ea reborn \u00e9 um convite \u00e0 pausa, ao cuidado e ao resgate de sensa\u00e7\u00f5es esquecidas. E isso vale ouro em tempos t\u00e3o acelerados.<\/p>\n\n\n\n<hr class=\"wp-block-separator has-alpha-channel-opacity\"\/>\n\n\n\n<h2 id='\ud83e\udded-um-lar-que-acolhe-todas-as-suas-paix\u00f5es-do-seu-beb\u00ea-reborn'  class=\"wp-block-heading\">\ud83e\udded Um lar que acolhe todas as suas paix\u00f5es do seu Beb\u00ea Reborn<\/h2>\n\n\n\n<p>Ter um cantinho para o <strong>beb\u00ea reborn<\/strong> em <a href=\"https:\/\/revistacasaejardim.globo.com\/\" data-type=\"link\" data-id=\"https:\/\/revistacasaejardim.globo.com\/\" target=\"_blank\" rel=\"noopener\">casa<\/a> \u00e9 uma forma bonita de trazer leveza e afeto para o dia a dia. Integrar esse amor \u00e0 decora\u00e7\u00e3o e at\u00e9 ao jardim \u00e9 uma maneira de transformar a casa num espa\u00e7o que abra\u00e7a quem voc\u00ea \u00e9, por completo.<\/p>\n\n\n\n<p>Seja como hobby, arte ou mem\u00f3ria viva, os reborns merecem um lugar especial. E o melhor disso tudo? N\u00e3o h\u00e1 regras. Basta seguir o cora\u00e7\u00e3o \u2014 e um toque de bom gosto.<\/p>\n\n\n\n<p>Voc\u00ea pode ver mais <a href=\"https:\/\/1truenote.com\/en\/category\/novidades\/\" data-type=\"link\" data-id=\"https:\/\/1truenote.com\/category\/novidades\/\">aqui<\/a>.<\/p>","protected":false},"excerpt":{"rendered":"<p>Beb\u00ea Reborn. Os beb\u00eas reborn ultrapassaram o universo do colecionismo e agora conquistam espa\u00e7o tamb\u00e9m na decora\u00e7\u00e3o e no estilo&#8230;<\/p>","protected":false},"author":1,"featured_media":1833,"comment_status":"open","ping_status":"open","sticky":false,"template":"","format":"standard","meta":{"_kad_post_transparent":"","_kad_post_title":"","_kad_post_layout":"","_kad_post_sidebar_id":"","_kad_post_content_style":"","_kad_post_vertical_padding":"","_kad_post_feature":"","_kad_post_feature_position":"","_kad_post_header":false,"_kad_post_footer":false,"_kad_post_classname":"","footnotes":"","jetpack_publicize_message":"","jetpack_publicize_feature_enabled":true,"jetpack_social_post_already_shared":false,"jetpack_social_options":{"image_generator_settings":{"template":"highway","default_image_id":0,"font":"","enabled":false},"version":2}},"categories":[1],"tags":[],"class_list":["post-1832","post","type-post","status-publish","format-standard","has-post-thumbnail","hentry","category-novidades"],"jetpack_publicize_connections":[],"jetpack_featured_media_url":"https:\/\/i0.wp.com\/1truenote.com\/wp-content\/uploads\/2025\/05\/ChatGPT-Image-16-de-mai.-de-2025-17_51_11.png?fit=1536%2C1024&ssl=1","jetpack_sharing_enabled":true,"_links":{"self":[{"href":"https:\/\/1truenote.com\/en\/wp-json\/wp\/v2\/posts\/1832","targetHints":{"allow":["GET"]}}],"collection":[{"href":"https:\/\/1truenote.com\/en\/wp-json\/wp\/v2\/posts"}],"about":[{"href":"https:\/\/1truenote.com\/en\/wp-json\/wp\/v2\/types\/post"}],"author":[{"embeddable":true,"href":"https:\/\/1truenote.com\/en\/wp-json\/wp\/v2\/users\/1"}],"replies":[{"embeddable":true,"href":"https:\/\/1truenote.com\/en\/wp-json\/wp\/v2\/comments?post=1832"}],"version-history":[{"count":1,"href":"https:\/\/1truenote.com\/en\/wp-json\/wp\/v2\/posts\/1832\/revisions"}],"predecessor-version":[{"id":4266,"href":"https:\/\/1truenote.com\/en\/wp-json\/wp\/v2\/posts\/1832\/revisions\/4266"}],"wp:featuredmedia":[{"embeddable":true,"href":"https:\/\/1truenote.com\/en\/wp-json\/wp\/v2\/media\/1833"}],"wp:attachment":[{"href":"https:\/\/1truenote.com\/en\/wp-json\/wp\/v2\/media?parent=1832"}],"wp:term":[{"taxonomy":"category","embeddable":true,"href":"https:\/\/1truenote.com\/en\/wp-json\/wp\/v2\/categories?post=1832"},{"taxonomy":"post_tag","embeddable":true,"href":"https:\/\/1truenote.com\/en\/wp-json\/wp\/v2\/tags?post=1832"}],"curies":[{"name":"wp","href":"https:\/\/api.w.org\/{rel}","templated":true}]}}