{"id":1814,"date":"2025-05-16T21:15:24","date_gmt":"2025-05-16T18:15:24","guid":{"rendered":"https:\/\/1truenote.com\/?p=1814"},"modified":"2025-05-19T23:00:58","modified_gmt":"2025-05-19T20:00:58","slug":"tendencias-de-casa-e-jardim-2025","status":"publish","type":"post","link":"https:\/\/1truenote.com\/en\/tendencias-de-casa-e-jardim-2025\/","title":{"rendered":"Tend\u00eancias de Casa e Jardim para 2025: Conforto, natureza e tecnologia em harmonia"},"content":{"rendered":"<div class=\"fit_content\">\n                <div class=\"bd_toc_container\" data-fixedwidth=\"\">\n                    <div class=\"bd_toc_wrapper\" data-wrapperpadding=\"48px\">\n                        <div class=\"bd_toc_wrapper_item\">\n                            <div class=\"bd_toc_header active\" data-headerpadding=\"2px\">\n                                <div class=\"bd_toc_header_title\">\n                                    Sum\u00e1rio                                <\/div>\n                                <div class=\"bd_toc_switcher_hide_show_icon\">\n                                    <span class=\"bd_toc_arrow\"><\/span>                                <\/div>\n                            <\/div>\n                            <div class=\"bd_toc_content list-type-number\">\n                                <div class=\"bd_toc_content_list\">\n                                    <div class='bd_toc_content_list_item'>        <ul>\n          <li class=\"first\">\n            <a href=\"#\ud83c\udfe1-tend\u00eancias-de-casa-e-jardim-integra\u00e7\u00e3o-com-a-natureza\">\ud83c\udfe1 Tend\u00eancias de Casa e Jardim: Integra\u00e7\u00e3o com a Natureza<\/a>\n          <\/li>\n          <li>\n            <a href=\"#\ud83c\udfa8-cores-terrosas-e-texturas-naturais\">\ud83c\udfa8 Cores Terrosas e Texturas Naturais<\/a>\n          <\/li>\n          <li>\n            <a href=\"#\ud83d\udecb\ufe0f-m\u00f3veis-multifuncionais-e-design-sustent\u00e1vel\">\ud83d\udecb\ufe0f M\u00f3veis Multifuncionais e Design Sustent\u00e1vel<\/a>\n          <\/li>\n          <li>\n            <a href=\"#\ud83d\udca1-tecnologia-invis\u00edvel-casas-inteligentes-e-discretas\">\ud83d\udca1 Tecnologia Invis\u00edvel: Casas Inteligentes e Discretas<\/a>\n          <\/li>\n          <li>\n            <a href=\"#\ud83c\udf38-jardins-funcionais-e-est\u00e9ticos-com-tend\u00eancias-de-casa-e-jardim\">\ud83c\udf38 Jardins Funcionais e Est\u00e9ticos com Tend\u00eancias de Casa e jardim<\/a>\n          <\/li>\n          <li>\n            <a href=\"#\ud83e\uddd8-espa\u00e7os-de-descompress\u00e3o-o-novo-luxo\">\ud83e\uddd8 Espa\u00e7os de Descompress\u00e3o: O Novo Luxo<\/a>\n          <\/li>\n          <li class=\"last\">\n            <a href=\"#\ud83e\udded-um-lar-que-reflete-seus-valores-tend\u00eancias-de-casa-e-jardim\">\ud83e\udded Um Lar que Reflete Seus Valores &#8211; Tend\u00eancias de casa e jardim<\/a>\n          <\/li>\n        <\/ul>\n<\/div>                                <\/div>\n                            <\/div>\n                        <\/div>\n                    <\/div>\n                    <div class=\"layout_toggle_button\">\n                        <span class=\"bd_toc_arrow\"><\/span>\n                    <\/div>\n                <\/div>\n            <\/div>\n\n    \n\n\n<p>Tend\u00eancias de casa e jardim. O ano de 2025 chegou trazendo uma onda de inova\u00e7\u00f5es que prometem transformar nossos lares em verdadeiros ref\u00fagios de bem-estar.<\/p>\n\n\n\n<p>As tend\u00eancias em casa e jardim refletem um desejo crescente por espa\u00e7os que unam conforto, sustentabilidade e tecnologia de forma harmoniosa.<\/p>\n\n\n\n<h3 id='\ud83c\udfe1-tend\u00eancias-de-casa-e-jardim-integra\u00e7\u00e3o-com-a-natureza'  class=\"wp-block-heading\">\ud83c\udfe1 Tend\u00eancias de Casa e Jardim: Integra\u00e7\u00e3o com a Natureza<\/h3>\n\n\n\n<p>A conex\u00e3o com o verde nunca foi t\u00e3o valorizada. A biofilia, conceito que promove a integra\u00e7\u00e3o da natureza nos ambientes internos, ganha destaque em 2025.<\/p>\n\n\n\n<p>Plantas de grande porte, jardins verticais e o uso de materiais naturais como madeira e pedra s\u00e3o elementos-chave para criar espa\u00e7os mais acolhedores e saud\u00e1veis.<\/p>\n\n\n\n<h3 id='\ud83c\udfa8-cores-terrosas-e-texturas-naturais'  class=\"wp-block-heading\">\ud83c\udfa8 Cores Terrosas e Texturas Naturais<\/h3>\n\n\n\n<p>As paletas de cores se inspiram na terra, trazendo tons como terracota, verde-oliva e areia. Essas cores, combinadas com texturas naturais, criam ambientes que transmitem calma e aconchego. A ideia \u00e9 trazer a serenidade da natureza para dentro de casa. (fonte: <a href=\"https:\/\/omaringa.com.br\/coluna\/jardim\/decoracao-de-casas-modernas-tendencias-para-2025\/?utm_source=chatgpt.com\" target=\"_blank\" rel=\"noreferrer noopener\">O Maring\u00e1<\/a>)<\/p>\n\n\n\n<h3 id='\ud83d\udecb\ufe0f-m\u00f3veis-multifuncionais-e-design-sustent\u00e1vel'  class=\"wp-block-heading\">\ud83d\udecb\ufe0f M\u00f3veis Multifuncionais e Design Sustent\u00e1vel<\/h3>\n\n\n\n<p>Com espa\u00e7os cada vez mais compactos, os m\u00f3veis multifuncionais se tornam essenciais. Sof\u00e1s que viram camas, mesas dobr\u00e1veis e estantes modulares otimizam o espa\u00e7o sem abrir m\u00e3o do estilo.<\/p>\n\n\n\n<p>Al\u00e9m disso, o design sustent\u00e1vel ganha for\u00e7a, com pe\u00e7as produzidas a partir de materiais reciclados e processos eco-friendly.<\/p>\n\n\n\n<h3 id='\ud83d\udca1-tecnologia-invis\u00edvel-casas-inteligentes-e-discretas'  class=\"wp-block-heading\">\ud83d\udca1 Tecnologia Invis\u00edvel: Casas Inteligentes e Discretas<\/h3>\n\n\n\n<p>A tecnologia se integra de forma sutil aos ambientes, oferecendo praticidade sem comprometer a est\u00e9tica. Sistemas de ilumina\u00e7\u00e3o automatizados, assistentes virtuais e eletrodom\u00e9sticos inteligentes tornam o dia a dia mais eficiente, enquanto se mant\u00eam discretos e integrados ao design do espa\u00e7o.<\/p>\n\n\n\n<h3 id='\ud83c\udf38-jardins-funcionais-e-est\u00e9ticos-com-tend\u00eancias-de-casa-e-jardim'  class=\"wp-block-heading\">\ud83c\udf38 Jardins Funcionais e Est\u00e9ticos com Tend\u00eancias de Casa e jardim<\/h3>\n\n\n\n<p>Os jardins de 2025 v\u00e3o al\u00e9m da beleza. Hortas verticais, plantas arom\u00e1ticas e espa\u00e7os para relaxamento transformam os jardins em \u00e1reas multifuncionais. A tend\u00eancia \u00e9 criar espa\u00e7os que proporcionem bem-estar f\u00edsico e mental, al\u00e9m de promoverem a sustentabilidade.<\/p>\n\n\n\n<p>Outra novidade que ganha destaque em 2025 \u00e9 o uso de <strong>materiais reaproveitados<\/strong> na constru\u00e7\u00e3o e decora\u00e7\u00e3o. Desde pisos feitos com madeira reciclada at\u00e9 lumin\u00e1rias criadas a partir de vidro reaproveitado, a ideia \u00e9 repensar o consumo e mostrar que \u00e9 poss\u00edvel ter estilo e consci\u00eancia ambiental ao mesmo tempo.<\/p>\n\n\n\n<p>O uso de <strong>paisagismo com baixa manuten\u00e7\u00e3o<\/strong> tamb\u00e9m se torna tend\u00eancia. Esp\u00e9cies nativas, que consomem menos \u00e1gua e se adaptam facilmente ao clima local, est\u00e3o em alta nos projetos de jardins. Essa escolha, al\u00e9m de pr\u00e1tica, reduz o impacto ambiental e atrai polinizadores, como abelhas e borboletas.<\/p>\n\n\n\n<p>Na parte interna da casa, os <strong>espelhos inteligentes<\/strong> v\u00eam sendo integrados a banheiros e closets. Eles exibem informa\u00e7\u00f5es como previs\u00e3o do tempo, agenda do dia e controle de ilumina\u00e7\u00e3o, unindo tecnologia e sofistica\u00e7\u00e3o de forma pr\u00e1tica e intuitiva.<\/p>\n\n\n\n<p>Por fim, a valoriza\u00e7\u00e3o do \u201cfeito \u00e0 m\u00e3o\u201d tamb\u00e9m marca presen\u00e7a. Pe\u00e7as artesanais, como cer\u00e2micas, tape\u00e7arias e m\u00f3veis produzidos por artistas locais, trazem identidade e hist\u00f3ria para os ambientes. Essa tend\u00eancia resgata o valor do singular em um mundo cada vez mais automatizado.<\/p>\n\n\n\n<p>Se quiser, posso atualizar o artigo com esses novos par\u00e1grafos ou seguir com uma arte editorial para acompanhar o post. Deseja isso? Tend\u00eancias de casa e jardim.<\/p>\n\n\n\n<h3 id='\ud83e\uddd8-espa\u00e7os-de-descompress\u00e3o-o-novo-luxo'  class=\"wp-block-heading\">\ud83e\uddd8 Espa\u00e7os de Descompress\u00e3o: O Novo Luxo<\/h3>\n\n\n\n<p>A cria\u00e7\u00e3o de ambientes dedicados ao relaxamento e autocuidado se torna uma prioridade. Salas de medita\u00e7\u00e3o, cantinhos de leitura e banheiros com atmosfera de spa s\u00e3o exemplos de como o design pode contribuir para o bem-estar. O luxo agora est\u00e1 na simplicidade e na capacidade de proporcionar momentos de tranquilidade.<\/p>\n\n\n\n<h3 id='\ud83e\udded-um-lar-que-reflete-seus-valores-tend\u00eancias-de-casa-e-jardim'  class=\"wp-block-heading\">\ud83e\udded Um Lar que Reflete Seus Valores &#8211; Tend\u00eancias de casa e jardim<\/h3>\n\n\n\n<p>As tend\u00eancias de casa e jardim para 2025 mostram uma clara inten\u00e7\u00e3o de transformar os lares em espa\u00e7os que refletem os valores e necessidades de seus moradores.<\/p>\n\n\n\n<p>A integra\u00e7\u00e3o com a natureza, o uso consciente da tecnologia e o foco no bem-estar s\u00e3o pilares dessa nova abordagem. Mais do que seguir modismos, trata-se de criar ambientes que promovam qualidade de vida e conex\u00e3o com o que realmente importa.<\/p>\n\n\n\n<p>Gostou de tend\u00eancias de casa e jardim? Voc\u00ea pode ver mais conte\u00fados como esse, <a href=\"https:\/\/1truenote.com\/en\/category\/novidades\/\" data-type=\"link\" data-id=\"https:\/\/1truenote.com\/category\/novidades\/\">aqui<\/a>.<\/p>\n\n\n\n<figure class=\"wp-block-image aligncenter size-large is-resized\"><img data-recalc-dims=\"1\" fetchpriority=\"high\" decoding=\"async\" width=\"1024\" height=\"683\" src=\"https:\/\/i0.wp.com\/1truenote.com\/wp-content\/uploads\/2025\/05\/ChatGPT-Image-16-de-mai.-de-2025-15_07_57.png?resize=1024%2C683&#038;ssl=1\" alt=\"Tend\u00eancias de Casa e Jardim 2025:\" class=\"wp-image-1815\" style=\"width:576px;height:auto\" srcset=\"https:\/\/i0.wp.com\/1truenote.com\/wp-content\/uploads\/2025\/05\/ChatGPT-Image-16-de-mai.-de-2025-15_07_57.png?resize=1024%2C683&amp;ssl=1 1024w, https:\/\/i0.wp.com\/1truenote.com\/wp-content\/uploads\/2025\/05\/ChatGPT-Image-16-de-mai.-de-2025-15_07_57.png?resize=300%2C200&amp;ssl=1 300w, https:\/\/i0.wp.com\/1truenote.com\/wp-content\/uploads\/2025\/05\/ChatGPT-Image-16-de-mai.-de-2025-15_07_57.png?resize=768%2C512&amp;ssl=1 768w, https:\/\/i0.wp.com\/1truenote.com\/wp-content\/uploads\/2025\/05\/ChatGPT-Image-16-de-mai.-de-2025-15_07_57.png?resize=150%2C100&amp;ssl=1 150w, https:\/\/i0.wp.com\/1truenote.com\/wp-content\/uploads\/2025\/05\/ChatGPT-Image-16-de-mai.-de-2025-15_07_57.png?w=1536&amp;ssl=1 1536w\" sizes=\"(max-width: 1024px) 100vw, 1024px\" \/><\/figure>","protected":false},"excerpt":{"rendered":"<p>Tend\u00eancias de casa e jardim. O ano de 2025 chegou trazendo uma onda de inova\u00e7\u00f5es que prometem transformar nossos lares&#8230;<\/p>","protected":false},"author":1,"featured_media":1815,"comment_status":"open","ping_status":"open","sticky":false,"template":"","format":"standard","meta":{"_kad_post_transparent":"","_kad_post_title":"","_kad_post_layout":"","_kad_post_sidebar_id":"","_kad_post_content_style":"","_kad_post_vertical_padding":"","_kad_post_feature":"","_kad_post_feature_position":"","_kad_post_header":false,"_kad_post_footer":false,"_kad_post_classname":"","footnotes":"","jetpack_publicize_message":"","jetpack_publicize_feature_enabled":true,"jetpack_social_post_already_shared":false,"jetpack_social_options":{"image_generator_settings":{"template":"highway","default_image_id":0,"font":"","enabled":false},"version":2}},"categories":[1],"tags":[12],"class_list":["post-1814","post","type-post","status-publish","format-standard","has-post-thumbnail","hentry","category-novidades","tag-projetos-inovadores"],"jetpack_publicize_connections":[],"jetpack_featured_media_url":"https:\/\/i0.wp.com\/1truenote.com\/wp-content\/uploads\/2025\/05\/ChatGPT-Image-16-de-mai.-de-2025-15_07_57.png?fit=1536%2C1024&ssl=1","jetpack_sharing_enabled":true,"_links":{"self":[{"href":"https:\/\/1truenote.com\/en\/wp-json\/wp\/v2\/posts\/1814","targetHints":{"allow":["GET"]}}],"collection":[{"href":"https:\/\/1truenote.com\/en\/wp-json\/wp\/v2\/posts"}],"about":[{"href":"https:\/\/1truenote.com\/en\/wp-json\/wp\/v2\/types\/post"}],"author":[{"embeddable":true,"href":"https:\/\/1truenote.com\/en\/wp-json\/wp\/v2\/users\/1"}],"replies":[{"embeddable":true,"href":"https:\/\/1truenote.com\/en\/wp-json\/wp\/v2\/comments?post=1814"}],"version-history":[{"count":0,"href":"https:\/\/1truenote.com\/en\/wp-json\/wp\/v2\/posts\/1814\/revisions"}],"wp:featuredmedia":[{"embeddable":true,"href":"https:\/\/1truenote.com\/en\/wp-json\/wp\/v2\/media\/1815"}],"wp:attachment":[{"href":"https:\/\/1truenote.com\/en\/wp-json\/wp\/v2\/media?parent=1814"}],"wp:term":[{"taxonomy":"category","embeddable":true,"href":"https:\/\/1truenote.com\/en\/wp-json\/wp\/v2\/categories?post=1814"},{"taxonomy":"post_tag","embeddable":true,"href":"https:\/\/1truenote.com\/en\/wp-json\/wp\/v2\/tags?post=1814"}],"curies":[{"name":"wp","href":"https:\/\/api.w.org\/{rel}","templated":true}]}}