{"id":1764,"date":"2025-05-15T18:25:01","date_gmt":"2025-05-15T15:25:01","guid":{"rendered":"https:\/\/1truenote.com\/?p=1764"},"modified":"2025-05-19T23:02:30","modified_gmt":"2025-05-19T20:02:30","slug":"apartamento-minimalista-integrado","status":"publish","type":"post","link":"https:\/\/1truenote.com\/en\/apartamento-minimalista-integrado\/","title":{"rendered":"Apartamento Minimalista Integrado: Como criar espa\u00e7os funcionais e aconchegantes"},"content":{"rendered":"<div class=\"fit_content\">\n                <div class=\"bd_toc_container\" data-fixedwidth=\"\">\n                    <div class=\"bd_toc_wrapper\" data-wrapperpadding=\"48px\">\n                        <div class=\"bd_toc_wrapper_item\">\n                            <div class=\"bd_toc_header active\" data-headerpadding=\"2px\">\n                                <div class=\"bd_toc_header_title\">\n                                    Sum\u00e1rio                                <\/div>\n                                <div class=\"bd_toc_switcher_hide_show_icon\">\n                                    <span class=\"bd_toc_arrow\"><\/span>                                <\/div>\n                            <\/div>\n                            <div class=\"bd_toc_content list-type-number\">\n                                <div class=\"bd_toc_content_list\">\n                                    <div class='bd_toc_content_list_item'>    <ul>\n      <li class=\"first\">\n        <a href=\"#\ud83c\udfa8-paleta-neutra-e-marcenaria-sob-medida-para-apartamento-minimalista-integrado\">\ud83c\udfa8 Paleta Neutra e Marcenaria Sob Medida para Apartamento Minimalista Integrado<\/a>\n      <\/li>\n      <li>\n        <a href=\"#\ud83d\udecb\ufe0f-integra\u00e7\u00e3o-dos-ambientes\">\ud83d\udecb\ufe0f Integra\u00e7\u00e3o dos Ambientes<\/a>\n      <\/li>\n      <li>\n        <a href=\"#\ud83e\ude91-escolha-de-mobili\u00e1rio-e-decora\u00e7\u00e3o\">\ud83e\ude91 Escolha de Mobili\u00e1rio e Decora\u00e7\u00e3o<\/a>\n      <\/li>\n      <li>\n        <a href=\"#\ud83c\udf3f-ilumina\u00e7\u00e3o-e-ventila\u00e7\u00e3o-natural\">\ud83c\udf3f Ilumina\u00e7\u00e3o e Ventila\u00e7\u00e3o Natural<\/a>\n      <\/li>\n      <li class=\"last\">\n        <a href=\"#\ud83e\udded-menos-\u00e9-mais-apartamento-minimalista-integrado\">\ud83e\udded Menos \u00e9 Mais &#8211; Apartamento minimalista integrado<\/a>\n      <\/li>\n    <\/ul>\n<\/div>                                <\/div>\n                            <\/div>\n                        <\/div>\n                    <\/div>\n                    <div class=\"layout_toggle_button\">\n                        <span class=\"bd_toc_arrow\"><\/span>\n                    <\/div>\n                <\/div>\n            <\/div>\n\n    \n\n\n<p>Viver em um <strong>apartamento minimalista integrado<\/strong> \u00e9 mais do que uma escolha est\u00e9tica; \u00e9 uma decis\u00e3o que impacta diretamente na qualidade de vida. A integra\u00e7\u00e3o dos ambientes promove uma sensa\u00e7\u00e3o de amplitude, enquanto o minimalismo traz leveza e funcionalidade ao dia a dia.<\/p>\n\n\n\n<p>Inspirado no projeto da arquiteta Isa Domingues, que transformou seu pr\u00f3prio lar em um exemplo de como unir simplicidade e sofistica\u00e7\u00e3o, este artigo traz insights valiosos para quem deseja adotar esse estilo de vida.<\/p>\n\n\n\n<hr class=\"wp-block-separator has-alpha-channel-opacity\"\/>\n\n\n\n<h2 id='\ud83c\udfa8-paleta-neutra-e-marcenaria-sob-medida-para-apartamento-minimalista-integrado'  class=\"wp-block-heading\">\ud83c\udfa8 Paleta Neutra e Marcenaria Sob Medida para Apartamento Minimalista Integrado<\/h2>\n\n\n\n<p>Um dos pilares do apartamento minimalista integrado \u00e9 a escolha de uma paleta de cores neutras. Tons como branco, bege, cinza e madeira clara criam uma base serena, permitindo que os elementos do espa\u00e7o se destaquem de forma harmoniosa.<\/p>\n\n\n\n<p>A marcenaria sob medida desempenha um papel crucial nesse contexto. M\u00f3veis planejados otimizam cada cent\u00edmetro, garantindo que n\u00e3o haja excessos e que tudo tenha seu lugar. No projeto de Isa, por exemplo, a marcenaria foi pensada para integrar sala, cozinha e varanda, criando uma fluidez entre os ambientes.<\/p>\n\n\n\n<hr class=\"wp-block-separator has-alpha-channel-opacity\"\/>\n\n\n\n<h2 id='\ud83d\udecb\ufe0f-integra\u00e7\u00e3o-dos-ambientes'  class=\"wp-block-heading\">\ud83d\udecb\ufe0f Integra\u00e7\u00e3o dos Ambientes<\/h2>\n\n\n\n<p>A integra\u00e7\u00e3o dos ambientes \u00e9 uma caracter\u00edstica marcante em um apartamento minimalista integrado. Ao eliminar paredes e barreiras visuais, os espa\u00e7os se conectam, promovendo uma conviv\u00eancia mais pr\u00f3xima e funcional.<\/p>\n\n\n\n<p>No caso do apartamento de Isa, a sala de estar, a cozinha e a varanda gourmet foram unificadas, criando um ambiente amplo e acolhedor. Essa configura\u00e7\u00e3o \u00e9 ideal para receber amigos e familiares, al\u00e9m de facilitar a circula\u00e7\u00e3o e a entrada de luz natural.<\/p>\n\n\n\n<hr class=\"wp-block-separator has-alpha-channel-opacity\"\/>\n\n\n\n<h2 id='\ud83e\ude91-escolha-de-mobili\u00e1rio-e-decora\u00e7\u00e3o'  class=\"wp-block-heading\">\ud83e\ude91 Escolha de Mobili\u00e1rio e Decora\u00e7\u00e3o<\/h2>\n\n\n\n<p>Em um apartamento minimalista integrado, menos \u00e9 mais. A escolha do mobili\u00e1rio deve priorizar pe\u00e7as funcionais e de design clean. Optar por m\u00f3veis com linhas retas e cores neutras ajuda a manter a harmonia do espa\u00e7o.<\/p>\n\n\n\n<p>A decora\u00e7\u00e3o deve ser pensada com cuidado, evitando excessos. Elementos como quadros, plantas e objetos decorativos devem ser selecionados para complementar o ambiente, sem sobrecarreg\u00e1-lo.<\/p>\n\n\n\n<p>Outra vantagem do apartamento minimalista integrado \u00e9 a <strong>facilidade na manuten\u00e7\u00e3o<\/strong>. Com menos objetos expostos e ambientes conectados, a limpeza se torna mais r\u00e1pida e pr\u00e1tica. Isso libera tempo e reduz o estresse do dia a dia, o que faz toda diferen\u00e7a para quem tem uma rotina corrida ou trabalha em casa.<\/p>\n\n\n\n<p>Al\u00e9m disso, a aus\u00eancia de paredes entre os ambientes cria oportunidades para <strong>brincar com a continuidade visual<\/strong>, usando o mesmo piso ou paleta de cores entre cozinha, sala e varanda. Esse tipo de uniformidade d\u00e1 sensa\u00e7\u00e3o de unidade e eleg\u00e2ncia, mesmo em apartamentos pequenos.<\/p>\n\n\n\n<hr class=\"wp-block-separator has-alpha-channel-opacity\"\/>\n\n\n\n<h2 id='\ud83c\udf3f-ilumina\u00e7\u00e3o-e-ventila\u00e7\u00e3o-natural'  class=\"wp-block-heading\">\ud83c\udf3f Ilumina\u00e7\u00e3o e Ventila\u00e7\u00e3o Natural<\/h2>\n\n\n\n<p>A ilumina\u00e7\u00e3o natural \u00e9 essencial em um apartamento minimalista integrado. Grandes janelas e portas de vidro permitem a entrada de luz, tornando os ambientes mais agrad\u00e1veis e econ\u00f4micos.<\/p>\n\n\n\n<p>Al\u00e9m disso, a ventila\u00e7\u00e3o cruzada \u00e9 facilitada em espa\u00e7os integrados, promovendo uma circula\u00e7\u00e3o de ar eficiente e contribuindo para o conforto t\u00e9rmico do lar.<\/p>\n\n\n\n<hr class=\"wp-block-separator has-alpha-channel-opacity\"\/>\n\n\n\n<h2 id='\ud83e\udded-menos-\u00e9-mais-apartamento-minimalista-integrado'  class=\"wp-block-heading\">\ud83e\udded Menos \u00e9 Mais &#8211; Apartamento minimalista integrado<\/h2>\n\n\n\n<p>Adotar um <strong><a href=\"https:\/\/revistacasaejardim.globo.com\/decoracao\/noticia\/2025\/02\/ape-de-isa-domingues-tem-projeto-que-mescla-minimalismo-e-aconchego.ghtml?utm_source=chatgpt.com\" data-type=\"link\" data-id=\"https:\/\/revistacasaejardim.globo.com\/decoracao\/noticia\/2025\/02\/ape-de-isa-domingues-tem-projeto-que-mescla-minimalismo-e-aconchego.ghtml?utm_source=chatgpt.com\" target=\"_blank\" rel=\"noopener\">apartamento minimalista integrado<\/a><\/strong> \u00e9 abra\u00e7ar uma filosofia de vida que valoriza o essencial. \u00c9 criar um lar onde cada elemento tem prop\u00f3sito, onde a funcionalidade se alia \u00e0 est\u00e9tica para proporcionar bem-estar.<\/p>\n\n\n\n<p>Seja voc\u00ea um entusiasta do design ou algu\u00e9m em busca de praticidade, esse estilo oferece solu\u00e7\u00f5es inteligentes para viver com mais qualidade e menos excessos.<\/p>\n\n\n\n<p>Voc\u00ea pode ver mais <a href=\"https:\/\/1truenote.com\/en\/category\/novidades\/\" data-type=\"link\" data-id=\"https:\/\/1truenote.com\/category\/novidades\/\">aqui<\/a>.<\/p>\n\n\n\n<figure class=\"wp-block-image aligncenter size-large is-resized\"><img data-recalc-dims=\"1\" fetchpriority=\"high\" decoding=\"async\" width=\"1024\" height=\"683\" src=\"https:\/\/i0.wp.com\/1truenote.com\/wp-content\/uploads\/2025\/05\/ChatGPT-Image-15-de-mai.-de-2025-12_22_30.png?resize=1024%2C683&#038;ssl=1\" alt=\"Apartamento Minimalista Integrado\" class=\"wp-image-1765\" style=\"width:523px;height:auto\" srcset=\"https:\/\/i0.wp.com\/1truenote.com\/wp-content\/uploads\/2025\/05\/ChatGPT-Image-15-de-mai.-de-2025-12_22_30.png?resize=1024%2C683&amp;ssl=1 1024w, https:\/\/i0.wp.com\/1truenote.com\/wp-content\/uploads\/2025\/05\/ChatGPT-Image-15-de-mai.-de-2025-12_22_30.png?resize=300%2C200&amp;ssl=1 300w, https:\/\/i0.wp.com\/1truenote.com\/wp-content\/uploads\/2025\/05\/ChatGPT-Image-15-de-mai.-de-2025-12_22_30.png?resize=768%2C512&amp;ssl=1 768w, https:\/\/i0.wp.com\/1truenote.com\/wp-content\/uploads\/2025\/05\/ChatGPT-Image-15-de-mai.-de-2025-12_22_30.png?w=1536&amp;ssl=1 1536w\" sizes=\"(max-width: 1024px) 100vw, 1024px\" \/><\/figure>","protected":false},"excerpt":{"rendered":"<p>Viver em um apartamento minimalista integrado \u00e9 mais do que uma escolha est\u00e9tica; \u00e9 uma decis\u00e3o que impacta diretamente na&#8230;<\/p>","protected":false},"author":1,"featured_media":1765,"comment_status":"open","ping_status":"open","sticky":false,"template":"","format":"standard","meta":{"_kad_post_transparent":"","_kad_post_title":"","_kad_post_layout":"","_kad_post_sidebar_id":"","_kad_post_content_style":"","_kad_post_vertical_padding":"","_kad_post_feature":"","_kad_post_feature_position":"","_kad_post_header":false,"_kad_post_footer":false,"_kad_post_classname":"","footnotes":"","jetpack_publicize_message":"","jetpack_publicize_feature_enabled":true,"jetpack_social_post_already_shared":false,"jetpack_social_options":{"image_generator_settings":{"template":"highway","default_image_id":0,"font":"","enabled":false},"version":2}},"categories":[1,16],"tags":[13,14],"class_list":["post-1764","post","type-post","status-publish","format-standard","has-post-thumbnail","hentry","category-novidades","category-casa-e-jardim","tag-minimalista","tag-interiores-inovadores"],"jetpack_publicize_connections":[],"jetpack_featured_media_url":"https:\/\/i0.wp.com\/1truenote.com\/wp-content\/uploads\/2025\/05\/ChatGPT-Image-15-de-mai.-de-2025-12_22_30.png?fit=1536%2C1024&ssl=1","jetpack_sharing_enabled":true,"_links":{"self":[{"href":"https:\/\/1truenote.com\/en\/wp-json\/wp\/v2\/posts\/1764","targetHints":{"allow":["GET"]}}],"collection":[{"href":"https:\/\/1truenote.com\/en\/wp-json\/wp\/v2\/posts"}],"about":[{"href":"https:\/\/1truenote.com\/en\/wp-json\/wp\/v2\/types\/post"}],"author":[{"embeddable":true,"href":"https:\/\/1truenote.com\/en\/wp-json\/wp\/v2\/users\/1"}],"replies":[{"embeddable":true,"href":"https:\/\/1truenote.com\/en\/wp-json\/wp\/v2\/comments?post=1764"}],"version-history":[{"count":0,"href":"https:\/\/1truenote.com\/en\/wp-json\/wp\/v2\/posts\/1764\/revisions"}],"wp:featuredmedia":[{"embeddable":true,"href":"https:\/\/1truenote.com\/en\/wp-json\/wp\/v2\/media\/1765"}],"wp:attachment":[{"href":"https:\/\/1truenote.com\/en\/wp-json\/wp\/v2\/media?parent=1764"}],"wp:term":[{"taxonomy":"category","embeddable":true,"href":"https:\/\/1truenote.com\/en\/wp-json\/wp\/v2\/categories?post=1764"},{"taxonomy":"post_tag","embeddable":true,"href":"https:\/\/1truenote.com\/en\/wp-json\/wp\/v2\/tags?post=1764"}],"curies":[{"name":"wp","href":"https:\/\/api.w.org\/{rel}","templated":true}]}}