{"id":1742,"date":"2025-05-14T19:11:42","date_gmt":"2025-05-14T16:11:42","guid":{"rendered":"https:\/\/1truenote.com\/?p=1742"},"modified":"2025-05-29T14:18:03","modified_gmt":"2025-05-29T17:18:03","slug":"decoracao-quarto-casal-planejado","status":"publish","type":"post","link":"https:\/\/1truenote.com\/en\/decoracao-quarto-casal-planejado\/","title":{"rendered":"QUARTO DE CASAL: Decora\u00e7\u00e3o funcional para quarto de casal com m\u00f3veis planejados"},"content":{"rendered":"<p>Quarto de Casal. M\u00f3veis planejados s\u00e3o a escolha ideal para quem busca organiza\u00e7\u00e3o e eleg\u00e2ncia em ambientes compactos.<\/p>\n\n\n\n<p>Este quarto de casal com guarda-roupa em L, cama centralizada e arm\u00e1rio a\u00e9reo cria um espa\u00e7o altamente funcional, sem abrir m\u00e3o da est\u00e9tica.<\/p>\n\n\n\n<p>Se voc\u00ea deseja reproduzir essa proposta no seu quarto, confira abaixo os m\u00f3veis e acess\u00f3rios semelhantes dispon\u00edveis na Amazon:<\/p>\n\n\n\n<p class=\"has-text-align-center\"><strong>Voc\u00ea pode ver os produtos da imagem do decorado e comprar o produto de sua escolha nos links abaixo Amazon.<\/strong><\/p>\n\n\n\n<hr class=\"wp-block-separator has-alpha-channel-opacity\"\/>\n\n\n\n<p class=\"has-text-align-center\"><strong>DECORADO \u2013 QUARTO DE CASAL<\/strong><\/p>\n\n\n\n<figure class=\"wp-block-image size-large\"><img data-recalc-dims=\"1\" fetchpriority=\"high\" decoding=\"async\" width=\"1024\" height=\"683\" src=\"https:\/\/i0.wp.com\/1truenote.com\/wp-content\/uploads\/2025\/05\/ChatGPT-Image-14-de-mai.-de-2025-10_05_24.png?resize=1024%2C683&#038;ssl=1\" alt=\"\" class=\"wp-image-1743\" srcset=\"https:\/\/i0.wp.com\/1truenote.com\/wp-content\/uploads\/2025\/05\/ChatGPT-Image-14-de-mai.-de-2025-10_05_24.png?resize=1024%2C683&amp;ssl=1 1024w, https:\/\/i0.wp.com\/1truenote.com\/wp-content\/uploads\/2025\/05\/ChatGPT-Image-14-de-mai.-de-2025-10_05_24.png?resize=300%2C200&amp;ssl=1 300w, https:\/\/i0.wp.com\/1truenote.com\/wp-content\/uploads\/2025\/05\/ChatGPT-Image-14-de-mai.-de-2025-10_05_24.png?resize=768%2C512&amp;ssl=1 768w, https:\/\/i0.wp.com\/1truenote.com\/wp-content\/uploads\/2025\/05\/ChatGPT-Image-14-de-mai.-de-2025-10_05_24.png?w=1536&amp;ssl=1 1536w\" sizes=\"(max-width: 1024px) 100vw, 1024px\" \/><\/figure>\n\n\n\n<hr class=\"wp-block-separator has-alpha-channel-opacity\"\/>\n\n\n\n<h2 id='1-guarda-roupa-de-canto-planejado-com-espelhos'  class=\"wp-block-heading\"><strong>1. Guarda-Roupa de Canto Planejado com Espelhos<\/strong><\/h2>\n\n\n\n<p>A <strong><a href=\"https:\/\/amzn.to\/3SBkksc\" data-type=\"link\" data-id=\"https:\/\/amzn.to\/3SBkksc\" target=\"_blank\" rel=\"noopener\">combina\u00e7\u00e3o<\/a><\/strong> de pain\u00e9is amadeirados com portas em tom claro cria leveza visual e sofistica\u00e7\u00e3o. Modelos em L aproveitam os cantos e oferecem amplo espa\u00e7o interno.<br>Produto <strong>Premium<\/strong>.<\/p>\n\n\n    <div class=\"hostinger-affiliate-block-single-type\">\n                    <div class=\"hostinger-affiliate-block-single-type__image\">\n                <a href=\"https:\/\/www.amazon.com.br\/dp\/B0CWQ1J7Z6?tag=joaopedro047-20\" target=\"_blank\" rel=\"nofollow noopener noreferrer\">\n                    <img decoding=\"async\" src=\"https:\/\/m.media-amazon.com\/images\/I\/412enoBWZYL.jpg\" alt=\"Guarda-roupa Casal Ponte 2 Portas 2 Gavetas G\u00eanova Plus Freij\u00f3 Wo...\">\n                <\/a>\n            <\/div>\n                    <div class=\"hostinger-affiliate-block-single-type__product-data\">\n            <div class=\"hostinger-affiliate-block-single-type__product-title\">\n                <a href=\"https:\/\/www.amazon.com.br\/dp\/B0CWQ1J7Z6?tag=joaopedro047-20\" target=\"_blank\" rel=\"nofollow noopener noreferrer\">\n                    <h3 id='guarda-roupa-casal-ponte-2-portas-2-gavetas-g\u00eanova-plus-freij\u00f3-wo'>\n                        Guarda-roupa Casal Ponte 2 Portas 2 Gavetas G\u00eanova Plus Freij\u00f3 Wo&#8230;                    <\/h3>\n                <\/a>\n            <\/div>\n                            <div class=\"hostinger-affiliate-block-single-type__product-description\">\n                            <ul>\n                                <li>03 meses<\/li>\n                            <\/ul>\n                        <\/div>\n                            <div class=\"hostinger-affiliate-block-single-type__product-actions\">\n                                    <div class=\"hostinger-affiliate-block-single-type__product-price\">\n                        R$974,98                    <\/div>\n                                    <div class=\"hostinger-affiliate-block-single-type__product-button-wrap\">\n                    <a href=\"https:\/\/www.amazon.com.br\/dp\/B0CWQ1J7Z6?tag=joaopedro047-20\" class=\"hostinger-affiliate-block-single-type__product-amazon-button\" target=\"_blank\" rel=\"nofollow noopener noreferrer\">\n    Buy on Amazon<\/a>\n                <\/div>\n\n            <\/div>\n        <\/div>\n    <\/div>\n    \n\n\n<p>\ud83d\udd17 <a href=\"https:\/\/amzn.to\/3SBkksc\" data-type=\"link\" data-id=\"https:\/\/amzn.to\/3SBkksc\" target=\"_blank\" rel=\"noopener\">Guarda-Roupa de Canto 2 Portas de Correr com Espelho \u2013 Amazon<\/a> (premium)<\/p>\n\n\n\n<hr class=\"wp-block-separator has-alpha-channel-opacity\"\/>\n\n\n\n<h2 id='2-cabeceira-com-painel-estendido-e-nichos-laterais'  class=\"wp-block-heading\"><strong>2. Cabeceira com Painel Estendido e Nichos Laterais<\/strong><\/h2>\n\n\n\n<p>A <strong><a href=\"https:\/\/amzn.to\/4kj2CFM\" data-type=\"link\" data-id=\"https:\/\/amzn.to\/4kj2CFM\" target=\"_blank\" rel=\"noopener\">cabeceira com extens\u00e3o<\/a><\/strong> lateral \u00e9 ideal para integrar ilumina\u00e7\u00e3o, prateleiras e tomadas embutidas. Nichos laterais substituem os criados-mudos e economizam espa\u00e7o.<br>Produto <strong>Premium<\/strong> em super oferta.<\/p>\n\n\n    <div class=\"hostinger-affiliate-block-single-type\">\n                    <div class=\"hostinger-affiliate-block-single-type__image\">\n                <a href=\"https:\/\/www.amazon.com.br\/dp\/B0CVNMH6ZB?tag=joaopedro047-20\" target=\"_blank\" rel=\"nofollow noopener noreferrer\">\n                    <img decoding=\"async\" src=\"https:\/\/m.media-amazon.com\/images\/I\/31TjnNqCU9L.jpg\" alt=\"Cabeceira Casal Extens\u00edvel com 2 Mesas de Apoio Ripado e Estofado...\">\n                <\/a>\n            <\/div>\n                    <div class=\"hostinger-affiliate-block-single-type__product-data\">\n            <div class=\"hostinger-affiliate-block-single-type__product-title\">\n                <a href=\"https:\/\/www.amazon.com.br\/dp\/B0CVNMH6ZB?tag=joaopedro047-20\" target=\"_blank\" rel=\"nofollow noopener noreferrer\">\n                    <h3 id='cabeceira-casal-extens\u00edvel-com-2-mesas-de-apoio-ripado-e-estofado'>\n                        Cabeceira Casal Extens\u00edvel com 2 Mesas de Apoio Ripado e Estofado&#8230;                    <\/h3>\n                <\/a>\n            <\/div>\n                            <div class=\"hostinger-affiliate-block-single-type__product-description\">\n                            <ul>\n                                <li>PESO: 44,30kg<\/li>\n                                        <li>GAVETAS: 4<\/li>\n                                        <li>ESTRUTURA: MDP \/ MDF<\/li>\n                            <\/ul>\n                        <\/div>\n                            <div class=\"hostinger-affiliate-block-single-type__product-actions\">\n                                    <div class=\"hostinger-affiliate-block-single-type__product-price\">\n                        R$759,00                    <\/div>\n                                    <div class=\"hostinger-affiliate-block-single-type__product-button-wrap\">\n                    <a href=\"https:\/\/www.amazon.com.br\/dp\/B0CVNMH6ZB?tag=joaopedro047-20\" class=\"hostinger-affiliate-block-single-type__product-amazon-button\" target=\"_blank\" rel=\"nofollow noopener noreferrer\">\n    Buy on Amazon<\/a>\n                <\/div>\n\n            <\/div>\n        <\/div>\n    <\/div>\n    \n\n\n<p>\ud83d\udd17 <a href=\"https:\/\/amzn.to\/4kj2CFM\" data-type=\"link\" data-id=\"https:\/\/amzn.to\/4kj2CFM\" target=\"_blank\" rel=\"noopener\">Cabeceira com Criado-Mudo Embutido \u2013 Amazon<\/a> (super oferta)<\/p>\n\n\n\n<hr class=\"wp-block-separator has-alpha-channel-opacity\"\/>\n\n\n\n<h2 id='3-cama-box-casal-estofada-com-ba\u00fa'  class=\"wp-block-heading\"><strong>3. Cama Box Casal Estofada com Ba\u00fa<\/strong><\/h2>\n\n\n\n<p>A <strong><a href=\"https:\/\/amzn.to\/4mvfVoC\" data-type=\"link\" data-id=\"https:\/\/amzn.to\/4mvfVoC\" target=\"_blank\" rel=\"noopener\">cama estofada<\/a><\/strong> azul com linhas retas \u00e9 uma escolha moderna e aconchegante. Para otimizar ainda mais o espa\u00e7o, escolha uma vers\u00e3o com ba\u00fa.<br>Esse modelo \u00e9 recomendado pela pr\u00f3pria Amazon! #AmazonRecomenda<br>Produto <strong>Premium<\/strong>.<br>Produto <strong>Amazon Recomenda<\/strong>.<\/p>\n\n\n    <div class=\"hostinger-affiliate-block-single-type\">\n                    <div class=\"hostinger-affiliate-block-single-type__image\">\n                <a href=\"https:\/\/www.amazon.com.br\/dp\/B089778H5S?tag=joaopedro047-20\" target=\"_blank\" rel=\"nofollow noopener noreferrer\">\n                    <img decoding=\"async\" src=\"https:\/\/m.media-amazon.com\/images\/I\/41uXIJCdP2L.jpg\" alt=\"Cama Box Com Ba\u00fa Casal + Colch\u00e3o De Molas Ensacadas - Anjos - Cla...\">\n                <\/a>\n            <\/div>\n                    <div class=\"hostinger-affiliate-block-single-type__product-data\">\n            <div class=\"hostinger-affiliate-block-single-type__product-title\">\n                <a href=\"https:\/\/www.amazon.com.br\/dp\/B089778H5S?tag=joaopedro047-20\" target=\"_blank\" rel=\"nofollow noopener noreferrer\">\n                    <h3 id='cama-box-com-ba\u00fa-casal-+-colch\u00e3o-de-molas-ensacadas-anjos-cla'>\n                        Cama Box Com Ba\u00fa Casal + Colch\u00e3o De Molas Ensacadas &#8211; Anjos &#8211; Cla&#8230;                    <\/h3>\n                <\/a>\n            <\/div>\n                            <div class=\"hostinger-affiliate-block-single-type__product-description\">\n                            <ul>\n                    <\/ul>\n                        <\/div>\n                            <div class=\"hostinger-affiliate-block-single-type__product-actions\">\n                                    <div class=\"hostinger-affiliate-block-single-type__product-price\">\n                        R$1.209,00                    <\/div>\n                                    <div class=\"hostinger-affiliate-block-single-type__product-button-wrap\">\n                    <a href=\"https:\/\/www.amazon.com.br\/dp\/B089778H5S?tag=joaopedro047-20\" class=\"hostinger-affiliate-block-single-type__product-amazon-button\" target=\"_blank\" rel=\"nofollow noopener noreferrer\">\n    Buy on Amazon<\/a>\n                <\/div>\n\n            <\/div>\n        <\/div>\n    <\/div>\n    \n\n\n<p>\ud83d\udd17 <a href=\"https:\/\/amzn.to\/4mvfVoC\" data-type=\"link\" data-id=\"https:\/\/amzn.to\/4mvfVoC\" target=\"_blank\" rel=\"noopener\">Cama Box Casal com Ba\u00fa \u2013 Amazon<\/a> (Amazon recomenda)<\/p>\n\n\n\n<hr class=\"wp-block-separator has-alpha-channel-opacity\"\/>\n\n\n\n<h2 id='4-jogo-de-cama-azul'  class=\"wp-block-heading\"><strong>4. Jogo de Cama Azul<\/strong><\/h2>\n\n\n\n<p>A <strong><a href=\"https:\/\/amzn.to\/4iW51Fb\" data-type=\"link\" data-id=\"https:\/\/amzn.to\/4iW51Fb\" target=\"_blank\" rel=\"noopener\">azul com linhas retas<\/a><\/strong> \u00e9 uma escolha moderna e aconchegante. Para otimizar ainda mais o espa\u00e7o, escolha uma vers\u00e3o adequada. Um produto prime, com qualidade e seguran\u00e7a.<br>Produto Amazon <strong>Prime<\/strong>.<\/p>\n\n\n    <div class=\"hostinger-affiliate-block-single-type\">\n                    <div class=\"hostinger-affiliate-block-single-type__image\">\n                <a href=\"https:\/\/www.amazon.com.br\/dp\/B0DK9PMXN6?tag=joaopedro047-20\" target=\"_blank\" rel=\"nofollow noopener noreferrer\">\n                    <img decoding=\"async\" src=\"https:\/\/m.media-amazon.com\/images\/I\/41i+72RYWYL.jpg\" alt=\"Cobre Leito Colcha Bolinha Casal 3 Pe\u00e7as com Porta Travesseiros c...\">\n                <\/a>\n            <\/div>\n                    <div class=\"hostinger-affiliate-block-single-type__product-data\">\n            <div class=\"hostinger-affiliate-block-single-type__product-title\">\n                <a href=\"https:\/\/www.amazon.com.br\/dp\/B0DK9PMXN6?tag=joaopedro047-20\" target=\"_blank\" rel=\"nofollow noopener noreferrer\">\n                    <h3 id='cobre-leito-colcha-bolinha-casal-3-pe\u00e7as-com-porta-travesseiros-c'>\n                        Cobre Leito Colcha Bolinha Casal 3 Pe\u00e7as com Porta Travesseiros c&#8230;                    <\/h3>\n                <\/a>\n            <\/div>\n                            <div class=\"hostinger-affiliate-block-single-type__product-description\">\n                            <ul>\n                                <li>\ud83c\udf1f Design sofisticado, adicione um toque de classe ao seu quarto com nosso design exclusivo.<\/li>\n                                        <li>\ud83d\udecf\ufe0f Conforto supremo, feito com tecidos macios e dur\u00e1veis para noites de sono perfeitas.<\/li>\n                                        <li>\ud83c\udf08 Dispon\u00edvel em v\u00e1rias cores para combinar com qualquer decora\u00e7\u00e3o.<\/li>\n                            <\/ul>\n                        <\/div>\n                            <div class=\"hostinger-affiliate-block-single-type__product-actions\">\n                                    <div class=\"hostinger-affiliate-block-single-type__product-price\">\n                        R$139,44                    <\/div>\n                                    <div class=\"hostinger-affiliate-block-single-type__product-button-wrap\">\n                    <a href=\"https:\/\/www.amazon.com.br\/dp\/B0DK9PMXN6?tag=joaopedro047-20\" class=\"hostinger-affiliate-block-single-type__product-amazon-button\" target=\"_blank\" rel=\"nofollow noopener noreferrer\">\n    Buy on Amazon<\/a>\n                <\/div>\n\n            <\/div>\n        <\/div>\n    <\/div>\n    \n\n\n<p>\ud83d\udd17 <a href=\"https:\/\/amzn.to\/4iW51Fb\" data-type=\"link\" data-id=\"https:\/\/amzn.to\/4iW51Fb\" target=\"_blank\" rel=\"noopener\">Roupa de Cama Azul \u2013 Amazon<\/a> (prime)<\/p>\n\n\n\n<h2 id='5-lumin\u00e1rias-de-cabeceira-tipo-globo-ou-de-parede'  class=\"wp-block-heading\"><strong>5. Lumin\u00e1rias de Cabeceira Tipo Globo ou de Parede<\/strong><\/h2>\n\n\n\n<p>As <strong><a href=\"https:\/\/amzn.to\/43hmdiO\" data-type=\"link\" data-id=\"https:\/\/amzn.to\/43hmdiO\" target=\"_blank\" rel=\"noopener\">lumin\u00e1rias esf\u00e9ricas<\/a><\/strong> e sim\u00e9tricas ao lado da cama criam aconchego e estilo. Prefira modelos com luz quente e base de vidro ou metal.  Um produto prime, com qualidade e seguran\u00e7a.<br>Produto <strong>Premium<\/strong>.<br>Produto <strong>Amazon Prime<\/strong>.<\/p>\n\n\n    <div class=\"hostinger-affiliate-block-single-type\">\n                    <div class=\"hostinger-affiliate-block-single-type__image\">\n                <a href=\"https:\/\/www.amazon.com.br\/dp\/B0BJ2Z8V2T?tag=joaopedro047-20\" target=\"_blank\" rel=\"nofollow noopener noreferrer\">\n                    <img decoding=\"async\" src=\"https:\/\/m.media-amazon.com\/images\/I\/21ZbdsZyCqL.jpg\" alt=\"Kit 2 Lumin\u00e1rias de mesa Globo Orby New Cobre Base Redonda\">\n                <\/a>\n            <\/div>\n                    <div class=\"hostinger-affiliate-block-single-type__product-data\">\n            <div class=\"hostinger-affiliate-block-single-type__product-title\">\n                <a href=\"https:\/\/www.amazon.com.br\/dp\/B0BJ2Z8V2T?tag=joaopedro047-20\" target=\"_blank\" rel=\"nofollow noopener noreferrer\">\n                    <h3 id='kit-2-lumin\u00e1rias-de-mesa-globo-orby-new-cobre-base-redonda'>\n                        Kit 2 Lumin\u00e1rias de mesa Globo Orby New Cobre Base Redonda                    <\/h3>\n                <\/a>\n            <\/div>\n                            <div class=\"hostinger-affiliate-block-single-type__product-description\">\n                            <ul>\n                                <li>Lumin\u00e1ria de mesa Globo Orby com design moder e linhas simples, ideal para criar um ambiente acolhedor e valorizar o esp&#8230;<\/li>\n                                        <li>Base redonda de 12 cm, globo de 12&#215;12 cm, altura total de 14,5 cm, cor branca com detalhes em cobre, peso aproximado de &#8230;<\/li>\n                                        <li>Bivolt 11\/22v, soquete E27, fio de 1 metro, f\u00e1cil instala\u00e7\u00e3o e limpeza, recomendada l\u00e2mpada LED compacta (n\u00e3o inclusa)<\/li>\n                            <\/ul>\n                        <\/div>\n                            <div class=\"hostinger-affiliate-block-single-type__product-actions\">\n                                    <div class=\"hostinger-affiliate-block-single-type__product-price\">\n                        R$169,99                    <\/div>\n                                    <div class=\"hostinger-affiliate-block-single-type__product-button-wrap\">\n                    <a href=\"https:\/\/www.amazon.com.br\/dp\/B0BJ2Z8V2T?tag=joaopedro047-20\" class=\"hostinger-affiliate-block-single-type__product-amazon-button\" target=\"_blank\" rel=\"nofollow noopener noreferrer\">\n    Buy on Amazon<\/a>\n                <\/div>\n\n            <\/div>\n        <\/div>\n    <\/div>\n    \n\n\n<p>\ud83d\udd17 <a href=\"https:\/\/amzn.to\/43hmdiO\" data-type=\"link\" data-id=\"https:\/\/amzn.to\/43hmdiO\" target=\"_blank\" rel=\"noopener\">Par de Lumin\u00e1rias de Mesa Globo \u2013 Amazon<\/a> (prime)<\/p>\n\n\n\n<hr class=\"wp-block-separator has-alpha-channel-opacity\"\/>\n\n\n\n<h2 id='6-papel-de-parede-amadeirado-ou-painel-mdf'  class=\"wp-block-heading\"><strong>6. Papel de Parede Amadeirado ou Painel MDF<\/strong><\/h2>\n\n\n\n<p>Para compor o fundo da cabeceira, uma parede com acabamento amadeirado ou <strong><a href=\"https:\/\/amzn.to\/3S7m6RL\" data-type=\"link\" data-id=\"https:\/\/amzn.to\/3S7m6RL\" target=\"_blank\" rel=\"noopener\">pain\u00e9is MDF<\/a><\/strong> \u00e9 perfeita para trazer textura ao ambiente.<br>Produto <strong>Premium<\/strong>.<\/p>\n\n\n    <div class=\"hostinger-affiliate-block-single-type\">\n                    <div class=\"hostinger-affiliate-block-single-type__image\">\n                <a href=\"https:\/\/www.amazon.com.br\/dp\/B0F2PK69TH?tag=joaopedro047-20\" target=\"_blank\" rel=\"nofollow noopener noreferrer\">\n                    <img decoding=\"async\" src=\"https:\/\/m.media-amazon.com\/images\/I\/51An-AFNsYL.jpg\" alt=\"Painel Ripado em MDF 50x11cm 3mm 50 Unidades\">\n                <\/a>\n            <\/div>\n                    <div class=\"hostinger-affiliate-block-single-type__product-data\">\n            <div class=\"hostinger-affiliate-block-single-type__product-title\">\n                <a href=\"https:\/\/www.amazon.com.br\/dp\/B0F2PK69TH?tag=joaopedro047-20\" target=\"_blank\" rel=\"nofollow noopener noreferrer\">\n                    <h3 id='painel-ripado-em-mdf-50x11cm-3mm-50-unidades'>\n                        Painel Ripado em MDF 50x11cm 3mm 50 Unidades                    <\/h3>\n                <\/a>\n            <\/div>\n                            <div class=\"hostinger-affiliate-block-single-type__product-description\">\n                            <ul>\n                                <li>Qualidade: Produto de excelente qualidade, confeccionado com materiais de alta durabilidade e acabamento refinado, garan&#8230;<\/li>\n                                        <li>Design: Possui um design sofisticado e elegante, que agrega um toque de classe e modernidade a qualquer ambiente. Seu es&#8230;<\/li>\n                                        <li>Ambientes Recomendados: Perfeito para ambientes como salas de estar, escrit\u00f3rios, recep\u00e7\u00f5es ou home offices. Combina tan&#8230;<\/li>\n                            <\/ul>\n                        <\/div>\n                            <div class=\"hostinger-affiliate-block-single-type__product-actions\">\n                                    <div class=\"hostinger-affiliate-block-single-type__product-price\">\n                        R$187,90                    <\/div>\n                                    <div class=\"hostinger-affiliate-block-single-type__product-button-wrap\">\n                    <a href=\"https:\/\/www.amazon.com.br\/dp\/B0F2PK69TH?tag=joaopedro047-20\" class=\"hostinger-affiliate-block-single-type__product-amazon-button\" target=\"_blank\" rel=\"nofollow noopener noreferrer\">\n    Buy on Amazon<\/a>\n                <\/div>\n\n            <\/div>\n        <\/div>\n    <\/div>\n    \n\n\n<p>\ud83d\udd17 <a href=\"https:\/\/amzn.to\/3S7m6RL\" data-type=\"link\" data-id=\"https:\/\/amzn.to\/3S7m6RL\" target=\"_blank\" rel=\"noopener\">Papel de Parede Amadeirado \u2013 Amazon<\/a> (produto premium)<\/p>\n\n\n\n<hr class=\"wp-block-separator has-alpha-channel-opacity\"\/>\n\n\n\n<h2 id='7-tapete-geom\u00e9trico-grande'  class=\"wp-block-heading\"><strong>7. Tapete Geom\u00e9trico Grande<\/strong><\/h2>\n\n\n\n<p>O <strong><a href=\"https:\/\/amzn.to\/3Fcsc0f\" data-type=\"link\" data-id=\"https:\/\/amzn.to\/3Fcsc0f\" target=\"_blank\" rel=\"noopener\">tapete grande em tons neutros<\/a><\/strong> define o espa\u00e7o da cama e contribui para o conforto visual e t\u00e9rmico do ambiente.<br>Produto <strong>Premium<\/strong>.<\/p>\n\n\n    <div class=\"hostinger-affiliate-block-single-type\">\n                    <div class=\"hostinger-affiliate-block-single-type__image\">\n                <a href=\"https:\/\/www.amazon.com.br\/dp\/B0D96X6X4M?tag=joaopedro047-20\" target=\"_blank\" rel=\"nofollow noopener noreferrer\">\n                    <img decoding=\"async\" src=\"https:\/\/m.media-amazon.com\/images\/I\/51V-JQaqiSL.jpg\" alt=\"Tapete Sala Quarto Grande 3,00m x 2,00m Bege Palha 100% Algod\u00e3o N...\">\n                <\/a>\n            <\/div>\n                    <div class=\"hostinger-affiliate-block-single-type__product-data\">\n            <div class=\"hostinger-affiliate-block-single-type__product-title\">\n                <a href=\"https:\/\/www.amazon.com.br\/dp\/B0D96X6X4M?tag=joaopedro047-20\" target=\"_blank\" rel=\"nofollow noopener noreferrer\">\n                    <h3 id='tapete-sala-quarto-grande-3-00m-x-2-00m-bege-palha-100-algod\u00e3o-n'>\n                        Tapete Sala Quarto Grande 3,00m x 2,00m Bege Palha 100% Algod\u00e3o N&#8230;                    <\/h3>\n                <\/a>\n            <\/div>\n                            <div class=\"hostinger-affiliate-block-single-type__product-description\">\n                            <ul>\n                                <li>Tamanho Amplo: Tapete com dimens\u00f5es generosas de 2,00m x 3,00m, ideal para salas e quartos<\/li>\n                                        <li>Padr\u00e3o Geom\u00e9trico: Design em losango, artesanal em tons naturais de bege e cru.<\/li>\n                                        <li>Material Natural: Confeccionado 100% em algod\u00e3o, macio e confort\u00e1vel.<\/li>\n                            <\/ul>\n                        <\/div>\n                            <div class=\"hostinger-affiliate-block-single-type__product-actions\">\n                                    <div class=\"hostinger-affiliate-block-single-type__product-price\">\n                        R$629,90                    <\/div>\n                                    <div class=\"hostinger-affiliate-block-single-type__product-button-wrap\">\n                    <a href=\"https:\/\/www.amazon.com.br\/dp\/B0D96X6X4M?tag=joaopedro047-20\" class=\"hostinger-affiliate-block-single-type__product-amazon-button\" target=\"_blank\" rel=\"nofollow noopener noreferrer\">\n    Buy on Amazon<\/a>\n                <\/div>\n\n            <\/div>\n        <\/div>\n    <\/div>\n    \n\n\n<p>\ud83d\udd17 <a href=\"https:\/\/amzn.to\/3Fcsc0f\" data-type=\"link\" data-id=\"https:\/\/amzn.to\/3Fcsc0f\" target=\"_blank\" rel=\"noopener\">Tapete Grande Estilo Geom\u00e9trico \u2013 Amazon<\/a> (premium)<\/p>\n\n\n\n<hr class=\"wp-block-separator has-alpha-channel-opacity\"\/>\n\n\n\n<h2 id='7-kit-almofadas-decorativas-em-tons-frios'  class=\"wp-block-heading\"><strong>7. Kit Almofadas Decorativas em Tons Frios<\/strong><\/h2>\n\n\n\n<p>As <strong><a href=\"https:\/\/amzn.to\/4jW9BEY\" data-type=\"link\" data-id=\"https:\/\/amzn.to\/4jW9BEY\" target=\"_blank\" rel=\"noopener\">almofadas<\/a><\/strong> nas cores azul, cinza e branco criam harmonia com o restante do ambiente, refor\u00e7ando o estilo moderno e neutro. Um produto prime, com qualidade e seguran\u00e7a.<br>Esse modelo \u00e9 recomendado pela pr\u00f3pria Amazon! #AmazonRecomenda<br>Produto <strong>Premium<\/strong>.<br>Produto <strong>Amazon Prime<\/strong>.<br>Produto <strong>Amazon Recomenda<\/strong>.<\/p>\n\n\n    <div class=\"hostinger-affiliate-block-single-type\">\n                    <div class=\"hostinger-affiliate-block-single-type__image\">\n                <a href=\"https:\/\/www.amazon.com.br\/dp\/B0BTMQQYMF?tag=joaopedro047-20\" target=\"_blank\" rel=\"nofollow noopener noreferrer\">\n                    <img decoding=\"async\" src=\"https:\/\/m.media-amazon.com\/images\/I\/41cQaXBYHWL.jpg\" alt=\"Kit 4 Capas Almofada Jacquard (Ramo + Folha)\">\n                <\/a>\n            <\/div>\n                    <div class=\"hostinger-affiliate-block-single-type__product-data\">\n            <div class=\"hostinger-affiliate-block-single-type__product-title\">\n                <a href=\"https:\/\/www.amazon.com.br\/dp\/B0BTMQQYMF?tag=joaopedro047-20\" target=\"_blank\" rel=\"nofollow noopener noreferrer\">\n                    <h3 id='kit-4-capas-almofada-jacquard-ramo-+-folha'>\n                        Kit 4 Capas Almofada Jacquard (Ramo + Folha)                    <\/h3>\n                <\/a>\n            <\/div>\n                            <div class=\"hostinger-affiliate-block-single-type__product-description\">\n                            <ul>\n                                <li>Tecido Jacquard 58% Algod\u00e3o<\/li>\n                                        <li>Z\u00edper Invis\u00edvel<\/li>\n                                        <li>Tamanho 42 x 42cm<\/li>\n                            <\/ul>\n                        <\/div>\n                            <div class=\"hostinger-affiliate-block-single-type__product-actions\">\n                                    <div class=\"hostinger-affiliate-block-single-type__product-price\">\n                        R$119,90                    <\/div>\n                                    <div class=\"hostinger-affiliate-block-single-type__product-button-wrap\">\n                    <a href=\"https:\/\/www.amazon.com.br\/dp\/B0BTMQQYMF?tag=joaopedro047-20\" class=\"hostinger-affiliate-block-single-type__product-amazon-button\" target=\"_blank\" rel=\"nofollow noopener noreferrer\">\n    Buy on Amazon<\/a>\n                <\/div>\n\n            <\/div>\n        <\/div>\n    <\/div>\n    \n\n\n<p>\ud83d\udd17 <a href=\"https:\/\/amzn.to\/4jW9BEY\" data-type=\"link\" data-id=\"https:\/\/amzn.to\/4jW9BEY\" target=\"_blank\" rel=\"noopener\">Kit de 4 Almofadas Decorativas \u2013 Amazon<\/a> (Amazon recomenda + prime)<\/p>\n\n\n\n<hr class=\"wp-block-separator has-alpha-channel-opacity\"\/>\n\n\n\n<h2 id='organiza\u00e7\u00e3o-conforto-e-estilo-em-um-s\u00f3-ambiente-quarto-de-casal'  class=\"wp-block-heading\"><strong>Organiza\u00e7\u00e3o, Conforto e Estilo em um S\u00f3 Ambiente &#8211; Quarto de Casal<\/strong><\/h2>\n\n\n\n<p>Este quarto de casal combina est\u00e9tica e funcionalidade, ideal para quem busca um espa\u00e7o otimizado, moderno e acolhedor. Com m\u00f3veis planejados, ilumina\u00e7\u00e3o estrat\u00e9gica e acess\u00f3rios bem escolhidos, \u00e9 poss\u00edvel criar um verdadeiro ref\u00fagio sem comprometer a organiza\u00e7\u00e3o.<\/p>\n\n\n\n<p><strong>Invista em pe\u00e7as inteligentes e transforme o seu quarto em um ambiente elegante, pr\u00e1tico e com a sua cara.<\/strong><\/p>\n\n\n\n<p>Voc\u00ea pode ver mais decorados <a href=\"https:\/\/1truenote.com\/en\/category\/e-commerce\/\" data-type=\"link\" data-id=\"https:\/\/1truenote.com\/category\/e-commerce\/\">aqui<\/a>.<\/p>","protected":false},"excerpt":{"rendered":"<p>Quarto de Casal. M\u00f3veis planejados s\u00e3o a escolha ideal para quem busca organiza\u00e7\u00e3o e eleg\u00e2ncia em ambientes compactos. Este quarto&#8230;<\/p>","protected":false},"author":1,"featured_media":1743,"comment_status":"open","ping_status":"open","sticky":false,"template":"","format":"standard","meta":{"_kad_post_transparent":"","_kad_post_title":"","_kad_post_layout":"","_kad_post_sidebar_id":"","_kad_post_content_style":"","_kad_post_vertical_padding":"","_kad_post_feature":"","_kad_post_feature_position":"","_kad_post_header":false,"_kad_post_footer":false,"_kad_post_classname":"","footnotes":"","jetpack_publicize_message":"","jetpack_publicize_feature_enabled":true,"jetpack_social_post_already_shared":false,"jetpack_social_options":{"image_generator_settings":{"template":"highway","enabled":false},"version":2}},"categories":[10],"tags":[32],"class_list":["post-1742","post","type-post","status-publish","format-standard","has-post-thumbnail","hentry","category-e-commerce","tag-decorados"],"jetpack_publicize_connections":[],"jetpack_featured_media_url":"https:\/\/i0.wp.com\/1truenote.com\/wp-content\/uploads\/2025\/05\/ChatGPT-Image-14-de-mai.-de-2025-10_05_24.png?fit=1536%2C1024&ssl=1","jetpack_sharing_enabled":true,"_links":{"self":[{"href":"https:\/\/1truenote.com\/en\/wp-json\/wp\/v2\/posts\/1742","targetHints":{"allow":["GET"]}}],"collection":[{"href":"https:\/\/1truenote.com\/en\/wp-json\/wp\/v2\/posts"}],"about":[{"href":"https:\/\/1truenote.com\/en\/wp-json\/wp\/v2\/types\/post"}],"author":[{"embeddable":true,"href":"https:\/\/1truenote.com\/en\/wp-json\/wp\/v2\/users\/1"}],"replies":[{"embeddable":true,"href":"https:\/\/1truenote.com\/en\/wp-json\/wp\/v2\/comments?post=1742"}],"version-history":[{"count":0,"href":"https:\/\/1truenote.com\/en\/wp-json\/wp\/v2\/posts\/1742\/revisions"}],"wp:featuredmedia":[{"embeddable":true,"href":"https:\/\/1truenote.com\/en\/wp-json\/wp\/v2\/media\/1743"}],"wp:attachment":[{"href":"https:\/\/1truenote.com\/en\/wp-json\/wp\/v2\/media?parent=1742"}],"wp:term":[{"taxonomy":"category","embeddable":true,"href":"https:\/\/1truenote.com\/en\/wp-json\/wp\/v2\/categories?post=1742"},{"taxonomy":"post_tag","embeddable":true,"href":"https:\/\/1truenote.com\/en\/wp-json\/wp\/v2\/tags?post=1742"}],"curies":[{"name":"wp","href":"https:\/\/api.w.org\/{rel}","templated":true}]}}