{"id":174,"date":"2024-12-16T17:07:25","date_gmt":"2024-12-16T17:07:25","guid":{"rendered":"https:\/\/1truenote.com\/?p=174"},"modified":"2025-04-21T17:11:03","modified_gmt":"2025-04-21T17:11:03","slug":"como-identificar-problemas-de-ventilacao-em-microcasas-autossuficientes-em-regioes-aridas","status":"publish","type":"post","link":"https:\/\/1truenote.com\/en\/como-identificar-problemas-de-ventilacao-em-microcasas-autossuficientes-em-regioes-aridas\/","title":{"rendered":"Problemas de Ventila\u00e7\u00e3o em Microcasas Autossuficientes em Regi\u00f5es \u00c1ridas"},"content":{"rendered":"<h2 id='desafios-da-ventila\u00e7\u00e3o-em-regi\u00f5es-\u00e1ridas'  class=\"wp-block-heading\"><strong>Desafios da Ventila\u00e7\u00e3o em Regi\u00f5es \u00c1ridas<\/strong><\/h2>\n\n\n\n<p>O clima \u00e1rido traz caracter\u00edsticas \u00fanicas que afetam diretamente as microcasas autossuficientes, tornando o desafio da ventila\u00e7\u00e3o ainda mais evidente. Com temperaturas extremas durante o dia e quedas bruscas \u00e0 noite, esses ambientes demandam solu\u00e7\u00f5es eficazes para manter o equil\u00edbrio t\u00e9rmico e garantir a qualidade do ar. Diferente de regi\u00f5es \u00famidas, onde a umidade pode ser o principal problema, em \u00e1reas \u00e1ridas, o ac\u00famulo de calor e a circula\u00e7\u00e3o inadequada do ar s\u00e3o os maiores vil\u00f5es.<\/p>\n\n\n\n<p>Em microcasas autossuficientes, a ventila\u00e7\u00e3o adequada \u00e9 mais do que um detalhe; \u00e9 uma necessidade vital. Al\u00e9m de proporcionar conforto t\u00e9rmico, um bom fluxo de ar contribui para a efici\u00eancia energ\u00e9tica, evitando que sistemas de climatiza\u00e7\u00e3o artificial, como ventiladores ou condicionadores de ar, trabalhem em excesso. Isso se torna ainda mais importante em ambientes onde o uso de energia precisa ser otimizado e sustent\u00e1vel.<\/p>\n\n\n\n<p>Quando a ventila\u00e7\u00e3o \u00e9 negligenciada, os problemas surgem rapidamente e comprometem tanto o conforto quanto a durabilidade da estrutura. O calor excessivo, especialmente em espa\u00e7os compactos, cria uma sensa\u00e7\u00e3o de abafamento que pode tornar o ambiente insuport\u00e1vel durante o dia. O ar viciado, sem circula\u00e7\u00e3o adequada, acumula odores e reduz a qualidade do ambiente interno. Al\u00e9m disso, a constante exposi\u00e7\u00e3o ao calor extremo pode acelerar o desgaste de materiais, causando rachaduras, deforma\u00e7\u00f5es e perda de efici\u00eancia dos isolamentos t\u00e9rmicos.<\/p>\n\n\n\n<p>Entender esses desafios \u00e9 o primeiro passo para adotar estrat\u00e9gias eficazes. Microcasas em regi\u00f5es \u00e1ridas precisam de uma abordagem consciente que alie design inteligente, materiais adequados e solu\u00e7\u00f5es naturais de ventila\u00e7\u00e3o para garantir um ambiente funcional, confort\u00e1vel e duradouro.<\/p>\n\n\n\n<h2 id='sinais-vis\u00edveis-de-problemas-de-ventila\u00e7\u00e3o'  class=\"wp-block-heading\"><strong>Sinais Vis\u00edveis de Problemas de Ventila\u00e7\u00e3o<\/strong><\/h2>\n\n\n\n<p>Identificar problemas de ventila\u00e7\u00e3o em microcasas autossuficientes em regi\u00f5es \u00e1ridas exige aten\u00e7\u00e3o aos detalhes. Mesmo em um clima seco, onde a umidade \u00e9 quase inexistente, os sinais de circula\u00e7\u00e3o inadequada do ar s\u00e3o n\u00edtidos e impactam diretamente a qualidade de vida no interior do espa\u00e7o.<\/p>\n\n\n\n<p>Ambientes que mant\u00eam uma sensa\u00e7\u00e3o de abafamento constante s\u00e3o um dos primeiros ind\u00edcios. Mesmo com portas e janelas abertas, o ar parece estagnado, criando uma atmosfera densa e desconfort\u00e1vel. Em microcasas, onde os c\u00f4modos s\u00e3o compactos, o calor acumulado torna-se mais percept\u00edvel, especialmente durante os hor\u00e1rios de pico do sol. Essa falta de renova\u00e7\u00e3o do ar n\u00e3o apenas aumenta a temperatura interna, mas tamb\u00e9m diminui a qualidade do ambiente, tornando-o menos saud\u00e1vel e acolhedor.<\/p>\n\n\n\n<p>Outro sinal evidente de problemas de ventila\u00e7\u00e3o est\u00e1 nas superf\u00edcies aquecidas ao toque. Paredes, m\u00f3veis e, principalmente, o teto absorvem e ret\u00eam o calor sem uma sa\u00edda eficiente, funcionando como acumuladores t\u00e9rmicos. Isso pode ser mais intenso em telhados mal isolados ou com materiais inadequados para refletir a luz solar. O ac\u00famulo prolongado de calor nas superf\u00edcies contribui para o desconforto t\u00e9rmico e faz com que o espa\u00e7o leve muito mais tempo para esfriar naturalmente.<\/p>\n\n\n\n<p>Al\u00e9m disso, em regi\u00f5es \u00e1ridas, h\u00e1 um sinal que pode passar despercebido, mas que revela um problema mais profundo: o ressecamento extremo dos materiais. Sem uma circula\u00e7\u00e3o adequada do ar, a baixa umidade e o calor constante retiram a hidrata\u00e7\u00e3o natural de componentes estruturais, como madeiras, tintas e isolantes. Isso resulta em rachaduras vis\u00edveis, deforma\u00e7\u00f5es e deteriora\u00e7\u00e3o acelerada. Embora a condensa\u00e7\u00e3o seja m\u00ednima nesses locais, o ressecamento excessivo pode afetar seriamente a integridade da microcasa ao longo do tempo.<\/p>\n\n\n\n<p>Ficar atento a esses sinais \u00e9 fundamental para agir antes que os problemas se agravem. A ventila\u00e7\u00e3o eficiente n\u00e3o apenas proporciona conforto t\u00e9rmico, mas tamb\u00e9m preserva a durabilidade da microcasa, mantendo-a funcional e agrad\u00e1vel mesmo nos climas mais desafiadores.<\/p>\n\n\n\n<h3 id='impactos-do-fluxo-de-ar-inadequado'  class=\"wp-block-heading\"><strong>Impactos do Fluxo de Ar Inadequado<\/strong><\/h3>\n\n\n\n<p>Um fluxo de ar inadequado em microcasas autossuficientes localizadas em regi\u00f5es \u00e1ridas pode desencadear uma s\u00e9rie de problemas que afetam tanto o conforto di\u00e1rio quanto a efici\u00eancia dos sistemas que garantem a independ\u00eancia da moradia. Sem uma ventila\u00e7\u00e3o otimizada, as consequ\u00eancias se tornam vis\u00edveis no consumo energ\u00e9tico, na qualidade do ambiente e at\u00e9 mesmo no desempenho dos recursos sustent\u00e1veis.<\/p>\n\n\n\n<p>O aumento no uso de ventiladores e aparelhos de ar-condicionado \u00e9 uma das primeiras respostas para combater o calor acumulado. No entanto, essa depend\u00eancia energ\u00e9tica gera um ciclo ineficiente: a busca por conforto t\u00e9rmico aumenta o consumo de energia, colocando mais press\u00e3o sobre os sistemas autossuficientes. Para microcasas que dependem de pain\u00e9is solares para suprir suas necessidades, esse gasto adicional pode rapidamente comprometer a autonomia energ\u00e9tica, especialmente em dias com menor incid\u00eancia de luz solar ou maior demanda interna.<\/p>\n\n\n\n<p>O ac\u00famulo de calor no interior dos c\u00f4modos n\u00e3o apenas prejudica o conforto, mas tamb\u00e9m compromete a qualidade do ar. Ambientes abafados, onde a circula\u00e7\u00e3o \u00e9 limitada, tornam-se menos saud\u00e1veis e mais propensos ao ac\u00famulo de part\u00edculas, como poeira e res\u00edduos. A sensa\u00e7\u00e3o de ar parado intensifica o desconforto, tornando dif\u00edcil permanecer produtivo ou relaxar. Com isso, o equil\u00edbrio entre o clima externo seco e o ambiente interno \u00e9 perdido, criando uma sensa\u00e7\u00e3o constante de cansa\u00e7o e inadequa\u00e7\u00e3o t\u00e9rmica.<\/p>\n\n\n\n<p>Outro impacto significativo ocorre no desempenho dos sistemas autossuficientes, principalmente no isolamento t\u00e9rmico e na efici\u00eancia dos pain\u00e9is solares. A aus\u00eancia de ventila\u00e7\u00e3o adequada aumenta a temperatura interna, for\u00e7ando o isolamento t\u00e9rmico a trabalhar al\u00e9m de sua capacidade para conter o calor. Em paralelo, o ac\u00famulo excessivo de calor pode prejudicar os pain\u00e9is solares, diminuindo sua efici\u00eancia e capacidade de gera\u00e7\u00e3o de energia ao longo do dia.<\/p>\n\n\n\n<p>O fluxo de ar ineficiente, portanto, \u00e9 mais do que uma quest\u00e3o de desconforto; \u00e9 um fator que afeta diretamente a sustentabilidade e a funcionalidade de uma microcasa. Identificar e corrigir problemas na circula\u00e7\u00e3o de ar n\u00e3o s\u00f3 melhora a qualidade de vida no ambiente, como tamb\u00e9m preserva a efici\u00eancia dos sistemas integrados, garantindo que a microcasa autossuficiente cumpra seu prop\u00f3sito de ser pr\u00e1tica e confort\u00e1vel mesmo em condi\u00e7\u00f5es extremas.<\/p>\n\n\n\n<h3 id='avalia\u00e7\u00e3o-das-aberturas-e-fluxo-de-ar'  class=\"wp-block-heading\"><strong>Avalia\u00e7\u00e3o das Aberturas e Fluxo de Ar<\/strong><\/h3>\n\n\n\n<p>Para garantir uma ventila\u00e7\u00e3o eficiente em microcasas autossuficientes localizadas em regi\u00f5es \u00e1ridas, \u00e9 essencial avaliar com cuidado as aberturas e o fluxo de ar no interior do espa\u00e7o. Muitas vezes, pequenos ajustes podem transformar completamente a circula\u00e7\u00e3o, reduzindo o calor acumulado e proporcionando um ambiente mais equilibrado e funcional.<\/p>\n\n\n\n<p>A primeira etapa \u00e9 inspecionar janelas, portas e claraboias. O posicionamento inadequado ou obstru\u00e7\u00f5es, como m\u00f3veis mal colocados ou elementos externos bloqueando a passagem do ar, podem impedir a ventila\u00e7\u00e3o natural. Janelas que n\u00e3o abrem completamente ou que foram instaladas em locais de sombra constante tendem a criar pontos de abafamento no ambiente. A revis\u00e3o visual \u00e9 simples, mas crucial: observar se as aberturas est\u00e3o livres e se cumprem a fun\u00e7\u00e3o de permitir a entrada e sa\u00edda do ar.<\/p>\n\n\n\n<p>O teste da circula\u00e7\u00e3o cruzada \u00e9 outra ferramenta pr\u00e1tica para identificar \u00e1reas problem\u00e1ticas. Esse m\u00e9todo consiste em verificar como o ar se desloca entre as aberturas opostas na microcasa. A ideia \u00e9 criar um fluxo cont\u00ednuo, permitindo que o vento entre por uma extremidade e saia por outra, empurrando o ar quente acumulado para fora. Se a microcasa apresentar \u00e1reas onde o fluxo \u00e9 interrompido, como paredes ou obst\u00e1culos que dificultam o deslocamento, vale considerar ajustes no layout ou a instala\u00e7\u00e3o de novas aberturas estrat\u00e9gicas.<\/p>\n\n\n\n<p>Al\u00e9m disso, a orienta\u00e7\u00e3o da microcasa em rela\u00e7\u00e3o ao vento natural pode ser um fator decisivo para maximizar a ventila\u00e7\u00e3o. Em regi\u00f5es \u00e1ridas, o posicionamento ideal permite que os ventos predominantes refresquem os espa\u00e7os internos, especialmente durante o in\u00edcio da manh\u00e3 e o final da tarde. Avaliar a dire\u00e7\u00e3o do vento e ajustar a posi\u00e7\u00e3o das aberturas pode fazer toda a diferen\u00e7a para otimizar o conforto t\u00e9rmico, sem depender de solu\u00e7\u00f5es artificiais.<\/p>\n\n\n\n<p>Esses passos simples e funcionais garantem uma avalia\u00e7\u00e3o completa do sistema de ventila\u00e7\u00e3o, identificando os pontos cr\u00edticos que precisam de ajustes. Uma microcasa bem projetada e com fluxo de ar eficiente se torna um ref\u00fagio confort\u00e1vel e autossuficiente, mesmo em meio \u00e0s temperaturas extremas das regi\u00f5es \u00e1ridas.<\/p>\n\n\n\n<h3 id='problemas-relacionados-ao-design-da-microcasa'  class=\"wp-block-heading\"><strong>Problemas Relacionados ao Design da Microcasa<\/strong><\/h3>\n\n\n\n<p>O design de uma microcasa em regi\u00f5es \u00e1ridas pode ser tanto um aliado quanto um desafio no controle da ventila\u00e7\u00e3o. Erros no layout ou na escolha de materiais podem transformar o ambiente em uma estufa, acumulando calor excessivo e dificultando a circula\u00e7\u00e3o natural do ar. Identificar esses problemas \u00e9 o primeiro passo para encontrar solu\u00e7\u00f5es pr\u00e1ticas e melhorar significativamente o conforto t\u00e9rmico.<\/p>\n\n\n\n<p>Um dos erros mais comuns no layout \u00e9 a disposi\u00e7\u00e3o inadequada dos c\u00f4modos e das aberturas. Ambientes fechados ou com poucas passagens para o ar limitam o fluxo, resultando em zonas de estagna\u00e7\u00e3o. Salas integradas, por exemplo, que n\u00e3o possuem janelas ou claraboias em pontos estrat\u00e9gicos, tendem a reter calor, tornando o ar parado e abafado. \u00c9 importante revisar como os espa\u00e7os internos est\u00e3o organizados e considerar pequenas altera\u00e7\u00f5es que permitam a entrada e a sa\u00edda de ar, garantindo um fluxo cont\u00ednuo.<\/p>\n\n\n\n<p>Outro ponto cr\u00edtico est\u00e1 relacionado aos materiais de constru\u00e7\u00e3o. Em regi\u00f5es \u00e1ridas, materiais que absorvem e ret\u00eam calor \u2013 como concreto maci\u00e7o, telhas de metal n\u00e3o isoladas ou vidros inadequados \u2013 contribuem para o aquecimento excessivo do ambiente. A substitui\u00e7\u00e3o por materiais que refletem o calor, como revestimentos claros, paredes t\u00e9rmicas e telhados isolados, ajuda a equilibrar a temperatura interna. Al\u00e9m disso, superf\u00edcies que facilitam a dispers\u00e3o do calor acumulado s\u00e3o essenciais para manter a microcasa fresca ao longo do dia.<\/p>\n\n\n\n<p>A aus\u00eancia de solu\u00e7\u00f5es passivas de ventila\u00e7\u00e3o tamb\u00e9m agrava os problemas. Telhados ventilados, por exemplo, permitem que o ar quente suba e seja expulso, mantendo o ambiente mais arejado. A instala\u00e7\u00e3o de aberturas elevadas, como pequenas janelas pr\u00f3ximas ao teto ou pain\u00e9is ventilados, facilita o escape natural do calor acumulado sem depender de sistemas artificiais. Essas estrat\u00e9gias simples, mas eficazes, aproveitam as propriedades f\u00edsicas do ar quente, que tende a subir, e otimizam o conforto sem custos adicionais.<\/p>\n\n\n\n<p>Revisar o design da microcasa com um olhar atento para esses detalhes faz toda a diferen\u00e7a. Adaptar o layout, investir em materiais adequados e implementar solu\u00e7\u00f5es passivas permite transformar um ambiente de dif\u00edcil ventila\u00e7\u00e3o em um espa\u00e7o fresco, funcional e alinhado com as necessidades de regi\u00f5es \u00e1ridas.<\/p>\n\n\n\n<h2 id='ferramentas-para-diagnosticar-a-ventila\u00e7\u00e3o'  class=\"wp-block-heading\"><strong>Ferramentas para Diagnosticar a Ventila\u00e7\u00e3o<\/strong><\/h2>\n\n\n\n<p>Identificar problemas de ventila\u00e7\u00e3o em microcasas exige aten\u00e7\u00e3o aos detalhes e o uso de ferramentas simples, por\u00e9m eficientes, que ajudam a entender o comportamento do ar no ambiente. Diagn\u00f3sticos precisos permitem solucionar os pontos cr\u00edticos e melhorar significativamente o conforto e a funcionalidade da casa em regi\u00f5es \u00e1ridas.<\/p>\n\n\n\n<p>Os <strong>medidores de temperatura e umidade<\/strong> s\u00e3o aliados fundamentais na an\u00e1lise do ambiente. Eles ajudam a identificar varia\u00e7\u00f5es significativas entre diferentes c\u00f4modos e hor\u00e1rios do dia. Se uma \u00e1rea apresentar calor excessivo ou umidade inadequada em compara\u00e7\u00e3o com o restante da microcasa, \u00e9 um forte ind\u00edcio de que o fluxo de ar est\u00e1 sendo bloqueado ou desviado. Com dados precisos em m\u00e3os, \u00e9 poss\u00edvel criar estrat\u00e9gias pontuais, como reposicionar aberturas ou melhorar a ventila\u00e7\u00e3o natural.<\/p>\n\n\n\n<p>Outro m\u00e9todo acess\u00edvel \u00e9 o uso de <strong>incensos ou pequenos dispositivos detectores<\/strong> para rastrear o movimento do ar. Ao acender um incenso em pontos estrat\u00e9gicos \u2013 pr\u00f3ximos a janelas, portas ou poss\u00edveis obstru\u00e7\u00f5es \u2013 \u00e9 poss\u00edvel observar a dire\u00e7\u00e3o e a intensidade do fluxo de ar. A fuma\u00e7a se comporta como um marcador visual, revelando \u00e1reas com circula\u00e7\u00e3o deficiente ou estagnada. Caso a fuma\u00e7a permane\u00e7a parada ou desvie de rotas esperadas, \u00e9 sinal de que ajustes no layout ou nas aberturas s\u00e3o necess\u00e1rios.<\/p>\n\n\n\n<p>A <strong>inspe\u00e7\u00e3o visual de grelhas, dutos e entradas de ar<\/strong> tamb\u00e9m \u00e9 uma pr\u00e1tica indispens\u00e1vel. Mesmo em microcasas autossuficientes, sistemas de ventila\u00e7\u00e3o passiva ou ativa podem acumular sujeira, obstru\u00e7\u00f5es ou desgaste com o tempo, reduzindo a efici\u00eancia. Verificar periodicamente esses pontos evita bloqueios e melhora o fluxo do ar, garantindo um ambiente mais equilibrado. A limpeza regular de dutos e grelhas, por exemplo, pode restaurar a circula\u00e7\u00e3o sem grandes interven\u00e7\u00f5es.<\/p>\n\n\n\n<p>Essas ferramentas e t\u00e9cnicas s\u00e3o acess\u00edveis, pr\u00e1ticas e podem ser aplicadas sem a necessidade de equipamentos complexos. O importante \u00e9 criar um diagn\u00f3stico preciso para identificar as \u00e1reas que exigem aten\u00e7\u00e3o. Com pequenas mudan\u00e7as baseadas nesses dados, o ambiente se torna mais fresco, confort\u00e1vel e adaptado ao clima \u00e1rido, garantindo uma ventila\u00e7\u00e3o eficiente e cont\u00ednua.<\/p>\n\n\n\n<h3 id='estrat\u00e9gias-para-corrigir-problemas-de-ventila\u00e7\u00e3o'  class=\"wp-block-heading\"><strong>Estrat\u00e9gias para Corrigir Problemas de Ventila\u00e7\u00e3o<\/strong><\/h3>\n\n\n\n<p>Corrigir problemas de ventila\u00e7\u00e3o em microcasas autossuficientes, especialmente em regi\u00f5es \u00e1ridas, exige criatividade e solu\u00e7\u00f5es pr\u00e1ticas que aproveitem ao m\u00e1ximo os recursos dispon\u00edveis. O objetivo \u00e9 otimizar o fluxo de ar, reduzir o calor acumulado e manter o ambiente confort\u00e1vel sem comprometer a efici\u00eancia do espa\u00e7o.<\/p>\n\n\n\n<p>Uma das abordagens mais eficientes \u00e9 a <strong>adapta\u00e7\u00e3o de janelas e pain\u00e9is basculantes<\/strong>. Posicionar janelas de maneira estrat\u00e9gica em lados opostos da microcasa promove a circula\u00e7\u00e3o cruzada, permitindo que o ar quente saia e o ar fresco entre naturalmente. Janelas basculantes, que abrem para fora ou em \u00e2ngulos ajust\u00e1veis, s\u00e3o ideais, pois facilitam a entrada de brisas suaves enquanto bloqueiam a incid\u00eancia direta do sol. Al\u00e9m disso, pequenas aberturas elevadas podem funcionar como &#8220;escapes&#8221; para o ar quente que tende a se acumular no teto.<\/p>\n\n\n\n<p>Para melhorar ainda mais a efici\u00eancia, a <strong>instala\u00e7\u00e3o de ventiladores solares ou sistemas passivos de ventila\u00e7\u00e3o<\/strong> oferece uma alternativa sustent\u00e1vel e funcional. Ventiladores alimentados por energia solar s\u00e3o excelentes aliados, pois funcionam mesmo em \u00e1reas sem acesso constante \u00e0 eletricidade. Eles ajudam a mover o ar estagnado, refrescando o ambiente de forma constante. Sistemas passivos, como chamin\u00e9s t\u00e9rmicas ou dutos verticais, aproveitam as diferen\u00e7as de temperatura entre o interior e o exterior, for\u00e7ando a ventila\u00e7\u00e3o natural e reduzindo o calor acumulado.<\/p>\n\n\n\n<p>Outra solu\u00e7\u00e3o pr\u00e1tica e eficaz \u00e9 a <strong>implementa\u00e7\u00e3o de elementos complementares<\/strong> ao design, como pergolados, sombreamentos e claraboias abertas. Pergolados estrategicamente posicionados criam \u00e1reas sombreadas que reduzem a entrada direta de calor pela manh\u00e3 e \u00e0 tarde, favorecendo o equil\u00edbrio t\u00e9rmico interno. J\u00e1 as claraboias, quando adaptadas com aberturas ajust\u00e1veis, n\u00e3o apenas iluminam naturalmente, mas tamb\u00e9m facilitam a libera\u00e7\u00e3o do ar quente, melhorando a circula\u00e7\u00e3o vertical. Sombreamentos externos, como telas ou brises m\u00f3veis, controlam a entrada de luz sem impedir o fluxo de ar.<\/p>\n\n\n\n<p>Essas estrat\u00e9gias, combinadas ou aplicadas individualmente, garantem um ambiente mais ventilado e equilibrado. Adaptar pequenos detalhes, como o posicionamento das aberturas ou o uso de sistemas aut\u00f4nomos, proporciona um ganho significativo no conforto t\u00e9rmico, valorizando a efici\u00eancia e a sustentabilidade da microcasa. Afinal, solu\u00e7\u00f5es inteligentes n\u00e3o exigem grandes mudan\u00e7as, apenas criatividade para harmonizar o espa\u00e7o com o clima ao redor.<\/p>\n\n\n\n<h2 id='planejamento-e-conforto-no-clima-\u00e1rido'  class=\"wp-block-heading\"><strong>Planejamento e Conforto no Clima \u00c1rido<\/strong><\/h2>\n\n\n\n<p>Manter uma microcasa autossuficiente em regi\u00f5es \u00e1ridas confort\u00e1vel e eficiente exige um olhar atento e um planejamento cont\u00ednuo. O clima seco e as temperaturas elevadas s\u00e3o desafios constantes, mas com estrat\u00e9gias de ventila\u00e7\u00e3o bem aplicadas, \u00e9 poss\u00edvel transformar o ambiente em um ref\u00fagio fresco e acolhedor.<\/p>\n\n\n\n<p>Investir em melhorias no fluxo de ar n\u00e3o \u00e9 apenas uma quest\u00e3o de conforto, mas tamb\u00e9m de efici\u00eancia. A ventila\u00e7\u00e3o adequada n\u00e3o s\u00f3 ameniza o calor excessivo, como tamb\u00e9m reduz a necessidade de sistemas artificiais de resfriamento, economizando recursos e prolongando a autonomia da microcasa. A combina\u00e7\u00e3o de solu\u00e7\u00f5es passivas, como janelas posicionadas estrategicamente e claraboias abertas, com inova\u00e7\u00f5es sustent\u00e1veis, como ventiladores movidos a energia solar, cria um equil\u00edbrio perfeito entre funcionalidade e respeito ao clima local.<\/p>\n\n\n\n<p>Observar pequenos sinais, como ar abafado, calor retido ou superf\u00edcies superaquecidas, \u00e9 essencial para agir no momento certo e evitar que os problemas se agravem. A natureza de uma microcasa autossuficiente pede aten\u00e7\u00e3o constante \u00e0s suas necessidades, garantindo que o ambiente funcione em harmonia com as condi\u00e7\u00f5es externas. Cada ajuste, por menor que seja, faz uma grande diferen\u00e7a quando o objetivo \u00e9 manter o bem-estar e a qualidade de vida em espa\u00e7os compactos. Por fim, vale o incentivo para adotar solu\u00e7\u00f5es que respeitam o estilo de vida autossuficiente e a simplicidade da microcasa. O compromisso com um ambiente mais ventilado e funcional n\u00e3o apenas melhora o cotidiano, mas tamb\u00e9m reflete uma conex\u00e3o genu\u00edna com a paisagem \u00e1rida ao redor. Com planejamento, cuidado e solu\u00e7\u00f5es criativas, \u00e9 poss\u00edvel transformar qualquer desafio em uma oportunidade para viver de forma mais consciente e equilibrada.<\/p>","protected":false},"excerpt":{"rendered":"<p>Desafios da Ventila\u00e7\u00e3o em Regi\u00f5es \u00c1ridas O clima \u00e1rido traz caracter\u00edsticas \u00fanicas que afetam diretamente as microcasas autossuficientes, tornando o&#8230;<\/p>","protected":false},"author":1,"featured_media":175,"comment_status":"open","ping_status":"open","sticky":false,"template":"","format":"standard","meta":{"_kad_post_transparent":"","_kad_post_title":"","_kad_post_layout":"","_kad_post_sidebar_id":"","_kad_post_content_style":"","_kad_post_vertical_padding":"","_kad_post_feature":"","_kad_post_feature_position":"","_kad_post_header":false,"_kad_post_footer":false,"_kad_post_classname":"","footnotes":"","jetpack_publicize_message":"","jetpack_publicize_feature_enabled":true,"jetpack_social_post_already_shared":false,"jetpack_social_options":{"image_generator_settings":{"template":"highway","default_image_id":0,"font":"","enabled":false},"version":2}},"categories":[16],"tags":[15],"class_list":["post-174","post","type-post","status-publish","format-standard","has-post-thumbnail","hentry","category-casa-e-jardim","tag-conservacao-e-manutencao"],"jetpack_publicize_connections":[],"jetpack_featured_media_url":"https:\/\/i0.wp.com\/1truenote.com\/wp-content\/uploads\/2024\/12\/DALL%C2%B7E-2024-12-08-00.25.10-A-modern-sustainable-microhouse-situated-in-an-arid-desert-environment-featuring-creative-ventilation-solutions-like-strategically-placed-open-windo-e1737664609465.webp?fit=600%2C400&ssl=1","jetpack_sharing_enabled":true,"_links":{"self":[{"href":"https:\/\/1truenote.com\/en\/wp-json\/wp\/v2\/posts\/174","targetHints":{"allow":["GET"]}}],"collection":[{"href":"https:\/\/1truenote.com\/en\/wp-json\/wp\/v2\/posts"}],"about":[{"href":"https:\/\/1truenote.com\/en\/wp-json\/wp\/v2\/types\/post"}],"author":[{"embeddable":true,"href":"https:\/\/1truenote.com\/en\/wp-json\/wp\/v2\/users\/1"}],"replies":[{"embeddable":true,"href":"https:\/\/1truenote.com\/en\/wp-json\/wp\/v2\/comments?post=174"}],"version-history":[{"count":0,"href":"https:\/\/1truenote.com\/en\/wp-json\/wp\/v2\/posts\/174\/revisions"}],"wp:featuredmedia":[{"embeddable":true,"href":"https:\/\/1truenote.com\/en\/wp-json\/wp\/v2\/media\/175"}],"wp:attachment":[{"href":"https:\/\/1truenote.com\/en\/wp-json\/wp\/v2\/media?parent=174"}],"wp:term":[{"taxonomy":"category","embeddable":true,"href":"https:\/\/1truenote.com\/en\/wp-json\/wp\/v2\/categories?post=174"},{"taxonomy":"post_tag","embeddable":true,"href":"https:\/\/1truenote.com\/en\/wp-json\/wp\/v2\/tags?post=174"}],"curies":[{"name":"wp","href":"https:\/\/api.w.org\/{rel}","templated":true}]}}