{"id":1684,"date":"2025-05-13T20:43:46","date_gmt":"2025-05-13T17:43:46","guid":{"rendered":"https:\/\/1truenote.com\/?p=1684"},"modified":"2025-09-27T18:22:32","modified_gmt":"2025-09-27T21:22:32","slug":"estilo-de-vida-minimalista","status":"publish","type":"post","link":"https:\/\/1truenote.com\/en\/estilo-de-vida-minimalista\/","title":{"rendered":"Estilo de Vida Minimalista: Como viver com menos traz mais leveza e sentido"},"content":{"rendered":"<p>Voc\u00ea j\u00e1 sentiu que est\u00e1 sempre cercado de coisas, compromissos e est\u00edmulos \u2014 e ainda assim, com aquela sensa\u00e7\u00e3o de cansa\u00e7o mental e falta de espa\u00e7o para respirar? Pois \u00e9. \u00c9 nesse ponto que o <strong>estilo de vida minimalista<\/strong> come\u00e7a a fazer sentido.<\/p>\n\n\n\n<p>Mais do que uma tend\u00eancia, o minimalismo virou uma resposta real \u00e0 vida acelerada e aos excessos invis\u00edveis que vamos acumulando. Viver com menos, nesse caso, <strong>n\u00e3o \u00e9 abrir m\u00e3o de tudo<\/strong>. \u00c9 se reconectar com o essencial.<\/p>\n\n\n\n<hr class=\"wp-block-separator has-alpha-channel-opacity\"\/>\n\n\n\n<h2 id='\ud83e\udde0-o-que-\u00e9-de-verdade-viver-o-estilo-de-vida-minimalista'  class=\"wp-block-heading\">\ud83e\udde0 O que \u00e9, de verdade, viver o estilo de vida minimalista?<\/h2>\n\n\n\n<p>Minimalismo n\u00e3o \u00e9 contar objetos, nem viver com uma mala s\u00f3. \u00c9 sobre <strong>fazer escolhas mais conscientes<\/strong>: desde o que entra na sua casa at\u00e9 o que entra no seu tempo e na sua mente.<\/p>\n\n\n\n<p>\u00c9 parar de comprar por impulso, de aceitar convites que te esgotam, de manter h\u00e1bitos que n\u00e3o fazem mais sentido. \u00c9 olhar ao redor e perceber o que \u00e9 excesso \u2014 e o que \u00e9 essencial. E, aos poucos, trocar bagun\u00e7a por leveza.<\/p>\n\n\n\n<hr class=\"wp-block-separator has-alpha-channel-opacity\"\/>\n\n\n\n<h2 id='\ud83c\udfe0-a-casa-como-reflexo-da-mente'  class=\"wp-block-heading\">\ud83c\udfe0 A casa como reflexo da mente<\/h2>\n\n\n\n<p>Um dos primeiros lugares onde o estilo de vida minimalista se revela \u00e9 em casa. Ambientes sobrecarregados, gavetas cheias de \u201ccoisas \u00fateis que nunca usamos\u201d, estantes lotadas de objetos sem afeto \u2014 tudo isso rouba energia.<\/p>\n\n\n\n<p>Ao aplicar o minimalismo, a casa muda. <strong>Menos m\u00f3veis, mais circula\u00e7\u00e3o. Menos decora\u00e7\u00e3o, mais calma visual. Menos tralha, mais ar.<\/strong> O espa\u00e7o come\u00e7a a respirar \u2014 e voc\u00ea tamb\u00e9m.<\/p>\n\n\n\n<p>E n\u00e3o precisa de reformas caras ou mudar de endere\u00e7o. \u00c0s vezes, s\u00f3 de doar o que est\u00e1 encostado e reorganizar com carinho, o lar j\u00e1 se transforma em um lugar de descanso real.<\/p>\n\n\n\n<hr class=\"wp-block-separator has-alpha-channel-opacity\"\/>\n\n\n\n<h2 id='\ud83e\uddfa-rotina-minimalista-mais-tempo-mais-presen\u00e7a'  class=\"wp-block-heading\">\ud83e\uddfa Rotina minimalista: mais tempo, mais presen\u00e7a<\/h2>\n\n\n\n<p>Quando a gente vive cercado de excessos, o tempo some. J\u00e1 reparou? Sempre h\u00e1 algo para guardar, limpar, resolver. A rotina vira uma lista sem fim. No minimalismo, voc\u00ea <strong>libera espa\u00e7o para o que importa<\/strong> \u2014 e esse espa\u00e7o vira tempo.<\/p>\n\n\n\n<p>Tempo para sentar com calma, para prestar aten\u00e7\u00e3o, para descansar de verdade. Voc\u00ea come\u00e7a a escolher melhor o que faz, com quem faz e por qu\u00ea faz. Isso \u00e9 viver com inten\u00e7\u00e3o.<\/p>\n\n\n\n<p>Muita gente que adota esse estilo de vida minimalista relata uma melhora quase imediata no humor e na clareza mental. Ao reduzir o n\u00famero de decis\u00f5es di\u00e1rias e diminuir o volume de \u201ccoisas\u201d visuais ao redor, <strong>o c\u00e9rebro desacelera e o corpo relaxa<\/strong>. \u00c9 como se o ambiente parasse de gritar \u2014 e voc\u00ea finalmente conseguisse ouvir a si mesmo.<\/p>\n\n\n\n<hr class=\"wp-block-separator has-alpha-channel-opacity\"\/>\n\n\n\n<h2 id='\ud83c\udf31-minimalismo-n\u00e3o-\u00e9-rigidez-\u00e9-leveza-com-prop\u00f3sito'  class=\"wp-block-heading\">\ud83c\udf31 Minimalismo n\u00e3o \u00e9 rigidez \u2014 \u00e9 leveza com prop\u00f3sito<\/h2>\n\n\n\n<p>N\u00e3o existe \u201ccerto ou errado\u201d no estilo de vida minimalista. Cada um encontra seu ritmo, seu ponto de equil\u00edbrio. Tem quem se sinta bem com uma casa quase vazia. Tem quem apenas reduza o consumo e mantenha objetos que despertam afeto.<\/p>\n\n\n\n<p>O que une todos \u00e9 o desejo de <strong>menos ru\u00eddo e mais clareza<\/strong>. Menos distra\u00e7\u00e3o e mais foco. Menos ac\u00famulo e mais liberdade de movimento \u2014 por fora e por dentro.<\/p>\n\n\n\n<hr class=\"wp-block-separator has-alpha-channel-opacity\"\/>\n\n\n\n<h2 id='\ud83d\udca1-dicas-pr\u00e1ticas-para-come\u00e7ar-agora'  class=\"wp-block-heading\">\ud83d\udca1 Dicas pr\u00e1ticas para come\u00e7ar agora<\/h2>\n\n\n\n<ul class=\"wp-block-list\">\n<li>Escolha um c\u00f4modo para \u201cenxugar\u201d. Pode ser a cozinha, o guarda-roupa ou at\u00e9 uma gaveta.<\/li>\n\n\n\n<li>Questione antes de comprar: \u201cIsso vai agregar ou s\u00f3 ocupar?\u201d<\/li>\n\n\n\n<li>Separe objetos por categorias: o que uso, o que amo, o que posso doar.<\/li>\n\n\n\n<li>Comece a reduzir compromissos que n\u00e3o combinam mais com voc\u00ea.<\/li>\n\n\n\n<li>Use caixas, cestos ou prateleiras para manter tudo funcional, sem esconder a bagun\u00e7a.<\/li>\n<\/ul>\n\n\n\n<p>Lembre-se: <strong>organizar n\u00e3o \u00e9 esconder \u2014 \u00e9 libertar espa\u00e7o.<\/strong><\/p>\n\n\n\n<hr class=\"wp-block-separator has-alpha-channel-opacity\"\/>\n\n\n\n<h2 id='\ud83e\udded-mais-leve-mais-simples-mais-voc\u00ea-estilo-de-vida-minimalista'  class=\"wp-block-heading\">\ud83e\udded Mais leve, mais simples, mais voc\u00ea &#8211; estilo de vida minimalista<\/h2>\n\n\n\n<p>O <strong><a href=\"https:\/\/ocaszen.com\/vida-minimalista-simplifique-e-harmonize-seu-ambiente-com-menos\/\" data-type=\"link\" data-id=\"https:\/\/www.panoramamoveis.com.br\/blog\/decoracao-com-estilo-minimalista?srsltid=AfmBOooUfKJSIOvWmg--SdaYxnChciG1Xjfy0gAeDGA5w7yA6Ig38br4\" target=\"_blank\" rel=\"noopener\">estilo de vida minimalista<\/a><\/strong> n\u00e3o \u00e9 sobre ter pouco. \u00c9 sobre <strong>ter o que realmente importa<\/strong>, com espa\u00e7o para respirar, para pensar e para viver com mais presen\u00e7a.<\/p>\n\n\n\n<p>E quando voc\u00ea come\u00e7a a olhar para sua casa, sua rotina e at\u00e9 seus h\u00e1bitos com esse olhar mais gentil e intencional, <strong>o excesso vai embora \u2014 e fica s\u00f3 o que \u00e9 seu de verdade.<\/strong><\/p>\n\n\n\n<p>Gostou!? Voc\u00ea pode ver mais conte\u00fados assim, <a href=\"https:\/\/1truenote.com\/en\/category\/casa-e-jardim\/\" data-type=\"link\" data-id=\"https:\/\/1truenote.com\/category\/casa-e-jardim\/\">aqui<\/a>.<\/p>\n\n\n\n<figure class=\"wp-block-image aligncenter size-large is-resized\"><img data-recalc-dims=\"1\" fetchpriority=\"high\" decoding=\"async\" width=\"1024\" height=\"683\" src=\"https:\/\/i0.wp.com\/1truenote.com\/wp-content\/uploads\/2025\/05\/13-de-mai.-de-2025-14_41_27.png?resize=1024%2C683&#038;ssl=1\" alt=\"Estilo de Vida Minimalista\" class=\"wp-image-1685\" style=\"width:529px;height:auto\" srcset=\"https:\/\/i0.wp.com\/1truenote.com\/wp-content\/uploads\/2025\/05\/13-de-mai.-de-2025-14_41_27.png?resize=1024%2C683&amp;ssl=1 1024w, https:\/\/i0.wp.com\/1truenote.com\/wp-content\/uploads\/2025\/05\/13-de-mai.-de-2025-14_41_27.png?resize=300%2C200&amp;ssl=1 300w, https:\/\/i0.wp.com\/1truenote.com\/wp-content\/uploads\/2025\/05\/13-de-mai.-de-2025-14_41_27.png?resize=768%2C512&amp;ssl=1 768w, https:\/\/i0.wp.com\/1truenote.com\/wp-content\/uploads\/2025\/05\/13-de-mai.-de-2025-14_41_27.png?w=1536&amp;ssl=1 1536w\" sizes=\"(max-width: 1024px) 100vw, 1024px\" \/><\/figure>","protected":false},"excerpt":{"rendered":"<p>Voc\u00ea j\u00e1 sentiu que est\u00e1 sempre cercado de coisas, compromissos e est\u00edmulos \u2014 e ainda assim, com aquela sensa\u00e7\u00e3o de&#8230;<\/p>","protected":false},"author":1,"featured_media":1685,"comment_status":"open","ping_status":"open","sticky":false,"template":"","format":"standard","meta":{"_kad_post_transparent":"","_kad_post_title":"","_kad_post_layout":"","_kad_post_sidebar_id":"","_kad_post_content_style":"","_kad_post_vertical_padding":"","_kad_post_feature":"","_kad_post_feature_position":"","_kad_post_header":false,"_kad_post_footer":false,"_kad_post_classname":"","footnotes":"","jetpack_publicize_message":"","jetpack_publicize_feature_enabled":true,"jetpack_social_post_already_shared":false,"jetpack_social_options":{"image_generator_settings":{"template":"highway","default_image_id":0,"font":"","enabled":false},"version":2}},"categories":[1],"tags":[15,13],"class_list":["post-1684","post","type-post","status-publish","format-standard","has-post-thumbnail","hentry","category-novidades","tag-conservacao-e-manutencao","tag-minimalista"],"jetpack_publicize_connections":[],"jetpack_featured_media_url":"https:\/\/i0.wp.com\/1truenote.com\/wp-content\/uploads\/2025\/05\/13-de-mai.-de-2025-14_41_27.png?fit=1536%2C1024&ssl=1","jetpack_sharing_enabled":true,"_links":{"self":[{"href":"https:\/\/1truenote.com\/en\/wp-json\/wp\/v2\/posts\/1684","targetHints":{"allow":["GET"]}}],"collection":[{"href":"https:\/\/1truenote.com\/en\/wp-json\/wp\/v2\/posts"}],"about":[{"href":"https:\/\/1truenote.com\/en\/wp-json\/wp\/v2\/types\/post"}],"author":[{"embeddable":true,"href":"https:\/\/1truenote.com\/en\/wp-json\/wp\/v2\/users\/1"}],"replies":[{"embeddable":true,"href":"https:\/\/1truenote.com\/en\/wp-json\/wp\/v2\/comments?post=1684"}],"version-history":[{"count":1,"href":"https:\/\/1truenote.com\/en\/wp-json\/wp\/v2\/posts\/1684\/revisions"}],"predecessor-version":[{"id":4307,"href":"https:\/\/1truenote.com\/en\/wp-json\/wp\/v2\/posts\/1684\/revisions\/4307"}],"wp:featuredmedia":[{"embeddable":true,"href":"https:\/\/1truenote.com\/en\/wp-json\/wp\/v2\/media\/1685"}],"wp:attachment":[{"href":"https:\/\/1truenote.com\/en\/wp-json\/wp\/v2\/media?parent=1684"}],"wp:term":[{"taxonomy":"category","embeddable":true,"href":"https:\/\/1truenote.com\/en\/wp-json\/wp\/v2\/categories?post=1684"},{"taxonomy":"post_tag","embeddable":true,"href":"https:\/\/1truenote.com\/en\/wp-json\/wp\/v2\/tags?post=1684"}],"curies":[{"name":"wp","href":"https:\/\/api.w.org\/{rel}","templated":true}]}}