{"id":1681,"date":"2025-05-13T19:57:33","date_gmt":"2025-05-13T16:57:33","guid":{"rendered":"https:\/\/1truenote.com\/?p=1681"},"modified":"2025-05-13T19:57:36","modified_gmt":"2025-05-13T16:57:36","slug":"casas-pequenas-e-funcionais","status":"publish","type":"post","link":"https:\/\/1truenote.com\/en\/casas-pequenas-e-funcionais\/","title":{"rendered":"Casas Pequenas e Funcionais: Como morar bem em poucos metros com muito estilo"},"content":{"rendered":"<p>Casas pequenas e funcionais. Hoje, mais do que ter espa\u00e7o de sobra, o que muita gente procura \u00e9 <strong>viver em ambientes que fazem sentido, que acolhem e que funcionam de verdade<\/strong>. Por isso, as <strong>casas pequenas e funcionais<\/strong> v\u00eam ganhando cada vez mais espa\u00e7o \u2014 literalmente e nas escolhas de quem valoriza o essencial.<\/p>\n\n\n\n<p>Seja em grandes cidades ou regi\u00f5es mais tranquilas, esse estilo de moradia combina <strong>design inteligente, conforto e praticidade<\/strong>, provando que morar bem n\u00e3o tem nada a ver com quantidade de metros quadrados.<\/p>\n\n\n\n<hr class=\"wp-block-separator has-alpha-channel-opacity\"\/>\n\n\n\n<h2 id='\ud83e\udde0-menos-espa\u00e7o-mais-prop\u00f3sito-em-casas-pequenas-e-funcionais'  class=\"wp-block-heading\">\ud83e\udde0 Menos espa\u00e7o, mais prop\u00f3sito em casas pequenas e funcionais<\/h2>\n\n\n\n<p>A primeira coisa que impressiona em casas pequenas e funcionais \u00e9 a sensa\u00e7\u00e3o de que tudo tem um motivo para estar ali. Nada sobra, nada falta. \u00c9 a casa que trabalha com voc\u00ea \u2014 e n\u00e3o contra voc\u00ea.<\/p>\n\n\n\n<p>M\u00f3veis que se transformam, ambientes integrados, cores bem pensadas e <strong>luz natural valorizada<\/strong>. Cada cent\u00edmetro \u00e9 aproveitado para que a casa flua com a rotina dos moradores, sem excesso, sem complica\u00e7\u00e3o.<\/p>\n\n\n\n<hr class=\"wp-block-separator has-alpha-channel-opacity\"\/>\n\n\n\n<h2 id='\ud83d\udcd0-o-segredo-est\u00e1-no-projeto-e-nos-detalhes'  class=\"wp-block-heading\">\ud83d\udcd0 O segredo est\u00e1 no projeto (e nos detalhes)<\/h2>\n\n\n\n<p>Essas casas exigem criatividade, n\u00e3o luxo. A gra\u00e7a est\u00e1 em <strong>escolhas pr\u00e1ticas e acess\u00edveis<\/strong>, como:<\/p>\n\n\n\n<ul class=\"wp-block-list\">\n<li>Portas de correr embutidas que economizam espa\u00e7o<\/li>\n\n\n\n<li>Camas com gavet\u00f5es ou dobr\u00e1veis, que somem durante o dia<\/li>\n\n\n\n<li>Mesas retr\u00e1teis e bancadas que viram esta\u00e7\u00e3o de trabalho<\/li>\n\n\n\n<li>Nichos verticais e prateleiras altas para ampliar o armazenamento<\/li>\n\n\n\n<li>Ambientes integrados com divis\u00f3rias leves ou m\u00f3veis multifuncionais<\/li>\n<\/ul>\n\n\n\n<p>Tudo isso cria uma sensa\u00e7\u00e3o de amplitude, mesmo em \u00e1reas pequenas, e ainda facilita a limpeza, organiza\u00e7\u00e3o e circula\u00e7\u00e3o.<\/p>\n\n\n\n<hr class=\"wp-block-separator has-alpha-channel-opacity\"\/>\n\n\n\n<h2 id='\ud83e\uddd8\u200d\u2640\ufe0f-mais-leveza-no-dia-a-dia'  class=\"wp-block-heading\">\ud83e\uddd8\u200d\u2640\ufe0f Mais leveza no dia a dia<\/h2>\n\n\n\n<p>Morar em uma casa pequena e funcional n\u00e3o \u00e9 s\u00f3 uma quest\u00e3o de arquitetura \u2014 \u00e9 tamb\u00e9m um <strong>estilo de vida mais leve, com menos ac\u00famulo e mais consci\u00eancia<\/strong>.<\/p>\n\n\n\n<p>Muitos moradores relatam que esse tipo de lar os ajudou a viver com mais clareza, foco e presen\u00e7a. Afinal, quando a casa \u00e9 pr\u00e1tica, o tempo rende mais, o ambiente estressa menos, e o dia flui melhor.<\/p>\n\n\n\n<p>Outro benef\u00edcio curioso \u00e9 como essas casas pequenas e funcionais incentivam o <strong>desapego emocional de objetos<\/strong>. Com menos espa\u00e7o dispon\u00edvel, o morador aprende a valorizar o que realmente importa: o que \u00e9 \u00fatil, bonito ou carrega uma mem\u00f3ria boa. Essa sele\u00e7\u00e3o natural ajuda a manter o ambiente leve \u2014 e a mente tamb\u00e9m.<\/p>\n\n\n\n<hr class=\"wp-block-separator has-alpha-channel-opacity\"\/>\n\n\n\n<h2 id='\ud83c\udf31-sustentabilidade-vem-no-pacote'  class=\"wp-block-heading\">\ud83c\udf31 Sustentabilidade vem no pacote<\/h2>\n\n\n\n<p>Outro ponto positivo: <strong>consumir menos espa\u00e7o significa tamb\u00e9m consumir menos recursos<\/strong>. Casas pequenas s\u00e3o mais f\u00e1ceis de manter, gastam menos energia, pedem menos reforma e incentivam o uso racional de m\u00f3veis e objetos.<\/p>\n\n\n\n<p>Al\u00e9m disso, como esses projetos geralmente priorizam <strong>ventila\u00e7\u00e3o cruzada, ilumina\u00e7\u00e3o natural e solu\u00e7\u00f5es inteligentes<\/strong>, eles ajudam a reduzir o impacto ambiental sem perder conforto.<\/p>\n\n\n\n<hr class=\"wp-block-separator has-alpha-channel-opacity\"\/>\n\n\n\n<h2 id='\ud83d\udca1-dicas-para-deixar-sua-casa-pequena-ainda-mais-funcional'  class=\"wp-block-heading\">\ud83d\udca1 Dicas para deixar sua casa pequena ainda mais funcional<\/h2>\n\n\n\n<ul class=\"wp-block-list\">\n<li><strong>Escolha m\u00f3veis vers\u00e1teis:<\/strong> priorize o que se adapta ao seu dia, como mesas retr\u00e1teis ou camas com ba\u00fa<\/li>\n\n\n\n<li><strong>Invista em ilumina\u00e7\u00e3o estrat\u00e9gica:<\/strong> luz direta onde h\u00e1 uso e luz difusa para criar aconchego<\/li>\n\n\n\n<li><strong>Use tons claros e espelhos:<\/strong> eles ampliam a percep\u00e7\u00e3o do ambiente<\/li>\n\n\n\n<li><strong>Evite excesso de itens decorativos:<\/strong> menos \u00e9 mais, especialmente em espa\u00e7os compactos<\/li>\n\n\n\n<li><strong>Organize por categorias:<\/strong> caixa para documentos, prateleira para livros, cesta para objetos soltos<\/li>\n<\/ul>\n\n\n\n<p>A organiza\u00e7\u00e3o \u00e9 aliada n\u00famero 1 das casas funcionais. Ela d\u00e1 respiro, economia de tempo e um visual mais fluido.<\/p>\n\n\n\n<hr class=\"wp-block-separator has-alpha-channel-opacity\"\/>\n\n\n\n<h2 id='\ud83e\udded-sua-casa-pode-ser-casas-pequenas-e-funcionais-e-isso-\u00e9-incr\u00edvel'  class=\"wp-block-heading\">\ud83e\udded Sua casa pode ser casas pequenas e funcionais \u2014 e isso \u00e9 incr\u00edvel<\/h2>\n\n\n\n<p>As <strong><a href=\"https:\/\/br.pinterest.com\/marisapereirap\/plantas-casas-funcionais\/\" data-type=\"link\" data-id=\"https:\/\/br.pinterest.com\/marisapereirap\/plantas-casas-funcionais\/\" target=\"_blank\" rel=\"noopener\">casas pequenas e funcionais<\/a><\/strong> s\u00e3o a prova de que morar bem n\u00e3o tem a ver com tamanho, mas com inten\u00e7\u00e3o. S\u00e3o lares que abra\u00e7am, resolvem e simplificam a vida de quem escolhe viver com mais sentido e menos excesso.<\/p>\n\n\n\n<p>E no fim das contas, talvez o verdadeiro luxo seja justamente esse: <strong>ter uma casa que funciona com voc\u00ea \u2014 e n\u00e3o que exige tanto de voc\u00ea.<\/strong><\/p>\n\n\n\n<p>Gostou!? Voc\u00ea pode ver mais conte\u00fado como esse, <a href=\"https:\/\/1truenote.com\/en\/category\/casa-e-jardim\/\" data-type=\"link\" data-id=\"https:\/\/1truenote.com\/category\/casa-e-jardim\/\">aqui<\/a>.<\/p>\n\n\n\n<figure class=\"wp-block-image aligncenter size-large is-resized\"><img data-recalc-dims=\"1\" fetchpriority=\"high\" decoding=\"async\" width=\"1024\" height=\"683\" src=\"https:\/\/i0.wp.com\/1truenote.com\/wp-content\/uploads\/2025\/05\/ChatGPT-Image-13-de-mai.-de-2025-13_54_21.png?resize=1024%2C683&#038;ssl=1\" alt=\"Casas Pequenas e Funcionais\" class=\"wp-image-1682\" style=\"width:517px;height:auto\" srcset=\"https:\/\/i0.wp.com\/1truenote.com\/wp-content\/uploads\/2025\/05\/ChatGPT-Image-13-de-mai.-de-2025-13_54_21.png?resize=1024%2C683&amp;ssl=1 1024w, https:\/\/i0.wp.com\/1truenote.com\/wp-content\/uploads\/2025\/05\/ChatGPT-Image-13-de-mai.-de-2025-13_54_21.png?resize=300%2C200&amp;ssl=1 300w, https:\/\/i0.wp.com\/1truenote.com\/wp-content\/uploads\/2025\/05\/ChatGPT-Image-13-de-mai.-de-2025-13_54_21.png?resize=768%2C512&amp;ssl=1 768w, https:\/\/i0.wp.com\/1truenote.com\/wp-content\/uploads\/2025\/05\/ChatGPT-Image-13-de-mai.-de-2025-13_54_21.png?w=1536&amp;ssl=1 1536w\" sizes=\"(max-width: 1024px) 100vw, 1024px\" \/><\/figure>","protected":false},"excerpt":{"rendered":"<p>Casas pequenas e funcionais. Hoje, mais do que ter espa\u00e7o de sobra, o que muita gente procura \u00e9 viver em&#8230;<\/p>","protected":false},"author":1,"featured_media":1682,"comment_status":"open","ping_status":"open","sticky":false,"template":"","format":"standard","meta":{"_kad_post_transparent":"","_kad_post_title":"","_kad_post_layout":"","_kad_post_sidebar_id":"","_kad_post_content_style":"","_kad_post_vertical_padding":"","_kad_post_feature":"","_kad_post_feature_position":"","_kad_post_header":false,"_kad_post_footer":false,"_kad_post_classname":"","footnotes":"","jetpack_publicize_message":"","jetpack_publicize_feature_enabled":true,"jetpack_social_post_already_shared":false,"jetpack_social_options":{"image_generator_settings":{"template":"highway","default_image_id":0,"font":"","enabled":false},"version":2}},"categories":[16],"tags":[14],"class_list":["post-1681","post","type-post","status-publish","format-standard","has-post-thumbnail","hentry","category-casa-e-jardim","tag-interiores-inovadores"],"jetpack_publicize_connections":[],"jetpack_featured_media_url":"https:\/\/i0.wp.com\/1truenote.com\/wp-content\/uploads\/2025\/05\/ChatGPT-Image-13-de-mai.-de-2025-13_54_21.png?fit=1536%2C1024&ssl=1","jetpack_sharing_enabled":true,"_links":{"self":[{"href":"https:\/\/1truenote.com\/en\/wp-json\/wp\/v2\/posts\/1681","targetHints":{"allow":["GET"]}}],"collection":[{"href":"https:\/\/1truenote.com\/en\/wp-json\/wp\/v2\/posts"}],"about":[{"href":"https:\/\/1truenote.com\/en\/wp-json\/wp\/v2\/types\/post"}],"author":[{"embeddable":true,"href":"https:\/\/1truenote.com\/en\/wp-json\/wp\/v2\/users\/1"}],"replies":[{"embeddable":true,"href":"https:\/\/1truenote.com\/en\/wp-json\/wp\/v2\/comments?post=1681"}],"version-history":[{"count":0,"href":"https:\/\/1truenote.com\/en\/wp-json\/wp\/v2\/posts\/1681\/revisions"}],"wp:featuredmedia":[{"embeddable":true,"href":"https:\/\/1truenote.com\/en\/wp-json\/wp\/v2\/media\/1682"}],"wp:attachment":[{"href":"https:\/\/1truenote.com\/en\/wp-json\/wp\/v2\/media?parent=1681"}],"wp:term":[{"taxonomy":"category","embeddable":true,"href":"https:\/\/1truenote.com\/en\/wp-json\/wp\/v2\/categories?post=1681"},{"taxonomy":"post_tag","embeddable":true,"href":"https:\/\/1truenote.com\/en\/wp-json\/wp\/v2\/tags?post=1681"}],"curies":[{"name":"wp","href":"https:\/\/api.w.org\/{rel}","templated":true}]}}