{"id":1665,"date":"2025-05-12T21:07:50","date_gmt":"2025-05-12T18:07:50","guid":{"rendered":"https:\/\/1truenote.com\/?p=1665"},"modified":"2025-05-22T14:56:31","modified_gmt":"2025-05-22T17:56:31","slug":"decoracao-sacada-pequena","status":"publish","type":"post","link":"https:\/\/1truenote.com\/en\/decoracao-sacada-pequena\/","title":{"rendered":"SACADA M\u00c9DIA: Transforme sua sacada em um espa\u00e7o aconchegante com estilo"},"content":{"rendered":"<p>A sacada \u00e9 um espa\u00e7o valioso que, com a decora\u00e7\u00e3o certa, pode se tornar um ref\u00fagio acolhedor e estiloso.<\/p>\n\n\n\n<p>Nessa curadoria especial apresentamos sugest\u00f5es pr\u00e1ticas para otimizar sua sacada, com links diretos para produtos dispon\u00edveis na Amazon.<\/p>\n\n\n\n<p>Aproveite as oportunidades para decorar da melhor maneira sua sacada com base em nossa curadoria especializada. Compre com praticidade, qualidade e seguran\u00e7a.<\/p>\n\n\n\n<p class=\"has-text-align-center\"><strong>Voc\u00ea pode ver os produtos da imagem do decorado e comprar o produto de sua escolha nos links abaixo Amazon.<\/strong><\/p>\n\n\n\n<hr class=\"wp-block-separator has-alpha-channel-opacity\"\/>\n\n\n\n<p class=\"has-text-align-center\"><strong>DECORADO \u2013 SACADA<\/strong><\/p>\n\n\n\n<figure class=\"wp-block-image aligncenter size-large\"><img data-recalc-dims=\"1\" fetchpriority=\"high\" decoding=\"async\" width=\"683\" height=\"1024\" src=\"https:\/\/i0.wp.com\/1truenote.com\/wp-content\/uploads\/2025\/05\/ChatGPT-Image-12-de-mai.-de-2025-14_19_54.png?resize=683%2C1024&#038;ssl=1\" alt=\"sacada decorada\" class=\"wp-image-1667\" style=\"object-fit:cover\" srcset=\"https:\/\/i0.wp.com\/1truenote.com\/wp-content\/uploads\/2025\/05\/ChatGPT-Image-12-de-mai.-de-2025-14_19_54.png?resize=683%2C1024&amp;ssl=1 683w, https:\/\/i0.wp.com\/1truenote.com\/wp-content\/uploads\/2025\/05\/ChatGPT-Image-12-de-mai.-de-2025-14_19_54.png?resize=200%2C300&amp;ssl=1 200w, https:\/\/i0.wp.com\/1truenote.com\/wp-content\/uploads\/2025\/05\/ChatGPT-Image-12-de-mai.-de-2025-14_19_54.png?resize=768%2C1152&amp;ssl=1 768w, https:\/\/i0.wp.com\/1truenote.com\/wp-content\/uploads\/2025\/05\/ChatGPT-Image-12-de-mai.-de-2025-14_19_54.png?w=1024&amp;ssl=1 1024w\" sizes=\"(max-width: 683px) 100vw, 683px\" \/><\/figure>\n\n\n\n<hr class=\"wp-block-separator has-alpha-channel-opacity\"\/>\n\n\n\n<h2 id='1-conjunto-de-m\u00f3veis-para-sacada'  class=\"wp-block-heading\"><strong>1. Conjunto de M\u00f3veis para Sacada<\/strong><\/h2>\n\n\n\n<p>Um <strong><a href=\"https:\/\/amzn.to\/4j0DNxl\" data-type=\"link\" data-id=\"https:\/\/amzn.to\/4j0DNxl\" target=\"_blank\" rel=\"noopener\">conjunto de m\u00f3veis<\/a><\/strong> adequado \u00e9 essencial para criar um ambiente confort\u00e1vel. Opte por modelos compactos e resistentes \u00e0s intemp\u00e9ries, como o conjunto de mesa e cadeiras de fibra sint\u00e9tica.<br>Modelo <strong>Amazon Prime<\/strong>.<\/p>\n\n\n    <div class=\"hostinger-affiliate-block-single-type\">\n                    <div class=\"hostinger-affiliate-block-single-type__image\">\n                <a href=\"https:\/\/www.amazon.com.br\/dp\/B0B5BCLKNN?tag=joaopedro047-20\" target=\"_blank\" rel=\"nofollow noopener noreferrer\">\n                    <img decoding=\"async\" src=\"https:\/\/m.media-amazon.com\/images\/I\/51H41NYKBKL.jpg\" alt=\"Conjunto 2 Cadeiras Juncada E Mesa De Centro Juncada\">\n                <\/a>\n            <\/div>\n                    <div class=\"hostinger-affiliate-block-single-type__product-data\">\n            <div class=\"hostinger-affiliate-block-single-type__product-title\">\n                <a href=\"https:\/\/www.amazon.com.br\/dp\/B0B5BCLKNN?tag=joaopedro047-20\" target=\"_blank\" rel=\"nofollow noopener noreferrer\">\n                    <h3 id='conjunto-2-cadeiras-juncada-e-mesa-de-centro-juncada'>\n                        Conjunto 2 Cadeiras Juncada E Mesa De Centro Juncada                    <\/h3>\n                <\/a>\n            <\/div>\n                            <div class=\"hostinger-affiliate-block-single-type__product-description\">\n                            <ul>\n                                <li>Conjunto composto por 2 cadeiras Juncada e uma mesa de centro Juncada, com design moder0 e formato retangular<\/li>\n                            <\/ul>\n                        <\/div>\n                            <div class=\"hostinger-affiliate-block-single-type__product-actions\">\n                                    <div class=\"hostinger-affiliate-block-single-type__product-price\">\n                        R$458,91                    <\/div>\n                                    <div class=\"hostinger-affiliate-block-single-type__product-button-wrap\">\n                    <a href=\"https:\/\/www.amazon.com.br\/dp\/B0B5BCLKNN?tag=joaopedro047-20\" class=\"hostinger-affiliate-block-single-type__product-amazon-button\" target=\"_blank\" rel=\"nofollow noopener noreferrer\">\n    Buy on Amazon<\/a>\n                <\/div>\n\n            <\/div>\n        <\/div>\n    <\/div>\n    \n\n\n<p>\ud83d\udd17 <a href=\"https:\/\/amzn.to\/4j0DNxl\" data-type=\"link\" data-id=\"https:\/\/amzn.to\/4j0DNxl\" target=\"_blank\" rel=\"noopener\">Conjunto de M\u00f3veis para Sacada &#8211; Amazon<\/a> (prime)<\/p>\n\n\n\n<hr class=\"wp-block-separator has-alpha-channel-opacity\"\/>\n\n\n\n<h2 id='2-tapete-de-lancer'  class=\"wp-block-heading\"><strong>2. Tapete de Lancer<\/strong><\/h2>\n\n\n\n<p>O <strong><a href=\"https:\/\/amzn.to\/4kay8X3\" data-type=\"link\" data-id=\"https:\/\/amzn.to\/4kay8X3\" target=\"_blank\" rel=\"noopener\">tapete<\/a><\/strong> \u00e9 uma solu\u00e7\u00e3o pr\u00e1tica para renovar o piso da \u00e1rea externa, proporcionando um visual mais aconchegante e natural.<br>Modelo <strong>Amazon Prime<\/strong>.<\/p>\n\n\n    <div class=\"hostinger-affiliate-block-single-type\">\n                    <div class=\"hostinger-affiliate-block-single-type__image\">\n                <a href=\"https:\/\/www.amazon.com.br\/dp\/B07SFL9LW5?tag=joaopedro047-20\" target=\"_blank\" rel=\"nofollow noopener noreferrer\">\n                    <img decoding=\"async\" src=\"https:\/\/m.media-amazon.com\/images\/I\/41OauG44Q6L.jpg\" alt=\"Tapetes Lancer Tapete Sisll\u00ea Liso I Retangular Polipropileno (66x...\">\n                <\/a>\n            <\/div>\n                    <div class=\"hostinger-affiliate-block-single-type__product-data\">\n            <div class=\"hostinger-affiliate-block-single-type__product-title\">\n                <a href=\"https:\/\/www.amazon.com.br\/dp\/B07SFL9LW5?tag=joaopedro047-20\" target=\"_blank\" rel=\"nofollow noopener noreferrer\">\n                    <h3 id='tapetes-lancer-tapete-sisll\u00ea-liso-i-retangular-polipropileno-66x'>\n                        Tapetes Lancer Tapete Sisll\u00ea Liso I Retangular Polipropileno (66x&#8230;                    <\/h3>\n                <\/a>\n            <\/div>\n                            <div class=\"hostinger-affiliate-block-single-type__product-description\">\n                            <ul>\n                                <li>O \u00fanico 100% antiderrapante que n\u00e3o escorrega, antiderrapante, f\u00e1cil de limpar, lav\u00e1vel, antial\u00e9rgico, estampas modernas<\/li>\n                                        <li>F\u00e1cilidade no manuseio e conforto ao uso<\/li>\n                                        <li>Produtos com garantia de qualidade<\/li>\n                            <\/ul>\n                        <\/div>\n                            <div class=\"hostinger-affiliate-block-single-type__product-actions\">\n                                    <div class=\"hostinger-affiliate-block-single-type__product-price\">\n                        R$96,90                    <\/div>\n                                    <div class=\"hostinger-affiliate-block-single-type__product-button-wrap\">\n                    <a href=\"https:\/\/www.amazon.com.br\/dp\/B07SFL9LW5?tag=joaopedro047-20\" class=\"hostinger-affiliate-block-single-type__product-amazon-button\" target=\"_blank\" rel=\"nofollow noopener noreferrer\">\n    Buy on Amazon<\/a>\n                <\/div>\n\n            <\/div>\n        <\/div>\n    <\/div>\n    \n\n\n<p>\ud83d\udd17 <a href=\"https:\/\/amzn.to\/4kay8X3\" data-type=\"link\" data-id=\"https:\/\/amzn.to\/4kay8X3\" target=\"_blank\" rel=\"noopener\">Tapete Lancer &#8211; Amazon<\/a> (prime)<\/p>\n\n\n\n<hr class=\"wp-block-separator has-alpha-channel-opacity\"\/>\n\n\n\n<h2 id='3-mesa-central-para-\u00e1rea-externa'  class=\"wp-block-heading\"><strong>3. Mesa Central para \u00c1rea Externa<\/strong><\/h2>\n\n\n\n<p>Uma <strong><a href=\"https:\/\/amzn.to\/43h2Ia8\" data-type=\"link\" data-id=\"https:\/\/amzn.to\/43h2Ia8\" target=\"_blank\" rel=\"noopener\">mesa central compacta<\/a><\/strong> \u00e9 perfeita para apoiar bebidas, livros ou objetos decorativos, adicionando funcionalidade ao espa\u00e7o.<br>Modelo <strong>Amazon Prime<\/strong>.<br>(Voc\u00ea pode ver outro modelo prime no link mais abaixo)<\/p>\n\n\n    <div class=\"hostinger-affiliate-block-single-type\">\n                    <div class=\"hostinger-affiliate-block-single-type__image\">\n                <a href=\"https:\/\/www.amazon.com.br\/dp\/B0CKRPKRDG?tag=joaopedro047-20\" target=\"_blank\" rel=\"nofollow noopener noreferrer\">\n                    <img decoding=\"async\" src=\"https:\/\/m.media-amazon.com\/images\/I\/31dLkw3w81L.jpg\" alt=\"Mesa Central Articulada Redonda estilo industrial (Preto)\">\n                <\/a>\n            <\/div>\n                    <div class=\"hostinger-affiliate-block-single-type__product-data\">\n            <div class=\"hostinger-affiliate-block-single-type__product-title\">\n                <a href=\"https:\/\/www.amazon.com.br\/dp\/B0CKRPKRDG?tag=joaopedro047-20\" target=\"_blank\" rel=\"nofollow noopener noreferrer\">\n                    <h3 id='mesa-central-articulada-redonda-estilo-industrial-preto'>\n                        Mesa Central Articulada Redonda estilo industrial (Preto)                    <\/h3>\n                <\/a>\n            <\/div>\n                            <div class=\"hostinger-affiliate-block-single-type__product-description\">\n                            <ul>\n                    <\/ul>\n                        <\/div>\n                            <div class=\"hostinger-affiliate-block-single-type__product-actions\">\n                                    <div class=\"hostinger-affiliate-block-single-type__product-price\">\n                        R$115,99                    <\/div>\n                                    <div class=\"hostinger-affiliate-block-single-type__product-button-wrap\">\n                    <a href=\"https:\/\/www.amazon.com.br\/dp\/B0CKRPKRDG?tag=joaopedro047-20\" class=\"hostinger-affiliate-block-single-type__product-amazon-button\" target=\"_blank\" rel=\"nofollow noopener noreferrer\">\n    Buy on Amazon<\/a>\n                <\/div>\n\n            <\/div>\n        <\/div>\n    <\/div>\n    \n\n\n<p>\ud83d\udd17 <a href=\"https:\/\/amzn.to\/43h2Ia8\" data-type=\"link\" data-id=\"https:\/\/amzn.to\/43h2Ia8\" target=\"_blank\" rel=\"noopener\">YEFU Mesa lateral externa de 2 camadas &#8211; Amazon<\/a> (produto prime)<\/p>\n\n\n\n<hr class=\"wp-block-separator has-alpha-channel-opacity\"\/>\n\n\n\n<h2 id='4-prateleira-de-parede-redonda'  class=\"wp-block-heading\"><strong>4. Prateleira de Parede Redonda<\/strong><\/h2>\n\n\n\n<p>Incorporar uma <strong><a href=\"https:\/\/amzn.to\/3SlMaZD\" data-type=\"link\" data-id=\"https:\/\/amzn.to\/3SlMaZD\" target=\"_blank\" rel=\"noopener\">prateleira de parede redonda<\/a><\/strong> \u00e9 uma excelente maneira de trazer o verde para a sacada sem ocupar espa\u00e7o no ch\u00e3o. Pain\u00e9is com vasos de plantas s\u00e3o ideais para isso.<br>Modelo <strong>Amazon Prime<\/strong>.<\/p>\n\n\n    <div class=\"hostinger-affiliate-block-single-type\">\n                    <div class=\"hostinger-affiliate-block-single-type__image\">\n                <a href=\"https:\/\/www.amazon.com.br\/dp\/B09VYD89VW?tag=joaopedro047-20\" target=\"_blank\" rel=\"nofollow noopener noreferrer\">\n                    <img decoding=\"async\" src=\"https:\/\/m.media-amazon.com\/images\/I\/41WquHGaX+L.jpg\" alt=\"47th &amp; Main Prateleira de parede redonda de metal e madeira, 50,8...\">\n                <\/a>\n            <\/div>\n                    <div class=\"hostinger-affiliate-block-single-type__product-data\">\n            <div class=\"hostinger-affiliate-block-single-type__product-title\">\n                <a href=\"https:\/\/www.amazon.com.br\/dp\/B09VYD89VW?tag=joaopedro047-20\" target=\"_blank\" rel=\"nofollow noopener noreferrer\">\n                    <h3 id='47th-main-prateleira-de-parede-redonda-de-metal-e-madeira-50-8'>\n                        47th &#038; Main Prateleira de parede redonda de metal e madeira, 50,8&#8230;                    <\/h3>\n                <\/a>\n            <\/div>\n                            <div class=\"hostinger-affiliate-block-single-type__product-description\">\n                            <ul>\n                                <li>PRATELEIRA MONTADA NA PAREDE DE 2 N\u00cdVEIS: A prateleira decorativa de madeira apresenta bordas com contas e uma moldura d&#8230;<\/li>\n                                        <li>Dimens\u00f5es: 50 cm de di\u00e2metro x 15 cm de profundidade<\/li>\n                                        <li>Moldura de metal preta; a prateleira de madeira tem um acabamento natural que funciona bem com qualquer decora\u00e7\u00e3o<\/li>\n                            <\/ul>\n                        <\/div>\n                            <div class=\"hostinger-affiliate-block-single-type__product-actions\">\n                                    <div class=\"hostinger-affiliate-block-single-type__product-price\">\n                        R$865,39                    <\/div>\n                                    <div class=\"hostinger-affiliate-block-single-type__product-button-wrap\">\n                    <a href=\"https:\/\/www.amazon.com.br\/dp\/B09VYD89VW?tag=joaopedro047-20\" class=\"hostinger-affiliate-block-single-type__product-amazon-button\" target=\"_blank\" rel=\"nofollow noopener noreferrer\">\n    Buy on Amazon<\/a>\n                <\/div>\n\n            <\/div>\n        <\/div>\n    <\/div>\n    \n\n\n<p>\ud83d\udd17 <a href=\"https:\/\/amzn.to\/3SlMaZD\" data-type=\"link\" data-id=\"https:\/\/amzn.to\/3SlMaZD\" target=\"_blank\" rel=\"noopener\">Prateleira de Parede Redonda &#8211; Amazon<\/a> (prime)<\/p>\n\n\n\n<hr class=\"wp-block-separator has-alpha-channel-opacity\"\/>\n\n\n\n<h2 id='5-ilumina\u00e7\u00e3o-de-vela-decorativa'  class=\"wp-block-heading\"><strong>5. Ilumina\u00e7\u00e3o de Vela Decorativa<\/strong><\/h2>\n\n\n\n<p><strong><a href=\"https:\/\/amzn.to\/3EPk0TH\" data-type=\"link\" data-id=\"https:\/\/amzn.to\/3EPk0TH\" target=\"_blank\" rel=\"noopener\">Luzes decorativas<\/a><\/strong>, como cord\u00f5es de l\u00e2mpadas ou lanternas solares, criam uma atmosfera acolhedora e charmosa durante a noite. Kit com 2 lanternas decorativas \u00e9 nossa recomenda\u00e7\u00e3o.<br>Modelo <strong>Amazon Prime<\/strong>.<\/p>\n\n\n    <div class=\"hostinger-affiliate-block-single-type\">\n                    <div class=\"hostinger-affiliate-block-single-type__image\">\n                <a href=\"https:\/\/www.amazon.com.br\/dp\/B0CGZX9J5J?tag=joaopedro047-20\" target=\"_blank\" rel=\"nofollow noopener noreferrer\">\n                    <img decoding=\"async\" src=\"https:\/\/m.media-amazon.com\/images\/I\/41UtCMykBqL.jpg\" alt=\"Eufrozy Decora\u00e7\u00e3o de lanterna de fazenda moderna, lanternas de ve...\">\n                <\/a>\n            <\/div>\n                    <div class=\"hostinger-affiliate-block-single-type__product-data\">\n            <div class=\"hostinger-affiliate-block-single-type__product-title\">\n                <a href=\"https:\/\/www.amazon.com.br\/dp\/B0CGZX9J5J?tag=joaopedro047-20\" target=\"_blank\" rel=\"nofollow noopener noreferrer\">\n                    <h3 id='eufrozy-decora\u00e7\u00e3o-de-lanterna-de-fazenda-moderna-lanternas-de-ve'>\n                        Eufrozy Decora\u00e7\u00e3o de lanterna de fazenda moderna, lanternas de ve&#8230;                    <\/h3>\n                <\/a>\n            <\/div>\n                            <div class=\"hostinger-affiliate-block-single-type__product-description\">\n                            <ul>\n                                <li>Decora\u00e7\u00e3o elegante da sala de estar: a arma\u00e7\u00e3o de metal preto feita de ferro exala eleg\u00e2ncia e beleza, enquanto o design&#8230;<\/li>\n                                        <li>V\u00e1rios tamanhos: Lanterna decorativa maior: 4,7 * 4,7 * 10,2 polegadas, lanterna pequena de vela: 9,9*9,9*22,1 cm. Perfe&#8230;<\/li>\n                                        <li>Design DIY: Liberte sua criatividade e personalize sua decora\u00e7\u00e3o com estas lanternas pretas decorativas. Personalize-o f&#8230;<\/li>\n                            <\/ul>\n                        <\/div>\n                            <div class=\"hostinger-affiliate-block-single-type__product-actions\">\n                                    <div class=\"hostinger-affiliate-block-single-type__product-price\">\n                        R$236,93                    <\/div>\n                                    <div class=\"hostinger-affiliate-block-single-type__product-button-wrap\">\n                    <a href=\"https:\/\/www.amazon.com.br\/dp\/B0CGZX9J5J?tag=joaopedro047-20\" class=\"hostinger-affiliate-block-single-type__product-amazon-button\" target=\"_blank\" rel=\"nofollow noopener noreferrer\">\n    Buy on Amazon<\/a>\n                <\/div>\n\n            <\/div>\n        <\/div>\n    <\/div>\n    \n\n\n<p>\ud83d\udd17 <a href=\"https:\/\/amzn.to\/3EPk0TH\" data-type=\"link\" data-id=\"https:\/\/amzn.to\/3EPk0TH\" target=\"_blank\" rel=\"noopener\">Luzes Decorativas para Sacada &#8211; Amazon<\/a> (prime)<\/p>\n\n\n\n<hr class=\"wp-block-separator has-alpha-channel-opacity\"\/>\n\n\n\n<h2 id='6-almofadas-e-tapetes-externos'  class=\"wp-block-heading\"><strong>6. Almofadas e Tapetes Externos<\/strong><\/h2>\n\n\n\n<p><strong><a href=\"https:\/\/amzn.to\/4jPJtv8\" data-type=\"link\" data-id=\"https:\/\/amzn.to\/4jPJtv8\" target=\"_blank\" rel=\"noopener\">Almofadas<\/a><\/strong> e tapetes resistentes ao clima adicionam conforto e estilo ao ambiente, tornando o local mais convidativo.<br>Modelo <strong>Amazon Prime<\/strong>.<br>Produto <a href=\"https:\/\/www.amazon.com.br\/climatepledgefriendly\" data-type=\"link\" data-id=\"https:\/\/www.amazon.com.br\/climatepledgefriendly\" target=\"_blank\" rel=\"noopener\"><strong>Sustent\u00e1vel<\/strong>.<\/a><a href=\"https:\/\/www.amazon.com.br\/climatepledgefriendly\" target=\"_blank\" rel=\"noopener\"><img decoding=\"async\" height=\"24px\" width=\"186px\" class=\"\" src=\"https:\/\/m.media-amazon.com\/images\/I\/21AGu0JFvKL.svg\" alt=\"Climate Pledge Friendly\"><\/a><\/p>\n\n\n    <div class=\"hostinger-affiliate-block-single-type\">\n                    <div class=\"hostinger-affiliate-block-single-type__image\">\n                <a href=\"https:\/\/www.amazon.com.br\/dp\/B0D4M8BTH9?tag=joaopedro047-20\" target=\"_blank\" rel=\"nofollow noopener noreferrer\">\n                    <img decoding=\"async\" src=\"https:\/\/m.media-amazon.com\/images\/I\/314vEi7xZ4L.jpg\" alt=\"Wadser 2 almofadas de p\u00e1tio ao ar livre, 47 cm x 47 cm, almofada ...\">\n                <\/a>\n            <\/div>\n                    <div class=\"hostinger-affiliate-block-single-type__product-data\">\n            <div class=\"hostinger-affiliate-block-single-type__product-title\">\n                <a href=\"https:\/\/www.amazon.com.br\/dp\/B0D4M8BTH9?tag=joaopedro047-20\" target=\"_blank\" rel=\"nofollow noopener noreferrer\">\n                    <h3 id='wadser-2-almofadas-de-p\u00e1tio-ao-ar-livre-47-cm-x-47-cm-almofada'>\n                        Wadser 2 almofadas de p\u00e1tio ao ar livre, 47 cm x 47 cm, almofada &#8230;                    <\/h3>\n                <\/a>\n            <\/div>\n                            <div class=\"hostinger-affiliate-block-single-type__product-description\">\n                            <ul>\n                                <li>Tamanho perfeito: Tamanho da almofada ao ar livre: 47 x 47 x 9,9 cm, adequada para cadeiras de jantar e cadeiras de vime&#8230;<\/li>\n                                        <li>Tecidos resistentes \u00e0 \u00e1gua: Este conjunto de almofadas de cadeira de p\u00e1tio \u00e9 feito com tecidos de poli\u00e9ster resistentes &#8230;<\/li>\n                                        <li>Design exclusivo: a capa do nosso conjunto de almofadas de cadeira apresenta um design tufado e em forma de U que comple&#8230;<\/li>\n                            <\/ul>\n                        <\/div>\n                            <div class=\"hostinger-affiliate-block-single-type__product-actions\">\n                                    <div class=\"hostinger-affiliate-block-single-type__product-price\">\n                        R$231,43                    <\/div>\n                                    <div class=\"hostinger-affiliate-block-single-type__product-button-wrap\">\n                    <a href=\"https:\/\/www.amazon.com.br\/dp\/B0D4M8BTH9?tag=joaopedro047-20\" class=\"hostinger-affiliate-block-single-type__product-amazon-button\" target=\"_blank\" rel=\"nofollow noopener noreferrer\">\n    Buy on Amazon<\/a>\n                <\/div>\n\n            <\/div>\n        <\/div>\n    <\/div>\n    \n\n\n<p>\ud83d\udd17 <a href=\"https:\/\/amzn.to\/4jPJtv8\" data-type=\"link\" data-id=\"https:\/\/amzn.to\/4jPJtv8\" target=\"_blank\" rel=\"noopener\">Almofadas para \u00c1rea Externa &#8211; Amazon<\/a> (produto prime e sustent\u00e1vel)<\/p>\n\n\n\n<p>\ud83d\udd17 <a href=\"https:\/\/amzn.to\/4kABCBZ\" data-type=\"link\" data-id=\"https:\/\/amzn.to\/4kABCBZ\" target=\"_blank\" rel=\"noopener\">Tapetes para Sacada &#8211; Amazon<\/a> (produto extra)<\/p>\n\n\n\n<h2 id='7-sof\u00e1-2-lugares-para-sala-e-varanda'  class=\"wp-block-heading\"><strong>7. Sof\u00e1 2 Lugares para Sala e Varanda<\/strong><\/h2>\n\n\n\n<p><strong><a href=\"https:\/\/amzn.to\/42WE1kp\" data-type=\"link\" data-id=\"https:\/\/amzn.to\/42WE1kp\" target=\"_blank\" rel=\"noopener\">Sof\u00e1 resistentes<\/a><\/strong> ao clima adicionam conforto e estilo ao ambiente, tornando a \u00e1rea mais convidativa.<br>Produto <strong>Premium<\/strong>.<\/p>\n\n\n    <div class=\"hostinger-affiliate-block-single-type\">\n                    <div class=\"hostinger-affiliate-block-single-type__image\">\n                <a href=\"https:\/\/www.amazon.com.br\/dp\/B0D2RV98BQ?tag=joaopedro047-20\" target=\"_blank\" rel=\"nofollow noopener noreferrer\">\n                    <img decoding=\"async\" src=\"https:\/\/m.media-amazon.com\/images\/I\/31IAUKQZKOL.jpg\" alt=\"Sof\u00e1 2 Lugares para Sala e Varanda M\u00f3dulo Veraneio Meu M\u00f3vel de M...\">\n                <\/a>\n            <\/div>\n                    <div class=\"hostinger-affiliate-block-single-type__product-data\">\n            <div class=\"hostinger-affiliate-block-single-type__product-title\">\n                <a href=\"https:\/\/www.amazon.com.br\/dp\/B0D2RV98BQ?tag=joaopedro047-20\" target=\"_blank\" rel=\"nofollow noopener noreferrer\">\n                    <h3 id='sof\u00e1-2-lugares-para-sala-e-varanda-m\u00f3dulo-veraneio-meu-m\u00f3vel-de-m'>\n                        Sof\u00e1 2 Lugares para Sala e Varanda M\u00f3dulo Veraneio Meu M\u00f3vel de M&#8230;                    <\/h3>\n                <\/a>\n            <\/div>\n                            <div class=\"hostinger-affiliate-block-single-type__product-description\">\n                            <ul>\n                                <li>Transforme sua casa com o Sof\u00e1 2 Lugares M\u00f3dulo Veraneio, uma pe\u00e7a que redefine o conceito de conforto e estilo.<\/li>\n                                        <li>Descubra a versatilidade e o charme da linha Veraneio, essencial para quem busca inova\u00e7\u00e3o na decora\u00e7\u00e3o.<\/li>\n                                        <li>Fabricado com madeira de eucalipto de alta qualidade, este sof\u00e1 apresenta um encosto moderno em fita na elegante cor ver&#8230;<\/li>\n                            <\/ul>\n                        <\/div>\n                            <div class=\"hostinger-affiliate-block-single-type__product-actions\">\n                                    <div class=\"hostinger-affiliate-block-single-type__product-price\">\n                        R$3.399,15                    <\/div>\n                                    <div class=\"hostinger-affiliate-block-single-type__product-button-wrap\">\n                    <a href=\"https:\/\/www.amazon.com.br\/dp\/B0D2RV98BQ?tag=joaopedro047-20\" class=\"hostinger-affiliate-block-single-type__product-amazon-button\" target=\"_blank\" rel=\"nofollow noopener noreferrer\">\n    Buy on Amazon<\/a>\n                <\/div>\n\n            <\/div>\n        <\/div>\n    <\/div>\n    \n\n\n<p>\ud83d\udd17 <a href=\"https:\/\/amzn.to\/42WE1kp\" data-type=\"link\" data-id=\"https:\/\/amzn.to\/42WE1kp\" target=\"_blank\" rel=\"noopener\">Sof\u00e1 2 Lugares para Sala e Varanda &#8211; Amazon<\/a> (premium)<\/p>\n\n\n\n<h2 id='8-cadeira-para-ambiente-externo'  class=\"wp-block-heading\"><strong>8. Cadeira para Ambiente Externo<\/strong><\/h2>\n\n\n\n<p><strong><a href=\"https:\/\/amzn.to\/3H3lj1I\" data-type=\"link\" data-id=\"https:\/\/amzn.to\/3H3lj1I\" target=\"_blank\" rel=\"noopener\">Cadeira Acapulco<\/a><\/strong> estilo palha para o clima externo adicionam conforto e estilo ao ambiente, tornando a \u00e1rea mais convidativa e confort\u00e1vel.<br>Produto <strong>Premium<\/strong>.<\/p>\n\n\n    <div class=\"hostinger-affiliate-block-single-type\">\n                    <div class=\"hostinger-affiliate-block-single-type__image\">\n                <a href=\"https:\/\/www.amazon.com.br\/dp\/B0C93DQK7T?tag=joaopedro047-20\" target=\"_blank\" rel=\"nofollow noopener noreferrer\">\n                    <img decoding=\"async\" src=\"https:\/\/m.media-amazon.com\/images\/I\/51+sGTyCmtL.jpg\" alt=\"Gen\u00e9rico Cadeira Acapulco Palha Piscina \u00c1rea Externa ou Interna G...\">\n                <\/a>\n            <\/div>\n                    <div class=\"hostinger-affiliate-block-single-type__product-data\">\n            <div class=\"hostinger-affiliate-block-single-type__product-title\">\n                <a href=\"https:\/\/www.amazon.com.br\/dp\/B0C93DQK7T?tag=joaopedro047-20\" target=\"_blank\" rel=\"nofollow noopener noreferrer\">\n                    <h3 id='gen\u00e9rico-cadeira-acapulco-palha-piscina-\u00e1rea-externa-ou-interna-g'>\n                        Gen\u00e9rico Cadeira Acapulco Palha Piscina \u00c1rea Externa ou Interna G&#8230;                    <\/h3>\n                <\/a>\n            <\/div>\n                            <div class=\"hostinger-affiliate-block-single-type__product-description\">\n                            <ul>\n                                <li>Apoio de bra\u00e7o<\/li>\n                            <\/ul>\n                        <\/div>\n                            <div class=\"hostinger-affiliate-block-single-type__product-actions\">\n                                    <div class=\"hostinger-affiliate-block-single-type__product-price\">\n                        R$429,90                    <\/div>\n                                    <div class=\"hostinger-affiliate-block-single-type__product-button-wrap\">\n                    <a href=\"https:\/\/www.amazon.com.br\/dp\/B0C93DQK7T?tag=joaopedro047-20\" class=\"hostinger-affiliate-block-single-type__product-amazon-button\" target=\"_blank\" rel=\"nofollow noopener noreferrer\">\n    Buy on Amazon<\/a>\n                <\/div>\n\n            <\/div>\n        <\/div>\n    <\/div>\n    \n\n\n<p>\ud83d\udd17 <a href=\"https:\/\/amzn.to\/3H3lj1I\" data-type=\"link\" data-id=\"https:\/\/amzn.to\/3H3lj1I\" target=\"_blank\" rel=\"noopener\">Cadeira Acapulco Varanda &#8211; Amazon<\/a> (premium)<\/p>\n\n\n\n<hr class=\"wp-block-separator has-alpha-channel-opacity\"\/>\n\n\n\n<h2 id='seu-ref\u00fagio-ao-ar-livre-na-sacada'  class=\"wp-block-heading\"><strong>Seu Ref\u00fagio ao Ar Livre na Sacada<\/strong><\/h2>\n\n\n\n<p>Com escolhas inteligentes de m\u00f3veis e decora\u00e7\u00e3o, \u00e9 poss\u00edvel transformar sua sacada em um espa\u00e7o funcional e estiloso. Aproveite as sugest\u00f5es acima para criar um ambiente que reflita sua personalidade e proporcione momentos de relaxamento ao ar livre.<\/p>\n\n\n\n<p>Esses produtos foram aprovados internamente pela nossa curadoria para que voc\u00ea compre o melhor produto, com a melhor qualidade e seguran\u00e7a!<\/p>\n\n\n\n<p>Voc\u00ea pode ver mais decorados <a href=\"https:\/\/1truenote.com\/en\/category\/e-commerce\/\" data-type=\"link\" data-id=\"https:\/\/1truenote.com\/category\/e-commerce\/\">aqui<\/a>.<\/p>","protected":false},"excerpt":{"rendered":"<p>A sacada \u00e9 um espa\u00e7o valioso que, com a decora\u00e7\u00e3o certa, pode se tornar um ref\u00fagio acolhedor e estiloso. Nessa&#8230;<\/p>","protected":false},"author":1,"featured_media":1667,"comment_status":"open","ping_status":"open","sticky":false,"template":"","format":"standard","meta":{"_kad_post_transparent":"","_kad_post_title":"","_kad_post_layout":"","_kad_post_sidebar_id":"","_kad_post_content_style":"","_kad_post_vertical_padding":"","_kad_post_feature":"","_kad_post_feature_position":"","_kad_post_header":false,"_kad_post_footer":false,"_kad_post_classname":"","footnotes":"","jetpack_publicize_message":"","jetpack_publicize_feature_enabled":true,"jetpack_social_post_already_shared":false,"jetpack_social_options":{"image_generator_settings":{"template":"highway","enabled":false},"version":2}},"categories":[10],"tags":[32],"class_list":["post-1665","post","type-post","status-publish","format-standard","has-post-thumbnail","hentry","category-e-commerce","tag-decorados"],"jetpack_publicize_connections":[],"jetpack_featured_media_url":"https:\/\/i0.wp.com\/1truenote.com\/wp-content\/uploads\/2025\/05\/ChatGPT-Image-12-de-mai.-de-2025-14_19_54.png?fit=1024%2C1536&ssl=1","jetpack_sharing_enabled":true,"_links":{"self":[{"href":"https:\/\/1truenote.com\/en\/wp-json\/wp\/v2\/posts\/1665","targetHints":{"allow":["GET"]}}],"collection":[{"href":"https:\/\/1truenote.com\/en\/wp-json\/wp\/v2\/posts"}],"about":[{"href":"https:\/\/1truenote.com\/en\/wp-json\/wp\/v2\/types\/post"}],"author":[{"embeddable":true,"href":"https:\/\/1truenote.com\/en\/wp-json\/wp\/v2\/users\/1"}],"replies":[{"embeddable":true,"href":"https:\/\/1truenote.com\/en\/wp-json\/wp\/v2\/comments?post=1665"}],"version-history":[{"count":0,"href":"https:\/\/1truenote.com\/en\/wp-json\/wp\/v2\/posts\/1665\/revisions"}],"wp:featuredmedia":[{"embeddable":true,"href":"https:\/\/1truenote.com\/en\/wp-json\/wp\/v2\/media\/1667"}],"wp:attachment":[{"href":"https:\/\/1truenote.com\/en\/wp-json\/wp\/v2\/media?parent=1665"}],"wp:term":[{"taxonomy":"category","embeddable":true,"href":"https:\/\/1truenote.com\/en\/wp-json\/wp\/v2\/categories?post=1665"},{"taxonomy":"post_tag","embeddable":true,"href":"https:\/\/1truenote.com\/en\/wp-json\/wp\/v2\/tags?post=1665"}],"curies":[{"name":"wp","href":"https:\/\/api.w.org\/{rel}","templated":true}]}}