{"id":1647,"date":"2025-05-12T17:20:04","date_gmt":"2025-05-12T14:20:04","guid":{"rendered":"https:\/\/1truenote.com\/?p=1647"},"modified":"2025-05-12T17:20:08","modified_gmt":"2025-05-12T14:20:08","slug":"de-casa-em-casa-estilo-de-vida","status":"publish","type":"post","link":"https:\/\/1truenote.com\/en\/de-casa-em-casa-estilo-de-vida\/","title":{"rendered":"De Casa em Casa: O estilo de vida n\u00f4made que est\u00e1 conquistando gera\u00e7\u00f5es"},"content":{"rendered":"<p>Trocar de endere\u00e7o com frequ\u00eancia, viver em diferentes bairros, cidades e at\u00e9 pa\u00edses. O que antes parecia instabilidade, hoje virou um novo modelo de vida: o de quem escolheu viver <strong>de casa em casa<\/strong>.<\/p>\n\n\n\n<p>E n\u00e3o estamos falando apenas de mochileiros ou n\u00f4mades digitais. Fam\u00edlias, casais e at\u00e9 aposentados est\u00e3o adotando esse estilo mais leve e <strong>fluido de morar<\/strong>, onde cada lar \u00e9 uma fase e cada mudan\u00e7a \u00e9 parte do plano.<\/p>\n\n\n\n<hr class=\"wp-block-separator has-alpha-channel-opacity\"\/>\n\n\n\n<h2 id='\ud83c\udf0d-morar-virou-movimento-de-casa-em-casa'  class=\"wp-block-heading\">\ud83c\udf0d Morar virou movimento &#8211; de casa em casa<\/h2>\n\n\n\n<p>A ideia de \u201ccasa fixa para a vida toda\u201d vem perdendo espa\u00e7o. Com o avan\u00e7o do trabalho remoto, a facilidade de aluguel por temporada e um novo olhar sobre o consumo, muita gente prefere <strong>explorar formas diferentes de viver<\/strong>, sem se prender a um CEP.<\/p>\n\n\n\n<p>A vida de casa em casa n\u00e3o \u00e9 s\u00f3 uma fuga \u2014 \u00e9 uma busca. Por novas paisagens, novos ritmos, novas vers\u00f5es de si mesmo. \u00c9 morar em fun\u00e7\u00e3o da vida, e n\u00e3o o contr\u00e1rio.<\/p>\n\n\n\n<p>Esse estilo, de casa em casa, tamb\u00e9m acompanha uma mudan\u00e7a de mentalidade: <strong>menos apego \u00e0 propriedade e mais valor \u00e0 experi\u00eancia<\/strong>. Alugar, trocar, testar diferentes estilos de moradia virou parte da jornada. A casa deixa de ser um ponto final e passa a ser ponto de partida \u2014 para novas conex\u00f5es, ritmos e formas de viver.<\/p>\n\n\n\n<hr class=\"wp-block-separator has-alpha-channel-opacity\"\/>\n\n\n\n<h2 id='\ud83c\udfe1-casas-com-alma-o-novo-luxo'  class=\"wp-block-heading\">\ud83c\udfe1 Casas com alma: O novo luxo<\/h2>\n\n\n\n<p>Quem adota esse estilo prioriza moradias com hist\u00f3ria, aconchego e prop\u00f3sito. Pode ser uma cabana no interior, um est\u00fadio em S\u00e3o Paulo ou um container no litoral. O importante \u00e9 que o lar <strong>converse com a fase da vida<\/strong> em que a pessoa est\u00e1.<\/p>\n\n\n\n<p>\u00c9 como montar uma playlist emocional de lares vividos: cada casa com sua mem\u00f3ria, seu cheiro, seu sil\u00eancio.<\/p>\n\n\n\n<p>Essas casas n\u00e3o precisam ser luxuosas no sentido tradicional, mas sim <strong>cheias de significado e sensa\u00e7\u00f5es boas<\/strong>. Uma rede na varanda, uma parede com cor afetiva, uma estante com livros garimpados. O que importa \u00e9 que o espa\u00e7o acolha \u2014 e conte uma hist\u00f3ria que fa\u00e7a sentido naquele momento da vida.<\/p>\n\n\n\n<hr class=\"wp-block-separator has-alpha-channel-opacity\"\/>\n\n\n\n<h2 id='\ud83d\udce6-e-os-desafios-como-ficam'  class=\"wp-block-heading\">\ud83d\udce6 E os desafios, como ficam?<\/h2>\n\n\n\n<p>Claro, viver assim exige desapego \u2014 emocional e material. A rotina muda, a log\u00edstica tamb\u00e9m. Mas em troca, ganha-se liberdade, repert\u00f3rio e a sensa\u00e7\u00e3o de estar sempre em movimento.<\/p>\n\n\n\n<p>Para muitos, o segredo est\u00e1 em <strong>ter menos coisas e mais hist\u00f3rias<\/strong>, menos compromissos fixos e mais tempo de qualidade.<\/p>\n\n\n\n<p>Al\u00e9m disso, manter v\u00ednculos pode ser mais desafiador quando se vive em constante mudan\u00e7a. \u00c9 preciso aprender a cultivar amizades \u00e0 dist\u00e2ncia, manter uma rotina afetiva com familiares e criar pequenos rituais que tragam senso de pertencimento \u2014 mesmo que o CEP mude com frequ\u00eancia.<\/p>\n\n\n\n<hr class=\"wp-block-separator has-alpha-channel-opacity\"\/>\n\n\n\n<h2 id='\ud83e\udded-como-come\u00e7ar-uma-vida-de-casa-em-casa'  class=\"wp-block-heading\">\ud83e\udded Como come\u00e7ar uma vida de casa em casa?<\/h2>\n\n\n\n<ul class=\"wp-block-list\">\n<li>Comece testando: experimente alugu\u00e9is curtos antes de decidir vender tudo.<\/li>\n\n\n\n<li>Crie uma base online: trabalho remoto \u00e9 um grande facilitador.<\/li>\n\n\n\n<li>Reduza o volume: quanto menos voc\u00ea carrega, mais leve \u00e9 a mudan\u00e7a.<\/li>\n\n\n\n<li>Priorize o essencial: crie uma lista afetiva do que realmente importa ter com voc\u00ea.<\/li>\n\n\n\n<li>Documente o processo: fotos, v\u00eddeos, um di\u00e1rio de bordo. Viver assim tamb\u00e9m \u00e9 registrar.<\/li>\n<\/ul>\n\n\n\n<hr class=\"wp-block-separator has-alpha-channel-opacity\"\/>\n\n\n\n<h2 id='\ud83d\udca1-viver-de-casa-em-casa-\u00e9-viver-com-inten\u00e7\u00e3o'  class=\"wp-block-heading\">\ud83d\udca1 Viver de casa em casa \u00e9 viver com inten\u00e7\u00e3o<\/h2>\n\n\n\n<p>Esse estilo de vida n\u00e3o \u00e9 para todo mundo \u2014 mas para quem escolhe, ele representa <strong>liberdade, presen\u00e7a e constante renova\u00e7\u00e3o<\/strong>.<br>Porque \u00e0s vezes, tudo que a gente precisa \u00e9 mudar de parede para descobrir uma nova vers\u00e3o de n\u00f3s mesmos.<\/p>\n\n\n\n<p>Mais do que um movimento de moradia, viver de <a href=\"https:\/\/revistacasaejardim.globo.com\/\" data-type=\"link\" data-id=\"https:\/\/revistacasaejardim.globo.com\/\" target=\"_blank\" rel=\"noopener\">casa em casa<\/a> \u00e9 um convite a <strong>olhar para a vida com mais curiosidade e menos amarras<\/strong>. \u00c9 aceitar que estabilidade n\u00e3o precisa significar estagna\u00e7\u00e3o \u2014 e que \u00e9 poss\u00edvel encontrar ra\u00edzes mesmo na mudan\u00e7a constante.<\/p>\n\n\n\n<p>Talvez o lar ideal n\u00e3o seja um lugar fixo, mas uma sequ\u00eancia de experi\u00eancias que nos fazem sentir em casa por dentro, n\u00e3o importa o endere\u00e7o. E nesse mundo em movimento, cada porta aberta pode ser o come\u00e7o de um novo cap\u00edtulo.<\/p>\n\n\n\n<p>Gostou!? Voc\u00ea pode ver mais por <a href=\"https:\/\/1truenote.com\/en\/category\/casa-e-jardim\/\" data-type=\"link\" data-id=\"https:\/\/1truenote.com\/category\/casa-e-jardim\/\">aqui<\/a>.<\/p>\n\n\n\n<figure class=\"wp-block-image aligncenter size-large is-resized\"><img data-recalc-dims=\"1\" fetchpriority=\"high\" decoding=\"async\" width=\"1024\" height=\"683\" src=\"https:\/\/i0.wp.com\/1truenote.com\/wp-content\/uploads\/2025\/05\/ChatGPT-Image-12-de-mai.-de-2025-11_11_11.png?resize=1024%2C683&#038;ssl=1\" alt=\"De Casa em Casa\" class=\"wp-image-1648\" style=\"width:562px;height:auto\" srcset=\"https:\/\/i0.wp.com\/1truenote.com\/wp-content\/uploads\/2025\/05\/ChatGPT-Image-12-de-mai.-de-2025-11_11_11.png?resize=1024%2C683&amp;ssl=1 1024w, https:\/\/i0.wp.com\/1truenote.com\/wp-content\/uploads\/2025\/05\/ChatGPT-Image-12-de-mai.-de-2025-11_11_11.png?resize=300%2C200&amp;ssl=1 300w, https:\/\/i0.wp.com\/1truenote.com\/wp-content\/uploads\/2025\/05\/ChatGPT-Image-12-de-mai.-de-2025-11_11_11.png?resize=768%2C512&amp;ssl=1 768w, https:\/\/i0.wp.com\/1truenote.com\/wp-content\/uploads\/2025\/05\/ChatGPT-Image-12-de-mai.-de-2025-11_11_11.png?w=1536&amp;ssl=1 1536w\" sizes=\"(max-width: 1024px) 100vw, 1024px\" \/><\/figure>","protected":false},"excerpt":{"rendered":"<p>Trocar de endere\u00e7o com frequ\u00eancia, viver em diferentes bairros, cidades e at\u00e9 pa\u00edses. O que antes parecia instabilidade, hoje virou&#8230;<\/p>","protected":false},"author":1,"featured_media":1648,"comment_status":"open","ping_status":"open","sticky":false,"template":"","format":"standard","meta":{"_kad_post_transparent":"","_kad_post_title":"","_kad_post_layout":"","_kad_post_sidebar_id":"","_kad_post_content_style":"","_kad_post_vertical_padding":"","_kad_post_feature":"","_kad_post_feature_position":"","_kad_post_header":false,"_kad_post_footer":false,"_kad_post_classname":"","footnotes":"","jetpack_publicize_message":"","jetpack_publicize_feature_enabled":true,"jetpack_social_post_already_shared":false,"jetpack_social_options":{"image_generator_settings":{"template":"highway","default_image_id":0,"font":"","enabled":false},"version":2}},"categories":[16],"tags":[13],"class_list":["post-1647","post","type-post","status-publish","format-standard","has-post-thumbnail","hentry","category-casa-e-jardim","tag-minimalista"],"jetpack_publicize_connections":[],"jetpack_featured_media_url":"https:\/\/i0.wp.com\/1truenote.com\/wp-content\/uploads\/2025\/05\/ChatGPT-Image-12-de-mai.-de-2025-11_11_11.png?fit=1536%2C1024&ssl=1","jetpack_sharing_enabled":true,"_links":{"self":[{"href":"https:\/\/1truenote.com\/en\/wp-json\/wp\/v2\/posts\/1647","targetHints":{"allow":["GET"]}}],"collection":[{"href":"https:\/\/1truenote.com\/en\/wp-json\/wp\/v2\/posts"}],"about":[{"href":"https:\/\/1truenote.com\/en\/wp-json\/wp\/v2\/types\/post"}],"author":[{"embeddable":true,"href":"https:\/\/1truenote.com\/en\/wp-json\/wp\/v2\/users\/1"}],"replies":[{"embeddable":true,"href":"https:\/\/1truenote.com\/en\/wp-json\/wp\/v2\/comments?post=1647"}],"version-history":[{"count":0,"href":"https:\/\/1truenote.com\/en\/wp-json\/wp\/v2\/posts\/1647\/revisions"}],"wp:featuredmedia":[{"embeddable":true,"href":"https:\/\/1truenote.com\/en\/wp-json\/wp\/v2\/media\/1648"}],"wp:attachment":[{"href":"https:\/\/1truenote.com\/en\/wp-json\/wp\/v2\/media?parent=1647"}],"wp:term":[{"taxonomy":"category","embeddable":true,"href":"https:\/\/1truenote.com\/en\/wp-json\/wp\/v2\/categories?post=1647"},{"taxonomy":"post_tag","embeddable":true,"href":"https:\/\/1truenote.com\/en\/wp-json\/wp\/v2\/tags?post=1647"}],"curies":[{"name":"wp","href":"https:\/\/api.w.org\/{rel}","templated":true}]}}