{"id":1590,"date":"2025-05-09T20:31:26","date_gmt":"2025-05-09T17:31:26","guid":{"rendered":"https:\/\/1truenote.com\/?p=1590"},"modified":"2025-05-19T21:02:48","modified_gmt":"2025-05-19T18:02:48","slug":"decoracao-quarto-solteiro-moderno","status":"publish","type":"post","link":"https:\/\/1truenote.com\/en\/decoracao-quarto-solteiro-moderno\/","title":{"rendered":"QUARTO DE SOLTEIRO: Estilo e funcionalidade em espa\u00e7os compactos"},"content":{"rendered":"<p>Transformar um quarto de solteiro em um ambiente moderno e funcional \u00e9 totalmente poss\u00edvel com escolhas inteligentes de m\u00f3veis e decora\u00e7\u00e3o.<\/p>\n\n\n\n<p>Apresentaremos sugest\u00f5es pr\u00e1ticas para otimizar o espa\u00e7o e adicionar estilo ao seu quarto, com links diretos para produtos dispon\u00edveis na Amazon.<\/p>\n\n\n\n<p>Nossa curadoria selecionou pe\u00e7as modernas e funcionais dispon\u00edveis na Amazon que v\u00e3o transformar seu quarto de solteiro em um verdadeiro o\u00e1sis de tranquilidade, todos inspirados na imagem que voc\u00ea v\u00ea.<\/p>\n\n\n\n<p class=\"has-text-align-center\"><strong>Voc\u00ea pode ver os produtos da imagem do decorado e comprar o produto de sua escolha nos links abaixo Amazon.<\/strong><\/p>\n\n\n\n<hr class=\"wp-block-separator has-alpha-channel-opacity\"\/>\n\n\n\n<p class=\"has-text-align-center\"><strong>DECORADO \u2013 QUARTO DE SOLTEIRO<\/strong><\/p>\n\n\n\n<figure class=\"wp-block-image size-full\"><img data-recalc-dims=\"1\" fetchpriority=\"high\" decoding=\"async\" width=\"1024\" height=\"1024\" src=\"https:\/\/i0.wp.com\/1truenote.com\/wp-content\/uploads\/2025\/05\/ChatGPT-Image-9-de-mai.-de-2025-13_18_51.png?resize=1024%2C1024&#038;ssl=1\" alt=\"Quarto de solteiro\" class=\"wp-image-1591\" srcset=\"https:\/\/i0.wp.com\/1truenote.com\/wp-content\/uploads\/2025\/05\/ChatGPT-Image-9-de-mai.-de-2025-13_18_51.png?w=1024&amp;ssl=1 1024w, https:\/\/i0.wp.com\/1truenote.com\/wp-content\/uploads\/2025\/05\/ChatGPT-Image-9-de-mai.-de-2025-13_18_51.png?resize=300%2C300&amp;ssl=1 300w, https:\/\/i0.wp.com\/1truenote.com\/wp-content\/uploads\/2025\/05\/ChatGPT-Image-9-de-mai.-de-2025-13_18_51.png?resize=150%2C150&amp;ssl=1 150w, https:\/\/i0.wp.com\/1truenote.com\/wp-content\/uploads\/2025\/05\/ChatGPT-Image-9-de-mai.-de-2025-13_18_51.png?resize=768%2C768&amp;ssl=1 768w\" sizes=\"(max-width: 1024px) 100vw, 1024px\" \/><\/figure>\n\n\n\n<hr class=\"wp-block-separator has-alpha-channel-opacity\"\/>\n\n\n\n<h2 id='1-cama-de-solteiro-moderna'  class=\"wp-block-heading\"><strong>1. Cama de Solteiro Moderna<\/strong><\/h2>\n\n\n\n<p>Uma <strong><a href=\"https:\/\/amzn.to\/3RX8VTm\" data-type=\"link\" data-id=\"https:\/\/amzn.to\/3RX8VTm\" target=\"_blank\" rel=\"noopener\">cama de solteiro<\/a><\/strong> com design contempor\u00e2neo \u00e9 essencial para um quarto moderno. Opte por modelos com estrutura robusta e acabamento em cores neutras para facilitar a combina\u00e7\u00e3o com outros elementos decorativos. Produto Amazon Prime.<br>(Voc\u00ea pode ver outro modelo internacional e mais barato no link mais abaixo)<\/p>\n\n\n    <div class=\"hostinger-affiliate-block-single-type\">\n                    <div class=\"hostinger-affiliate-block-single-type__image\">\n                <a href=\"https:\/\/www.amazon.com.br\/dp\/B0DGL411YB?tag=joaopedro047-20\" target=\"_blank\" rel=\"nofollow noopener noreferrer\">\n                    <img decoding=\"async\" src=\"https:\/\/m.media-amazon.com\/images\/I\/41tDFNC9XcL.jpg\" alt=\"Viisari Moldura de cama de solteiro de madeira de bambu, sem nece...\">\n                <\/a>\n            <\/div>\n                    <div class=\"hostinger-affiliate-block-single-type__product-data\">\n            <div class=\"hostinger-affiliate-block-single-type__product-title\">\n                <a href=\"https:\/\/www.amazon.com.br\/dp\/B0DGL411YB?tag=joaopedro047-20\" target=\"_blank\" rel=\"nofollow noopener noreferrer\">\n                    <h3 id='viisari-moldura-de-cama-de-solteiro-de-madeira-de-bambu-sem-nece'>\n                        Viisari Moldura de cama de solteiro de madeira de bambu, sem nece&#8230;                    <\/h3>\n                <\/a>\n            <\/div>\n                            <div class=\"hostinger-affiliate-block-single-type__product-description\">\n                            <ul>\n                                <li>Resistente e dur\u00e1vel: estrutura de cama de solteiro de bambu usando bambu s\u00f3lido natural, garantindo sua estabilidade e &#8230;<\/li>\n                                        <li>Material natural: A estrutura de cama de bambu \u00e9 feita de bambu ecol\u00f3gico e de alta qualidade, garantindo uma escolha su&#8230;<\/li>\n                                        <li>Design de canto arredondado: A estrutura de cama de bambu com seus cantos arredondados n\u00e3o apenas adiciona um toque de e&#8230;<\/li>\n                            <\/ul>\n                        <\/div>\n                            <div class=\"hostinger-affiliate-block-single-type__product-actions\">\n                                <div class=\"hostinger-affiliate-block-single-type__product-button-wrap\">\n                    <a href=\"https:\/\/www.amazon.com.br\/dp\/B0DGL411YB?tag=joaopedro047-20\" class=\"hostinger-affiliate-block-single-type__product-amazon-button\" target=\"_blank\" rel=\"nofollow noopener noreferrer\">\n    Buy on Amazon<\/a>\n                <\/div>\n\n            <\/div>\n        <\/div>\n    <\/div>\n    \n\n\n<p>\ud83d\udd17 <a href=\"https:\/\/amzn.to\/4iRYs6v\" data-type=\"link\" data-id=\"https:\/\/amzn.to\/4iRYs6v\" target=\"_blank\" rel=\"noopener\">Cama de Solteiro Moderna ZIYOO<\/a><a href=\"https:\/\/amzn.to\/4iRYs6v\" data-type=\"link\" data-id=\"https:\/\/amzn.to\/4iRYs6v\" target=\"_blank\" rel=\"noopener\"> <\/a>&#8211; Amazon (prime)<\/p>\n\n\n\n<hr class=\"wp-block-separator has-alpha-channel-opacity\"\/>\n\n\n\n<h2 id='2-escrivaninha-compacta-de-madeira'  class=\"wp-block-heading\"><strong>2. Escrivaninha Compacta de Madeira<\/strong><\/h2>\n\n\n\n<p>Para quem precisa de um espa\u00e7o de trabalho ou estudo, uma <strong><a href=\"https:\/\/amzn.to\/3YCd0Ab\" data-type=\"link\" data-id=\"https:\/\/amzn.to\/3YCd0Ab\" target=\"_blank\" rel=\"noopener\">escrivaninha compacta<\/a><\/strong> de madeira \u00e9 ideal. Ela oferece funcionalidade sem ocupar muito espa\u00e7o, al\u00e9m de adicionar um toque de eleg\u00e2ncia ao ambiente.<br>(Voc\u00ea pode ver outro modelo com cupom e mais barato no link mais abaixo)<\/p>\n\n\n    <div class=\"hostinger-affiliate-block-single-type\">\n                    <div class=\"hostinger-affiliate-block-single-type__image\">\n                <a href=\"https:\/\/www.amazon.com.br\/dp\/B07XLV7P6P?tag=joaopedro047-20\" target=\"_blank\" rel=\"nofollow noopener noreferrer\">\n                    <img decoding=\"async\" src=\"https:\/\/m.media-amazon.com\/images\/I\/41j0yrnXIEL.jpg\" alt=\"Mesa Madesa Retangular para Escrit\u00f3rio com Tampo de Madeira 5319\">\n                <\/a>\n            <\/div>\n                    <div class=\"hostinger-affiliate-block-single-type__product-data\">\n            <div class=\"hostinger-affiliate-block-single-type__product-title\">\n                <a href=\"https:\/\/www.amazon.com.br\/dp\/B07XLV7P6P?tag=joaopedro047-20\" target=\"_blank\" rel=\"nofollow noopener noreferrer\">\n                    <h3 id='mesa-madesa-retangular-para-escrit\u00f3rio-com-tampo-de-madeira-5319'>\n                        Mesa Madesa Retangular para Escrit\u00f3rio com Tampo de Madeira 5319                    <\/h3>\n                <\/a>\n            <\/div>\n                            <div class=\"hostinger-affiliate-block-single-type__product-description\">\n                            <ul>\n                                <li>Altura: 77 cm Largura: 120 cm Profundidade: 60 cm<\/li>\n                                        <li>Material: MDP<\/li>\n                                        <li>Acabamento em Pintura Poli\u00e9ster de alta resist\u00eancia<\/li>\n                            <\/ul>\n                        <\/div>\n                            <div class=\"hostinger-affiliate-block-single-type__product-actions\">\n                                    <div class=\"hostinger-affiliate-block-single-type__product-price\">\n                        R$254,99                    <\/div>\n                                    <div class=\"hostinger-affiliate-block-single-type__product-button-wrap\">\n                    <a href=\"https:\/\/www.amazon.com.br\/dp\/B07XLV7P6P?tag=joaopedro047-20\" class=\"hostinger-affiliate-block-single-type__product-amazon-button\" target=\"_blank\" rel=\"nofollow noopener noreferrer\">\n    Buy on Amazon<\/a>\n                <\/div>\n\n            <\/div>\n        <\/div>\n    <\/div>\n    \n\n\n<p>\ud83d\udd17 <a href=\"https:\/\/amzn.to\/3YCd0Ab\" data-type=\"link\" data-id=\"https:\/\/amzn.to\/3YCd0Ab\" target=\"_blank\" rel=\"noopener\">Escrivaninha Madeira E-NOVA<\/a><a href=\"https:\/\/amzn.to\/3YCd0Ab\" data-type=\"link\" data-id=\"https:\/\/amzn.to\/3YCd0Ab\" target=\"_blank\" rel=\"noopener\"> <\/a>&#8211; Amazon (modelo mais barato com cupom de desconto)<\/p>\n\n\n\n<hr class=\"wp-block-separator has-alpha-channel-opacity\"\/>\n\n\n\n<h2 id='3-guarda-roupa-de-solteiro-com-espelho'  class=\"wp-block-heading\"><strong>3. Guarda-Roupa de Solteiro com Espelho<\/strong><\/h2>\n\n\n\n<p>Um <strong><a href=\"https:\/\/amzn.to\/3GGX2yC\" data-type=\"link\" data-id=\"https:\/\/amzn.to\/3GGX2yC\" target=\"_blank\" rel=\"noopener\">guarda-roupa com espelho<\/a><\/strong> integrado ajuda a ampliar visualmente o espa\u00e7o e oferece praticidade no dia a dia. Escolha modelos com portas de correr para economizar espa\u00e7o.<br>Produto com cupom de desconto.<\/p>\n\n\n    <div class=\"hostinger-affiliate-block-single-type\">\n                    <div class=\"hostinger-affiliate-block-single-type__image\">\n                <a href=\"https:\/\/www.amazon.com.br\/dp\/B09XVM1SJL?tag=joaopedro047-20\" target=\"_blank\" rel=\"nofollow noopener noreferrer\">\n                    <img decoding=\"async\" src=\"https:\/\/m.media-amazon.com\/images\/I\/51zPSgC1FIL.jpg\" alt=\"Guarda-roupa Solteiro Madesa Luke 2 Portas de Correr de Espelho -...\">\n                <\/a>\n            <\/div>\n                    <div class=\"hostinger-affiliate-block-single-type__product-data\">\n            <div class=\"hostinger-affiliate-block-single-type__product-title\">\n                <a href=\"https:\/\/www.amazon.com.br\/dp\/B09XVM1SJL?tag=joaopedro047-20\" target=\"_blank\" rel=\"nofollow noopener noreferrer\">\n                    <h3 id='guarda-roupa-solteiro-madesa-luke-2-portas-de-correr-de-espelho'>\n                        Guarda-roupa Solteiro Madesa Luke 2 Portas de Correr de Espelho -&#8230;                    <\/h3>\n                <\/a>\n            <\/div>\n                            <div class=\"hostinger-affiliate-block-single-type__product-description\">\n                            <ul>\n                                <li>Design moderno de guarda-roupa e arm\u00e1rio multiuso: O Guarda-roupa Luke da Madesa apresenta uma combina\u00e7\u00e3o perfeita de de&#8230;<\/li>\n                                        <li>USOS: Ideal para quem busca eleg\u00e2ncia e funcionalidade, oferecendo amplo espa\u00e7o de armazenamento para roupas, cal\u00e7ados, &#8230;<\/li>\n                                        <li>CARACTER\u00cdSTICAS: O guarda-roupa oferece solu\u00e7\u00f5es de armazenamento extensivas, com duas gavetas espa\u00e7osas, sendo que uma &#8230;<\/li>\n                            <\/ul>\n                        <\/div>\n                            <div class=\"hostinger-affiliate-block-single-type__product-actions\">\n                                    <div class=\"hostinger-affiliate-block-single-type__product-price\">\n                        R$934,99                    <\/div>\n                                    <div class=\"hostinger-affiliate-block-single-type__product-button-wrap\">\n                    <a href=\"https:\/\/www.amazon.com.br\/dp\/B09XVM1SJL?tag=joaopedro047-20\" class=\"hostinger-affiliate-block-single-type__product-amazon-button\" target=\"_blank\" rel=\"nofollow noopener noreferrer\">\n    Buy on Amazon<\/a>\n                <\/div>\n\n            <\/div>\n        <\/div>\n    <\/div>\n    \n\n\n<p>\ud83d\udd17 <a href=\"https:\/\/amzn.to\/3GGX2yC\" data-type=\"link\" data-id=\"https:\/\/amzn.to\/3GGX2yC\" target=\"_blank\" rel=\"noopener\">Guarda-Roupa de Solteiro MADESA &#8211; Amazon<\/a> (cupom de desconto)<\/p>\n\n\n\n<hr class=\"wp-block-separator has-alpha-channel-opacity\"\/>\n\n\n\n<h2 id='4-conjunto-de-3-prateleiras-flutuantes-premium'  class=\"wp-block-heading\"><strong>4. Conjunto de 3 Prateleiras Flutuantes Premium<\/strong><\/h2>\n\n\n\n<p>As <strong><a href=\"https:\/\/amzn.to\/3F2Y9YK\" data-type=\"link\" data-id=\"https:\/\/amzn.to\/3F2Y9YK\" target=\"_blank\" rel=\"noopener\">prateleiras flutuantes<\/a><\/strong> s\u00e3o \u00f3timas para organizar livros, objetos decorativos e itens pessoais, al\u00e9m de contribu\u00edrem para a est\u00e9tica do quarto.<br>Produto Amazon Prime.<\/p>\n\n\n    <div class=\"hostinger-affiliate-block-single-type\">\n                    <div class=\"hostinger-affiliate-block-single-type__image\">\n                <a href=\"https:\/\/www.amazon.com.br\/dp\/B073V77PK6?tag=joaopedro047-20\" target=\"_blank\" rel=\"nofollow noopener noreferrer\">\n                    <img decoding=\"async\" src=\"https:\/\/m.media-amazon.com\/images\/I\/41l+ijqHgCL.jpg\" alt=\"Greenco Conjunto de 3 prateleiras flutuantes em U, acabamento nat...\">\n                <\/a>\n            <\/div>\n                    <div class=\"hostinger-affiliate-block-single-type__product-data\">\n            <div class=\"hostinger-affiliate-block-single-type__product-title\">\n                <a href=\"https:\/\/www.amazon.com.br\/dp\/B073V77PK6?tag=joaopedro047-20\" target=\"_blank\" rel=\"nofollow noopener noreferrer\">\n                    <h3 id='greenco-conjunto-de-3-prateleiras-flutuantes-em-u-acabamento-nat'>\n                        Greenco Conjunto de 3 prateleiras flutuantes em U, acabamento nat&#8230;                    <\/h3>\n                <\/a>\n            <\/div>\n                            <div class=\"hostinger-affiliate-block-single-type__product-description\">\n                            <ul>\n                                <li>Conjunto de 3 prateleiras de tamanho feito de laminado MDF dur\u00e1vel.<\/li>\n                                        <li>Lindo acabamento natural que combina com quase qualquer decora\u00e7\u00e3o.<\/li>\n                                        <li>F\u00e1cil de montar com todas as ferragens necess\u00e1rias inclu\u00eddas.<\/li>\n                            <\/ul>\n                        <\/div>\n                            <div class=\"hostinger-affiliate-block-single-type__product-actions\">\n                                    <div class=\"hostinger-affiliate-block-single-type__product-price\">\n                        R$124,05                    <\/div>\n                                    <div class=\"hostinger-affiliate-block-single-type__product-button-wrap\">\n                    <a href=\"https:\/\/www.amazon.com.br\/dp\/B073V77PK6?tag=joaopedro047-20\" class=\"hostinger-affiliate-block-single-type__product-amazon-button\" target=\"_blank\" rel=\"nofollow noopener noreferrer\">\n    Buy on Amazon<\/a>\n                <\/div>\n\n            <\/div>\n        <\/div>\n    <\/div>\n    \n\n\n<p>\ud83d\udd17 <a href=\"https:\/\/amzn.to\/3F2Y9YK\" data-type=\"link\" data-id=\"https:\/\/amzn.to\/3F2Y9YK\" target=\"_blank\" rel=\"noopener\">Prateleiras Flutuantes &#8211; Amazon<\/a> (prime)<\/p>\n\n\n\n<hr class=\"wp-block-separator has-alpha-channel-opacity\"\/>\n\n\n\n<h2 id='5-lumin\u00e1ria-de-cabeceira-moderna'  class=\"wp-block-heading\"><strong>5. Lumin\u00e1ria de Cabeceira Moderna<\/strong><\/h2>\n\n\n\n<p>Uma <strong><a href=\"https:\/\/amzn.to\/3Z5Y9y0\" data-type=\"link\" data-id=\"https:\/\/amzn.to\/3Z5Y9y0\" target=\"_blank\" rel=\"noopener\">lumin\u00e1ria de cabeceira<\/a><\/strong> com design moderno proporciona ilumina\u00e7\u00e3o adequada para leitura e cria um ambiente aconchegante.<br>Produto Amazon Prime.<br>(Voc\u00ea pode ver outro modelo Amazon Prime mais parecido com o decorado no link mais abaixo)<\/p>\n\n\n    <div class=\"hostinger-affiliate-block-single-type\">\n                    <div class=\"hostinger-affiliate-block-single-type__image\">\n                <a href=\"https:\/\/www.amazon.com.br\/dp\/B0C5YT15VQ?tag=joaopedro047-20\" target=\"_blank\" rel=\"nofollow noopener noreferrer\">\n                    <img decoding=\"async\" src=\"https:\/\/m.media-amazon.com\/images\/I\/31zGLhxeG7L.jpg\" alt=\"Lumin\u00e1ria Articulada De Mesa Sala Quarto - Abajur Tipo Pixar Com ...\">\n                <\/a>\n            <\/div>\n                    <div class=\"hostinger-affiliate-block-single-type__product-data\">\n            <div class=\"hostinger-affiliate-block-single-type__product-title\">\n                <a href=\"https:\/\/www.amazon.com.br\/dp\/B0C5YT15VQ?tag=joaopedro047-20\" target=\"_blank\" rel=\"nofollow noopener noreferrer\">\n                    <h3 id='lumin\u00e1ria-articulada-de-mesa-sala-quarto-abajur-tipo-pixar-com'>\n                        Lumin\u00e1ria Articulada De Mesa Sala Quarto &#8211; Abajur Tipo Pixar Com &#8230;                    <\/h3>\n                <\/a>\n            <\/div>\n                            <div class=\"hostinger-affiliate-block-single-type__product-description\">\n                            <ul>\n                                <li>L\u00e2mpada Led Bivolt Inclusa<\/li>\n                                        <li>Abajur BiVolt (funciona no 110v e 220v)<\/li>\n                                        <li>Possue interruptor no cabo de alimenta\u00e7\u00e3o<\/li>\n                            <\/ul>\n                        <\/div>\n                            <div class=\"hostinger-affiliate-block-single-type__product-actions\">\n                                    <div class=\"hostinger-affiliate-block-single-type__product-price\">\n                        R$64,89                    <\/div>\n                                    <div class=\"hostinger-affiliate-block-single-type__product-button-wrap\">\n                    <a href=\"https:\/\/www.amazon.com.br\/dp\/B0C5YT15VQ?tag=joaopedro047-20\" class=\"hostinger-affiliate-block-single-type__product-amazon-button\" target=\"_blank\" rel=\"nofollow noopener noreferrer\">\n    Buy on Amazon<\/a>\n                <\/div>\n\n            <\/div>\n        <\/div>\n    <\/div>\n    \n\n\n<p>\ud83d\udd17 <a href=\"https:\/\/amzn.to\/3Z5Y9y0\" data-type=\"link\" data-id=\"https:\/\/amzn.to\/3Z5Y9y0\" target=\"_blank\" rel=\"noopener\">Lumin\u00e1ria de Cabeceira PIXAR &#8211; Amazon<\/a> (prime)<\/p>\n\n\n\n<hr class=\"wp-block-separator has-alpha-channel-opacity\"\/>\n\n\n\n<h2 id='6-tapete-cinza-antiderrapante'  class=\"wp-block-heading\"><strong>6. Tapete Cinza Antiderrapante<\/strong><\/h2>\n\n\n\n<p>Um <strong><a href=\"https:\/\/amzn.to\/3GMukwc\" data-type=\"link\" data-id=\"https:\/\/amzn.to\/3GMukwc\" target=\"_blank\" rel=\"noopener\">tapete cinza antiderrapante<\/a><\/strong> adiciona conforto e seguran\u00e7a ao quarto, al\u00e9m de complementar a paleta de cores neutras.<br>Produto Amazon Prime.<br>Esse modelo \u00e9 recomendado pela pr\u00f3pria Amazon! #AmazonRecomenda<\/p>\n\n\n    <div class=\"hostinger-affiliate-block-single-type\">\n                    <div class=\"hostinger-affiliate-block-single-type__image\">\n                <a href=\"https:\/\/www.amazon.com.br\/dp\/B0D6STFFG4?tag=joaopedro047-20\" target=\"_blank\" rel=\"nofollow noopener noreferrer\">\n                    <img decoding=\"async\" src=\"https:\/\/m.media-amazon.com\/images\/I\/610+3YFE4PL.jpg\" alt=\"Tapete Sala Antiderrapante 2,00m x 1,40m Emborrachado Mescla Cinz...\">\n                <\/a>\n            <\/div>\n                    <div class=\"hostinger-affiliate-block-single-type__product-data\">\n            <div class=\"hostinger-affiliate-block-single-type__product-title\">\n                <a href=\"https:\/\/www.amazon.com.br\/dp\/B0D6STFFG4?tag=joaopedro047-20\" target=\"_blank\" rel=\"nofollow noopener noreferrer\">\n                    <h3 id='tapete-sala-antiderrapante-2-00m-x-1-40m-emborrachado-mescla-cinz'>\n                        Tapete Sala Antiderrapante 2,00m x 1,40m Emborrachado Mescla Cinz&#8230;                    <\/h3>\n                <\/a>\n            <\/div>\n                            <div class=\"hostinger-affiliate-block-single-type__product-description\">\n                            <ul>\n                                <li>Design Luxuoso: Tapete em mescla de cinza e cru com efeito estonado, ideal para conferir um toque sofisticado e r\u00fastico &#8230;<\/li>\n                                        <li>Composi\u00e7\u00e3o: Feito com 70% algod\u00e3o e 30% poli\u00e9ster, garantindo maciez, resist\u00eancia e durabilidade, al\u00e9m de uma textura ag&#8230;<\/li>\n                                        <li>Base Antiderrapante: estabilidade assegurada com a base emborrachada, evitando escorreg\u00f5es e mantendo o tapete no lugar.<\/li>\n                            <\/ul>\n                        <\/div>\n                            <div class=\"hostinger-affiliate-block-single-type__product-actions\">\n                                <div class=\"hostinger-affiliate-block-single-type__product-button-wrap\">\n                    <a href=\"https:\/\/www.amazon.com.br\/dp\/B0D6STFFG4?tag=joaopedro047-20\" class=\"hostinger-affiliate-block-single-type__product-amazon-button\" target=\"_blank\" rel=\"nofollow noopener noreferrer\">\n    Buy on Amazon<\/a>\n                <\/div>\n\n            <\/div>\n        <\/div>\n    <\/div>\n    \n\n\n<p>\ud83d\udd17 <a href=\"https:\/\/amzn.to\/3GMukwc\" data-type=\"link\" data-id=\"https:\/\/amzn.to\/3GMukwc\" target=\"_blank\" rel=\"noopener\">Tapete Cinza Antiderrapante &#8211; Amazon<\/a> (prime e Amazon recomenda)<\/p>\n\n\n\n<hr class=\"wp-block-separator has-alpha-channel-opacity\"\/>\n\n\n\n<h2 id='7-quadros-decorativos-minimalistas'  class=\"wp-block-heading\"><strong>7. Quadros Decorativos Minimalistas<\/strong><\/h2>\n\n\n\n<p><strong><a href=\"https:\/\/amzn.to\/42SUXs1\" data-type=\"link\" data-id=\"https:\/\/amzn.to\/42SUXs1\" target=\"_blank\" rel=\"noopener\">Quadros<\/a><\/strong> com arte minimalista trazem personalidade ao quarto sem sobrecarregar a decora\u00e7\u00e3o. Eles s\u00e3o perfeitos para adicionar um toque art\u00edstico ao ambiente.<br>Produto Amazon Prime.<\/p>\n\n\n    <div class=\"hostinger-affiliate-block-single-type\">\n                    <div class=\"hostinger-affiliate-block-single-type__image\">\n                <a href=\"https:\/\/www.amazon.com.br\/dp\/B082JFPJSR?tag=joaopedro047-20\" target=\"_blank\" rel=\"nofollow noopener noreferrer\">\n                    <img decoding=\"async\" src=\"https:\/\/m.media-amazon.com\/images\/I\/31-ScEn0f8L.jpg\" alt=\"Quadro Arte Moderna E.T Na Bike Moldura Preta\">\n                <\/a>\n            <\/div>\n                    <div class=\"hostinger-affiliate-block-single-type__product-data\">\n            <div class=\"hostinger-affiliate-block-single-type__product-title\">\n                <a href=\"https:\/\/www.amazon.com.br\/dp\/B082JFPJSR?tag=joaopedro047-20\" target=\"_blank\" rel=\"nofollow noopener noreferrer\">\n                    <h3 id='quadro-arte-moderna-e-t-na-bike-moldura-preta'>\n                        Quadro Arte Moderna E.T Na Bike Moldura Preta                    <\/h3>\n                <\/a>\n            <\/div>\n                            <div class=\"hostinger-affiliate-block-single-type__product-description\">\n                            <ul>\n                                <li>Um dos filmes mais nost\u00e1lgicos de todos os tempos agora na sua Casa. E.T Phone Home<\/li>\n                                        <li>Composi\u00e7\u00e3o em madeira, papel e resina acr\u00edlica<\/li>\n                                        <li>Dimens\u00f5es: 44 x 34 x 1 cm<\/li>\n                            <\/ul>\n                        <\/div>\n                            <div class=\"hostinger-affiliate-block-single-type__product-actions\">\n                                    <div class=\"hostinger-affiliate-block-single-type__product-price\">\n                        R$39,21                    <\/div>\n                                    <div class=\"hostinger-affiliate-block-single-type__product-button-wrap\">\n                    <a href=\"https:\/\/www.amazon.com.br\/dp\/B082JFPJSR?tag=joaopedro047-20\" class=\"hostinger-affiliate-block-single-type__product-amazon-button\" target=\"_blank\" rel=\"nofollow noopener noreferrer\">\n    Buy on Amazon<\/a>\n                <\/div>\n\n            <\/div>\n        <\/div>\n    <\/div>\n    \n\n\n<p>\ud83d\udd17 <a href=\"https:\/\/amzn.to\/42SUXs1\" data-type=\"link\" data-id=\"https:\/\/amzn.to\/42SUXs1\" target=\"_blank\" rel=\"noopener\">Quadro Decorativo Minimalista ET &#8211; Amazon<\/a> (prime)<\/p>\n\n\n\n<hr class=\"wp-block-separator has-alpha-channel-opacity\"\/>\n\n\n\n<h2 id='8-plantas-artificiais-pequenas'  class=\"wp-block-heading\"><strong>8. Plantas Artificiais Pequenas<\/strong><\/h2>\n\n\n\n<p><strong><a href=\"https:\/\/amzn.to\/3RZkd9E\" data-type=\"link\" data-id=\"https:\/\/amzn.to\/3RZkd9E\" target=\"_blank\" rel=\"noopener\">Plantas artificiais pequenas<\/a><\/strong> s\u00e3o uma excelente op\u00e7\u00e3o para adicionar um toque de natureza ao quarto sem a necessidade de manuten\u00e7\u00e3o constante. Conjunto com 6 vasinhos para decora\u00e7\u00e3o.<\/p>\n\n\n    <div class=\"hostinger-affiliate-block-single-type\">\n                    <div class=\"hostinger-affiliate-block-single-type__image\">\n                <a href=\"https:\/\/www.amazon.com.br\/dp\/B0DHJQ6PHH?tag=joaopedro047-20\" target=\"_blank\" rel=\"nofollow noopener noreferrer\">\n                    <img decoding=\"async\" src=\"https:\/\/m.media-amazon.com\/images\/I\/418-18SgUQL.jpg\" alt=\"Conjunto com 6 Vasos de Cer\u00e2mica e Mini Suculentas Artificiais - ...\">\n                <\/a>\n            <\/div>\n                    <div class=\"hostinger-affiliate-block-single-type__product-data\">\n            <div class=\"hostinger-affiliate-block-single-type__product-title\">\n                <a href=\"https:\/\/www.amazon.com.br\/dp\/B0DHJQ6PHH?tag=joaopedro047-20\" target=\"_blank\" rel=\"nofollow noopener noreferrer\">\n                    <h3 id='conjunto-com-6-vasos-de-cer\u00e2mica-e-mini-suculentas-artificiais'>\n                        Conjunto com 6 Vasos de Cer\u00e2mica e Mini Suculentas Artificiais &#8211; &#8230;                    <\/h3>\n                <\/a>\n            <\/div>\n                            <div class=\"hostinger-affiliate-block-single-type__product-description\">\n                            <ul>\n                                <li>Decora\u00e7\u00e3o vers\u00e1til, Ambientes internos, Ambientes externos, Toque natural, Charme<\/li>\n                                        <li>Variedade de tamanhos, Variedade de esp\u00e9cies, Decora\u00e7\u00e3o personalizada<\/li>\n                                        <li>Variedade de tamanhos, Variedade de esp\u00e9cies, Decora\u00e7\u00e3o personalizada<\/li>\n                            <\/ul>\n                        <\/div>\n                            <div class=\"hostinger-affiliate-block-single-type__product-actions\">\n                                    <div class=\"hostinger-affiliate-block-single-type__product-price\">\n                        R$69,99                    <\/div>\n                                    <div class=\"hostinger-affiliate-block-single-type__product-button-wrap\">\n                    <a href=\"https:\/\/www.amazon.com.br\/dp\/B0DHJQ6PHH?tag=joaopedro047-20\" class=\"hostinger-affiliate-block-single-type__product-amazon-button\" target=\"_blank\" rel=\"nofollow noopener noreferrer\">\n    Buy on Amazon<\/a>\n                <\/div>\n\n            <\/div>\n        <\/div>\n    <\/div>\n    \n\n\n<p>\ud83d\udd17 <a href=\"https:\/\/amzn.to\/3RZkd9E\" data-type=\"link\" data-id=\"https:\/\/amzn.to\/3RZkd9E\" target=\"_blank\" rel=\"noopener\">Kit de Plantas Artificiais Pequenas &#8211; Amazon<\/a> (kit com 6)<\/p>\n\n\n\n<h2 id='9-cabeceira-de-cama-com-gaveta'  class=\"wp-block-heading\"><strong>9. Cabeceira de Cama com Gaveta<\/strong><\/h2>\n\n\n\n<p>Com design retr\u00f4 e funcionalidade, esta <strong><a href=\"https:\/\/amzn.to\/436oTj5\" data-type=\"link\" data-id=\"https:\/\/amzn.to\/436oTj5\" target=\"_blank\" rel=\"noopener\">mesa de cabeceira<\/a><\/strong> (kit com 2) oferece espa\u00e7o para armazenamento e um toque de charme ao ambiente.<br>Produto Amazon Prime.<br>Esse modelo \u00e9 recomendado pela pr\u00f3pria Amazon! #AmazonRecomenda<\/p>\n\n\n    <div class=\"hostinger-affiliate-block-single-type\">\n                    <div class=\"hostinger-affiliate-block-single-type__image\">\n                <a href=\"https:\/\/www.amazon.com.br\/dp\/B0BZTFY65W?tag=joaopedro047-20\" target=\"_blank\" rel=\"nofollow noopener noreferrer\">\n                    <img decoding=\"async\" src=\"https:\/\/m.media-amazon.com\/images\/I\/41tQAIobcRL.jpg\" alt=\"FabriMoveis Mesa de Cabeceira Retr\u00f4 Compacta 1 Gaveta 1 Nicho Cha...\">\n                <\/a>\n            <\/div>\n                    <div class=\"hostinger-affiliate-block-single-type__product-data\">\n            <div class=\"hostinger-affiliate-block-single-type__product-title\">\n                <a href=\"https:\/\/www.amazon.com.br\/dp\/B0BZTFY65W?tag=joaopedro047-20\" target=\"_blank\" rel=\"nofollow noopener noreferrer\">\n                    <h3 id='fabrimoveis-mesa-de-cabeceira-retr\u00f4-compacta-1-gaveta-1-nicho-cha'>\n                        FabriMoveis Mesa de Cabeceira Retr\u00f4 Compacta 1 Gaveta 1 Nicho Cha&#8230;                    <\/h3>\n                <\/a>\n            <\/div>\n                            <div class=\"hostinger-affiliate-block-single-type__product-description\">\n                            <ul>\n                                <li>Dimens\u00f5es do produto montado: Altura: 57cm, Largura: 45cm e Profundidade: 35cm.<\/li>\n                                        <li>Estilo: Design retr\u00f4 com laterais em curvatura C, promovendo mais charme e organiza\u00e7\u00e3o em seu dormit\u00f3rio.<\/li>\n                                        <li>Armazenamento: Com 1 gaveta e 1 nicho, voc\u00ea poder\u00e1 guardar livros, medicamentos, \u00f3culos e outros itens essenciais para t&#8230;<\/li>\n                            <\/ul>\n                        <\/div>\n                            <div class=\"hostinger-affiliate-block-single-type__product-actions\">\n                                    <div class=\"hostinger-affiliate-block-single-type__product-price\">\n                        R$289,90                    <\/div>\n                                    <div class=\"hostinger-affiliate-block-single-type__product-button-wrap\">\n                    <a href=\"https:\/\/www.amazon.com.br\/dp\/B0BZTFY65W?tag=joaopedro047-20\" class=\"hostinger-affiliate-block-single-type__product-amazon-button\" target=\"_blank\" rel=\"nofollow noopener noreferrer\">\n    Buy on Amazon<\/a>\n                <\/div>\n\n            <\/div>\n        <\/div>\n    <\/div>\n    \n\n\n<p>\ud83d\udd17 <a href=\"https:\/\/amzn.to\/436oTj5\" data-type=\"link\" data-id=\"https:\/\/amzn.to\/436oTj5\" target=\"_blank\" rel=\"noopener\">Cabeceira Cl\u00e1ssica Madeira UNGROL (Kit com 2) &#8211; Amazon<\/a> (prime &#8211; kit especial com 2)<\/p>\n\n\n\n<hr class=\"wp-block-separator has-alpha-channel-opacity\"\/>\n\n\n\n<h2 id='seu-quarto-seu-estilo'  class=\"wp-block-heading\"><strong>Seu Quarto, Seu Estilo<\/strong><\/h2>\n\n\n\n<p>Com as escolhas certas de m\u00f3veis e decora\u00e7\u00e3o, \u00e9 poss\u00edvel transformar um quarto de solteiro em um espa\u00e7o moderno, funcional e acolhedor. Aproveite as sugest\u00f5es acima para criar um ambiente que reflita sua personalidade e atenda \u00e0s suas necessidades di\u00e1rias.<\/p>\n\n\n\n<p>Seu quarto pode ficar incr\u00edvel, no seu estilo, com pe\u00e7as modernas e pr\u00e1ticas que oferecemos aqui na nossa curadoria. Um decorado incr\u00edvel para voc\u00ea. Aproveite, n\u00e3o perca tempo.<\/p>\n\n\n\n<p>Voc\u00ea pode ver mais <a href=\"https:\/\/1truenote.com\/en\/category\/e-commerce\/\" data-type=\"link\" data-id=\"https:\/\/1truenote.com\/category\/e-commerce\/\">aqui<\/a>.<\/p>","protected":false},"excerpt":{"rendered":"<p>Transformar um quarto de solteiro em um ambiente moderno e funcional \u00e9 totalmente poss\u00edvel com escolhas inteligentes de m\u00f3veis e&#8230;<\/p>","protected":false},"author":1,"featured_media":1591,"comment_status":"open","ping_status":"open","sticky":false,"template":"","format":"standard","meta":{"_kad_post_transparent":"","_kad_post_title":"","_kad_post_layout":"","_kad_post_sidebar_id":"","_kad_post_content_style":"","_kad_post_vertical_padding":"","_kad_post_feature":"","_kad_post_feature_position":"","_kad_post_header":false,"_kad_post_footer":false,"_kad_post_classname":"","footnotes":"","jetpack_publicize_message":"","jetpack_publicize_feature_enabled":true,"jetpack_social_post_already_shared":false,"jetpack_social_options":{"image_generator_settings":{"template":"highway","default_image_id":0,"font":"","enabled":false},"version":2}},"categories":[10],"tags":[32,14],"class_list":["post-1590","post","type-post","status-publish","format-standard","has-post-thumbnail","hentry","category-e-commerce","tag-decorados","tag-interiores-inovadores"],"jetpack_publicize_connections":[],"jetpack_featured_media_url":"https:\/\/i0.wp.com\/1truenote.com\/wp-content\/uploads\/2025\/05\/ChatGPT-Image-9-de-mai.-de-2025-13_18_51.png?fit=1024%2C1024&ssl=1","jetpack_sharing_enabled":true,"_links":{"self":[{"href":"https:\/\/1truenote.com\/en\/wp-json\/wp\/v2\/posts\/1590","targetHints":{"allow":["GET"]}}],"collection":[{"href":"https:\/\/1truenote.com\/en\/wp-json\/wp\/v2\/posts"}],"about":[{"href":"https:\/\/1truenote.com\/en\/wp-json\/wp\/v2\/types\/post"}],"author":[{"embeddable":true,"href":"https:\/\/1truenote.com\/en\/wp-json\/wp\/v2\/users\/1"}],"replies":[{"embeddable":true,"href":"https:\/\/1truenote.com\/en\/wp-json\/wp\/v2\/comments?post=1590"}],"version-history":[{"count":0,"href":"https:\/\/1truenote.com\/en\/wp-json\/wp\/v2\/posts\/1590\/revisions"}],"wp:featuredmedia":[{"embeddable":true,"href":"https:\/\/1truenote.com\/en\/wp-json\/wp\/v2\/media\/1591"}],"wp:attachment":[{"href":"https:\/\/1truenote.com\/en\/wp-json\/wp\/v2\/media?parent=1590"}],"wp:term":[{"taxonomy":"category","embeddable":true,"href":"https:\/\/1truenote.com\/en\/wp-json\/wp\/v2\/categories?post=1590"},{"taxonomy":"post_tag","embeddable":true,"href":"https:\/\/1truenote.com\/en\/wp-json\/wp\/v2\/tags?post=1590"}],"curies":[{"name":"wp","href":"https:\/\/api.w.org\/{rel}","templated":true}]}}