{"id":1559,"date":"2025-05-08T23:35:23","date_gmt":"2025-05-08T20:35:23","guid":{"rendered":"https:\/\/1truenote.com\/?p=1559"},"modified":"2025-05-19T21:04:25","modified_gmt":"2025-05-19T18:04:25","slug":"decoracao-de-jardim-com-moveis","status":"publish","type":"post","link":"https:\/\/1truenote.com\/en\/decoracao-de-jardim-com-moveis\/","title":{"rendered":"JARDIM: Transforme seu jardim com elementos essenciais para um espa\u00e7o aconchegante"},"content":{"rendered":"<p>Transformar seu jardim em um ref\u00fagio de tranquilidade e beleza n\u00e3o exige uma reforma completa.<\/p>\n\n\n\n<p>Com alguns elementos certos, voc\u00ea pode criar um espa\u00e7o charmoso, funcional e inspirador \u2014 como o da imagem acima.<\/p>\n\n\n\n<p>Listamos os itens essenciais para decorar seu cantinho com eleg\u00e2ncia, com sugest\u00f5es de produtos dispon\u00edveis na Amazon.<\/p>\n\n\n\n<p class=\"has-text-align-center\"><strong>Voc\u00ea pode ver os produtos da imagem do decorado e comprar o produto de sua escolha nos links abaixo Amazon.<\/strong><\/p>\n\n\n\n<hr class=\"wp-block-separator has-alpha-channel-opacity\"\/>\n\n\n\n<p class=\"has-text-align-center\"><strong>DECORADO \u2013 JARDIM<\/strong><\/p>\n\n\n\n<figure class=\"wp-block-image aligncenter size-large\"><img data-recalc-dims=\"1\" fetchpriority=\"high\" decoding=\"async\" width=\"1024\" height=\"683\" src=\"https:\/\/i0.wp.com\/1truenote.com\/wp-content\/uploads\/2025\/05\/ChatGPT-Image-8-de-mai.-de-2025-17_17_18.png?resize=1024%2C683&#038;ssl=1\" alt=\"Jardim decorado\" class=\"wp-image-1560\" srcset=\"https:\/\/i0.wp.com\/1truenote.com\/wp-content\/uploads\/2025\/05\/ChatGPT-Image-8-de-mai.-de-2025-17_17_18.png?resize=1024%2C683&amp;ssl=1 1024w, https:\/\/i0.wp.com\/1truenote.com\/wp-content\/uploads\/2025\/05\/ChatGPT-Image-8-de-mai.-de-2025-17_17_18.png?resize=300%2C200&amp;ssl=1 300w, https:\/\/i0.wp.com\/1truenote.com\/wp-content\/uploads\/2025\/05\/ChatGPT-Image-8-de-mai.-de-2025-17_17_18.png?resize=768%2C512&amp;ssl=1 768w, https:\/\/i0.wp.com\/1truenote.com\/wp-content\/uploads\/2025\/05\/ChatGPT-Image-8-de-mai.-de-2025-17_17_18.png?w=1536&amp;ssl=1 1536w\" sizes=\"(max-width: 1024px) 100vw, 1024px\" \/><\/figure>\n\n\n\n<hr class=\"wp-block-separator has-alpha-channel-opacity\"\/>\n\n\n\n<h2 id='1-banco-de-madeira-cl\u00e1ssico-para-jardim'  class=\"wp-block-heading\"><strong>1. Banco de Madeira Cl\u00e1ssico para Jardim<\/strong><\/h2>\n\n\n\n<p>Um <a href=\"https:\/\/www.amazon.com.br\/dp\/B07NTR9L87?tag=joaopedro047-20\" data-type=\"link\" data-id=\"https:\/\/www.amazon.com.br\/dp\/B07NTR9L87?tag=joaopedro047-20\" target=\"_blank\" rel=\"noopener\"><strong>banco com acabamento natural<\/strong><\/a> \u00e9 um convite para relaxar ao ar livre. Ele combina com qualquer paisagismo e se torna o ponto focal do espa\u00e7o.<br>(Voc\u00ea pode ver outro modelo internacional no link mais abaixo)<\/p>\n\n\n    <div class=\"hostinger-affiliate-block-single-type\">\n                    <div class=\"hostinger-affiliate-block-single-type__image\">\n                <a href=\"https:\/\/www.amazon.com.br\/dp\/B07NTR9L87?tag=joaopedro047-20\" target=\"_blank\" rel=\"nofollow noopener noreferrer\">\n                    <img decoding=\"async\" src=\"https:\/\/m.media-amazon.com\/images\/I\/51njDQNLqYL.jpg\" alt=\"Banco de Jardim R\u00fastico de Madeira 2 Lugares com Encosto M\u00f3veis M...\">\n                <\/a>\n            <\/div>\n                    <div class=\"hostinger-affiliate-block-single-type__product-data\">\n            <div class=\"hostinger-affiliate-block-single-type__product-title\">\n                <a href=\"https:\/\/www.amazon.com.br\/dp\/B07NTR9L87?tag=joaopedro047-20\" target=\"_blank\" rel=\"nofollow noopener noreferrer\">\n                    <h3 id='banco-de-jardim-r\u00fastico-de-madeira-2-lugares-com-encosto-m\u00f3veis-m'>\n                        Banco de Jardim R\u00fastico de Madeira 2 Lugares com Encosto M\u00f3veis M&#8230;                    <\/h3>\n                <\/a>\n            <\/div>\n                            <div class=\"hostinger-affiliate-block-single-type__product-description\">\n                            <ul>\n                                <li>Altura : 95,00 cm<\/li>\n                                        <li>Largura: 120,00 cm<\/li>\n                                        <li>Material Principal: Madeira Maci\u00e7a<\/li>\n                            <\/ul>\n                        <\/div>\n                            <div class=\"hostinger-affiliate-block-single-type__product-actions\">\n                                <div class=\"hostinger-affiliate-block-single-type__product-button-wrap\">\n                    <a href=\"https:\/\/www.amazon.com.br\/dp\/B07NTR9L87?tag=joaopedro047-20\" class=\"hostinger-affiliate-block-single-type__product-amazon-button\" target=\"_blank\" rel=\"nofollow noopener noreferrer\">\n    Buy on Amazon<\/a>\n                <\/div>\n\n            <\/div>\n        <\/div>\n    <\/div>\n    \n\n\n<p>\ud83d\udd17 <a href=\"https:\/\/amzn.to\/4m7hE39\" data-type=\"link\" data-id=\"https:\/\/amzn.to\/4m7hE39\" target=\"_blank\" rel=\"noopener\">Banco de Madeira para Jardim \u2013 Amazon<\/a> (outra op\u00e7\u00e3o internacional)<\/p>\n\n\n\n<hr class=\"wp-block-separator has-alpha-channel-opacity\"\/>\n\n\n\n<h2 id='2-tapete-externo-de-fibra-sint\u00e9tica'  class=\"wp-block-heading\"><strong>2. Tapete Externo de Fibra Sint\u00e9tica<\/strong><\/h2>\n\n\n\n<p>O <a href=\"https:\/\/amzn.to\/4k7D5iD\" data-type=\"link\" data-id=\"https:\/\/amzn.to\/4k7D5iD\" target=\"_blank\" rel=\"noopener\"><strong>tapete de \u00e1rea externa<\/strong><\/a> com padr\u00e3o geom\u00e9trico traz aconchego e delimita visualmente o espa\u00e7o, criando um \u201cambiente dentro do ambiente\u201d.<br>(Voc\u00ea pode ver outro modelo no link mais abaixo)<\/p>\n\n\n    <div class=\"hostinger-affiliate-block-single-type\">\n                    <div class=\"hostinger-affiliate-block-single-type__image\">\n                <a href=\"https:\/\/www.amazon.com.br\/dp\/B07NVR7ZN7?tag=joaopedro047-20\" target=\"_blank\" rel=\"nofollow noopener noreferrer\">\n                    <img decoding=\"async\" src=\"https:\/\/m.media-amazon.com\/images\/I\/6190rUWo0uL.jpg\" alt=\"Tapete Sisal Bali Sisalo 43-74 150 x 200 cm - S\u00e3o Carlos\">\n                <\/a>\n            <\/div>\n                    <div class=\"hostinger-affiliate-block-single-type__product-data\">\n            <div class=\"hostinger-affiliate-block-single-type__product-title\">\n                <a href=\"https:\/\/www.amazon.com.br\/dp\/B07NVR7ZN7?tag=joaopedro047-20\" target=\"_blank\" rel=\"nofollow noopener noreferrer\">\n                    <h3 id='tapete-sisal-bali-sisalo-43-74-150-x-200-cm-s\u00e3o-carlos'>\n                        Tapete Sisal Bali Sisalo 43-74 150 x 200 cm &#8211; S\u00e3o Carlos                    <\/h3>\n                <\/a>\n            <\/div>\n                            <div class=\"hostinger-affiliate-block-single-type__product-description\">\n                            <ul>\n                    <\/ul>\n                        <\/div>\n                            <div class=\"hostinger-affiliate-block-single-type__product-actions\">\n                                    <div class=\"hostinger-affiliate-block-single-type__product-price\">\n                        R$488,87                    <\/div>\n                                    <div class=\"hostinger-affiliate-block-single-type__product-button-wrap\">\n                    <a href=\"https:\/\/www.amazon.com.br\/dp\/B07NVR7ZN7?tag=joaopedro047-20\" class=\"hostinger-affiliate-block-single-type__product-amazon-button\" target=\"_blank\" rel=\"nofollow noopener noreferrer\">\n    Buy on Amazon<\/a>\n                <\/div>\n\n            <\/div>\n        <\/div>\n    <\/div>\n    \n\n\n<p>\ud83d\udd17 <a href=\"https:\/\/amzn.to\/4k7D5iD\" data-type=\"link\" data-id=\"https:\/\/amzn.to\/4k7D5iD\" target=\"_blank\" rel=\"noopener\">Tapete para \u00c1rea Externa \u2013 Amazon<\/a> (outro modelo)<\/p>\n\n\n\n<hr class=\"wp-block-separator has-alpha-channel-opacity\"\/>\n\n\n\n<h2 id='3-guarda-sol-com-base-central'  class=\"wp-block-heading\"><strong>3. Guarda-Sol com Base Central<\/strong><\/h2>\n\n\n\n<p>Al\u00e9m de proteger contra o sol, um <a href=\"https:\/\/amzn.to\/44Yrjmn\" data-type=\"link\" data-id=\"https:\/\/amzn.to\/44Yrjmn\" target=\"_blank\" rel=\"noopener\"><strong>guarda-sol<\/strong><\/a> cria um ar de sofistica\u00e7\u00e3o e conforto. Escolha um modelo com estrutura robusta e tecido resistente aos raios UV.<br>(Voc\u00ea pode ver outro modelo no link mais abaixo)<\/p>\n\n\n    <div class=\"hostinger-affiliate-block-single-type\">\n                    <div class=\"hostinger-affiliate-block-single-type__image\">\n                <a href=\"https:\/\/www.amazon.com.br\/dp\/B09CQ8WSG5?tag=joaopedro047-20\" target=\"_blank\" rel=\"nofollow noopener noreferrer\">\n                    <img decoding=\"async\" src=\"https:\/\/m.media-amazon.com\/images\/I\/31kaigtC8LL.jpg\" alt=\"Kit Ombrelone Guarda Sol Alum\u00ednio Manivela 2,4 Metros Bege + Base...\">\n                <\/a>\n            <\/div>\n                    <div class=\"hostinger-affiliate-block-single-type__product-data\">\n            <div class=\"hostinger-affiliate-block-single-type__product-title\">\n                <a href=\"https:\/\/www.amazon.com.br\/dp\/B09CQ8WSG5?tag=joaopedro047-20\" target=\"_blank\" rel=\"nofollow noopener noreferrer\">\n                    <h3 id='kit-ombrelone-guarda-sol-alum\u00ednio-manivela-2-4-metros-bege-+-base'>\n                        Kit Ombrelone Guarda Sol Alum\u00ednio Manivela 2,4 Metros Bege + Base&#8230;                    <\/h3>\n                <\/a>\n            <\/div>\n                            <div class=\"hostinger-affiliate-block-single-type__product-description\">\n                            <ul>\n                                <li>Manivela, Inv\u00f3lucro de aperto anexado<\/li>\n                            <\/ul>\n                        <\/div>\n                            <div class=\"hostinger-affiliate-block-single-type__product-actions\">\n                                    <div class=\"hostinger-affiliate-block-single-type__product-price\">\n                        R$639,26                    <\/div>\n                                    <div class=\"hostinger-affiliate-block-single-type__product-button-wrap\">\n                    <a href=\"https:\/\/www.amazon.com.br\/dp\/B09CQ8WSG5?tag=joaopedro047-20\" class=\"hostinger-affiliate-block-single-type__product-amazon-button\" target=\"_blank\" rel=\"nofollow noopener noreferrer\">\n    Buy on Amazon<\/a>\n                <\/div>\n\n            <\/div>\n        <\/div>\n    <\/div>\n    \n\n\n<p>\ud83d\udd17 <a href=\"https:\/\/amzn.to\/44Yrjmn\" data-type=\"link\" data-id=\"https:\/\/amzn.to\/44Yrjmn\" target=\"_blank\" rel=\"noopener\">Guarda-Sol Central com Base \u2013 Amazon<\/a> (outro modelo)<\/p>\n\n\n\n<hr class=\"wp-block-separator has-alpha-channel-opacity\"\/>\n\n\n\n<h2 id='4-cachep\u00f4s-de-vime-sint\u00e9tico-com-plantas-decorativas'  class=\"wp-block-heading\"><strong>4. Cachep\u00f4s de Vime Sint\u00e9tico com Plantas Decorativas<\/strong><\/h2>\n\n\n\n<p>Os <a href=\"https:\/\/amzn.to\/42MwaFU\" data-type=\"link\" data-id=\"https:\/\/amzn.to\/42MwaFU\" target=\"_blank\" rel=\"noopener\"><strong>vasos<\/strong><\/a> grandes com acabamento tran\u00e7ado trazem textura e eleg\u00e2ncia ao jardim. Prefira materiais resistentes \u00e0 \u00e1gua e \u00e0 luz solar.<br>(Voc\u00ea pode ver outro modelo no link mais abaixo)<\/p>\n\n\n    <div class=\"hostinger-affiliate-block-single-type\">\n                    <div class=\"hostinger-affiliate-block-single-type__image\">\n                <a href=\"https:\/\/www.amazon.com.br\/dp\/B0DB9HGV3K?tag=joaopedro047-20\" target=\"_blank\" rel=\"nofollow noopener noreferrer\">\n                    <img decoding=\"async\" src=\"https:\/\/m.media-amazon.com\/images\/I\/41cGb2yeRgL.jpg\" alt=\"LYOR - Conjunto 3 Cachepots de Fibra Natural com Forro de Pl\u00e1stic...\">\n                <\/a>\n            <\/div>\n                    <div class=\"hostinger-affiliate-block-single-type__product-data\">\n            <div class=\"hostinger-affiliate-block-single-type__product-title\">\n                <a href=\"https:\/\/www.amazon.com.br\/dp\/B0DB9HGV3K?tag=joaopedro047-20\" target=\"_blank\" rel=\"nofollow noopener noreferrer\">\n                    <h3 id='lyor-conjunto-3-cachepots-de-fibra-natural-com-forro-de-pl\u00e1stic'>\n                        LYOR &#8211; Conjunto 3 Cachepots de Fibra Natural com Forro de Pl\u00e1stic&#8230;                    <\/h3>\n                <\/a>\n            <\/div>\n                            <div class=\"hostinger-affiliate-block-single-type__product-description\">\n                            <ul>\n                                <li>Design Elegante e Natural: Fabricados com fibra natural, os cachepots oferecem um visual r\u00fastico e sofisticado que compl&#8230;<\/li>\n                                        <li>Forro de Pl\u00e1stico Protetor: Cada cachepot possui um forro de pl\u00e1stico interno que protege a fibra natural da umidade e r&#8230;<\/li>\n                                        <li>Versatilidade de Tamanhos: Com tr\u00eas tamanhos distintos (25cm x 25cm x 20cm, 20cm x 20cm x 18cm e 16cm x 16cm x 16cm), o &#8230;<\/li>\n                            <\/ul>\n                        <\/div>\n                            <div class=\"hostinger-affiliate-block-single-type__product-actions\">\n                                    <div class=\"hostinger-affiliate-block-single-type__product-price\">\n                        R$105,00                    <\/div>\n                                    <div class=\"hostinger-affiliate-block-single-type__product-button-wrap\">\n                    <a href=\"https:\/\/www.amazon.com.br\/dp\/B0DB9HGV3K?tag=joaopedro047-20\" class=\"hostinger-affiliate-block-single-type__product-amazon-button\" target=\"_blank\" rel=\"nofollow noopener noreferrer\">\n    Buy on Amazon<\/a>\n                <\/div>\n\n            <\/div>\n        <\/div>\n    <\/div>\n    \n\n\n<p>\ud83d\udd17 <a href=\"https:\/\/amzn.to\/3YAzcKS\" data-type=\"link\" data-id=\"https:\/\/amzn.to\/3YAzcKS\" target=\"_blank\" rel=\"noopener\">Cachep\u00f4 Decorativo \u2013 Amazon<\/a> (outro modelo)<\/p>\n\n\n\n<hr class=\"wp-block-separator has-alpha-channel-opacity\"\/>\n\n\n\n<h2 id='5-lanterna-decorativa-com-vela-led'  class=\"wp-block-heading\"><strong>5. Lanterna Decorativa com Vela LED<\/strong><\/h2>\n\n\n\n<p>Para momentos noturnos, uma lanterna com vela LED \u00e9 segura e charmosa. Ela cria uma ilumina\u00e7\u00e3o suave e acolhedora, ideal para o p\u00f4r do sol no seu cantinho.<br>(Voc\u00ea pode ver outro modelo mais barato no link mais abaixo)<\/p>\n\n\n    <div class=\"hostinger-affiliate-block-single-type\">\n                    <div class=\"hostinger-affiliate-block-single-type__image\">\n                <a href=\"https:\/\/www.amazon.com.br\/dp\/B07S8NQF5X?tag=joaopedro047-20\" target=\"_blank\" rel=\"nofollow noopener noreferrer\">\n                    <img decoding=\"async\" src=\"https:\/\/m.media-amazon.com\/images\/I\/51mrwSz9L7L.jpg\" alt=\"SHYMERY Lanterna Solar, Lanterna Suspensa de Jardim \u00e0 Prova D&#039;\u00e1gu...\">\n                <\/a>\n            <\/div>\n                    <div class=\"hostinger-affiliate-block-single-type__product-data\">\n            <div class=\"hostinger-affiliate-block-single-type__product-title\">\n                <a href=\"https:\/\/www.amazon.com.br\/dp\/B07S8NQF5X?tag=joaopedro047-20\" target=\"_blank\" rel=\"nofollow noopener noreferrer\">\n                    <h3 id='shymery-lanterna-solar-lanterna-suspensa-de-jardim-\u00e0-prova-d-\u00e1gu'>\n                        SHYMERY Lanterna Solar, Lanterna Suspensa de Jardim \u00e0 Prova D&#8217;\u00e1gu&#8230;                    <\/h3>\n                <\/a>\n            <\/div>\n                            <div class=\"hostinger-affiliate-block-single-type__product-description\">\n                            <ul>\n                                <li>Carregamento solar eficiente: nossas lanternas usam pain\u00e9is solares de silicone monocristalino avan\u00e7ados que carregam po&#8230;<\/li>\n                                        <li>Prote\u00e7\u00e3o aprimorada: possui prote\u00e7\u00e3o contra sobrecarga, curto-circuito e design de veda\u00e7\u00e3o \u00e0 prova d&#8217;\u00e1gua. A lanterna \u00e9 &#8230;<\/li>\n                                        <li>Apar\u00eancia realista semelhante a vela: utiliza tecnologia de luz SMD para imitar a apar\u00eancia e o brilho quente de velas r&#8230;<\/li>\n                            <\/ul>\n                        <\/div>\n                            <div class=\"hostinger-affiliate-block-single-type__product-actions\">\n                                    <div class=\"hostinger-affiliate-block-single-type__product-price\">\n                        R$370,12                    <\/div>\n                                    <div class=\"hostinger-affiliate-block-single-type__product-button-wrap\">\n                    <a href=\"https:\/\/www.amazon.com.br\/dp\/B07S8NQF5X?tag=joaopedro047-20\" class=\"hostinger-affiliate-block-single-type__product-amazon-button\" target=\"_blank\" rel=\"nofollow noopener noreferrer\">\n    Buy on Amazon<\/a>\n                <\/div>\n\n            <\/div>\n        <\/div>\n    <\/div>\n    \n\n\n<p>\ud83d\udd17 <a href=\"https:\/\/amzn.to\/4dcxk11\" data-type=\"link\" data-id=\"https:\/\/amzn.to\/4dcxk11\" target=\"_blank\" rel=\"noopener\">Lanterna com Vela LED \u2013 Amazon<\/a> (outro modelo mais barato)<\/p>\n\n\n\n<hr class=\"wp-block-separator has-alpha-channel-opacity\"\/>\n\n\n\n<h2 id='jardim-com-personalidade-e-conforto'  class=\"wp-block-heading\"><strong>Jardim com Personalidade e Conforto<\/strong><\/h2>\n\n\n\n<p>Cada detalhe importa na cria\u00e7\u00e3o de um jardim que convide ao descanso e \u00e0 contempla\u00e7\u00e3o. Com os itens certos \u2014 banco, tapete, ilumina\u00e7\u00e3o e vasos \u2014 voc\u00ea transforma seu espa\u00e7o externo em um verdadeiro ref\u00fagio natural. E o melhor: Todos os produtos est\u00e3o a poucos cliques de dist\u00e2ncia na <strong>Amazon<\/strong>.<\/p>\n\n\n\n<p><strong>Comece a montar o jardim dos seus sonhos hoje mesmo. Seu ref\u00fagio verde merece beleza, conforto e personalidade.<\/strong><\/p>\n\n\n\n<p>Voc\u00ea pode ver mais <a href=\"https:\/\/1truenote.com\/en\/category\/e-commerce\/\" data-type=\"link\" data-id=\"https:\/\/1truenote.com\/category\/e-commerce\/\">aqui<\/a>.<\/p>","protected":false},"excerpt":{"rendered":"<p>Transformar seu jardim em um ref\u00fagio de tranquilidade e beleza n\u00e3o exige uma reforma completa. Com alguns elementos certos, voc\u00ea&#8230;<\/p>","protected":false},"author":1,"featured_media":1560,"comment_status":"open","ping_status":"open","sticky":false,"template":"","format":"standard","meta":{"_kad_post_transparent":"","_kad_post_title":"","_kad_post_layout":"","_kad_post_sidebar_id":"","_kad_post_content_style":"","_kad_post_vertical_padding":"","_kad_post_feature":"","_kad_post_feature_position":"","_kad_post_header":false,"_kad_post_footer":false,"_kad_post_classname":"","footnotes":"","jetpack_publicize_message":"","jetpack_publicize_feature_enabled":true,"jetpack_social_post_already_shared":false,"jetpack_social_options":{"image_generator_settings":{"template":"highway","default_image_id":0,"font":"","enabled":false},"version":2}},"categories":[10],"tags":[32,29],"class_list":["post-1559","post","type-post","status-publish","format-standard","has-post-thumbnail","hentry","category-e-commerce","tag-decorados","tag-jardim"],"jetpack_publicize_connections":[],"jetpack_featured_media_url":"https:\/\/i0.wp.com\/1truenote.com\/wp-content\/uploads\/2025\/05\/ChatGPT-Image-8-de-mai.-de-2025-17_17_18.png?fit=1536%2C1024&ssl=1","jetpack_sharing_enabled":true,"_links":{"self":[{"href":"https:\/\/1truenote.com\/en\/wp-json\/wp\/v2\/posts\/1559","targetHints":{"allow":["GET"]}}],"collection":[{"href":"https:\/\/1truenote.com\/en\/wp-json\/wp\/v2\/posts"}],"about":[{"href":"https:\/\/1truenote.com\/en\/wp-json\/wp\/v2\/types\/post"}],"author":[{"embeddable":true,"href":"https:\/\/1truenote.com\/en\/wp-json\/wp\/v2\/users\/1"}],"replies":[{"embeddable":true,"href":"https:\/\/1truenote.com\/en\/wp-json\/wp\/v2\/comments?post=1559"}],"version-history":[{"count":0,"href":"https:\/\/1truenote.com\/en\/wp-json\/wp\/v2\/posts\/1559\/revisions"}],"wp:featuredmedia":[{"embeddable":true,"href":"https:\/\/1truenote.com\/en\/wp-json\/wp\/v2\/media\/1560"}],"wp:attachment":[{"href":"https:\/\/1truenote.com\/en\/wp-json\/wp\/v2\/media?parent=1559"}],"wp:term":[{"taxonomy":"category","embeddable":true,"href":"https:\/\/1truenote.com\/en\/wp-json\/wp\/v2\/categories?post=1559"},{"taxonomy":"post_tag","embeddable":true,"href":"https:\/\/1truenote.com\/en\/wp-json\/wp\/v2\/tags?post=1559"}],"curies":[{"name":"wp","href":"https:\/\/api.w.org\/{rel}","templated":true}]}}