{"id":1555,"date":"2025-05-08T22:57:54","date_gmt":"2025-05-08T19:57:54","guid":{"rendered":"https:\/\/1truenote.com\/?p=1555"},"modified":"2025-05-08T22:57:57","modified_gmt":"2025-05-08T19:57:57","slug":"leao-xiv-novo-papa-2025","status":"publish","type":"post","link":"https:\/\/1truenote.com\/en\/leao-xiv-novo-papa-2025\/","title":{"rendered":"Robert Francis Prevost \u00e9 eleito Papa e adota o nome de Le\u00e3o XIV"},"content":{"rendered":"<p>Nesta quinta-feira, 8 de maio de 2025, o Vaticano anunciou a elei\u00e7\u00e3o do novo Papa: o cardeal norte-americano Robert Francis Prevost, de 69 anos, que escolheu o nome de Le\u00e3o XIV. A elei\u00e7\u00e3o ocorreu ap\u00f3s quatro vota\u00e7\u00f5es durante o conclave iniciado em 7 de maio, sucedendo o Papa Francisco, falecido em 21 de abril. (fonte: <a href=\"https:\/\/www.cnnbrasil.com.br\/internacional\/papa-americano-eleito-no-conclave-escolhe-o-nome-de-leao-xiv\/?utm_source=chatgpt.com\" target=\"_blank\" rel=\"noreferrer noopener\">CNN Brasil<\/a>)<\/p>\n\n\n\n<p>Nascido em Chicago, Prevost possui uma trajet\u00f3ria marcada por sua atua\u00e7\u00e3o mission\u00e1ria no Peru, onde serviu como bispo de Chiclayo por quase uma d\u00e9cada. Antes de sua elei\u00e7\u00e3o, ocupava o cargo de prefeito do Dicast\u00e9rio para os Bispos no Vaticano. (fonte: <a href=\"https:\/\/pt.wikipedia.org\/wiki\/Papa_Le%C3%A3o_XIV?utm_source=chatgpt.com\" target=\"_blank\" rel=\"noreferrer noopener\">UOL Not\u00edcias<\/a>)<\/p>\n\n\n\n<h2 id='como-foi-a-primeira-apari\u00e7\u00e3o-p\u00fablica'  class=\"wp-block-heading\">Como foi a primeira apari\u00e7\u00e3o p\u00fablica?<\/h2>\n\n\n\n<p>Em sua primeira apari\u00e7\u00e3o p\u00fablica como pont\u00edfice, Le\u00e3o XIV destacou a import\u00e2ncia da paz, unidade e continuidade das reformas iniciadas por seu antecessor. Dirigiu-se com carinho \u00e0 sua antiga diocese no Peru e enfatizou o compromisso com uma Igreja acolhedora e sinodal. (fonte: <a href=\"https:\/\/cadenaser.com\/nacional\/2025\/05\/08\/robert-francis-prevost-elegido-nuevo-papa-cadena-ser\/?utm_source=chatgpt.com\" target=\"_blank\" rel=\"noreferrer noopener\">Ag\u00eancia Brasil<\/a>)<\/p>\n\n\n\n<p>A escolha de um Papa norte-americano \u00e9 in\u00e9dita na hist\u00f3ria da Igreja Cat\u00f3lica. Al\u00e9m disso, Le\u00e3o XIV \u00e9 o primeiro pont\u00edfice pertencente \u00e0 Ordem de Santo Agostinho, refletindo sua forma\u00e7\u00e3o eclesi\u00e1stica e espiritual. (fonte: <a href=\"https:\/\/as.com\/tenis\/mas_tenis\/prevost-el-papa-tenista-n\/?utm_source=chatgpt.com\" target=\"_blank\" rel=\"noreferrer noopener\">ElHuffPost<\/a>)<\/p>\n\n\n\n<h2 id='como-foi-a-cerim\u00f4nia-de-an\u00fancio'  class=\"wp-block-heading\">Como foi a cerim\u00f4nia de an\u00fancio?<\/h2>\n\n\n\n<p>A cerim\u00f4nia de an\u00fancio foi conduzida pelo cardeal Dominique Mamberti, que proclamou o tradicional &#8220;Habemus Papam&#8221; da sacada da Bas\u00edlica de S\u00e3o Pedro, sob aplausos de milhares de fi\u00e9is reunidos na Pra\u00e7a de S\u00e3o Pedro. (fonte: <a href=\"https:\/\/www.huffingtonpost.es\/sociedad\/cardenal-dominique-mamberti-voz-desvela-mundo-nuevo-papabr.html?utm_source=chatgpt.com\" target=\"_blank\" rel=\"noreferrer noopener\">CNN Brasil<\/a>)<\/p>\n\n\n\n<p>Le\u00e3o XIV optou por utilizar vestes papais tradicionais em sua apresenta\u00e7\u00e3o, incluindo a muceta vermelha e a estola bordada, contrastando com a simplicidade adotada por Francisco em 2013. (fonte: <a href=\"https:\/\/elpais.com\/internacional\/2025-05-08\/primeras-imagenes-del-nuevo-papa-leon-xiv-recupera-la-vestimenta-de-presentacion-que-francisco-rechazo.html?utm_source=chatgpt.com\" target=\"_blank\" rel=\"noreferrer noopener\">ElHuffPost<\/a>)<\/p>\n\n\n\n<p>Com flu\u00eancia em v\u00e1rios idiomas e forma\u00e7\u00e3o acad\u00eamica em matem\u00e1tica, filosofia e teologia, o novo Papa traz uma combina\u00e7\u00e3o de rigor intelectual e sensibilidade pastoral. Sua elei\u00e7\u00e3o sinaliza a continuidade de uma Igreja voltada para a inclus\u00e3o, di\u00e1logo e compromisso social. (fonte: <a href=\"https:\/\/los40.com\/2025\/05\/08\/asi-es-robert-prevost-el-nuevo-papa-leon-xiv-de-donde-es-edad-origenes-y-por-que-tiene-raices-espanolas\/?utm_source=chatgpt.com\" target=\"_blank\" rel=\"noreferrer noopener\">LOS40<\/a>)<\/p>\n\n\n\n<h2 id='quais-as-pr\u00f3ximas-expectativas'  class=\"wp-block-heading\">Quais as pr\u00f3ximas expectativas?<\/h2>\n\n\n\n<p>A expectativa agora recai sobre os primeiros passos de Le\u00e3o XIV \u00e0 frente da Igreja Cat\u00f3lica, especialmente no que tange \u00e0 continuidade das reformas, abordagem frente aos desafios contempor\u00e2neos e fortalecimento dos la\u00e7os com as comunidades cat\u00f3licas ao redor do mundo. (fonte: <a href=\"https:\/\/www.cnnbrasil.com.br\/internacional\/papa-americano-eleito-no-conclave-escolhe-o-nome-de-leao-xiv\/?utm_source=chatgpt.com\" target=\"_blank\" rel=\"noreferrer noopener\">ElHuffPost<\/a>)<\/p>\n\n\n\n<p>Voc\u00ea pode ver mais <a href=\"https:\/\/1truenote.com\/en\/category\/novidades\/\" data-type=\"link\" data-id=\"https:\/\/1truenote.com\/category\/novidades\/\">aqui<\/a>.<\/p>\n\n\n\n<figure class=\"wp-block-image size-large\"><img data-recalc-dims=\"1\" fetchpriority=\"high\" decoding=\"async\" width=\"1024\" height=\"683\" src=\"https:\/\/i0.wp.com\/1truenote.com\/wp-content\/uploads\/2025\/05\/ChatGPT-Image-8-de-mai.-de-2025-16_53_55.png?resize=1024%2C683&#038;ssl=1\" alt=\"Papa Le\u00e3o XIV\" class=\"wp-image-1556\" srcset=\"https:\/\/i0.wp.com\/1truenote.com\/wp-content\/uploads\/2025\/05\/ChatGPT-Image-8-de-mai.-de-2025-16_53_55.png?resize=1024%2C683&amp;ssl=1 1024w, https:\/\/i0.wp.com\/1truenote.com\/wp-content\/uploads\/2025\/05\/ChatGPT-Image-8-de-mai.-de-2025-16_53_55.png?resize=300%2C200&amp;ssl=1 300w, https:\/\/i0.wp.com\/1truenote.com\/wp-content\/uploads\/2025\/05\/ChatGPT-Image-8-de-mai.-de-2025-16_53_55.png?resize=768%2C512&amp;ssl=1 768w, https:\/\/i0.wp.com\/1truenote.com\/wp-content\/uploads\/2025\/05\/ChatGPT-Image-8-de-mai.-de-2025-16_53_55.png?w=1536&amp;ssl=1 1536w\" sizes=\"(max-width: 1024px) 100vw, 1024px\" \/><\/figure>","protected":false},"excerpt":{"rendered":"<p>Nesta quinta-feira, 8 de maio de 2025, o Vaticano anunciou a elei\u00e7\u00e3o do novo Papa: o cardeal norte-americano Robert Francis&#8230;<\/p>","protected":false},"author":1,"featured_media":1556,"comment_status":"open","ping_status":"open","sticky":false,"template":"","format":"standard","meta":{"_kad_post_transparent":"","_kad_post_title":"","_kad_post_layout":"","_kad_post_sidebar_id":"","_kad_post_content_style":"","_kad_post_vertical_padding":"","_kad_post_feature":"","_kad_post_feature_position":"","_kad_post_header":false,"_kad_post_footer":false,"_kad_post_classname":"","footnotes":"","jetpack_publicize_message":"","jetpack_publicize_feature_enabled":true,"jetpack_social_post_already_shared":false,"jetpack_social_options":{"image_generator_settings":{"template":"highway","default_image_id":0,"font":"","enabled":false},"version":2}},"categories":[1],"tags":[20],"class_list":["post-1555","post","type-post","status-publish","format-standard","has-post-thumbnail","hentry","category-novidades","tag-redes-sociais"],"jetpack_publicize_connections":[],"jetpack_featured_media_url":"https:\/\/i0.wp.com\/1truenote.com\/wp-content\/uploads\/2025\/05\/ChatGPT-Image-8-de-mai.-de-2025-16_53_55.png?fit=1536%2C1024&ssl=1","jetpack_sharing_enabled":true,"_links":{"self":[{"href":"https:\/\/1truenote.com\/en\/wp-json\/wp\/v2\/posts\/1555","targetHints":{"allow":["GET"]}}],"collection":[{"href":"https:\/\/1truenote.com\/en\/wp-json\/wp\/v2\/posts"}],"about":[{"href":"https:\/\/1truenote.com\/en\/wp-json\/wp\/v2\/types\/post"}],"author":[{"embeddable":true,"href":"https:\/\/1truenote.com\/en\/wp-json\/wp\/v2\/users\/1"}],"replies":[{"embeddable":true,"href":"https:\/\/1truenote.com\/en\/wp-json\/wp\/v2\/comments?post=1555"}],"version-history":[{"count":0,"href":"https:\/\/1truenote.com\/en\/wp-json\/wp\/v2\/posts\/1555\/revisions"}],"wp:featuredmedia":[{"embeddable":true,"href":"https:\/\/1truenote.com\/en\/wp-json\/wp\/v2\/media\/1556"}],"wp:attachment":[{"href":"https:\/\/1truenote.com\/en\/wp-json\/wp\/v2\/media?parent=1555"}],"wp:term":[{"taxonomy":"category","embeddable":true,"href":"https:\/\/1truenote.com\/en\/wp-json\/wp\/v2\/categories?post=1555"},{"taxonomy":"post_tag","embeddable":true,"href":"https:\/\/1truenote.com\/en\/wp-json\/wp\/v2\/tags?post=1555"}],"curies":[{"name":"wp","href":"https:\/\/api.w.org\/{rel}","templated":true}]}}