{"id":1510,"date":"2025-05-08T00:07:30","date_gmt":"2025-05-07T21:07:30","guid":{"rendered":"https:\/\/1truenote.com\/?p=1510"},"modified":"2025-05-19T21:05:01","modified_gmt":"2025-05-19T18:05:01","slug":"decoracao-cozinha-sala-integrada","status":"publish","type":"post","link":"https:\/\/1truenote.com\/en\/decoracao-cozinha-sala-integrada\/","title":{"rendered":"COZINHA AMERICANA: Decora\u00e7\u00e3o moderna para cozinha e sala de jantar integradas"},"content":{"rendered":"<p>Em ambientes integrados como cozinha com sala de jantar, cada escolha precisa unir praticidade e design.<\/p>\n\n\n\n<p>A composi\u00e7\u00e3o ideal aproveita ao m\u00e1ximo o espa\u00e7o, sem comprometer a harmonia visual. Por isso nossa curadoria selecionou os produtos mais interessantes para uma cozinha moderna.<\/p>\n\n\n\n<p>Selecionamos pe\u00e7as modernas e funcionais dispon\u00edveis na Amazon que v\u00e3o transformar sua su\u00edte em um verdadeiro o\u00e1sis de tranquilidade, todos inspirados na imagem que voc\u00ea v\u00ea.<\/p>\n\n\n\n<p class=\"has-text-align-center\"><strong>Voc\u00ea pode ver os produtos da imagem do decorado e comprar o produto de sua escolha nos links abaixo Amazon.<\/strong><\/p>\n\n\n\n<hr class=\"wp-block-separator has-alpha-channel-opacity\"\/>\n\n\n\n<p class=\"has-text-align-center\"><strong>DECORADO \u2013 COZINHA AMERICANA<\/strong><\/p>\n\n\n\n<figure class=\"wp-block-image aligncenter size-large\"><img data-recalc-dims=\"1\" fetchpriority=\"high\" decoding=\"async\" width=\"1024\" height=\"683\" src=\"https:\/\/i0.wp.com\/1truenote.com\/wp-content\/uploads\/2025\/05\/ChatGPT-Image-7-de-mai.-de-2025-17_41_18.png?resize=1024%2C683&#038;ssl=1\" alt=\"cozinha americana\" class=\"wp-image-1511\" srcset=\"https:\/\/i0.wp.com\/1truenote.com\/wp-content\/uploads\/2025\/05\/ChatGPT-Image-7-de-mai.-de-2025-17_41_18.png?resize=1024%2C683&amp;ssl=1 1024w, https:\/\/i0.wp.com\/1truenote.com\/wp-content\/uploads\/2025\/05\/ChatGPT-Image-7-de-mai.-de-2025-17_41_18.png?resize=300%2C200&amp;ssl=1 300w, https:\/\/i0.wp.com\/1truenote.com\/wp-content\/uploads\/2025\/05\/ChatGPT-Image-7-de-mai.-de-2025-17_41_18.png?resize=768%2C512&amp;ssl=1 768w, https:\/\/i0.wp.com\/1truenote.com\/wp-content\/uploads\/2025\/05\/ChatGPT-Image-7-de-mai.-de-2025-17_41_18.png?w=1536&amp;ssl=1 1536w\" sizes=\"(max-width: 1024px) 100vw, 1024px\" \/><\/figure>\n\n\n\n<hr class=\"wp-block-separator has-alpha-channel-opacity\"\/>\n\n\n\n<h2 id='1-conjunto-mesa-de-jantar-com-4-cadeiras-para-cozinha'  class=\"wp-block-heading\"><strong>1. Conjunto Mesa de Jantar com 4 Cadeiras para cozinha<\/strong><\/h2>\n\n\n\n<p>O conjunto em madeira clara com cadeiras de palhinha traz um toque escandinavo, perfeito para quem busca aconchego e leveza visual. As <strong><a href=\"https:\/\/amzn.to\/4kdQbuZ\" data-type=\"link\" data-id=\"https:\/\/amzn.to\/4kdQbuZ\" target=\"_blank\" rel=\"noopener\">cadeiras<\/a><\/strong> s\u00e3o confort\u00e1veis e o design combina perfeitamente com espa\u00e7os abertos.<br>(Voc\u00ea pode ver outro modelo de 2 cadeiras e mais barato no link mais abaixo)<\/p>\n\n\n    <div class=\"hostinger-affiliate-block-single-type\">\n                    <div class=\"hostinger-affiliate-block-single-type__image\">\n                <a href=\"https:\/\/www.amazon.com.br\/dp\/B0C7SC7Y23?tag=joaopedro047-20\" target=\"_blank\" rel=\"nofollow noopener noreferrer\">\n                    <img decoding=\"async\" src=\"https:\/\/m.media-amazon.com\/images\/I\/51tpUDh19tL.jpg\" alt=\"Kit 4 Cadeiras Madeira Maci\u00e7a Palermo Encosto Tela Assento Estofa...\">\n                <\/a>\n            <\/div>\n                    <div class=\"hostinger-affiliate-block-single-type__product-data\">\n            <div class=\"hostinger-affiliate-block-single-type__product-title\">\n                <a href=\"https:\/\/www.amazon.com.br\/dp\/B0C7SC7Y23?tag=joaopedro047-20\" target=\"_blank\" rel=\"nofollow noopener noreferrer\">\n                    <h3 id='kit-4-cadeiras-madeira-maci\u00e7a-palermo-encosto-tela-assento-estofa'>\n                        Kit 4 Cadeiras Madeira Maci\u00e7a Palermo Encosto Tela Assento Estofa&#8230;                    <\/h3>\n                <\/a>\n            <\/div>\n                            <div class=\"hostinger-affiliate-block-single-type__product-description\">\n                            <ul>\n                                <li>Garantia: 24 meses<\/li>\n                            <\/ul>\n                        <\/div>\n                            <div class=\"hostinger-affiliate-block-single-type__product-actions\">\n                                    <div class=\"hostinger-affiliate-block-single-type__product-price\">\n                        R$3.429,39                    <\/div>\n                                    <div class=\"hostinger-affiliate-block-single-type__product-button-wrap\">\n                    <a href=\"https:\/\/www.amazon.com.br\/dp\/B0C7SC7Y23?tag=joaopedro047-20\" class=\"hostinger-affiliate-block-single-type__product-amazon-button\" target=\"_blank\" rel=\"nofollow noopener noreferrer\">\n    Buy on Amazon<\/a>\n                <\/div>\n\n            <\/div>\n        <\/div>\n    <\/div>\n    \n\n\n<p>\ud83d\udd17 <a href=\"https:\/\/amzn.to\/4kdQbuZ\" data-type=\"link\" data-id=\"https:\/\/amzn.to\/4kdQbuZ\" target=\"_blank\" rel=\"noopener\">Mesa de Jantar com 2 Cadeiras \u2013 Amazon<\/a> (modelo mais barato de 2 cadeiras)<\/p>\n\n\n\n<h2 id='2-lumin\u00e1ria-pendente-preta-estilo-industrial'  class=\"wp-block-heading\"><strong>2. Lumin\u00e1ria Pendente Preta Estilo Industrial<\/strong><\/h2>\n\n\n\n<p>A <strong><a href=\"https:\/\/amzn.to\/3ER7QcT\" data-type=\"link\" data-id=\"https:\/\/amzn.to\/3ER7QcT\" target=\"_blank\" rel=\"noopener\">lumin\u00e1ria pendente<\/a><\/strong> sobre a mesa de jantar \u00e9 um destaque funcional e decorativo. O acabamento preto fosco cria contraste elegante com o mobili\u00e1rio claro e proporciona ilumina\u00e7\u00e3o focada.<br>(Voc\u00ea pode ver outro modelo com lumin\u00e1ria tripla e mais barato no link mais abaixo)<\/p>\n\n\n    <div class=\"hostinger-affiliate-block-single-type\">\n                    <div class=\"hostinger-affiliate-block-single-type__image\">\n                <a href=\"https:\/\/www.amazon.com.br\/dp\/B09WZ56534?tag=joaopedro047-20\" target=\"_blank\" rel=\"nofollow noopener noreferrer\">\n                    <img decoding=\"async\" src=\"https:\/\/m.media-amazon.com\/images\/I\/21ek2JRnMSL.jpg\" alt=\"Lumin\u00e1ria Pendente Industrial E27 Preto\/Cobre\">\n                <\/a>\n            <\/div>\n                    <div class=\"hostinger-affiliate-block-single-type__product-data\">\n            <div class=\"hostinger-affiliate-block-single-type__product-title\">\n                <a href=\"https:\/\/www.amazon.com.br\/dp\/B09WZ56534?tag=joaopedro047-20\" target=\"_blank\" rel=\"nofollow noopener noreferrer\">\n                    <h3 id='lumin\u00e1ria-pendente-industrial-e27-preto-cobre'>\n                        Lumin\u00e1ria Pendente Industrial E27 Preto\/Cobre                    <\/h3>\n                <\/a>\n            <\/div>\n                            <div class=\"hostinger-affiliate-block-single-type__product-description\">\n                            <ul>\n                                <li>Lumin\u00e1ria pendente que traz como caracter\u00edstica marcante o estilo industrial que remete ao conceito de pe\u00e7as inspiradas &#8230;<\/li>\n                            <\/ul>\n                        <\/div>\n                            <div class=\"hostinger-affiliate-block-single-type__product-actions\">\n                                    <div class=\"hostinger-affiliate-block-single-type__product-price\">\n                        R$279,90                    <\/div>\n                                    <div class=\"hostinger-affiliate-block-single-type__product-button-wrap\">\n                    <a href=\"https:\/\/www.amazon.com.br\/dp\/B09WZ56534?tag=joaopedro047-20\" class=\"hostinger-affiliate-block-single-type__product-amazon-button\" target=\"_blank\" rel=\"nofollow noopener noreferrer\">\n    Buy on Amazon<\/a>\n                <\/div>\n\n            <\/div>\n        <\/div>\n    <\/div>\n    \n\n\n<p>\ud83d\udd17 <a href=\"https:\/\/amzn.to\/3ER7QcT\" data-type=\"link\" data-id=\"https:\/\/amzn.to\/3ER7QcT\" target=\"_blank\" rel=\"noopener\">Lustre Pendente Lumin\u00e1ria Joana Tripla \u2013 Amazon<\/a> (outro modelo mais barato)<\/p>\n\n\n\n<h2 id='3-arm\u00e1rio-de-cozinha-a\u00e9reo-branco-minimalista'  class=\"wp-block-heading\"><strong>3. Arm\u00e1rio de Cozinha A\u00e9reo Branco Minimalista<\/strong><\/h2>\n\n\n\n<p>Pr\u00e1tico e discreto, o <a href=\"https:\/\/amzn.to\/4daQdkX\" data-type=\"link\" data-id=\"https:\/\/amzn.to\/4daQdkX\" target=\"_blank\" rel=\"noopener\"><strong>arm\u00e1rio superior branco<\/strong><\/a> de linhas retas \u00e9 ideal para cozinhas contempor\u00e2neas. Ele amplia a sensa\u00e7\u00e3o de limpeza visual e otimiza o armazenamento sem pesar no ambiente.<br>(Voc\u00ea pode ver outro modelo mais barato no link mais abaixo)<\/p>\n\n\n    <div class=\"hostinger-affiliate-block-single-type\">\n                    <div class=\"hostinger-affiliate-block-single-type__image\">\n                <a href=\"https:\/\/www.amazon.com.br\/dp\/B0F5Z5BBCY?tag=joaopedro047-20\" target=\"_blank\" rel=\"nofollow noopener noreferrer\">\n                    <img decoding=\"async\" src=\"https:\/\/m.media-amazon.com\/images\/I\/21CKjkYHx8L.jpg\" alt=\"Arm\u00e1rio Multiuso A\u00e9reo 3 Portas Branco Parede Suspenso Cozinha Qu...\">\n                <\/a>\n            <\/div>\n                    <div class=\"hostinger-affiliate-block-single-type__product-data\">\n            <div class=\"hostinger-affiliate-block-single-type__product-title\">\n                <a href=\"https:\/\/www.amazon.com.br\/dp\/B0F5Z5BBCY?tag=joaopedro047-20\" target=\"_blank\" rel=\"nofollow noopener noreferrer\">\n                    <h3 id='arm\u00e1rio-multiuso-a\u00e9reo-3-portas-branco-parede-suspenso-cozinha-qu'>\n                        Arm\u00e1rio Multiuso A\u00e9reo 3 Portas Branco Parede Suspenso Cozinha Qu&#8230;                    <\/h3>\n                <\/a>\n            <\/div>\n                            <div class=\"hostinger-affiliate-block-single-type__product-description\">\n                            <ul>\n                                <li>3 portas<\/li>\n                                        <li>Com Puxador<\/li>\n                                        <li>Produzido em MDP<\/li>\n                            <\/ul>\n                        <\/div>\n                            <div class=\"hostinger-affiliate-block-single-type__product-actions\">\n                                <div class=\"hostinger-affiliate-block-single-type__product-button-wrap\">\n                    <a href=\"https:\/\/www.amazon.com.br\/dp\/B0F5Z5BBCY?tag=joaopedro047-20\" class=\"hostinger-affiliate-block-single-type__product-amazon-button\" target=\"_blank\" rel=\"nofollow noopener noreferrer\">\n    Buy on Amazon<\/a>\n                <\/div>\n\n            <\/div>\n        <\/div>\n    <\/div>\n    \n\n\n<p>\ud83d\udd17 <a href=\"https:\/\/amzn.to\/4daQdkX\" data-type=\"link\" data-id=\"https:\/\/amzn.to\/4daQdkX\" target=\"_blank\" rel=\"noopener\">Arm\u00e1rio A\u00e9reo Cozinha 3 Portas \u2013 Amazon<\/a> (modelo mais barato)<\/p>\n\n\n\n<h2 id='4-quadro-decorativo-abstrato-em-p-b'  class=\"wp-block-heading\"><strong>4. Quadro Decorativo Abstrato em P&amp;B<\/strong><\/h2>\n\n\n\n<p>A <strong><a href=\"https:\/\/amzn.to\/4keBGHn\" data-type=\"link\" data-id=\"https:\/\/amzn.to\/4keBGHn\" target=\"_blank\" rel=\"noopener\">arte preta e branca<\/a><\/strong> na parede equilibra o espa\u00e7o com sofistica\u00e7\u00e3o e estilo. Quadros abstratos s\u00e3o excelentes para complementar ambientes com est\u00e9tica minimalista sem roubar a aten\u00e7\u00e3o.<br>(Voc\u00ea pode ver outro modelo no link mais abaixo)<\/p>\n\n\n    <div class=\"hostinger-affiliate-block-single-type\">\n                    <div class=\"hostinger-affiliate-block-single-type__image\">\n                <a href=\"https:\/\/www.amazon.com.br\/dp\/B0DTXHDG5W?tag=joaopedro047-20\" target=\"_blank\" rel=\"nofollow noopener noreferrer\">\n                    <img decoding=\"async\" src=\"https:\/\/m.media-amazon.com\/images\/I\/51e8Zj44zsL.jpg\" alt=\"Kit 3 Quadros Decorativos Canvas, Abstrato, 40x50cm, Arte Para Qu...\">\n                <\/a>\n            <\/div>\n                    <div class=\"hostinger-affiliate-block-single-type__product-data\">\n            <div class=\"hostinger-affiliate-block-single-type__product-title\">\n                <a href=\"https:\/\/www.amazon.com.br\/dp\/B0DTXHDG5W?tag=joaopedro047-20\" target=\"_blank\" rel=\"nofollow noopener noreferrer\">\n                    <h3 id='kit-3-quadros-decorativos-canvas-abstrato-40x50cm-arte-para-qu'>\n                        Kit 3 Quadros Decorativos Canvas, Abstrato, 40x50cm, Arte Para Qu&#8230;                    <\/h3>\n                <\/a>\n            <\/div>\n                            <div class=\"hostinger-affiliate-block-single-type__product-description\">\n                            <ul>\n                                <li>Kit Completo: Inclui 3 quadros decorativos, perfeitos para preencher uma parede com estilo e harmonia.<\/li>\n                                        <li>Borda Infinita: acrescenta um toque sofisticado e neutro, que combina com qualquer decora\u00e7\u00e3o.<\/li>\n                                        <li>Impress\u00e3o de Alta Qualidade: As artes s\u00e3o impressas em tecido Canvas, garantindo cores vibrantes e durabilidade.<\/li>\n                            <\/ul>\n                        <\/div>\n                            <div class=\"hostinger-affiliate-block-single-type__product-actions\">\n                                    <div class=\"hostinger-affiliate-block-single-type__product-price\">\n                        R$189,90                    <\/div>\n                                    <div class=\"hostinger-affiliate-block-single-type__product-button-wrap\">\n                    <a href=\"https:\/\/www.amazon.com.br\/dp\/B0DTXHDG5W?tag=joaopedro047-20\" class=\"hostinger-affiliate-block-single-type__product-amazon-button\" target=\"_blank\" rel=\"nofollow noopener noreferrer\">\n    Buy on Amazon<\/a>\n                <\/div>\n\n            <\/div>\n        <\/div>\n    <\/div>\n    \n\n\n<p>\ud83d\udd17 <a href=\"https:\/\/amzn.to\/4keBGHn\" data-type=\"link\" data-id=\"https:\/\/amzn.to\/4keBGHn\" target=\"_blank\" rel=\"noopener\">Quadro Abstrato Minimalista \u2013 Amazon<\/a> (outro modelo)<\/p>\n\n\n\n<h2 id='5-jarra-de-cer\u00e2mica-branca-decorativa'  class=\"wp-block-heading\"><strong>5. Jarra de Cer\u00e2mica Branca Decorativa<\/strong><\/h2>\n\n\n\n<p>A <strong><a href=\"https:\/\/amzn.to\/4d4vLlz\" data-type=\"link\" data-id=\"https:\/\/amzn.to\/4d4vLlz\" target=\"_blank\" rel=\"noopener\">cer\u00e2mica branca<\/a><\/strong> sobre o balc\u00e3o adiciona um toque artesanal e elegante, servindo como pe\u00e7a decorativa ou utilit\u00e1ria para servir bebidas ou flores.<br>(Voc\u00ea pode ver outro modelo no link mais abaixo)<\/p>\n\n\n    <div class=\"hostinger-affiliate-block-single-type\">\n                    <div class=\"hostinger-affiliate-block-single-type__image\">\n                <a href=\"https:\/\/www.amazon.com.br\/dp\/B002GJ8WNK?tag=joaopedro047-20\" target=\"_blank\" rel=\"nofollow noopener noreferrer\">\n                    <img decoding=\"async\" src=\"https:\/\/m.media-amazon.com\/images\/I\/31vjvyJBfOL.jpg\" alt=\"HIC Jarro de creme com al\u00e7a, porcelana branca fina, 473 ml\">\n                <\/a>\n            <\/div>\n                    <div class=\"hostinger-affiliate-block-single-type__product-data\">\n            <div class=\"hostinger-affiliate-block-single-type__product-title\">\n                <a href=\"https:\/\/www.amazon.com.br\/dp\/B002GJ8WNK?tag=joaopedro047-20\" target=\"_blank\" rel=\"nofollow noopener noreferrer\">\n                    <h3 id='hic-jarro-de-creme-com-al\u00e7a-porcelana-branca-fina-473-ml'>\n                        HIC Jarro de creme com al\u00e7a, porcelana branca fina, 473 ml                    <\/h3>\n                <\/a>\n            <\/div>\n                            <div class=\"hostinger-affiliate-block-single-type__product-description\">\n                            <ul>\n                                <li>A jarra de porcelana da HIC \u00e9 perfeita para servir creme e leite em todos os servi\u00e7os de caf\u00e9 e ch\u00e1<\/li>\n                                        <li>Feito de porcelana de boa qualidade; bico sem gotejamento para menos bagun\u00e7a; al\u00e7a confort\u00e1vel mant\u00e9m os dedos longe de &#8230;<\/li>\n                                        <li>Perfeito para servir limonada, ch\u00e1 gelado e outras bebidas e conte\u00fado quente ou aquecido, como xarope de bordo quente, a&#8230;<\/li>\n                            <\/ul>\n                        <\/div>\n                            <div class=\"hostinger-affiliate-block-single-type__product-actions\">\n                                    <div class=\"hostinger-affiliate-block-single-type__product-price\">\n                        R$120,02                    <\/div>\n                                    <div class=\"hostinger-affiliate-block-single-type__product-button-wrap\">\n                    <a href=\"https:\/\/www.amazon.com.br\/dp\/B002GJ8WNK?tag=joaopedro047-20\" class=\"hostinger-affiliate-block-single-type__product-amazon-button\" target=\"_blank\" rel=\"nofollow noopener noreferrer\">\n    Buy on Amazon<\/a>\n                <\/div>\n\n            <\/div>\n        <\/div>\n    <\/div>\n    \n\n\n<p>\ud83d\udd17 <a href=\"https:\/\/amzn.to\/4d4vLlz\" data-type=\"link\" data-id=\"https:\/\/amzn.to\/4d4vLlz\" target=\"_blank\" rel=\"noopener\">Jarra de Cer\u00e2mica Branca Minimalista \u2013 Amazon<\/a> (outro modelo)<\/p>\n\n\n\n<h2 id='6-planta-artificial-com-cachep\u00f4-de-cimento'  class=\"wp-block-heading\"><strong>6. Planta Artificial com Cachep\u00f4 de Cimento<\/strong><\/h2>\n\n\n\n<p>A <strong><a href=\"https:\/\/www.amazon.com.br\/dp\/B0CKJ9MYVS?tag=joaopedro047-20&amp;th=1\" data-type=\"link\" data-id=\"https:\/\/www.amazon.com.br\/dp\/B0CKJ9MYVS?tag=joaopedro047-20&amp;th=1\" target=\"_blank\" rel=\"noopener\">vegeta\u00e7\u00e3o<\/a><\/strong> traz frescor ao ambiente. Para quem prefere praticidade, plantas artificiais de qualidade, como esta, s\u00e3o ideais para manter o visual natural sem manuten\u00e7\u00e3o.<br>(Voc\u00ea pode ver outro modelo no link mais abaixo)<\/p>\n\n\n    <div class=\"hostinger-affiliate-block-single-type\">\n                    <div class=\"hostinger-affiliate-block-single-type__image\">\n                <a href=\"https:\/\/www.amazon.com.br\/dp\/B0CKJ9MYVS?tag=joaopedro047-20\" target=\"_blank\" rel=\"nofollow noopener noreferrer\">\n                    <img decoding=\"async\" src=\"https:\/\/m.media-amazon.com\/images\/I\/41NnDgJecQL.jpg\" alt=\"Bambu Artificial Folha Grande Com Vaso 3D Polietileno Decora\u00e7\u00e3o (...\">\n                <\/a>\n            <\/div>\n                    <div class=\"hostinger-affiliate-block-single-type__product-data\">\n            <div class=\"hostinger-affiliate-block-single-type__product-title\">\n                <a href=\"https:\/\/www.amazon.com.br\/dp\/B0CKJ9MYVS?tag=joaopedro047-20\" target=\"_blank\" rel=\"nofollow noopener noreferrer\">\n                    <h3 id='bambu-artificial-folha-grande-com-vaso-3d-polietileno-decora\u00e7\u00e3o'>\n                        Bambu Artificial Folha Grande Com Vaso 3D Polietileno Decora\u00e7\u00e3o (&#8230;                    <\/h3>\n                <\/a>\n            <\/div>\n                            <div class=\"hostinger-affiliate-block-single-type__product-description\">\n                            <ul>\n                                <li>Folhas de silicone toque real<\/li>\n                                        <li>3 Hastes de bambu natural tratado<\/li>\n                                        <li>Vaso de polietileno injetado em diversas cores<\/li>\n                            <\/ul>\n                        <\/div>\n                            <div class=\"hostinger-affiliate-block-single-type__product-actions\">\n                                <div class=\"hostinger-affiliate-block-single-type__product-button-wrap\">\n                    <a href=\"https:\/\/www.amazon.com.br\/dp\/B0CKJ9MYVS?tag=joaopedro047-20\" class=\"hostinger-affiliate-block-single-type__product-amazon-button\" target=\"_blank\" rel=\"nofollow noopener noreferrer\">\n    Buy on Amazon<\/a>\n                <\/div>\n\n            <\/div>\n        <\/div>\n    <\/div>\n    \n\n\n<p>\ud83d\udd17 <a href=\"https:\/\/amzn.to\/42OxaJM\" data-type=\"link\" data-id=\"https:\/\/amzn.to\/42OxaJM\" target=\"_blank\" rel=\"noopener\">Planta Artificial com Vaso Estilo Cimento \u2013 Amazon<\/a> (outro modelo)<\/p>\n\n\n\n<hr class=\"wp-block-separator has-alpha-channel-opacity\"\/>\n\n\n\n<h2 id='cozinha-americana-integra\u00e7\u00e3o-e-estilo-no-cora\u00e7\u00e3o-da-casa'  class=\"wp-block-heading\"><strong>Cozinha Americana: Integra\u00e7\u00e3o e estilo no cora\u00e7\u00e3o da casa<\/strong><\/h2>\n\n\n\n<p>Ambientes integrados pedem equil\u00edbrio e boas escolhas. Cada elemento apresentado neste artigo foi pensado para maximizar o espa\u00e7o, manter a fluidez visual e criar uma atmosfera acolhedora.<\/p>\n\n\n\n<p>Ao investir em m\u00f3veis e objetos funcionais com design elegante, voc\u00ea transforma sua cozinha e sala de jantar em um espa\u00e7o moderno, organizado e pronto para receber.<\/p>\n\n\n\n<p><strong>Seu lar merece o melhor do design. Comece agora, pe\u00e7a por pe\u00e7a, com os links acima.<\/strong><\/p>\n\n\n\n<p>Voc\u00ea pode ver mais decorados <a href=\"https:\/\/1truenote.com\/en\/category\/e-commerce\/\" data-type=\"link\" data-id=\"https:\/\/1truenote.com\/category\/e-commerce\/\">aqui<\/a>.<\/p>","protected":false},"excerpt":{"rendered":"<p>Em ambientes integrados como cozinha com sala de jantar, cada escolha precisa unir praticidade e design. A composi\u00e7\u00e3o ideal aproveita&#8230;<\/p>","protected":false},"author":1,"featured_media":1511,"comment_status":"open","ping_status":"open","sticky":false,"template":"","format":"standard","meta":{"_kad_post_transparent":"","_kad_post_title":"","_kad_post_layout":"","_kad_post_sidebar_id":"","_kad_post_content_style":"","_kad_post_vertical_padding":"","_kad_post_feature":"","_kad_post_feature_position":"","_kad_post_header":false,"_kad_post_footer":false,"_kad_post_classname":"","footnotes":"","jetpack_publicize_message":"","jetpack_publicize_feature_enabled":true,"jetpack_social_post_already_shared":false,"jetpack_social_options":{"image_generator_settings":{"template":"highway","default_image_id":0,"font":"","enabled":false},"version":2}},"categories":[10],"tags":[32,14],"class_list":["post-1510","post","type-post","status-publish","format-standard","has-post-thumbnail","hentry","category-e-commerce","tag-decorados","tag-interiores-inovadores"],"jetpack_publicize_connections":[],"jetpack_featured_media_url":"https:\/\/i0.wp.com\/1truenote.com\/wp-content\/uploads\/2025\/05\/ChatGPT-Image-7-de-mai.-de-2025-17_41_18.png?fit=1536%2C1024&ssl=1","jetpack_sharing_enabled":true,"_links":{"self":[{"href":"https:\/\/1truenote.com\/en\/wp-json\/wp\/v2\/posts\/1510","targetHints":{"allow":["GET"]}}],"collection":[{"href":"https:\/\/1truenote.com\/en\/wp-json\/wp\/v2\/posts"}],"about":[{"href":"https:\/\/1truenote.com\/en\/wp-json\/wp\/v2\/types\/post"}],"author":[{"embeddable":true,"href":"https:\/\/1truenote.com\/en\/wp-json\/wp\/v2\/users\/1"}],"replies":[{"embeddable":true,"href":"https:\/\/1truenote.com\/en\/wp-json\/wp\/v2\/comments?post=1510"}],"version-history":[{"count":0,"href":"https:\/\/1truenote.com\/en\/wp-json\/wp\/v2\/posts\/1510\/revisions"}],"wp:featuredmedia":[{"embeddable":true,"href":"https:\/\/1truenote.com\/en\/wp-json\/wp\/v2\/media\/1511"}],"wp:attachment":[{"href":"https:\/\/1truenote.com\/en\/wp-json\/wp\/v2\/media?parent=1510"}],"wp:term":[{"taxonomy":"category","embeddable":true,"href":"https:\/\/1truenote.com\/en\/wp-json\/wp\/v2\/categories?post=1510"},{"taxonomy":"post_tag","embeddable":true,"href":"https:\/\/1truenote.com\/en\/wp-json\/wp\/v2\/tags?post=1510"}],"curies":[{"name":"wp","href":"https:\/\/api.w.org\/{rel}","templated":true}]}}