{"id":1501,"date":"2025-05-07T22:39:06","date_gmt":"2025-05-07T19:39:06","guid":{"rendered":"https:\/\/1truenote.com\/?p=1501"},"modified":"2025-05-19T21:06:43","modified_gmt":"2025-05-19T18:06:43","slug":"moveis-modernos-sala-estar","status":"publish","type":"post","link":"https:\/\/1truenote.com\/en\/moveis-modernos-sala-estar\/","title":{"rendered":"SALA DE ESTAR: Transforme sua sala de estar com m\u00f3veis modernos"},"content":{"rendered":"<p>A sala de estar \u00e9 o cora\u00e7\u00e3o da casa, onde recebemos amigos, relaxamos ap\u00f3s um dia agitado e compartilhamos momentos especiais com a fam\u00edlia.<\/p>\n\n\n\n<p>Para criar um ambiente acolhedor e estiloso, a escolha dos m\u00f3veis modernos certos \u00e9 essencial.<\/p>\n\n\n\n<p class=\"has-text-align-left\">Selecionamos pe\u00e7as modernas e funcionais dispon\u00edveis na Amazon que v\u00e3o transformar sua sala em um espa\u00e7o sofisticado e confort\u00e1vel.<\/p>\n\n\n\n<p class=\"has-text-align-center\"><strong>Voc\u00ea pode ver os produtos da imagem do decorado e comprar o produto de sua escolha nos links abaixo Amazon.<\/strong><\/p>\n\n\n\n<hr class=\"wp-block-separator has-alpha-channel-opacity\"\/>\n\n\n\n<p class=\"has-text-align-center\"><strong>DECORADO &#8211; SALA DE ESTAR<\/strong><\/p>\n\n\n\n<figure class=\"wp-block-image aligncenter size-large\"><img data-recalc-dims=\"1\" fetchpriority=\"high\" decoding=\"async\" width=\"1024\" height=\"683\" src=\"https:\/\/i0.wp.com\/1truenote.com\/wp-content\/uploads\/2025\/05\/ChatGPT-Image-7-de-mai.-de-2025-16_04_25.png?resize=1024%2C683&#038;ssl=1\" alt=\"Decorado 1Sala de estarM\u00f3veis modernos\" class=\"wp-image-1503\" srcset=\"https:\/\/i0.wp.com\/1truenote.com\/wp-content\/uploads\/2025\/05\/ChatGPT-Image-7-de-mai.-de-2025-16_04_25.png?resize=1024%2C683&amp;ssl=1 1024w, https:\/\/i0.wp.com\/1truenote.com\/wp-content\/uploads\/2025\/05\/ChatGPT-Image-7-de-mai.-de-2025-16_04_25.png?resize=300%2C200&amp;ssl=1 300w, https:\/\/i0.wp.com\/1truenote.com\/wp-content\/uploads\/2025\/05\/ChatGPT-Image-7-de-mai.-de-2025-16_04_25.png?resize=768%2C512&amp;ssl=1 768w, https:\/\/i0.wp.com\/1truenote.com\/wp-content\/uploads\/2025\/05\/ChatGPT-Image-7-de-mai.-de-2025-16_04_25.png?w=1536&amp;ssl=1 1536w\" sizes=\"(max-width: 1024px) 100vw, 1024px\" \/><\/figure>\n\n\n\n<hr class=\"wp-block-separator has-alpha-channel-opacity\"\/>\n\n\n\n<h2 id='1-sof\u00e1-modular-em-boucle-conforto-e-estilo-e-m\u00f3veis-modernos'  class=\"wp-block-heading\"><strong>1. Sof\u00e1 Modular em Boucle: Conforto e Estilo e M\u00f3veis Modernos<\/strong><\/h2>\n\n\n\n<p>O <strong><a href=\"https:\/\/amzn.to\/4m62TNW\" data-type=\"link\" data-id=\"https:\/\/amzn.to\/4m62TNW\" target=\"_blank\" rel=\"noopener\">Sof\u00e1 na Caixa modular em Boucle<\/a><\/strong> \u00e9 perfeito para quem busca versatilidade e design contempor\u00e2neo. Com tecido pet friendly e estrutura robusta, ele se adapta a diferentes espa\u00e7os e necessidades.<br>(Abaixo o modelo completo com 4 m\u00f3dulos mas voc\u00ea pode comprar os m\u00f3dulos individualmente no link mais abaixo)<\/p>\n\n\n    <div class=\"hostinger-affiliate-block-single-type\">\n                    <div class=\"hostinger-affiliate-block-single-type__image\">\n                <a href=\"https:\/\/www.amazon.com.br\/dp\/B0D5HQX3T3?tag=joaopedro047-20\" target=\"_blank\" rel=\"nofollow noopener noreferrer\">\n                    <img decoding=\"async\" src=\"https:\/\/m.media-amazon.com\/images\/I\/31guBZXq2IL.jpg\" alt=\"Sof\u00e1 4 lugares Modular com 2 Apoios (Puff) - Sof\u00e1 na Caixa em Bou...\">\n                <\/a>\n            <\/div>\n                    <div class=\"hostinger-affiliate-block-single-type__product-data\">\n            <div class=\"hostinger-affiliate-block-single-type__product-title\">\n                <a href=\"https:\/\/www.amazon.com.br\/dp\/B0D5HQX3T3?tag=joaopedro047-20\" target=\"_blank\" rel=\"nofollow noopener noreferrer\">\n                    <h3 id='sof\u00e1-4-lugares-modular-com-2-apoios-puff-sof\u00e1-na-caixa-em-bou'>\n                        Sof\u00e1 4 lugares Modular com 2 Apoios (Puff) &#8211; Sof\u00e1 na Caixa em Bou&#8230;                    <\/h3>\n                <\/a>\n            <\/div>\n                            <div class=\"hostinger-affiliate-block-single-type__product-description\">\n                            <ul>\n                                <li>\ud83d\udecb\ufe0fConforto em primeiro lugar: O Sof\u00e1 modular possui um assento firme na medida certa, com densidade m\u00e9dia\/alta para mant&#8230;<\/li>\n                                        <li>\ud83c\udf43 Tecido leve ao toque: Revestido com Boucle LuxBlend o Sof\u00e1 na Caixa possui uma sensa\u00e7\u00e3o sedosa ao toque, beleza est\u00e9ti&#8230;<\/li>\n                                        <li>\ud83c\udfe1 Estilo e Design: O Sof\u00e1 na Caixa possui um conceito Moderno e minimalista, com cores neutras para se adequar a qualque&#8230;<\/li>\n                            <\/ul>\n                        <\/div>\n                            <div class=\"hostinger-affiliate-block-single-type__product-actions\">\n                                    <div class=\"hostinger-affiliate-block-single-type__product-price\">\n                        R$6.599,00                    <\/div>\n                                    <div class=\"hostinger-affiliate-block-single-type__product-button-wrap\">\n                    <a href=\"https:\/\/www.amazon.com.br\/dp\/B0D5HQX3T3?tag=joaopedro047-20\" class=\"hostinger-affiliate-block-single-type__product-amazon-button\" target=\"_blank\" rel=\"nofollow noopener noreferrer\">\n    Buy on Amazon<\/a>\n                <\/div>\n\n            <\/div>\n        <\/div>\n    <\/div>\n    \n\n\n<p>\ud83d\udd17 <a href=\"https:\/\/amzn.to\/4m62TNW\" data-type=\"link\" data-id=\"https:\/\/amzn.to\/4m62TNW\" target=\"_blank\" rel=\"noopener\">Sof\u00e1 na Caixa modular em Boucle &#8211; Amazon<\/a> (apenas 1 m\u00f3dulo para montar do seu jeito)<\/p>\n\n\n\n<h2 id='2-mesa-de-centro-minimalista-funcionalidade-com-eleg\u00e2ncia'  class=\"wp-block-heading\"><strong>2. Mesa de Centro Minimalista: Funcionalidade com Eleg\u00e2ncia<\/strong><\/h2>\n\n\n\n<p>A <strong><a href=\"https:\/\/amzn.to\/3Z5nKXK\" data-type=\"link\" data-id=\"https:\/\/amzn.to\/3Z5nKXK\" target=\"_blank\" rel=\"noopener\">mesa de centro retangular da SAYGOER<\/a><\/strong> combina linhas simples com praticidade. Ideal para salas compactas, oferece espa\u00e7o para apoiar objetos decorativos e itens do dia a dia.<br>(Voc\u00ea pode ver um modelo mais barato e compacto no link mais abaixo)<\/p>\n\n\n    <div class=\"hostinger-affiliate-block-single-type\">\n                    <div class=\"hostinger-affiliate-block-single-type__image\">\n                <a href=\"https:\/\/www.amazon.com.br\/dp\/B094NTR166?tag=joaopedro047-20\" target=\"_blank\" rel=\"nofollow noopener noreferrer\">\n                    <img decoding=\"async\" src=\"https:\/\/m.media-amazon.com\/images\/I\/51Jplmb+neL.jpg\" alt=\"SAYGOER Mesa de centro de vidro, pequena mesa de centro moderna q...\">\n                <\/a>\n            <\/div>\n                    <div class=\"hostinger-affiliate-block-single-type__product-data\">\n            <div class=\"hostinger-affiliate-block-single-type__product-title\">\n                <a href=\"https:\/\/www.amazon.com.br\/dp\/B094NTR166?tag=joaopedro047-20\" target=\"_blank\" rel=\"nofollow noopener noreferrer\">\n                    <h3 id='saygoer-mesa-de-centro-de-vidro-pequena-mesa-de-centro-moderna-q'>\n                        SAYGOER Mesa de centro de vidro, pequena mesa de centro moderna q&#8230;                    <\/h3>\n                <\/a>\n            <\/div>\n                            <div class=\"hostinger-affiliate-block-single-type__product-description\">\n                            <ul>\n                                <li>F\u00e1cil montagem: precisa de apenas 5 minutos, voc\u00ea receber\u00e1 uma mesa de centro de vidro simples e requintada.<\/li>\n                                        <li>Vers\u00e1til em diferentes espa\u00e7os: design moderno e simples, adequado n\u00e3o apenas para a sala de estar, mas tamb\u00e9m para o es&#8230;<\/li>\n                                        <li>Minimalismo: vidro cinza temperado de luxo acess\u00edvel com moldura de metal fosco quadrado preto sem decora\u00e7\u00e3o extra, linh&#8230;<\/li>\n                            <\/ul>\n                        <\/div>\n                            <div class=\"hostinger-affiliate-block-single-type__product-actions\">\n                                    <div class=\"hostinger-affiliate-block-single-type__product-price\">\n                        R$1.085,59                    <\/div>\n                                    <div class=\"hostinger-affiliate-block-single-type__product-button-wrap\">\n                    <a href=\"https:\/\/www.amazon.com.br\/dp\/B094NTR166?tag=joaopedro047-20\" class=\"hostinger-affiliate-block-single-type__product-amazon-button\" target=\"_blank\" rel=\"nofollow noopener noreferrer\">\n    Buy on Amazon<\/a>\n                <\/div>\n\n            <\/div>\n        <\/div>\n    <\/div>\n    \n\n\n<p>\ud83d\udd17 <a href=\"https:\/\/amzn.to\/3Z5nKXK\" data-type=\"link\" data-id=\"https:\/\/amzn.to\/3Z5nKXK\" target=\"_blank\" rel=\"noopener\">Mesa de Centro SAYGOER &#8211; Amazon<\/a> (modelo menor, tipo o decorado e mais barato)<\/p>\n\n\n\n<h2 id='3-estante-industrial-de-madeira-organiza\u00e7\u00e3o-com-charme'  class=\"wp-block-heading\"><strong>3. Estante Industrial de Madeira: Organiza\u00e7\u00e3o com Charme<\/strong><\/h2>\n\n\n\n<p>A <strong><a href=\"https:\/\/amzn.to\/4d28nFi\" data-type=\"link\" data-id=\"https:\/\/amzn.to\/4d28nFi\" target=\"_blank\" rel=\"noopener\">estante da JE HOME<\/a><\/strong> traz um toque industrial \u00e0 decora\u00e7\u00e3o, com cinco prateleiras espa\u00e7osas para livros, plantas e objetos decorativos. Sua estrutura em madeira MDP garante durabilidade e estilo. (Voc\u00ea pode ver outro modelo mais parecido com o decorado no link mais abaixo)<\/p>\n\n\n    <div class=\"hostinger-affiliate-block-single-type\">\n                    <div class=\"hostinger-affiliate-block-single-type__image\">\n                <a href=\"https:\/\/www.amazon.com.br\/dp\/B089Y5B5WW?tag=joaopedro047-20\" target=\"_blank\" rel=\"nofollow noopener noreferrer\">\n                    <img decoding=\"async\" src=\"https:\/\/m.media-amazon.com\/images\/I\/51vk7X+9ZaL.jpg\" alt=\"Estante Multiuso 5 Prateleiras 187x60cm Estilo Industrial, Compac...\">\n                <\/a>\n            <\/div>\n                    <div class=\"hostinger-affiliate-block-single-type__product-data\">\n            <div class=\"hostinger-affiliate-block-single-type__product-title\">\n                <a href=\"https:\/\/www.amazon.com.br\/dp\/B089Y5B5WW?tag=joaopedro047-20\" target=\"_blank\" rel=\"nofollow noopener noreferrer\">\n                    <h3 id='estante-multiuso-5-prateleiras-187x60cm-estilo-industrial-compac'>\n                        Estante Multiuso 5 Prateleiras 187x60cm Estilo Industrial, Compac&#8230;                    <\/h3>\n                <\/a>\n            <\/div>\n                            <div class=\"hostinger-affiliate-block-single-type__product-description\">\n                            <ul>\n                                <li>Estante Kuadra 60X40X187cm C\/05 Prateleiras Amadeirado \/ Est.Preta<\/li>\n                                        <li>Composi\u00e7\u00e3o do produto: MDP<\/li>\n                                        <li>Marca do produto: Compace<\/li>\n                            <\/ul>\n                        <\/div>\n                            <div class=\"hostinger-affiliate-block-single-type__product-actions\">\n                                    <div class=\"hostinger-affiliate-block-single-type__product-price\">\n                        R$369,90                    <\/div>\n                                    <div class=\"hostinger-affiliate-block-single-type__product-button-wrap\">\n                    <a href=\"https:\/\/www.amazon.com.br\/dp\/B089Y5B5WW?tag=joaopedro047-20\" class=\"hostinger-affiliate-block-single-type__product-amazon-button\" target=\"_blank\" rel=\"nofollow noopener noreferrer\">\n    Buy on Amazon<\/a>\n                <\/div>\n\n            <\/div>\n        <\/div>\n    <\/div>\n    \n\n\n<p>\ud83d\udd17 <a href=\"https:\/\/amzn.to\/4d28nFi\" data-type=\"link\" data-id=\"https:\/\/amzn.to\/4d28nFi\" target=\"_blank\" rel=\"noopener\">Estante Industrial JE HOME &#8211; Amazon<\/a> (modelo mais parecido com o decorado e mais barato)<\/p>\n\n\n\n<h2 id='4-lumin\u00e1ria-de-ch\u00e3o-moderna-ilumina\u00e7\u00e3o-sofisticada'  class=\"wp-block-heading\"><strong>4. Lumin\u00e1ria de Ch\u00e3o Moderna: Ilumina\u00e7\u00e3o Sofisticada<\/strong><\/h2>\n\n\n\n<p>A<strong> <a href=\"https:\/\/amzn.to\/451ahUK\" data-type=\"link\" data-id=\"https:\/\/amzn.to\/451ahUK\" target=\"_blank\" rel=\"noopener\">lumin\u00e1ria de ch\u00e3o da LucZeng<\/a><\/strong> oferece ilumina\u00e7\u00e3o ajust\u00e1vel com tr\u00eas temperaturas de cor, perfeita para criar diferentes atmosferas na sua sala. Seu design moderno complementa qualquer decora\u00e7\u00e3o. (Modelo mais parecido com o decorado no link mais abaixo)<\/p>\n\n\n    <div class=\"hostinger-affiliate-block-single-type\">\n                    <div class=\"hostinger-affiliate-block-single-type__image\">\n                <a href=\"https:\/\/www.amazon.com.br\/dp\/B0DW5CR7CF?tag=joaopedro047-20\" target=\"_blank\" rel=\"nofollow noopener noreferrer\">\n                    <img decoding=\"async\" src=\"https:\/\/m.media-amazon.com\/images\/I\/31We6-eJNGL.jpg\" alt=\"Abajur de ch\u00e3o detalhe em cobre luminaria de piso curva lumin\u00e1ria...\">\n                <\/a>\n            <\/div>\n                    <div class=\"hostinger-affiliate-block-single-type__product-data\">\n            <div class=\"hostinger-affiliate-block-single-type__product-title\">\n                <a href=\"https:\/\/www.amazon.com.br\/dp\/B0DW5CR7CF?tag=joaopedro047-20\" target=\"_blank\" rel=\"nofollow noopener noreferrer\">\n                    <h3 id='abajur-de-ch\u00e3o-detalhe-em-cobre-luminaria-de-piso-curva-lumin\u00e1ria'>\n                        Abajur de ch\u00e3o detalhe em cobre luminaria de piso curva lumin\u00e1ria&#8230;                    <\/h3>\n                <\/a>\n            <\/div>\n                            <div class=\"hostinger-affiliate-block-single-type__product-description\">\n                            <ul>\n                                <li>\u2605\u3010ALTURA TOTAL 1,60M\u3011<\/li>\n                                        <li>\u2605\u3010CONTROLE PARA ONDE A LUZ APONTA\u3011: Ajuste o foco da ilumina\u00e7\u00e3o com precis\u00e3o, gra\u00e7as \u00e0 articula\u00e7\u00e3o suave que conecta \u00e0 c&#8230;<\/li>\n                                        <li>\u2605\u3010BASE QUE GARANTE O EQUIL\u00cdBRIO\u3011: Uma base robusta e bem projetada mant\u00e9m a lumin\u00e1ria firme e est\u00e1vel, mesmo em pisos me&#8230;<\/li>\n                            <\/ul>\n                        <\/div>\n                            <div class=\"hostinger-affiliate-block-single-type__product-actions\">\n                                    <div class=\"hostinger-affiliate-block-single-type__product-price\">\n                        R$199,90                    <\/div>\n                                    <div class=\"hostinger-affiliate-block-single-type__product-button-wrap\">\n                    <a href=\"https:\/\/www.amazon.com.br\/dp\/B0DW5CR7CF?tag=joaopedro047-20\" class=\"hostinger-affiliate-block-single-type__product-amazon-button\" target=\"_blank\" rel=\"nofollow noopener noreferrer\">\n    Buy on Amazon<\/a>\n                <\/div>\n\n            <\/div>\n        <\/div>\n    <\/div>\n    \n\n\n<p>\ud83d\udd17 <a href=\"https:\/\/amzn.to\/451ahUK\" data-type=\"link\" data-id=\"https:\/\/amzn.to\/451ahUK\" target=\"_blank\" rel=\"noopener\">Lumin\u00e1ria de Ch\u00e3o LucZeng &#8211; Amazon<\/a> (modelo mais parecido com o decorado)<\/p>\n\n\n\n<h2 id='5-tapete-antiderrapante-luxuoso-conforto-sob-os-p\u00e9s'  class=\"wp-block-heading\"><strong>5. Tapete Antiderrapante Luxuoso: Conforto Sob os P\u00e9s<\/strong><\/h2>\n\n\n\n<p>O <strong><a href=\"https:\/\/amzn.to\/3Za8nxh\" data-type=\"link\" data-id=\"https:\/\/amzn.to\/3Za8nxh\" target=\"_blank\" rel=\"noopener\">tapete emborrachado mescla cinza<\/a><\/strong> da Amazon \u00e9 macio, f\u00e1cil de limpar e possui base antiderrapante, garantindo seguran\u00e7a e conforto. Seu design neutro se adapta a diversos estilos de decora\u00e7\u00e3o. (Modelo do decorado com cupom de desconto no link mais abaixo)<\/p>\n\n\n    <div class=\"hostinger-affiliate-block-single-type\">\n                    <div class=\"hostinger-affiliate-block-single-type__image\">\n                <a href=\"https:\/\/www.amazon.com.br\/dp\/B0DDV1QC1R?tag=joaopedro047-20\" target=\"_blank\" rel=\"nofollow noopener noreferrer\">\n                    <img decoding=\"async\" src=\"https:\/\/m.media-amazon.com\/images\/I\/51EfgYdKaoL.jpg\" alt=\"Tapete Premium Cinza 2,00X3,00 Casa Apartamento Sala Quarto Cozin...\">\n                <\/a>\n            <\/div>\n                    <div class=\"hostinger-affiliate-block-single-type__product-data\">\n            <div class=\"hostinger-affiliate-block-single-type__product-title\">\n                <a href=\"https:\/\/www.amazon.com.br\/dp\/B0DDV1QC1R?tag=joaopedro047-20\" target=\"_blank\" rel=\"nofollow noopener noreferrer\">\n                    <h3 id='tapete-premium-cinza-2-00x3-00-casa-apartamento-sala-quarto-cozin'>\n                        Tapete Premium Cinza 2,00X3,00 Casa Apartamento Sala Quarto Cozin&#8230;                    <\/h3>\n                <\/a>\n            <\/div>\n                            <div class=\"hostinger-affiliate-block-single-type__product-description\">\n                            <ul>\n                                <li>Design Moderno: Estilo elegante que complementa qualquer decora\u00e7\u00e3o, dispon\u00edvel em diversas cores e padr\u00f5es.<\/li>\n                                        <li>Durabilidade Garantida: Feito com materiais de alta qualidade que garantem longa durabilidade.<\/li>\n                                        <li>Multiuso: Pode ser usado na sala de estar, quarto, escrit\u00f3rio ou qualquer outro espa\u00e7o da casa.<\/li>\n                            <\/ul>\n                        <\/div>\n                            <div class=\"hostinger-affiliate-block-single-type__product-actions\">\n                                    <div class=\"hostinger-affiliate-block-single-type__product-price\">\n                        R$199,90                    <\/div>\n                                    <div class=\"hostinger-affiliate-block-single-type__product-button-wrap\">\n                    <a href=\"https:\/\/www.amazon.com.br\/dp\/B0DDV1QC1R?tag=joaopedro047-20\" class=\"hostinger-affiliate-block-single-type__product-amazon-button\" target=\"_blank\" rel=\"nofollow noopener noreferrer\">\n    Buy on Amazon<\/a>\n                <\/div>\n\n            <\/div>\n        <\/div>\n    <\/div>\n    \n\n\n<p>\ud83d\udd17 <a href=\"https:\/\/amzn.to\/3Za8nxh\" data-type=\"link\" data-id=\"https:\/\/amzn.to\/3Za8nxh\" target=\"_blank\" rel=\"noopener\">Tapete Antiderrapante Luxuoso &#8211; Amazon<\/a> (modelo do decorado com cupom de desconto)<\/p>\n\n\n\n<hr class=\"wp-block-separator has-alpha-channel-opacity\"\/>\n\n\n\n<h2 id='sua-sala-de-estar-renovada-com-estilo-m\u00f3veis-modernos'  class=\"wp-block-heading\"><strong>Sua sala de estar renovada com estilo &#8211; M\u00f3veis modernos<\/strong><\/h2>\n\n\n\n<p>Investir em m\u00f3veis modernos e funcionais \u00e9 a chave para transformar sua sala de estar em um ambiente acolhedor e elegante.<\/p>\n\n\n\n<p>Com as <strong>op\u00e7\u00f5es acima, dispon\u00edveis na Amazon, voc\u00ea pode renovar seu espa\u00e7o<\/strong> com praticidade e bom gosto. Aproveite para criar um ambiente que reflita sua personalidade e proporcione conforto para voc\u00ea e sua fam\u00edlia.<\/p>\n\n\n\n<p>Voc\u00ea pode ver <strong>mais decorados<\/strong> <a href=\"https:\/\/1truenote.com\/en\/category\/e-commerce\/\" data-type=\"link\" data-id=\"https:\/\/1truenote.com\/category\/e-commerce\/\">aqui<\/a>.<\/p>","protected":false},"excerpt":{"rendered":"<p>A sala de estar \u00e9 o cora\u00e7\u00e3o da casa, onde recebemos amigos, relaxamos ap\u00f3s um dia agitado e compartilhamos momentos&#8230;<\/p>","protected":false},"author":1,"featured_media":1502,"comment_status":"open","ping_status":"open","sticky":false,"template":"","format":"standard","meta":{"_kad_post_transparent":"","_kad_post_title":"","_kad_post_layout":"","_kad_post_sidebar_id":"","_kad_post_content_style":"","_kad_post_vertical_padding":"","_kad_post_feature":"","_kad_post_feature_position":"","_kad_post_header":false,"_kad_post_footer":false,"_kad_post_classname":"","footnotes":"","jetpack_publicize_message":"","jetpack_publicize_feature_enabled":true,"jetpack_social_post_already_shared":false,"jetpack_social_options":{"image_generator_settings":{"template":"highway","default_image_id":0,"font":"","enabled":false},"version":2}},"categories":[10],"tags":[32,14],"class_list":["post-1501","post","type-post","status-publish","format-standard","has-post-thumbnail","hentry","category-e-commerce","tag-decorados","tag-interiores-inovadores"],"jetpack_publicize_connections":[],"jetpack_featured_media_url":"https:\/\/i0.wp.com\/1truenote.com\/wp-content\/uploads\/2025\/05\/ChatGPT-Image-7-de-mai.-de-2025-16_06_34.png?fit=1536%2C1024&ssl=1","jetpack_sharing_enabled":true,"_links":{"self":[{"href":"https:\/\/1truenote.com\/en\/wp-json\/wp\/v2\/posts\/1501","targetHints":{"allow":["GET"]}}],"collection":[{"href":"https:\/\/1truenote.com\/en\/wp-json\/wp\/v2\/posts"}],"about":[{"href":"https:\/\/1truenote.com\/en\/wp-json\/wp\/v2\/types\/post"}],"author":[{"embeddable":true,"href":"https:\/\/1truenote.com\/en\/wp-json\/wp\/v2\/users\/1"}],"replies":[{"embeddable":true,"href":"https:\/\/1truenote.com\/en\/wp-json\/wp\/v2\/comments?post=1501"}],"version-history":[{"count":0,"href":"https:\/\/1truenote.com\/en\/wp-json\/wp\/v2\/posts\/1501\/revisions"}],"wp:featuredmedia":[{"embeddable":true,"href":"https:\/\/1truenote.com\/en\/wp-json\/wp\/v2\/media\/1502"}],"wp:attachment":[{"href":"https:\/\/1truenote.com\/en\/wp-json\/wp\/v2\/media?parent=1501"}],"wp:term":[{"taxonomy":"category","embeddable":true,"href":"https:\/\/1truenote.com\/en\/wp-json\/wp\/v2\/categories?post=1501"},{"taxonomy":"post_tag","embeddable":true,"href":"https:\/\/1truenote.com\/en\/wp-json\/wp\/v2\/tags?post=1501"}],"curies":[{"name":"wp","href":"https:\/\/api.w.org\/{rel}","templated":true}]}}