{"id":1498,"date":"2025-05-07T21:33:41","date_gmt":"2025-05-07T18:33:41","guid":{"rendered":"https:\/\/1truenote.com\/?p=1498"},"modified":"2025-05-10T00:01:47","modified_gmt":"2025-05-09T21:01:47","slug":"decoracao-inteligente-casas-pequenas","status":"publish","type":"post","link":"https:\/\/1truenote.com\/en\/decoracao-inteligente-casas-pequenas\/","title":{"rendered":"Decora\u00e7\u00e3o Inteligente: 5 Produtos essenciais para casas e microcasas modernas"},"content":{"rendered":"<p>Em tempos de espa\u00e7os cada vez mais compactos, como microcasas e apartamentos pequenos, a <strong>decora\u00e7\u00e3o inteligente<\/strong> se torna essencial. Selecionamos produtos que unem funcionalidade e estilo, perfeitos para otimizar cada cent\u00edmetro do seu lar.<\/p>\n\n\n\n<h2 id='1-mesinha-de-cabeceira-com-luz-led-integrada-para-uma-decora\u00e7\u00e3o-inteligente'  class=\"wp-block-heading\"><strong>1. Mesinha de Cabeceira com Luz LED Integrada para uma decora\u00e7\u00e3o inteligente<\/strong><\/h2>\n\n\n\n<p>Uma mesinha que combina armazenamento e ilumina\u00e7\u00e3o, ideal para quartos pequenos. Com luz LED multicolorida e controle remoto, ela adiciona um toque moderno ao ambiente.<\/p>\n\n\n    <div class=\"hostinger-affiliate-block-single-type\">\n                    <div class=\"hostinger-affiliate-block-single-type__image\">\n                <a href=\"https:\/\/www.amazon.com.br\/dp\/B0D3X6B9L6?tag=joaopedro047-20\" target=\"_blank\" rel=\"nofollow noopener noreferrer\">\n                    <img decoding=\"async\" src=\"https:\/\/m.media-amazon.com\/images\/I\/51wdedFCHIL.jpg\" alt=\"Caredear Mesa de Cabeceira Inteligente Cinza 48 cm A x 40 cm P x ...\">\n                <\/a>\n            <\/div>\n                    <div class=\"hostinger-affiliate-block-single-type__product-data\">\n            <div class=\"hostinger-affiliate-block-single-type__product-title\">\n                <a href=\"https:\/\/www.amazon.com.br\/dp\/B0D3X6B9L6?tag=joaopedro047-20\" target=\"_blank\" rel=\"nofollow noopener noreferrer\">\n                    <h3 id='caredear-mesa-de-cabeceira-inteligente-cinza-48-cm-a-x-40-cm-p-x'>\n                        Caredear Mesa de Cabeceira Inteligente Cinza 48 cm A x 40 cm P x &#8230;                    <\/h3>\n                <\/a>\n            <\/div>\n                            <div class=\"hostinger-affiliate-block-single-type__product-description\">\n                            <ul>\n                                <li>Gaveta com trava de impress\u00e3o digital: a gaveta superior possui uma trava de impress\u00e3o digital, oferecendo armazenamento&#8230;<\/li>\n                                        <li>\u3010Pr\u00e9-montado\u3011- tudo \u00e9 pr\u00e9-montado, exceto as quatro pernas da mesa de cabeceira de couro. Uma chave de fenda est\u00e1 inclu\u00ed&#8230;<\/li>\n                                        <li>\u3010Madeira maci\u00e7a com capa de couro PU e mesa de vidro temperado\u3011 &#8211; Em compara\u00e7\u00e3o com a mesa de cabeceira de madeira comum&#8230;<\/li>\n                            <\/ul>\n                        <\/div>\n                            <div class=\"hostinger-affiliate-block-single-type__product-actions\">\n                                <div class=\"hostinger-affiliate-block-single-type__product-button-wrap\">\n                    <a href=\"https:\/\/www.amazon.com.br\/dp\/B0D3X6B9L6?tag=joaopedro047-20\" class=\"hostinger-affiliate-block-single-type__product-amazon-button\" target=\"_blank\" rel=\"nofollow noopener noreferrer\">\n    Buy on Amazon<\/a>\n                <\/div>\n\n            <\/div>\n        <\/div>\n    <\/div>\n    \n\n\n<p><strong>Produto sugerido:<\/strong> <a href=\"https:\/\/amzn.to\/3EQVamj\" data-type=\"link\" data-id=\"https:\/\/amzn.to\/3EQVamj\" target=\"_blank\" rel=\"noopener\">Mesinha de Cabeceira Inteligente na Amazon<\/a><\/p>\n\n\n\n<h2 id='2-estante-flutuante-minimalista'  class=\"wp-block-heading\"><strong>2. Estante Flutuante Minimalista<\/strong><\/h2>\n\n\n\n<p>Perfeita para exibir livros, plantas ou objetos decorativos sem ocupar espa\u00e7o no ch\u00e3o. Seu design clean se adapta a diversos estilos de decora\u00e7\u00e3o.<\/p>\n\n\n    <div class=\"hostinger-affiliate-block-single-type\">\n                    <div class=\"hostinger-affiliate-block-single-type__image\">\n                <a href=\"https:\/\/www.amazon.com.br\/dp\/B0CZJZH6GF?tag=joaopedro047-20\" target=\"_blank\" rel=\"nofollow noopener noreferrer\">\n                    <img decoding=\"async\" src=\"https:\/\/m.media-amazon.com\/images\/I\/31YQbU2jSlL.jpg\" alt=\"Kit 2 Prateleiras de Madeira C Suporte Embutido invis\u00edvel Madeira...\">\n                <\/a>\n            <\/div>\n                    <div class=\"hostinger-affiliate-block-single-type__product-data\">\n            <div class=\"hostinger-affiliate-block-single-type__product-title\">\n                <a href=\"https:\/\/www.amazon.com.br\/dp\/B0CZJZH6GF?tag=joaopedro047-20\" target=\"_blank\" rel=\"nofollow noopener noreferrer\">\n                    <h3 id='kit-2-prateleiras-de-madeira-c-suporte-embutido-invis\u00edvel-madeira'>\n                        Kit 2 Prateleiras de Madeira C Suporte Embutido invis\u00edvel Madeira&#8230;                    <\/h3>\n                <\/a>\n            <\/div>\n                            <div class=\"hostinger-affiliate-block-single-type__product-description\">\n                            <ul>\n                                <li>Estante Flutuante<\/li>\n                            <\/ul>\n                        <\/div>\n                            <div class=\"hostinger-affiliate-block-single-type__product-actions\">\n                                    <div class=\"hostinger-affiliate-block-single-type__product-price\">\n                        R$78,33                    <\/div>\n                                    <div class=\"hostinger-affiliate-block-single-type__product-button-wrap\">\n                    <a href=\"https:\/\/www.amazon.com.br\/dp\/B0CZJZH6GF?tag=joaopedro047-20\" class=\"hostinger-affiliate-block-single-type__product-amazon-button\" target=\"_blank\" rel=\"nofollow noopener noreferrer\">\n    Buy on Amazon<\/a>\n                <\/div>\n\n            <\/div>\n        <\/div>\n    <\/div>\n    \n\n\n<p><strong>Produto sugerido:<\/strong> <a href=\"https:\/\/amzn.to\/4m3Xw1O\" data-type=\"link\" data-id=\"https:\/\/amzn.to\/4m3Xw1O\" target=\"_blank\" rel=\"noopener\">Estante Flutuante na Amazon<\/a><\/p>\n\n\n\n<h2 id='3-conjunto-de-vasos-decorativos'  class=\"wp-block-heading\"><strong>3. Conjunto de Vasos Decorativos<\/strong><\/h2>\n\n\n\n<p>Vasos com design moderno que trazem sofistica\u00e7\u00e3o e vida ao ambiente. Ideais para plantas naturais ou artificiais.<\/p>\n\n\n    <div class=\"hostinger-affiliate-block-single-type\">\n                    <div class=\"hostinger-affiliate-block-single-type__image\">\n                <a href=\"https:\/\/www.amazon.com.br\/dp\/B0DQL6ZVTY?tag=joaopedro047-20\" target=\"_blank\" rel=\"nofollow noopener noreferrer\">\n                    <img decoding=\"async\" src=\"https:\/\/m.media-amazon.com\/images\/I\/41G4Yb5qbbL.jpg\" alt=\"GDSZJLJ Conjunto de dois vasos de parede de porcelana chinesa azu...\">\n                <\/a>\n            <\/div>\n                    <div class=\"hostinger-affiliate-block-single-type__product-data\">\n            <div class=\"hostinger-affiliate-block-single-type__product-title\">\n                <a href=\"https:\/\/www.amazon.com.br\/dp\/B0DQL6ZVTY?tag=joaopedro047-20\" target=\"_blank\" rel=\"nofollow noopener noreferrer\">\n                    <h3 id='gdszjlj-conjunto-de-dois-vasos-de-parede-de-porcelana-chinesa-azu'>\n                        GDSZJLJ Conjunto de dois vasos de parede de porcelana chinesa azu&#8230;                    <\/h3>\n                <\/a>\n            <\/div>\n                            <div class=\"hostinger-affiliate-block-single-type__product-description\">\n                            <ul>\n                                <li>Design elegante: estes vasos de parede de porcelana azul e branca adicionam um toque cl\u00e1ssico de porcelana a qualquer c\u00f4&#8230;<\/li>\n                                        <li>Artesanato artesanal: cada vaso \u00e9 cuidadosamente feito \u00e0 m\u00e3o, mostrando artesanato intrincado em todos os detalhes<\/li>\n                                        <li>Perfeito para flores: Ideal para pendurar na parede vasos de cer\u00e2mica para flores, criando uma exibi\u00e7\u00e3o floral sofistica&#8230;<\/li>\n                            <\/ul>\n                        <\/div>\n                            <div class=\"hostinger-affiliate-block-single-type__product-actions\">\n                                    <div class=\"hostinger-affiliate-block-single-type__product-price\">\n                        R$189,83                    <\/div>\n                                    <div class=\"hostinger-affiliate-block-single-type__product-button-wrap\">\n                    <a href=\"https:\/\/www.amazon.com.br\/dp\/B0DQL6ZVTY?tag=joaopedro047-20\" class=\"hostinger-affiliate-block-single-type__product-amazon-button\" target=\"_blank\" rel=\"nofollow noopener noreferrer\">\n    Buy on Amazon<\/a>\n                <\/div>\n\n            <\/div>\n        <\/div>\n    <\/div>\n    \n\n\n<p><strong>Produto sugerido:<\/strong> <a href=\"https:\/\/amzn.to\/4dgQiUk\" data-type=\"link\" data-id=\"https:\/\/amzn.to\/4dgQiUk\" target=\"_blank\" rel=\"noopener\">Conjunto de Vasos Decorativos na Amazon<\/a><\/p>\n\n\n\n<h2 id='4-lumin\u00e1ria-de-mesa-com-design-contempor\u00e2neo'  class=\"wp-block-heading\"><strong>4. Lumin\u00e1ria de Mesa com Design Contempor\u00e2neo<\/strong><\/h2>\n\n\n\n<p>Al\u00e9m de iluminar, serve como pe\u00e7a decorativa. Ideal para salas de estar ou escrit\u00f3rios dom\u00e9sticos.<\/p>\n\n\n    <div class=\"hostinger-affiliate-block-single-type\">\n                    <div class=\"hostinger-affiliate-block-single-type__image\">\n                <a href=\"https:\/\/www.amazon.com.br\/dp\/B08V5HM1VR?tag=joaopedro047-20\" target=\"_blank\" rel=\"nofollow noopener noreferrer\">\n                    <img decoding=\"async\" src=\"https:\/\/m.media-amazon.com\/images\/I\/31qNH57-+BL.jpg\" alt=\"Lumin\u00e1ria Mesa E Bancada Articul\u00e1vel 65 Cm Altura\">\n                <\/a>\n            <\/div>\n                    <div class=\"hostinger-affiliate-block-single-type__product-data\">\n            <div class=\"hostinger-affiliate-block-single-type__product-title\">\n                <a href=\"https:\/\/www.amazon.com.br\/dp\/B08V5HM1VR?tag=joaopedro047-20\" target=\"_blank\" rel=\"nofollow noopener noreferrer\">\n                    <h3 id='lumin\u00e1ria-mesa-e-bancada-articul\u00e1vel-65-cm-altura'>\n                        Lumin\u00e1ria Mesa E Bancada Articul\u00e1vel 65 Cm Altura                    <\/h3>\n                <\/a>\n            <\/div>\n                            <div class=\"hostinger-affiliate-block-single-type__product-description\">\n                            <ul>\n                                <li>A lumin\u00e1ria de mesa e bancada articul\u00e1vel \u00e9 um excelente produto para leitura e estudos.<\/li>\n                                        <li>Possui uma estrutura articul\u00e1vel, a qual permite diferentes n\u00edveis de ajuste e formas de direcionar a luminosidade.<\/li>\n                                        <li>Bra\u00e7o articul\u00e1vel: 22x22cm. Abajur Gira 360\u00ba<\/li>\n                            <\/ul>\n                        <\/div>\n                            <div class=\"hostinger-affiliate-block-single-type__product-actions\">\n                                <div class=\"hostinger-affiliate-block-single-type__product-button-wrap\">\n                    <a href=\"https:\/\/www.amazon.com.br\/dp\/B08V5HM1VR?tag=joaopedro047-20\" class=\"hostinger-affiliate-block-single-type__product-amazon-button\" target=\"_blank\" rel=\"nofollow noopener noreferrer\">\n    Buy on Amazon<\/a>\n                <\/div>\n\n            <\/div>\n        <\/div>\n    <\/div>\n    \n\n\n<p><strong>Produto sugerido:<\/strong> <a href=\"https:\/\/amzn.to\/4k1zGls\" data-type=\"link\" data-id=\"https:\/\/amzn.to\/4k1zGls\" target=\"_blank\" rel=\"noopener\">Lumin\u00e1ria de Mesa Moderna na Amazon<\/a><\/p>\n\n\n\n<h2 id='5-espelho-decorativo-inteligente'  class=\"wp-block-heading\"><strong>5. Espelho Decorativo Inteligente<\/strong><\/h2>\n\n\n\n<p>Espelhos ampliam visualmente o espa\u00e7o e adicionam um toque art\u00edstico \u00e0s paredes. Perfeitos para corredores ou salas pequenas.<\/p>\n\n\n    <div class=\"hostinger-affiliate-block-single-type\">\n                    <div class=\"hostinger-affiliate-block-single-type__image\">\n                <a href=\"https:\/\/www.amazon.com.br\/dp\/B0DMPKC6TZ?tag=joaopedro047-20\" target=\"_blank\" rel=\"nofollow noopener noreferrer\">\n                    <img decoding=\"async\" src=\"https:\/\/m.media-amazon.com\/images\/I\/41Zf1rS-U4L.jpg\" alt=\"Espelho Maquiagem com Luz LED, Espelho Vaidade Iluminado, Tela To...\">\n                <\/a>\n            <\/div>\n                    <div class=\"hostinger-affiliate-block-single-type__product-data\">\n            <div class=\"hostinger-affiliate-block-single-type__product-title\">\n                <a href=\"https:\/\/www.amazon.com.br\/dp\/B0DMPKC6TZ?tag=joaopedro047-20\" target=\"_blank\" rel=\"nofollow noopener noreferrer\">\n                    <h3 id='espelho-maquiagem-com-luz-led-espelho-vaidade-iluminado-tela-to'>\n                        Espelho Maquiagem com Luz LED, Espelho Vaidade Iluminado, Tela To&#8230;                    <\/h3>\n                <\/a>\n            <\/div>\n                            <div class=\"hostinger-affiliate-block-single-type__product-description\">\n                            <ul>\n                    <\/ul>\n                        <\/div>\n                            <div class=\"hostinger-affiliate-block-single-type__product-actions\">\n                                    <div class=\"hostinger-affiliate-block-single-type__product-price\">\n                        R$89,68                    <\/div>\n                                    <div class=\"hostinger-affiliate-block-single-type__product-button-wrap\">\n                    <a href=\"https:\/\/www.amazon.com.br\/dp\/B0DMPKC6TZ?tag=joaopedro047-20\" class=\"hostinger-affiliate-block-single-type__product-amazon-button\" target=\"_blank\" rel=\"nofollow noopener noreferrer\">\n    Buy on Amazon<\/a>\n                <\/div>\n\n            <\/div>\n        <\/div>\n    <\/div>\n    \n\n\n<p><strong>Produto sugerido:<\/strong> <a href=\"https:\/\/amzn.to\/3YyFryX\" data-type=\"link\" data-id=\"https:\/\/amzn.to\/3YyFryX\" target=\"_blank\" rel=\"noopener\">Espelho Geom\u00e9trico na Amazon<\/a><\/p>\n\n\n\n<h2 id='transforme-seu-espa\u00e7o-com-estilo-com-uma-decora\u00e7\u00e3o-inteligente'  class=\"wp-block-heading\"><strong>Transforme seu espa\u00e7o com estilo com uma decora\u00e7\u00e3o inteligente<\/strong><\/h2>\n\n\n\n<p>Decorar uma casa ou microcasa com intelig\u00eancia n\u00e3o \u00e9 apenas uma tend\u00eancia \u2014 \u00e9 uma necessidade para quem busca praticidade, bem-estar e beleza em ambientes compactos. Os objetos certos fazem toda a diferen\u00e7a, e cada pe\u00e7a escolhida com inten\u00e7\u00e3o se transforma em parte fundamental da funcionalidade e da identidade do seu lar.<\/p>\n\n\n\n<p>Com os produtos que indicamos, dispon\u00edveis na Amazon, voc\u00ea tem a chance de unir o melhor do design contempor\u00e2neo com solu\u00e7\u00f5es reais para otimizar o espa\u00e7o. De espelhos que ampliam visualmente o ambiente a lumin\u00e1rias que criam aconchego, cada item ajuda voc\u00ea a construir uma casa moderna, pr\u00e1tica e com a sua cara.<\/p>\n\n\n\n<p>Seja voc\u00ea morador de uma microcasa, de um apartamento compacto ou apenas algu\u00e9m que valoriza um ambiente bem planejado, investir em <strong>decora\u00e7\u00e3o inteligente para casas pequenas<\/strong> \u00e9 o caminho para viver com mais conforto e estilo.<\/p>\n\n\n\n<p>N\u00e3o espere por reformas caras ou projetos complicados. Comece agora, pe\u00e7a por pe\u00e7a, a criar um ambiente que funcione melhor para o seu dia a dia \u2014 e que ainda impressione pela est\u00e9tica.<\/p>\n\n\n\n<p><strong>Seu espa\u00e7o merece mais. Seu estilo tamb\u00e9m. Decore com inten\u00e7\u00e3o. Viva com design.<\/strong><\/p>\n\n\n\n<p>Voc\u00ea pode ver mais <a href=\"https:\/\/1truenote.com\/en\/category\/casa-e-jardim\/\" data-type=\"link\" data-id=\"https:\/\/1truenote.com\/category\/casa-e-jardim\/\">aqui<\/a>.<\/p>","protected":false},"excerpt":{"rendered":"<p>Em tempos de espa\u00e7os cada vez mais compactos, como microcasas e apartamentos pequenos, a decora\u00e7\u00e3o inteligente se torna essencial. Selecionamos&#8230;<\/p>","protected":false},"author":1,"featured_media":1499,"comment_status":"open","ping_status":"open","sticky":false,"template":"","format":"standard","meta":{"_kad_post_transparent":"","_kad_post_title":"","_kad_post_layout":"","_kad_post_sidebar_id":"","_kad_post_content_style":"","_kad_post_vertical_padding":"","_kad_post_feature":"","_kad_post_feature_position":"","_kad_post_header":false,"_kad_post_footer":false,"_kad_post_classname":"","footnotes":"","jetpack_publicize_message":"","jetpack_publicize_feature_enabled":true,"jetpack_social_post_already_shared":false,"jetpack_social_options":{"image_generator_settings":{"template":"highway","default_image_id":0,"font":"","enabled":false},"version":2}},"categories":[16],"tags":[13,14,23],"class_list":["post-1498","post","type-post","status-publish","format-standard","has-post-thumbnail","hentry","category-casa-e-jardim","tag-minimalista","tag-interiores-inovadores","tag-produtos"],"jetpack_publicize_connections":[],"jetpack_featured_media_url":"https:\/\/i0.wp.com\/1truenote.com\/wp-content\/uploads\/2025\/05\/ChatGPT-Image-7-de-mai.-de-2025-15_21_07.png?fit=1536%2C1024&ssl=1","jetpack_sharing_enabled":true,"_links":{"self":[{"href":"https:\/\/1truenote.com\/en\/wp-json\/wp\/v2\/posts\/1498","targetHints":{"allow":["GET"]}}],"collection":[{"href":"https:\/\/1truenote.com\/en\/wp-json\/wp\/v2\/posts"}],"about":[{"href":"https:\/\/1truenote.com\/en\/wp-json\/wp\/v2\/types\/post"}],"author":[{"embeddable":true,"href":"https:\/\/1truenote.com\/en\/wp-json\/wp\/v2\/users\/1"}],"replies":[{"embeddable":true,"href":"https:\/\/1truenote.com\/en\/wp-json\/wp\/v2\/comments?post=1498"}],"version-history":[{"count":0,"href":"https:\/\/1truenote.com\/en\/wp-json\/wp\/v2\/posts\/1498\/revisions"}],"wp:featuredmedia":[{"embeddable":true,"href":"https:\/\/1truenote.com\/en\/wp-json\/wp\/v2\/media\/1499"}],"wp:attachment":[{"href":"https:\/\/1truenote.com\/en\/wp-json\/wp\/v2\/media?parent=1498"}],"wp:term":[{"taxonomy":"category","embeddable":true,"href":"https:\/\/1truenote.com\/en\/wp-json\/wp\/v2\/categories?post=1498"},{"taxonomy":"post_tag","embeddable":true,"href":"https:\/\/1truenote.com\/en\/wp-json\/wp\/v2\/tags?post=1498"}],"curies":[{"name":"wp","href":"https:\/\/api.w.org\/{rel}","templated":true}]}}