{"id":1495,"date":"2025-05-07T21:01:46","date_gmt":"2025-05-07T18:01:46","guid":{"rendered":"https:\/\/1truenote.com\/?p=1495"},"modified":"2025-05-10T00:01:29","modified_gmt":"2025-05-09T21:01:29","slug":"objetos-interiores-modernos-casa-microcasa","status":"publish","type":"post","link":"https:\/\/1truenote.com\/en\/objetos-interiores-modernos-casa-microcasa\/","title":{"rendered":"5 Objetos Essenciais para Interiores Modernos: Estilo e Funcionalidade"},"content":{"rendered":"<p>A decora\u00e7\u00e3o de interiores modernos, especialmente em espa\u00e7os compactos como microcasas, exige uma combina\u00e7\u00e3o de est\u00e9tica e funcionalidade. Selecionamos produtos que unem design contempor\u00e2neo e praticidade, ideais para transformar seu lar. Vamos l\u00e1!<\/p>\n\n\n\n<h2 id='1-estante-flutuante-minimalista-para-interiores-modernos'  class=\"wp-block-heading\"><strong>1. Estante Flutuante Minimalista para Interiores Modernos<\/strong><\/h2>\n\n\n\n<p>A estante flutuante \u00e9 perfeita para otimizar espa\u00e7os, oferecendo armazenamento sem comprometer a \u00e1rea \u00fatil. Com design clean, ela se integra facilmente a diferentes estilos de decora\u00e7\u00e3o.<\/p>\n\n\n    <div class=\"hostinger-affiliate-block-single-type\">\n                    <div class=\"hostinger-affiliate-block-single-type__image\">\n                <a href=\"https:\/\/www.amazon.com.br\/dp\/B09CLP33RD?tag=joaopedro047-20\" target=\"_blank\" rel=\"nofollow noopener noreferrer\">\n                    <img decoding=\"async\" src=\"https:\/\/m.media-amazon.com\/images\/I\/21KCu0S5GML.jpg\" alt=\"MELANNCO Flutuante\">\n                <\/a>\n            <\/div>\n                    <div class=\"hostinger-affiliate-block-single-type__product-data\">\n            <div class=\"hostinger-affiliate-block-single-type__product-title\">\n                <a href=\"https:\/\/www.amazon.com.br\/dp\/B09CLP33RD?tag=joaopedro047-20\" target=\"_blank\" rel=\"nofollow noopener noreferrer\">\n                    <h3 id='melannco-flutuante'>\n                        MELANNCO Flutuante                    <\/h3>\n                <\/a>\n            <\/div>\n                            <div class=\"hostinger-affiliate-block-single-type__product-description\">\n                            <ul>\n                                <li>O conjunto inclui: uma prateleira de parede de 42 cm (comporta at\u00e9 3 kg), uma prateleira de parede de 35,5 cm (comporta &#8230;<\/li>\n                                        <li>Vers\u00e1til: exiba molduras, vasos, livros, bugigangas e muito mais<\/li>\n                                        <li>Incrivelmente exclusiva: o design em forma de U e o acabamento branco impressionante adicionam um ponto focal atraente a&#8230;<\/li>\n                            <\/ul>\n                        <\/div>\n                            <div class=\"hostinger-affiliate-block-single-type__product-actions\">\n                                    <div class=\"hostinger-affiliate-block-single-type__product-price\">\n                        R$193,23                    <\/div>\n                                    <div class=\"hostinger-affiliate-block-single-type__product-button-wrap\">\n                    <a href=\"https:\/\/www.amazon.com.br\/dp\/B09CLP33RD?tag=joaopedro047-20\" class=\"hostinger-affiliate-block-single-type__product-amazon-button\" target=\"_blank\" rel=\"nofollow noopener noreferrer\">\n    Buy on Amazon<\/a>\n                <\/div>\n\n            <\/div>\n        <\/div>\n    <\/div>\n    \n\n\n<p><strong>Produto sugerido:<\/strong> <a href=\"https:\/\/amzn.to\/4jMRaCy\" data-type=\"link\" data-id=\"https:\/\/amzn.to\/4jMRaCy\" target=\"_blank\" rel=\"noopener\">Estante Flutuante Minimalista na Amazon<\/a><\/p>\n\n\n\n<h2 id='2-conjunto-de-vasos-decorativos'  class=\"wp-block-heading\"><strong>2. Conjunto de Vasos Decorativos<\/strong><\/h2>\n\n\n\n<p>Vasos com design moderno s\u00e3o elementos-chave para adicionar sofistica\u00e7\u00e3o aos ambientes. Eles podem ser usados com plantas naturais ou artificiais, trazendo vida ao espa\u00e7o.<\/p>\n\n\n    <div class=\"hostinger-affiliate-block-single-type\">\n                    <div class=\"hostinger-affiliate-block-single-type__image\">\n                <a href=\"https:\/\/www.amazon.com.br\/dp\/B0CM65JLD3?tag=joaopedro047-20\" target=\"_blank\" rel=\"nofollow noopener noreferrer\">\n                    <img decoding=\"async\" src=\"https:\/\/m.media-amazon.com\/images\/I\/41M6UdxXiEL.jpg\" alt=\"Mapoxy Conjunto de 4 vasos de bot\u00e3o de vidro, pequenos vasos de f...\">\n                <\/a>\n            <\/div>\n                    <div class=\"hostinger-affiliate-block-single-type__product-data\">\n            <div class=\"hostinger-affiliate-block-single-type__product-title\">\n                <a href=\"https:\/\/www.amazon.com.br\/dp\/B0CM65JLD3?tag=joaopedro047-20\" target=\"_blank\" rel=\"nofollow noopener noreferrer\">\n                    <h3 id='mapoxy-conjunto-de-4-vasos-de-bot\u00e3o-de-vidro-pequenos-vasos-de-f'>\n                        Mapoxy Conjunto de 4 vasos de bot\u00e3o de vidro, pequenos vasos de f&#8230;                    <\/h3>\n                <\/a>\n            <\/div>\n                            <div class=\"hostinger-affiliate-block-single-type__product-description\">\n                            <ul>\n                                <li>Alta qualidade: feito de vidro soda-cal premium, processo de produ\u00e7\u00e3o fino, taxa de transmiss\u00e3o de luz muito alta. Trans&#8230;<\/li>\n                                        <li>Design vintage: adequado para todas as esta\u00e7\u00f5es. V\u00e1rios tipos de tamanho e forma, linhas suaves, padr\u00f5es requintados em &#8230;<\/li>\n                                        <li>Vidro grosso e f\u00e1cil de limpar: os vasos pequenos s\u00e3o feitos de vidro grosso e resistente, dur\u00e1vel e n\u00e3o quebra facilmen&#8230;<\/li>\n                            <\/ul>\n                        <\/div>\n                            <div class=\"hostinger-affiliate-block-single-type__product-actions\">\n                                    <div class=\"hostinger-affiliate-block-single-type__product-price\">\n                        R$102,76                    <\/div>\n                                    <div class=\"hostinger-affiliate-block-single-type__product-button-wrap\">\n                    <a href=\"https:\/\/www.amazon.com.br\/dp\/B0CM65JLD3?tag=joaopedro047-20\" class=\"hostinger-affiliate-block-single-type__product-amazon-button\" target=\"_blank\" rel=\"nofollow noopener noreferrer\">\n    Buy on Amazon<\/a>\n                <\/div>\n\n            <\/div>\n        <\/div>\n    <\/div>\n    \n\n\n<p><strong>Produto sugerido:<\/strong> <a href=\"https:\/\/amzn.to\/3EYgp5C\" data-type=\"link\" data-id=\"https:\/\/amzn.to\/3EYgp5C\" target=\"_blank\" rel=\"noopener\">Conjunto de Vasos Decorativos na Amazon<\/a><\/p>\n\n\n\n<h2 id='3-lumin\u00e1ria-de-mesa-com-design-contempor\u00e2neo'  class=\"wp-block-heading\"><strong>3. Lumin\u00e1ria de Mesa com Design Contempor\u00e2neo<\/strong><\/h2>\n\n\n\n<p>Uma lumin\u00e1ria de mesa com linhas modernas n\u00e3o s\u00f3 ilumina, mas tamb\u00e9m serve como pe\u00e7a decorativa. Ideal para salas de estar ou escrit\u00f3rios dom\u00e9sticos.<\/p>\n\n\n    <div class=\"hostinger-affiliate-block-single-type\">\n                    <div class=\"hostinger-affiliate-block-single-type__image\">\n                <a href=\"https:\/\/www.amazon.com.br\/dp\/B0F49XKG3P?tag=joaopedro047-20\" target=\"_blank\" rel=\"nofollow noopener noreferrer\">\n                    <img decoding=\"async\" src=\"https:\/\/m.media-amazon.com\/images\/I\/31nqu5nnvaL.jpg\" alt=\"Lumin\u00e1ria de Mesa De Cabeceira Sens\u00edvel ao toque Port\u00e1til Abajur ...\">\n                <\/a>\n            <\/div>\n                    <div class=\"hostinger-affiliate-block-single-type__product-data\">\n            <div class=\"hostinger-affiliate-block-single-type__product-title\">\n                <a href=\"https:\/\/www.amazon.com.br\/dp\/B0F49XKG3P?tag=joaopedro047-20\" target=\"_blank\" rel=\"nofollow noopener noreferrer\">\n                    <h3 id='lumin\u00e1ria-de-mesa-de-cabeceira-sens\u00edvel-ao-toque-port\u00e1til-abajur'>\n                        Lumin\u00e1ria de Mesa De Cabeceira Sens\u00edvel ao toque Port\u00e1til Abajur &#8230;                    <\/h3>\n                <\/a>\n            <\/div>\n                            <div class=\"hostinger-affiliate-block-single-type__product-description\">\n                            <ul>\n                                <li>\u2705PRODUTO EXCLUSIVO DA LOJA SHACK<\/li>\n                                        <li>\u2705ITEM INCLUSO: 01 Unidade Abajur Lumin\u00e1ria LED, 01 Unidade Cabo USB Para Carregamento.<\/li>\n                                        <li>\u2705A luz pode ser desligada e ligada pelo touch (toque) na parte superior, \u00e9 s\u00f3 &#8216;segurar&#8217; por uns 3 segundos.<\/li>\n                            <\/ul>\n                        <\/div>\n                            <div class=\"hostinger-affiliate-block-single-type__product-actions\">\n                                <div class=\"hostinger-affiliate-block-single-type__product-button-wrap\">\n                    <a href=\"https:\/\/www.amazon.com.br\/dp\/B0F49XKG3P?tag=joaopedro047-20\" class=\"hostinger-affiliate-block-single-type__product-amazon-button\" target=\"_blank\" rel=\"nofollow noopener noreferrer\">\n    Buy on Amazon<\/a>\n                <\/div>\n\n            <\/div>\n        <\/div>\n    <\/div>\n    \n\n\n<p><strong>Produto sugerido:<\/strong> <a href=\"https:\/\/amzn.to\/4kcVNFU\" data-type=\"link\" data-id=\"https:\/\/amzn.to\/4kcVNFU\" target=\"_blank\" rel=\"noopener\">Lumin\u00e1ria de Mesa Moderna na Amazon<\/a><\/p>\n\n\n\n<h2 id='4-espelho-decorativo-geom\u00e9trico'  class=\"wp-block-heading\"><strong>4. Espelho Decorativo Geom\u00e9trico<\/strong><\/h2>\n\n\n\n<p>Espelhos com formatos geom\u00e9tricos ampliam visualmente o espa\u00e7o e adicionam um toque art\u00edstico \u00e0s paredes. S\u00e3o perfeitos para corredores ou salas pequenas.<\/p>\n\n\n    <div class=\"hostinger-affiliate-block-single-type\">\n                    <div class=\"hostinger-affiliate-block-single-type__image\">\n                <a href=\"https:\/\/www.amazon.com.br\/dp\/B0DJWJS2YB?tag=joaopedro047-20\" target=\"_blank\" rel=\"nofollow noopener noreferrer\">\n                    <img decoding=\"async\" src=\"https:\/\/m.media-amazon.com\/images\/I\/31NwBmrq-xL.jpg\" alt=\"Kit 3 Espelhos Gota Champagne Conjunto Completo com Suporte e Par...\">\n                <\/a>\n            <\/div>\n                    <div class=\"hostinger-affiliate-block-single-type__product-data\">\n            <div class=\"hostinger-affiliate-block-single-type__product-title\">\n                <a href=\"https:\/\/www.amazon.com.br\/dp\/B0DJWJS2YB?tag=joaopedro047-20\" target=\"_blank\" rel=\"nofollow noopener noreferrer\">\n                    <h3 id='kit-3-espelhos-gota-champagne-conjunto-completo-com-suporte-e-par'>\n                        Kit 3 Espelhos Gota Champagne Conjunto Completo com Suporte e Par&#8230;                    <\/h3>\n                <\/a>\n            <\/div>\n                            <div class=\"hostinger-affiliate-block-single-type__product-description\">\n                            <ul>\n                                <li>Este conjunto de espelhos podem transformar o seu ambiente, refletindo personalidade e estilo.<\/li>\n                                        <li>Produto vers\u00e1til, perfeito para qualquer c\u00f4modo da casa.<\/li>\n                                        <li>Ilumina\u00e7\u00e3o e amplitude, espelhos podem refletir a luz deixando o ambiente com a ilumina\u00e7\u00e3o melhor, danda a sensa\u00e7\u00e3o de a&#8230;<\/li>\n                            <\/ul>\n                        <\/div>\n                            <div class=\"hostinger-affiliate-block-single-type__product-actions\">\n                                    <div class=\"hostinger-affiliate-block-single-type__product-price\">\n                        R$134,90                    <\/div>\n                                    <div class=\"hostinger-affiliate-block-single-type__product-button-wrap\">\n                    <a href=\"https:\/\/www.amazon.com.br\/dp\/B0DJWJS2YB?tag=joaopedro047-20\" class=\"hostinger-affiliate-block-single-type__product-amazon-button\" target=\"_blank\" rel=\"nofollow noopener noreferrer\">\n    Buy on Amazon<\/a>\n                <\/div>\n\n            <\/div>\n        <\/div>\n    <\/div>\n    \n\n\n<p><strong>Produto sugerido:<\/strong> <a href=\"https:\/\/amzn.to\/4k5wKUT\" data-type=\"link\" data-id=\"https:\/\/amzn.to\/4k5wKUT\" target=\"_blank\" rel=\"noopener\">Espelho Geom\u00e9trico na Amazon<\/a><\/p>\n\n\n\n<h2 id='5-prateleira-modular-vers\u00e1til'  class=\"wp-block-heading\"><strong>5. Prateleira Modular Vers\u00e1til<\/strong><\/h2>\n\n\n\n<p>Prateleiras modulares permitem personalizar o armazenamento conforme a necessidade, sendo ideais para microcasas onde cada cent\u00edmetro conta.<\/p>\n\n\n    <div class=\"hostinger-affiliate-block-single-type\">\n                    <div class=\"hostinger-affiliate-block-single-type__image\">\n                <a href=\"https:\/\/www.amazon.com.br\/dp\/B076JLLGXD?tag=joaopedro047-20\" target=\"_blank\" rel=\"nofollow noopener noreferrer\">\n                    <img decoding=\"async\" src=\"https:\/\/m.media-amazon.com\/images\/I\/3179r-7DfYL.jpg\" alt=\"Estante Tramontina Modulare em Madeira Pinus com Acabamento Natur...\">\n                <\/a>\n            <\/div>\n                    <div class=\"hostinger-affiliate-block-single-type__product-data\">\n            <div class=\"hostinger-affiliate-block-single-type__product-title\">\n                <a href=\"https:\/\/www.amazon.com.br\/dp\/B076JLLGXD?tag=joaopedro047-20\" target=\"_blank\" rel=\"nofollow noopener noreferrer\">\n                    <h3 id='estante-tramontina-modulare-em-madeira-pinus-com-acabamento-natur'>\n                        Estante Tramontina Modulare em Madeira Pinus com Acabamento Natur&#8230;                    <\/h3>\n                <\/a>\n            <\/div>\n                            <div class=\"hostinger-affiliate-block-single-type__product-description\">\n                            <ul>\n                                <li>Produto desmontado, acompanha parafusos e instru\u00e7\u00f5es de montagem.<\/li>\n                                        <li>Montagem pr\u00e1tica e segura, com aux\u00edlio de parafusadeira e\/ou chave de fenda cruzada.<\/li>\n                                        <li>Permite a montagem em m\u00f3dulos.<\/li>\n                            <\/ul>\n                        <\/div>\n                            <div class=\"hostinger-affiliate-block-single-type__product-actions\">\n                                    <div class=\"hostinger-affiliate-block-single-type__product-price\">\n                        R$138,82                    <\/div>\n                                    <div class=\"hostinger-affiliate-block-single-type__product-button-wrap\">\n                    <a href=\"https:\/\/www.amazon.com.br\/dp\/B076JLLGXD?tag=joaopedro047-20\" class=\"hostinger-affiliate-block-single-type__product-amazon-button\" target=\"_blank\" rel=\"nofollow noopener noreferrer\">\n    Buy on Amazon<\/a>\n                <\/div>\n\n            <\/div>\n        <\/div>\n    <\/div>\n    \n\n\n<p><strong>Produto sugerido:<\/strong> <a href=\"https:\/\/amzn.to\/42Md6HP\" data-type=\"link\" data-id=\"https:\/\/amzn.to\/42Md6HP\" target=\"_blank\" rel=\"noopener\">Prateleira Modular na Amazon<\/a><\/p>\n\n\n\n<h2 id='pequenos-espa\u00e7os-grandes-solu\u00e7\u00f5es-viva-com-estilo-em-cada-metro-quadrado-em-interiores-modernos'  class=\"wp-block-heading\"><strong>Pequenos Espa\u00e7os, Grandes Solu\u00e7\u00f5es: Viva com Estilo em Cada Metro Quadrado em Interiores Modernos<\/strong><\/h2>\n\n\n\n<p>Decorar com intelig\u00eancia \u00e9 mais do que escolher itens bonitos \u2014 \u00e9 investir em funcionalidade, estilo e bem-estar. Em casas e microcasas, onde cada cent\u00edmetro faz diferen\u00e7a, os objetos certos transformam espa\u00e7os limitados em ambientes completos, acolhedores e sofisticados.<\/p>\n\n\n\n<p>Ao optar por m\u00f3veis e acess\u00f3rios de interiores modernos, como os que destacamos neste artigo, voc\u00ea valoriza seu lar e torna o cotidiano mais pr\u00e1tico e prazeroso. N\u00e3o importa o tamanho do seu espa\u00e7o \u2014 com criatividade, planejamento e escolhas acertadas, \u00e9 poss\u00edvel viver com conforto e beleza em qualquer ambiente.<\/p>\n\n\n\n<p>Agora que voc\u00ea conhece essas solu\u00e7\u00f5es incr\u00edveis, inspire-se, renove e leve design inteligente para dentro da sua casa. Seu espa\u00e7o merece o melhor. Interiores modernos.<\/p>\n\n\n\n<p>Voc\u00ea pode ver mais <a href=\"https:\/\/1truenote.com\/en\/category\/casa-e-jardim\/\" data-type=\"link\" data-id=\"https:\/\/1truenote.com\/category\/casa-e-jardim\/\">aqui<\/a>.<\/p>","protected":false},"excerpt":{"rendered":"<p>A decora\u00e7\u00e3o de interiores modernos, especialmente em espa\u00e7os compactos como microcasas, exige uma combina\u00e7\u00e3o de est\u00e9tica e funcionalidade. Selecionamos produtos&#8230;<\/p>","protected":false},"author":1,"featured_media":1496,"comment_status":"open","ping_status":"open","sticky":false,"template":"","format":"standard","meta":{"_kad_post_transparent":"","_kad_post_title":"","_kad_post_layout":"","_kad_post_sidebar_id":"","_kad_post_content_style":"","_kad_post_vertical_padding":"","_kad_post_feature":"","_kad_post_feature_position":"","_kad_post_header":false,"_kad_post_footer":false,"_kad_post_classname":"","footnotes":"","jetpack_publicize_message":"","jetpack_publicize_feature_enabled":true,"jetpack_social_post_already_shared":false,"jetpack_social_options":{"image_generator_settings":{"template":"highway","default_image_id":0,"font":"","enabled":false},"version":2}},"categories":[16],"tags":[13,14,23],"class_list":["post-1495","post","type-post","status-publish","format-standard","has-post-thumbnail","hentry","category-casa-e-jardim","tag-minimalista","tag-interiores-inovadores","tag-produtos"],"jetpack_publicize_connections":[],"jetpack_featured_media_url":"https:\/\/i0.wp.com\/1truenote.com\/wp-content\/uploads\/2025\/05\/ChatGPT-Image-7-de-mai.-de-2025-14_59_59.png?fit=1536%2C1024&ssl=1","jetpack_sharing_enabled":true,"_links":{"self":[{"href":"https:\/\/1truenote.com\/en\/wp-json\/wp\/v2\/posts\/1495","targetHints":{"allow":["GET"]}}],"collection":[{"href":"https:\/\/1truenote.com\/en\/wp-json\/wp\/v2\/posts"}],"about":[{"href":"https:\/\/1truenote.com\/en\/wp-json\/wp\/v2\/types\/post"}],"author":[{"embeddable":true,"href":"https:\/\/1truenote.com\/en\/wp-json\/wp\/v2\/users\/1"}],"replies":[{"embeddable":true,"href":"https:\/\/1truenote.com\/en\/wp-json\/wp\/v2\/comments?post=1495"}],"version-history":[{"count":0,"href":"https:\/\/1truenote.com\/en\/wp-json\/wp\/v2\/posts\/1495\/revisions"}],"wp:featuredmedia":[{"embeddable":true,"href":"https:\/\/1truenote.com\/en\/wp-json\/wp\/v2\/media\/1496"}],"wp:attachment":[{"href":"https:\/\/1truenote.com\/en\/wp-json\/wp\/v2\/media?parent=1495"}],"wp:term":[{"taxonomy":"category","embeddable":true,"href":"https:\/\/1truenote.com\/en\/wp-json\/wp\/v2\/categories?post=1495"},{"taxonomy":"post_tag","embeddable":true,"href":"https:\/\/1truenote.com\/en\/wp-json\/wp\/v2\/tags?post=1495"}],"curies":[{"name":"wp","href":"https:\/\/api.w.org\/{rel}","templated":true}]}}