{"id":1491,"date":"2025-05-07T20:23:50","date_gmt":"2025-05-07T17:23:50","guid":{"rendered":"https:\/\/1truenote.com\/?p=1491"},"modified":"2025-05-07T20:23:53","modified_gmt":"2025-05-07T17:23:53","slug":"tendencias-de-decoracao-jardinagem-2025","status":"publish","type":"post","link":"https:\/\/1truenote.com\/en\/tendencias-de-decoracao-jardinagem-2025\/","title":{"rendered":"Tend\u00eancias de Decora\u00e7\u00e3o e Jardinagem para 2025: Transforme seu lar com estilo"},"content":{"rendered":"<p>\u00c0 medida que 2025 avan\u00e7a, novas tend\u00eancias de decora\u00e7\u00e3o e jardinagem est\u00e3o moldando os lares modernos. Se voc\u00ea deseja renovar sua casa e jardim com estilo, funcionalidade e consci\u00eancia ambiental, este guia \u00e9 para voc\u00ea.<\/p>\n\n\n\n<h2 id='sustentabilidade-em-foco-tend\u00eancias-de-decora\u00e7\u00e3o'  class=\"wp-block-heading\">Sustentabilidade em Foco &#8211; Tend\u00eancias de decora\u00e7\u00e3o<\/h2>\n\n\n\n<p>A preocupa\u00e7\u00e3o com o meio ambiente continua a influenciar as escolhas de decora\u00e7\u00e3o e paisagismo. Em 2025, materiais reciclados, m\u00f3veis de madeira certificada e tecidos org\u00e2nicos ganham destaque. No jardim, pr\u00e1ticas como compostagem e uso de plantas nativas promovem a biodiversidade e reduzem o impacto ambiental. (fonte: <a href=\"https:\/\/omaringa.com.br\/coluna\/diversidades\/10-tendencias-de-decoracao-que-dominarao-2025\/?utm_source=chatgpt.com\" target=\"_blank\" rel=\"noreferrer noopener\">Cadena SER<\/a>)<\/p>\n\n\n\n<h2 id='cores-terrosas-e-naturais'  class=\"wp-block-heading\"><strong>Cores Terrosas e Naturais<\/strong><\/h2>\n\n\n\n<p>Tons como terracota, verde-musgo e bege dominam os ambientes, trazendo aconchego e conex\u00e3o com a natureza. Essas cores s\u00e3o vers\u00e1teis e combinam facilmente com diferentes estilos de decora\u00e7\u00e3o. (fonte: <a href=\"https:\/\/omaringa.com.br\/coluna\/diversidades\/10-tendencias-de-decoracao-que-dominarao-2025\/?utm_source=chatgpt.com\" target=\"_blank\" rel=\"noreferrer noopener\">arboriaestudio.com<\/a>)<\/p>\n\n\n\n<h2 id='tecnologia-integrada'  class=\"wp-block-heading\"><strong>Tecnologia Integrada<\/strong><\/h2>\n\n\n\n<p>A automa\u00e7\u00e3o residencial est\u00e1 mais acess\u00edvel e integrada ao design de interiores. Ilumina\u00e7\u00e3o inteligente, assistentes virtuais e sistemas de irriga\u00e7\u00e3o automatizados tornam a vida mais pr\u00e1tica e eficiente. (fonte: <a href=\"https:\/\/arboriaestudio.com\/tendencias-de-decoracao-para-2025-o-futuro-do-design-de-interiores\/?utm_source=chatgpt.com\" target=\"_blank\" rel=\"noreferrer noopener\">arboriaestudio.com<\/a>)<\/p>\n\n\n\n<h2 id='jardins-verticais-e-hortas-urbanas'  class=\"wp-block-heading\"><strong>Jardins Verticais e Hortas Urbanas<\/strong><\/h2>\n\n\n\n<p>Com espa\u00e7os cada vez mais compactos, os jardins verticais e as hortas urbanas se tornam solu\u00e7\u00f5es criativas para cultivar plantas e alimentos em casa. Al\u00e9m de funcionais, esses elementos decoram e purificam o ambiente. (fonte: <a href=\"https:\/\/www.jardineiro.net\/18-tendencias-em-paisagismo-para-2025.html?utm_source=chatgpt.com\" target=\"_blank\" rel=\"noreferrer noopener\">Jardineiro.net<\/a>)<\/p>\n\n\n\n<h2 id='m\u00f3veis-multifuncionais'  class=\"wp-block-heading\"><strong>M\u00f3veis Multifuncionais<\/strong><\/h2>\n\n\n\n<p>A versatilidade \u00e9 essencial em 2025. M\u00f3veis que se adaptam a diferentes usos, como sof\u00e1s-camas e mesas dobr\u00e1veis, otimizam o espa\u00e7o e atendem \u00e0s necessidades de um estilo de vida din\u00e2mico. (fonte: <a href=\"https:\/\/arboriaestudio.com\/tendencias-de-decoracao-para-2025-o-futuro-do-design-de-interiores\/?utm_source=chatgpt.com\" target=\"_blank\" rel=\"noreferrer noopener\">Estilo Pr\u00f3prio by Sir<\/a>)<\/p>\n\n\n\n<h2 id='biofilia-conex\u00e3o-com-a-natureza'  class=\"wp-block-heading\"><strong>Biofilia: Conex\u00e3o com a Natureza<\/strong><\/h2>\n\n\n\n<p>A biofilia, ou o amor pela vida, inspira a incorpora\u00e7\u00e3o de elementos naturais nos ambientes internos. Plantas, fontes de \u00e1gua e materiais como pedra e madeira criam espa\u00e7os que promovem bem-estar e tranquilidade. (fonte: <a href=\"https:\/\/arboriaestudio.com\/tendencias-de-decoracao-para-2025-o-futuro-do-design-de-interiores\/?utm_source=chatgpt.com\" target=\"_blank\" rel=\"noreferrer noopener\">O Maring\u00e1<\/a>)<\/p>\n\n\n\n<h2 id='ilumina\u00e7\u00e3o-natural-e-estrat\u00e9gica'  class=\"wp-block-heading\"><strong>Ilumina\u00e7\u00e3o Natural e Estrat\u00e9gica<\/strong><\/h2>\n\n\n\n<p>A valoriza\u00e7\u00e3o da luz natural \u00e9 uma tend\u00eancia forte. Grandes janelas, claraboias e o uso estrat\u00e9gico de espelhos ampliam a luminosidade dos ambientes, economizando energia e melhorando o humor dos moradores. (fonte: <a href=\"https:\/\/arboriaestudio.com\/tendencias-de-decoracao-para-2025-o-futuro-do-design-de-interiores\/?utm_source=chatgpt.com\" target=\"_blank\" rel=\"noreferrer noopener\">arboriaestudio.com<\/a>)<\/p>\n\n\n\n<h2 id='estilo-maximalista-com-personalidade'  class=\"wp-block-heading\"><strong>Estilo Maximalista com Personalidade<\/strong><\/h2>\n\n\n\n<p>Contrapondo o minimalismo, o estilo maximalista ganha espa\u00e7o com a mistura de estampas, cores vibrantes e objetos decorativos que refletem a personalidade dos moradores. A ideia \u00e9 criar ambientes \u00fanicos e cheios de hist\u00f3ria. (fonte: <a href=\"https:\/\/omaringa.com.br\/coluna\/diversidades\/10-tendencias-de-decoracao-que-dominarao-2025\/?utm_source=chatgpt.com\" target=\"_blank\" rel=\"noreferrer noopener\">Stanza Apartamentos<\/a>)<\/p>\n\n\n\n<h2 id='espa\u00e7os-de-bem-estar'  class=\"wp-block-heading\"><strong>Espa\u00e7os de Bem-Estar<\/strong><\/h2>\n\n\n\n<p>\u00c1reas dedicadas ao relaxamento, como cantinhos de leitura, espa\u00e7os para medita\u00e7\u00e3o ou pequenos spas caseiros, s\u00e3o cada vez mais valorizadas. Esses ambientes promovem a sa\u00fade mental e o equil\u00edbrio no dia a dia. (fonte: <a href=\"https:\/\/omaringa.com.br\/coluna\/diversidades\/10-tendencias-de-decoracao-que-dominarao-2025\/?utm_source=chatgpt.com\" target=\"_blank\" rel=\"noreferrer noopener\">O Maring\u00e1<\/a><a href=\"https:\/\/www.jardineiro.net\/18-tendencias-em-paisagismo-para-2025.html?utm_source=chatgpt.com\" target=\"_blank\" rel=\"noreferrer noopener\"> Wikip\u00e9dia<\/a>)<\/p>\n\n\n\n<h2 id='paisagismo-funcional-tend\u00eancias-de-decora\u00e7\u00e3o'  class=\"wp-block-heading\"><strong>Paisagismo Funcional &#8211; Tend\u00eancias de decora\u00e7\u00e3o<\/strong><\/h2>\n\n\n\n<p>O paisagismo em 2025 vai al\u00e9m da est\u00e9tica. Jardins comest\u00edveis, sistemas de capta\u00e7\u00e3o de \u00e1gua da chuva e uso de plantas que exigem pouca manuten\u00e7\u00e3o s\u00e3o tend\u00eancias que unem beleza e funcionalidade, e s\u00e3o tend\u00eancias de decora\u00e7\u00e3o tamb\u00e9m. (fonte: <a href=\"https:\/\/revistacasaejardim.globo.com\/paisagismo\/noticia\/2025\/01\/5-tendencias-de-jardinagem-e-paisagismo-para-2025.ghtml?utm_source=chatgpt.com\" target=\"_blank\" rel=\"noreferrer noopener\">Instagram+2casaejardim<\/a>)<\/p>\n\n\n\n<hr class=\"wp-block-separator has-alpha-channel-opacity\"\/>\n\n\n\n<p>Ao incorporar essas tend\u00eancias de decora\u00e7\u00e3o, voc\u00ea transforma sua casa e jardim em espa\u00e7os modernos, sustent\u00e1veis e acolhedores. Aposte em solu\u00e7\u00f5es que reflitam seu estilo de vida e contribuam para um futuro mais verde e consciente.<\/p>\n\n\n\n<p>Voc\u00ea pode ver mais <a href=\"https:\/\/1truenote.com\/en\/category\/casa-e-jardim\/\" data-type=\"link\" data-id=\"https:\/\/1truenote.com\/category\/casa-e-jardim\/\">aqui<\/a>.<\/p>\n\n\n\n<figure class=\"wp-block-image aligncenter size-large is-resized\"><img data-recalc-dims=\"1\" fetchpriority=\"high\" decoding=\"async\" width=\"1024\" height=\"683\" src=\"https:\/\/i0.wp.com\/1truenote.com\/wp-content\/uploads\/2025\/05\/ChatGPT-Image-7-de-mai.-de-2025-14_23_11.png?resize=1024%2C683&#038;ssl=1\" alt=\"Cadeira de madeira e m\u00f3vel de com duas portas de madeira cercados por plantas verdes, tend\u00eancias de decora\u00e7\u00e3o\" class=\"wp-image-1493\" style=\"width:544px;height:auto\" srcset=\"https:\/\/i0.wp.com\/1truenote.com\/wp-content\/uploads\/2025\/05\/ChatGPT-Image-7-de-mai.-de-2025-14_23_11.png?resize=1024%2C683&amp;ssl=1 1024w, https:\/\/i0.wp.com\/1truenote.com\/wp-content\/uploads\/2025\/05\/ChatGPT-Image-7-de-mai.-de-2025-14_23_11.png?resize=300%2C200&amp;ssl=1 300w, https:\/\/i0.wp.com\/1truenote.com\/wp-content\/uploads\/2025\/05\/ChatGPT-Image-7-de-mai.-de-2025-14_23_11.png?resize=768%2C512&amp;ssl=1 768w, https:\/\/i0.wp.com\/1truenote.com\/wp-content\/uploads\/2025\/05\/ChatGPT-Image-7-de-mai.-de-2025-14_23_11.png?w=1536&amp;ssl=1 1536w\" sizes=\"(max-width: 1024px) 100vw, 1024px\" \/><\/figure>","protected":false},"excerpt":{"rendered":"<p>\u00c0 medida que 2025 avan\u00e7a, novas tend\u00eancias de decora\u00e7\u00e3o e jardinagem est\u00e3o moldando os lares modernos. Se voc\u00ea deseja renovar&#8230;<\/p>","protected":false},"author":1,"featured_media":1492,"comment_status":"open","ping_status":"open","sticky":false,"template":"","format":"standard","meta":{"_kad_post_transparent":"","_kad_post_title":"","_kad_post_layout":"","_kad_post_sidebar_id":"","_kad_post_content_style":"","_kad_post_vertical_padding":"","_kad_post_feature":"","_kad_post_feature_position":"","_kad_post_header":false,"_kad_post_footer":false,"_kad_post_classname":"","footnotes":"","jetpack_publicize_message":"","jetpack_publicize_feature_enabled":true,"jetpack_social_post_already_shared":false,"jetpack_social_options":{"image_generator_settings":{"template":"highway","default_image_id":0,"font":"","enabled":false},"version":2}},"categories":[16],"tags":[14],"class_list":["post-1491","post","type-post","status-publish","format-standard","has-post-thumbnail","hentry","category-casa-e-jardim","tag-interiores-inovadores"],"jetpack_publicize_connections":[],"jetpack_featured_media_url":"https:\/\/i0.wp.com\/1truenote.com\/wp-content\/uploads\/2025\/05\/ChatGPT-Image-7-de-mai.-de-2025-14_20_40.png?fit=1536%2C1024&ssl=1","jetpack_sharing_enabled":true,"_links":{"self":[{"href":"https:\/\/1truenote.com\/en\/wp-json\/wp\/v2\/posts\/1491","targetHints":{"allow":["GET"]}}],"collection":[{"href":"https:\/\/1truenote.com\/en\/wp-json\/wp\/v2\/posts"}],"about":[{"href":"https:\/\/1truenote.com\/en\/wp-json\/wp\/v2\/types\/post"}],"author":[{"embeddable":true,"href":"https:\/\/1truenote.com\/en\/wp-json\/wp\/v2\/users\/1"}],"replies":[{"embeddable":true,"href":"https:\/\/1truenote.com\/en\/wp-json\/wp\/v2\/comments?post=1491"}],"version-history":[{"count":0,"href":"https:\/\/1truenote.com\/en\/wp-json\/wp\/v2\/posts\/1491\/revisions"}],"wp:featuredmedia":[{"embeddable":true,"href":"https:\/\/1truenote.com\/en\/wp-json\/wp\/v2\/media\/1492"}],"wp:attachment":[{"href":"https:\/\/1truenote.com\/en\/wp-json\/wp\/v2\/media?parent=1491"}],"wp:term":[{"taxonomy":"category","embeddable":true,"href":"https:\/\/1truenote.com\/en\/wp-json\/wp\/v2\/categories?post=1491"},{"taxonomy":"post_tag","embeddable":true,"href":"https:\/\/1truenote.com\/en\/wp-json\/wp\/v2\/tags?post=1491"}],"curies":[{"name":"wp","href":"https:\/\/api.w.org\/{rel}","templated":true}]}}