{"id":147,"date":"2024-12-08T10:58:37","date_gmt":"2024-12-08T10:58:37","guid":{"rendered":"https:\/\/1truenote.com\/?p=147"},"modified":"2025-04-21T17:10:15","modified_gmt":"2025-04-21T17:10:15","slug":"5-razoes-pelas-quais-microcasas-para-nomades-estimulam-um-estilo-de-vida-minimalista-e-consciente","status":"publish","type":"post","link":"https:\/\/1truenote.com\/en\/5-razoes-pelas-quais-microcasas-para-nomades-estimulam-um-estilo-de-vida-minimalista-e-consciente\/","title":{"rendered":"5 Raz\u00f5es Pelas Quais Microcasas para N\u00f4mades Estimulam um Estilo de Vida Minimalista e Consciente"},"content":{"rendered":"<h2 id='a-jornada-para-o-essencial-menos-espa\u00e7o-mais-vida'  class=\"wp-block-heading\"><strong>A Jornada para o Essencial: Menos Espa\u00e7o, Mais Vida<\/strong><\/h2>\n\n\n\n<p>A vida n\u00f4made, por sua pr\u00f3pria natureza, desafia o conceito de excesso. \u00c9 um estilo de vida que convida \u00e0 reflex\u00e3o sobre o que realmente importa e, nesse cen\u00e1rio, o minimalismo se torna um aliado natural. Escolher viver em microcasas n\u00e3o \u00e9 apenas uma quest\u00e3o de praticidade, mas uma decis\u00e3o consciente de priorizar o essencial, tornando cada escolha mais significativa.<\/p>\n\n\n\n<h3 id='minimalismo-e-a-vida-n\u00f4made-uma-combina\u00e7\u00e3o-perfeita'  class=\"wp-block-heading\"><strong>Minimalismo e a Vida N\u00f4made: Uma Combina\u00e7\u00e3o Perfeita<\/strong><\/h3>\n\n\n\n<p>A rela\u00e7\u00e3o entre a vida n\u00f4made e o minimalismo \u00e9 quase org\u00e2nica. Enquanto o estilo n\u00f4made prop\u00f5e movimento e desapego geogr\u00e1fico, o minimalismo prop\u00f5e um desapego material, removendo tudo o que n\u00e3o agrega valor real \u00e0 vida. Quando esses dois mundos se encontram, surge um equil\u00edbrio onde a liberdade de explorar novos lugares \u00e9 complementada pela leveza de viver com o m\u00ednimo necess\u00e1rio.<\/p>\n\n\n\n<p>As microcasas, projetadas para mobilidade e efici\u00eancia, traduzem esses princ\u00edpios na pr\u00e1tica. N\u00e3o h\u00e1 espa\u00e7o para o desnecess\u00e1rio, e cada objeto presente possui um prop\u00f3sito claro. Isso n\u00e3o significa renunciar ao conforto, mas sim escolher conscientemente aquilo que contribui para a rotina, eliminando distra\u00e7\u00f5es e excessos que sobrecarregam o dia a dia.<\/p>\n\n\n\n<h3 id='microcasas-facilitadoras-de-uma-vida-leve'  class=\"wp-block-heading\"><strong>Microcasas: Facilitadoras de uma Vida Leve<\/strong><\/h3>\n\n\n\n<p>Viver em uma microcasa significa reorganizar a perspectiva sobre o que \u00e9 \u201cindispens\u00e1vel\u201d. A falta de espa\u00e7o generoso se transforma em um convite a reavaliar h\u00e1bitos de consumo. \u00c9 um estilo de moradia que, ao restringir o ambiente f\u00edsico, amplia o foco para aspectos mais significativos da vida.<\/p>\n\n\n\n<p>Em uma casa compacta, a funcionalidade vem em primeiro lugar: m\u00f3veis dobr\u00e1veis, espa\u00e7os multifuncionais e objetos selecionados com cuidado. Cada canto da casa \u00e9 utilizado de forma inteligente, mantendo o ambiente organizado e livre de excessos. Essa simplicidade gera uma rotina mais leve e descomplicada, onde sobra tempo para o que realmente importa.<\/p>\n\n\n\n<h3 id='valorizando-experi\u00eancias-sobre-ac\u00famulo-de-bens'  class=\"wp-block-heading\"><strong>Valorizando Experi\u00eancias Sobre Ac\u00famulo de Bens<\/strong><\/h3>\n\n\n\n<p>A busca por experi\u00eancias \u00e9 o que motiva grande parte dos n\u00f4mades a adotar microcasas. Quando o espa\u00e7o f\u00edsico \u00e9 reduzido, a necessidade de acumular objetos perde for\u00e7a e d\u00e1 lugar a momentos significativos. A vida em movimento passa a ser guiada por novas paisagens, encontros e aprendizados, substituindo o impulso do consumismo por mem\u00f3rias que duram uma vida inteira.<\/p>\n\n\n\n<p>Uma microcasa permite que o foco esteja em viver, n\u00e3o em possuir. Em vez de investir tempo e dinheiro em bens materiais que ocupam espa\u00e7o e demandam manuten\u00e7\u00e3o, os moradores t\u00eam a oportunidade de explorar novos destinos, conhecer culturas e criar conex\u00f5es valiosas. Isso redefine o conceito de riqueza: n\u00e3o mais como uma acumula\u00e7\u00e3o de coisas, mas como uma cole\u00e7\u00e3o de momentos que trazem significado.<\/p>\n\n\n\n<h3 id='um-novo-olhar-para-o-essencial'  class=\"wp-block-heading\"><strong>Um Novo Olhar para o Essencial<\/strong><\/h3>\n\n\n\n<p>A jornada para o essencial \u00e9 transformadora. Optar por uma microcasa no estilo de vida n\u00f4made \u00e9 escolher viver de forma mais intencional, priorizando aquilo que realmente agrega valor. O minimalismo, aliado \u00e0 liberdade da mobilidade, oferece a oportunidade de simplificar, refletir e viver de maneira mais presente.<\/p>\n\n\n\n<p>Neste caminho, menos se torna mais: mais tempo, mais experi\u00eancias e mais qualidade de vida. Uma casa pode ser pequena, mas a vida que se constr\u00f3i dentro dela pode ser imensamente rica.<\/p>\n\n\n\n<h2 id='liberdade-que-vem-com-a-mobilidade-leveza-para-ir-onde-quiser'  class=\"wp-block-heading\"><strong>Liberdade que Vem com a Mobilidade: Leveza para Ir Onde Quiser<\/strong><\/h2>\n\n\n\n<p>A ideia de liberdade muitas vezes se mistura com a capacidade de se mover sem amarras, de escolher um novo horizonte sempre que necess\u00e1rio. Para n\u00f4mades, essa liberdade \u00e9 mais do que um conceito: \u00e9 um estilo de vida. Microcasas projetadas para acompanhar esses movimentos transformam essa jornada em algo mais leve, pr\u00e1tico e pessoal, permitindo que a casa deixe de ser um ponto fixo para se tornar um companheiro de viagem.<\/p>\n\n\n\n<h3 id='deslocamento-sem-o-peso-do-excesso'  class=\"wp-block-heading\"><strong>Deslocamento Sem o Peso do Excesso<\/strong><\/h3>\n\n\n\n<p>Carregar menos sempre foi um dos pilares de um estilo de vida n\u00f4made, e \u00e9 nesse ponto que as microcasas mostram sua for\u00e7a. Ao contr\u00e1rio de resid\u00eancias convencionais, que acumulam objetos e demandam manuten\u00e7\u00e3o constante, uma microcasa traz consigo apenas o essencial. A aus\u00eancia de excesso n\u00e3o \u00e9 uma limita\u00e7\u00e3o, mas uma liberta\u00e7\u00e3o: menos preocupa\u00e7\u00f5es, menos tralhas e mais espa\u00e7o mental para aproveitar a vida no presente.<\/p>\n\n\n\n<p>Essa leveza simplifica o deslocamento. Quando tudo que \u00e9 realmente necess\u00e1rio cabe dentro de uma microcasa, mudar de cen\u00e1rio deixa de ser um processo exaustivo. Em vez disso, torna-se uma experi\u00eancia natural e at\u00e9 inspiradora. \u00c9 a liberdade de viver onde se deseja, sem as amarras de um estilo de vida tradicional.<\/p>\n\n\n\n<h3 id='praticidade-que-acompanha-cada-movimento'  class=\"wp-block-heading\"><strong>Praticidade que Acompanha Cada Movimento<\/strong><\/h3>\n\n\n\n<p>O design das microcasas para n\u00f4mades \u00e9 pensado para facilitar uma vida em movimento. Cada detalhe, desde a escolha dos materiais at\u00e9 a disposi\u00e7\u00e3o dos espa\u00e7os, prioriza a funcionalidade e a praticidade. M\u00f3veis dobr\u00e1veis, compartimentos ocultos e estruturas compactas s\u00e3o alguns exemplos de como essas casas maximizam o uso inteligente do espa\u00e7o sem comprometer o conforto.<\/p>\n\n\n\n<p>Al\u00e9m disso, o processo de transporte \u00e9 simplificado. Muitas microcasas port\u00e1teis podem ser anexadas a ve\u00edculos, facilitando mudan\u00e7as r\u00e1pidas e eficientes. Essa combina\u00e7\u00e3o de mobilidade e praticidade faz com que cada parada \u2014 seja em meio a uma floresta, uma praia ou uma \u00e1rea urbana \u2014 se torne um lar tempor\u00e1rio, acolhedor e pronto para uso.<\/p>\n\n\n\n<h2 id='o-pertencimento-de-levar-o-lar-consigo'  class=\"wp-block-heading\"><strong>O Pertencimento de Levar o Lar Consigo<\/strong><\/h2>\n\n\n\n<p>Carregar a pr\u00f3pria casa para onde for cria uma sensa\u00e7\u00e3o \u00fanica de pertencimento. Mesmo com mudan\u00e7as frequentes de paisagem, a microcasa funciona como um ponto de equil\u00edbrio, um lugar onde o conforto e as mem\u00f3rias permanecem intactos. N\u00e3o importa onde se esteja, aquele espa\u00e7o \u00e9 familiar, acolhedor e cheio de significados pessoais.<\/p>\n\n\n\n<p>Essa conex\u00e3o com o lar tamb\u00e9m reduz o desconforto de adapta\u00e7\u00e3o a novos locais. Ao inv\u00e9s de sentir que est\u00e1 sempre &#8220;em tr\u00e2nsito&#8221;, o n\u00f4made carrega consigo um ref\u00fagio constante. A microcasa \u00e9 mais do que uma estrutura f\u00edsica; ela se torna um s\u00edmbolo de identidade e um espa\u00e7o onde as ra\u00edzes se adaptam ao movimento, criando uma sensa\u00e7\u00e3o de estabilidade mesmo em meio a mudan\u00e7as.<\/p>\n\n\n\n<h3 id='o-novo-conceito-de-liberdade'  class=\"wp-block-heading\"><strong>O Novo Conceito de Liberdade<\/strong><\/h3>\n\n\n\n<p>A liberdade que vem com a mobilidade n\u00e3o est\u00e1 apenas no ato de se deslocar, mas na leveza que acompanha essa escolha. As microcasas oferecem aos n\u00f4mades a oportunidade de explorar novos destinos, experimentar diferentes estilos de vida e, ainda assim, sentir que t\u00eam um lugar pr\u00f3prio no mundo. Com menos peso e mais praticidade, elas tornam o movimento simples e o lar sempre acess\u00edvel.<\/p>\n\n\n\n<p>Levar a casa consigo \u00e9 mais do que um detalhe funcional: \u00e9 um convite para viver de forma mais leve, consciente e aut\u00eantica, onde cada deslocamento traz novas hist\u00f3rias, novos horizontes e uma liberdade que poucas estruturas conseguem oferecer.<\/p>\n\n\n\n<h3 id='espa\u00e7o-reduzido-consumo-reduzido-um-estilo-de-vida-mais-consciente'  class=\"wp-block-heading\"><strong>Espa\u00e7o Reduzido, Consumo Reduzido: Um Estilo de Vida Mais Consciente<\/strong><\/h3>\n\n\n\n<p>Viver em uma microcasa \u00e9 mais do que uma escolha de moradia: \u00e9 um compromisso com um estilo de vida mais intencional. Em um ambiente onde o espa\u00e7o \u00e9 limitado, as decis\u00f5es sobre o que entra na casa se tornam mais criteriosas, incentivando um consumo consciente e promovendo uma organiza\u00e7\u00e3o que valoriza o essencial. Esse v\u00ednculo entre tamanho reduzido e escolhas conscientes \u00e9 o que transforma microcasas em catalisadoras de uma vida mais leve e sustent\u00e1vel.<\/p>\n\n\n\n<h2 id='ambientes-compactos-como-catalisadores-de-consci\u00eancia'  class=\"wp-block-heading\"><strong>Ambientes Compactos como Catalisadores de Consci\u00eancia<\/strong><\/h2>\n\n\n\n<p>Quando o espa\u00e7o \u00e9 reduzido, cada canto, m\u00f3vel ou objeto precisa ter um prop\u00f3sito claro. N\u00e3o h\u00e1 espa\u00e7o para acumular o desnecess\u00e1rio ou para compras impulsivas que rapidamente ocupariam o ambiente e criariam desordem. Em microcasas, cada item \u00e9 pensado de forma estrat\u00e9gica: ele precisa servir, durar e, muitas vezes, desempenhar m\u00faltiplas fun\u00e7\u00f5es.<\/p>\n\n\n\n<p>Essa limita\u00e7\u00e3o natural do espa\u00e7o for\u00e7a uma reflex\u00e3o sobre o consumo e as reais necessidades do dia a dia. Escolhas passam a ser feitas com mais inten\u00e7\u00e3o, e cada item que entra na casa agrega valor de alguma forma \u2014 seja por funcionalidade, est\u00e9tica ou import\u00e2ncia emocional.<\/p>\n\n\n\n<h3 id='menos-espa\u00e7o-menos-consumo'  class=\"wp-block-heading\"><strong>Menos Espa\u00e7o, Menos Consumo<\/strong><\/h3>\n\n\n\n<p>Uma microcasa n\u00e3o apenas limita fisicamente o excesso, mas tamb\u00e9m redefine o olhar sobre o consumismo. A cultura de acumular &#8220;para o futuro&#8221; ou por impulso perde espa\u00e7o, dando lugar a um consumo mais consciente e equilibrado.<\/p>\n\n\n\n<p>Quando voc\u00ea vive em menos metros quadrados, cada novo objeto exige um lugar espec\u00edfico. Se n\u00e3o for \u00fatil ou n\u00e3o trouxer significado, ele se torna um inc\u00f4modo. Esse pensamento simplifica decis\u00f5es di\u00e1rias e reduz a necessidade de buscar solu\u00e7\u00f5es para lidar com o excesso.<\/p>\n\n\n\n<p>O impacto \u00e9 libertador: ao reduzir o consumo, n\u00e3o apenas o ambiente fica mais leve, mas tamb\u00e9m a mente. Menos preocupa\u00e7\u00f5es com o que armazenar, menos tempo organizando e mais liberdade para focar no que realmente importa.<\/p>\n\n\n\n<h3 id='o-desapego-como-caminho-para-a-organiza\u00e7\u00e3o'  class=\"wp-block-heading\"><strong>O Desapego como Caminho para a Organiza\u00e7\u00e3o<\/strong><\/h3>\n\n\n\n<p>Em microcasas, a organiza\u00e7\u00e3o \u00e9 um reflexo direto do desapego. Quanto menos coisas voc\u00ea tem, mais simples \u00e9 manter tudo em ordem. Esse processo, longe de ser um sacrif\u00edcio, \u00e9 uma oportunidade de redescobrir o valor do essencial.<\/p>\n\n\n\n<p>Objetos guardados por anos sem uso, roupas que n\u00e3o s\u00e3o vestidas e itens esquecidos perdem o sentido quando o espa\u00e7o \u00e9 limitado. O desapego torna-se um h\u00e1bito natural, trazendo n\u00e3o s\u00f3 praticidade, mas tamb\u00e9m uma sensa\u00e7\u00e3o de al\u00edvio e clareza. Organizar deixa de ser uma tarefa \u00e1rdua e passa a ser um exerc\u00edcio de simplicidade, onde tudo tem seu lugar e prop\u00f3sito.<\/p>\n\n\n\n<h3 id='a-leveza-de-viver-com-o-essencial'  class=\"wp-block-heading\"><strong>A Leveza de Viver com o Essencial<\/strong><\/h3>\n\n\n\n<p>Microcasas ensinam que o conforto e a qualidade de vida n\u00e3o dependem de excesso. Espa\u00e7os compactos desafiam a cultura do consumismo e nos convidam a fazer escolhas que alinham praticidade, inten\u00e7\u00e3o e organiza\u00e7\u00e3o. A redu\u00e7\u00e3o no consumo traz impactos positivos tanto para o morador, que vive de forma mais leve e organizada, quanto para o meio ambiente, que se beneficia de menos desperd\u00edcio e menor demanda por recursos.<\/p>\n\n\n\n<p>No fim, viver em um espa\u00e7o reduzido \u00e9 um exerc\u00edcio di\u00e1rio de consci\u00eancia. \u00c9 a prova de que, ao abrir espa\u00e7o para o essencial, criamos mais tempo, liberdade e tranquilidade. Esse equil\u00edbrio transforma n\u00e3o apenas a casa, mas a maneira como vemos o mundo e o nosso lugar nele.<\/p>\n\n\n\n<h2 id='sustentabilidade-na-pr\u00e1tica-microcasas-como-s\u00edmbolos-de-consci\u00eancia-e-efici\u00eancia'  class=\"wp-block-heading\"><strong>Sustentabilidade na Pr\u00e1tica: Microcasas como S\u00edmbolos de Consci\u00eancia e Efici\u00eancia<\/strong><\/h2>\n\n\n\n<p>As microcasas s\u00e3o mais do que solu\u00e7\u00f5es de moradia compacta; elas representam um estilo de vida alinhado \u00e0 sustentabilidade. Para n\u00f4mades que escolhem viver de maneira minimalista, esses espa\u00e7os funcionam como uma ferramenta que integra conforto, efici\u00eancia e respeito ao meio ambiente. Cada detalhe, do planejamento \u00e0 execu\u00e7\u00e3o, reflete a busca por um equil\u00edbrio entre viver bem e cuidar do planeta.<\/p>\n\n\n\n<h3 id='prioridade-para-recursos-sustent\u00e1veis-e-eficientes'  class=\"wp-block-heading\"><strong>Prioridade para Recursos Sustent\u00e1veis e Eficientes<\/strong><\/h3>\n\n\n\n<p>Microcasas s\u00e3o projetadas para consumir menos, seja em energia, \u00e1gua ou materiais. Seu tamanho reduzido naturalmente diminui a demanda por recursos, mas o impacto positivo vai al\u00e9m. Estruturas como telhados solares, sistemas de capta\u00e7\u00e3o de \u00e1gua da chuva e ilumina\u00e7\u00e3o natural s\u00e3o facilmente integradas, criando ambientes energeticamente eficientes sem sacrificar o conforto.<\/p>\n\n\n\n<p>Materiais sustent\u00e1veis tamb\u00e9m ganham destaque nesse tipo de constru\u00e7\u00e3o. Madeiras certificadas, isolamento t\u00e9rmico com materiais reciclados e revestimentos ecol\u00f3gicos s\u00e3o escolhas frequentes. Cada elemento \u00e9 pensado para maximizar durabilidade e efici\u00eancia, minimizando desperd\u00edcios durante a constru\u00e7\u00e3o e garantindo um ciclo de vida mais longo.<\/p>\n\n\n\n<p>Com isso, as microcasas n\u00e3o apenas reduzem o consumo di\u00e1rio, mas tamb\u00e9m incentivam um modelo de moradia mais consciente e menos impactante para o meio ambiente.<\/p>\n\n\n\n<h3 id='um-estilo-de-vida-que-respeita-a-natureza'  class=\"wp-block-heading\"><strong>Um Estilo de Vida que Respeita a Natureza<\/strong><\/h3>\n\n\n\n<p>Viver em uma microcasa n\u00e3o \u00e9 apenas uma quest\u00e3o de tamanho, mas de mentalidade. O espa\u00e7o reduzido promove um estilo de vida mais conectado com a natureza e mais distante do consumo excessivo. A redu\u00e7\u00e3o de res\u00edduos, o uso eficiente de energia e a reutiliza\u00e7\u00e3o de recursos se tornam parte da rotina, transformando pequenas a\u00e7\u00f5es di\u00e1rias em grandes impactos ao longo do tempo.<\/p>\n\n\n\n<p>Al\u00e9m disso, o contato constante com o ambiente externo estimula a valoriza\u00e7\u00e3o da natureza. Seja estacionada em um campo aberto, pr\u00f3xima a uma floresta ou em uma praia remota, a microcasa proporciona uma conviv\u00eancia direta com paisagens naturais, incentivando o cuidado com esses espa\u00e7os. A simplicidade da vida em movimento promove menos desperd\u00edcio e uma aprecia\u00e7\u00e3o mais profunda pelo que realmente importa.<\/p>\n\n\n\n<h3 id='harmonia-entre-viver-bem-e-reduzir-a-pegada-ambiental'  class=\"wp-block-heading\"><strong>Harmonia Entre Viver Bem e Reduzir a Pegada Ambiental<\/strong><\/h3>\n\n\n\n<p>Microcasas provam que \u00e9 poss\u00edvel viver com conforto enquanto se reduz a pegada ambiental. Seu design, que prioriza o uso inteligente dos recursos, reflete uma harmonia perfeita entre as necessidades humanas e os limites do planeta. A menor demanda por energia e a valoriza\u00e7\u00e3o de fontes renov\u00e1veis criam um equil\u00edbrio onde o consumo se torna mais consciente e sustent\u00e1vel.<\/p>\n\n\n\n<p>Esse estilo de vida minimalista n\u00e3o exige ren\u00fancias, mas sim escolhas mais significativas. \u00c9 sobre encontrar beleza no essencial e entender que viver bem n\u00e3o est\u00e1 relacionado ao excesso, mas \u00e0 qualidade de cada elemento presente.<\/p>\n\n\n\n<p>Ao unir simplicidade e sustentabilidade, microcasas inspiram uma nova forma de morar, onde o impacto positivo no mundo caminha lado a lado com o conforto e a liberdade que o estilo de vida n\u00f4made proporciona.<\/p>\n\n\n\n<h3 id='um-novo-caminho-de-sustentabilidade'  class=\"wp-block-heading\"><strong>Um Novo Caminho de Sustentabilidade<\/strong><\/h3>\n\n\n\n<p>A pr\u00e1tica da sustentabilidade em microcasas n\u00e3o \u00e9 apenas uma tend\u00eancia, mas uma necessidade para um futuro mais equilibrado. Com recursos eficientes, escolhas conscientes e um estilo de vida conectado \u00e0 natureza, essas casas mostram que \u00e9 poss\u00edvel cuidar do planeta enquanto se desfruta de liberdade e simplicidade.<\/p>\n\n\n\n<p>Escolher uma microcasa \u00e9 mais do que adotar um espa\u00e7o pequeno; \u00e9 abra\u00e7ar um compromisso com o meio ambiente e com um modo de vida que respeita o que realmente importa.<\/p>\n\n\n\n<h2 id='foco-no-que-realmente-importa-o-essencial-como-prioridade'  class=\"wp-block-heading\"><strong>Foco no Que Realmente Importa: O Essencial Como Prioridade<\/strong><\/h2>\n\n\n\n<p>Viver em uma microcasa no estilo minimalista n\u00e3o se resume a morar em menos metros quadrados. \u00c9 sobre um novo modo de enxergar a vida, onde experi\u00eancias ganham mais valor do que posses materiais, e o tempo \u00e9 dedicado ao que realmente importa. Em um mundo cada vez mais acelerado, esses pequenos lares oferecem uma pausa necess\u00e1ria, permitindo que os moradores encontrem equil\u00edbrio, liberdade e prop\u00f3sito no dia a dia.<\/p>\n\n\n\n<h3 id='valorizando-experi\u00eancias-em-vez-de-objetos'  class=\"wp-block-heading\"><strong>Valorizando Experi\u00eancias em Vez de Objetos<\/strong><\/h3>\n\n\n\n<p>Uma microcasa naturalmente elimina o sup\u00e9rfluo. A falta de espa\u00e7o f\u00edsico n\u00e3o \u00e9 uma limita\u00e7\u00e3o, mas uma oportunidade de viver de maneira mais consciente. Ao se afastar do consumismo desenfreado e dar prefer\u00eancia ao essencial, o morador passa a focar em experi\u00eancias que agregam valor \u00e0 sua vida \u2014 seja explorar novos lugares, conhecer pessoas ou apenas viver de maneira mais presente.<\/p>\n\n\n\n<p>O ambiente reduzido faz com que cada objeto escolhido tenha um significado real, abrindo espa\u00e7o mental e emocional para aproveitar momentos que realmente trazem felicidade. A mem\u00f3ria de uma caminhada ao p\u00f4r do sol ou de um jantar simples em fam\u00edlia, por exemplo, torna-se muito mais valiosa do que acumular bens que, com o tempo, perdem sua import\u00e2ncia.<\/p>\n\n\n\n<h3 id='rotinas-mais-simples-e-alinhadas-com-prop\u00f3sitos'  class=\"wp-block-heading\"><strong>Rotinas Mais Simples e Alinhadas com Prop\u00f3sitos<\/strong><\/h3>\n\n\n\n<p>Espa\u00e7os compactos convidam a uma rotina mais descomplicada e organizada. Com menos itens para administrar e menos ambientes para cuidar, sobra tempo para focar em objetivos pessoais e projetos que trazem satisfa\u00e7\u00e3o genu\u00edna. O dia a dia se torna mais leve, com menos demandas e mais clareza sobre onde se quer chegar.<\/p>\n\n\n\n<p>A simplicidade proporciona uma sensa\u00e7\u00e3o de ordem que reflete diretamente na qualidade de vida. H\u00e1 tempo para hobbies esquecidos, atividades ao ar livre ou at\u00e9 para momentos de descanso que revitalizam corpo e mente. Viver em uma microcasa \u00e9 uma constante lembran\u00e7a de que uma vida com menos distra\u00e7\u00f5es permite maior alinhamento com aquilo que realmente tem valor.<\/p>\n\n\n\n<h3 id='liberdade-para-explorar-aprender-e-crescer'  class=\"wp-block-heading\"><strong>Liberdade Para Explorar, Aprender e Crescer<\/strong><\/h3>\n\n\n\n<p>Uma das maiores vantagens de viver em microcasas minimalistas \u00e9 a liberdade conquistada. Sem as amarras de um estilo de vida baseado em posses materiais, \u00e9 poss\u00edvel ter mais tempo e recursos para investir em crescimento pessoal, viagens e novas descobertas. O espa\u00e7o f\u00edsico, embora limitado, torna-se um facilitador para expandir horizontes e acumular viv\u00eancias que enriquecem a jornada.<\/p>\n\n\n\n<p>Essa liberdade se estende al\u00e9m do cotidiano. A capacidade de se deslocar com facilidade, explorar novos ambientes ou simplesmente reorganizar a vida traz um sentimento de autonomia. \u00c9 a oportunidade de focar em aprender algo novo, se conectar com a natureza ou passar mais tempo com as pessoas que importam, sem as press\u00f5es de uma rotina saturada.<\/p>\n\n\n\n<h2 id='o-significado-de-uma-vida-intencional'  class=\"wp-block-heading\"><strong>O Significado de Uma Vida Intencional<\/strong><\/h2>\n\n\n\n<p>Microcasas representam mais do que uma solu\u00e7\u00e3o de moradia compacta; elas inspiram um estilo de vida baseado no que realmente importa. O minimalismo n\u00e3o \u00e9 sobre \u201cter menos\u201d por obriga\u00e7\u00e3o, mas sim \u201cter o suficiente\u201d para viver com prop\u00f3sito, liberdade e foco nas experi\u00eancias que trazem alegria.<\/p>\n\n\n\n<p>Ao remover o excesso e dar espa\u00e7o ao essencial, \u00e9 poss\u00edvel criar uma vida mais alinhada com valores pessoais, onde cada escolha \u00e9 feita de forma consciente. A combina\u00e7\u00e3o entre simplicidade e liberdade n\u00e3o s\u00f3 organiza o espa\u00e7o, mas tamb\u00e9m reorganiza a mente, permitindo um novo olhar para o que realmente faz a vida valer a pena.<\/p>\n\n\n\n<h3 id='reflex\u00f5es-sobre-um-estilo-de-vida-consciente-redefinindo-o-que-\u00e9-essencial'  class=\"wp-block-heading\"><strong>Reflex\u00f5es Sobre um Estilo de Vida Consciente: Redefinindo o Que \u00e9 Essencial<\/strong><\/h3>\n\n\n\n<p>As microcasas para n\u00f4mades n\u00e3o s\u00e3o apenas uma solu\u00e7\u00e3o habitacional compacta; elas representam uma mudan\u00e7a profunda na forma como vivemos e percebemos o mundo ao nosso redor. Inspirando uma nova perspectiva, elas incentivam escolhas mais conscientes, onde valores pessoais, simplicidade e liberdade se entrela\u00e7am. Esse estilo de vida nos convida a questionar o que realmente \u00e9 necess\u00e1rio e a abra\u00e7ar o que de fato importa.<\/p>\n\n\n\n<h2 id='um-novo-olhar-sobre-a-forma-de-viver'  class=\"wp-block-heading\"><strong>Um Novo Olhar Sobre a Forma de Viver<\/strong><\/h2>\n\n\n\n<p>Viver em uma microcasa, especialmente quando aliada ao estilo de vida n\u00f4made, traz uma proposta transformadora: desapegar do excesso e viver de maneira intencional. O espa\u00e7o reduzido n\u00e3o \u00e9 visto como uma limita\u00e7\u00e3o, mas como uma oportunidade de reavaliar prioridades e valorizar experi\u00eancias em vez de acumular bens. Cada escolha se torna mais significativa, desde os objetos que preenchem o ambiente at\u00e9 as mem\u00f3rias criadas em cada lugar visitado.<\/p>\n\n\n\n<p>Esse modelo de vida consciente inspira uma reconex\u00e3o com o presente. Ao eliminar o desnecess\u00e1rio, abre-se espa\u00e7o n\u00e3o apenas no ambiente f\u00edsico, mas tamb\u00e9m na mente, permitindo maior clareza, leveza e prop\u00f3sito. \u00c9 um convite para enxergar a moradia como um meio para viver melhor e n\u00e3o como um fim em si.<\/p>\n\n\n\n<h3 id='escolhas-materiais-alinhadas-com-valores-pessoais'  class=\"wp-block-heading\"><strong>Escolhas Materiais Alinhadas com Valores Pessoais<\/strong><\/h3>\n\n\n\n<p>A constru\u00e7\u00e3o de um estilo de vida consciente come\u00e7a com escolhas intencionais, e microcasas s\u00e3o reflexo desse processo. Cada material, m\u00f3vel ou detalhe \u00e9 escolhido n\u00e3o apenas pela funcionalidade, mas pela capacidade de refletir os valores de quem ocupa o espa\u00e7o. Isso inclui optar por recursos sustent\u00e1veis, reduzir o impacto ambiental e evitar o consumo impulsivo.<\/p>\n\n\n\n<p>Quando se alinha o estilo de vida com aquilo que realmente importa, as decis\u00f5es se tornam mais claras. \u00c9 poss\u00edvel escolher menos objetos e mais experi\u00eancias, menos desperd\u00edcio e mais responsabilidade, menos pressa e mais conex\u00e3o com o que traz satisfa\u00e7\u00e3o genu\u00edna. Esse equil\u00edbrio transforma o dia a dia, tornando-o mais coerente com as aspira\u00e7\u00f5es pessoais e menos sobre influ\u00eancias externas.<\/p>\n\n\n\n<h3 id='repensando-o-necess\u00e1rio-e-abra\u00e7ando-o-essencial'  class=\"wp-block-heading\"><strong>Repensando o Necess\u00e1rio e Abra\u00e7ando o Essencial<\/strong><\/h3>\n\n\n\n<p>O verdadeiro impacto das microcasas vai al\u00e9m de paredes compactas e m\u00f3veis multifuncionais. Elas desafiam a ideia do que \u00e9 necess\u00e1rio para viver bem. O excesso, que muitas vezes ocupa espa\u00e7o f\u00edsico e mental, d\u00e1 lugar ao essencial \u2014 aquilo que traz prop\u00f3sito, conforto e significado.<\/p>\n\n\n\n<p>Essa reflex\u00e3o pode ser libertadora. Ao repensar o que \u00e9 indispens\u00e1vel, descobre-se que o &#8220;suficiente&#8221; \u00e9 mais leve do que se imaginava. Livrar-se do ac\u00famulo n\u00e3o \u00e9 abrir m\u00e3o do conforto, mas sim criar um espa\u00e7o mais livre para o que realmente importa: experi\u00eancias enriquecedoras, momentos significativos e tempo de qualidade.<\/p>\n\n\n\n<h2 id='um-estilo-de-vida-transformador'  class=\"wp-block-heading\"><strong>Um Estilo de Vida Transformador<\/strong><\/h2>\n\n\n\n<p>Adotar microcasas como parte de um estilo de vida n\u00f4made e consciente \u00e9 mais do que uma tend\u00eancia. \u00c9 uma escolha que redefine a forma como habitamos o mundo, convidando-nos a questionar velhos padr\u00f5es e buscar uma vida mais leve, simples e alinhada com nossos valores.<\/p>\n\n\n\n<p>Ao renunciar ao desnecess\u00e1rio, ganhamos espa\u00e7o para o essencial. Essa reflex\u00e3o n\u00e3o se limita ao tamanho de uma casa, mas abrange toda a jornada: como escolhemos viver, o que valorizamos e a forma como impactamos o ambiente ao nosso redor.<\/p>\n\n\n\n<p>Assim, o convite permanece: repensar, simplificar e abra\u00e7ar o que verdadeiramente traz sentido. Porque, no final, viver de maneira consciente n\u00e3o \u00e9 apenas sobre o lugar onde moramos, mas sobre como escolhemos ocupar o nosso espa\u00e7o no mundo.<\/p>","protected":false},"excerpt":{"rendered":"<p>A Jornada para o Essencial: Menos Espa\u00e7o, Mais Vida A vida n\u00f4made, por sua pr\u00f3pria natureza, desafia o conceito de&#8230;<\/p>","protected":false},"author":1,"featured_media":148,"comment_status":"open","ping_status":"open","sticky":false,"template":"","format":"standard","meta":{"_kad_post_transparent":"","_kad_post_title":"","_kad_post_layout":"","_kad_post_sidebar_id":"","_kad_post_content_style":"","_kad_post_vertical_padding":"","_kad_post_feature":"","_kad_post_feature_position":"","_kad_post_header":false,"_kad_post_footer":false,"_kad_post_classname":"","footnotes":"","jetpack_publicize_message":"","jetpack_publicize_feature_enabled":true,"jetpack_social_post_already_shared":false,"jetpack_social_options":{"image_generator_settings":{"template":"highway","default_image_id":0,"font":"","enabled":false},"version":2}},"categories":[16],"tags":[13],"class_list":["post-147","post","type-post","status-publish","format-standard","has-post-thumbnail","hentry","category-casa-e-jardim","tag-minimalista"],"jetpack_publicize_connections":[],"jetpack_featured_media_url":"https:\/\/i0.wp.com\/1truenote.com\/wp-content\/uploads\/2024\/12\/DALL%C2%B7E-2024-12-07-02.13.19-A-serene-and-modern-microhouse-designed-for-a-minimalist-nomadic-lifestyle.-The-house-is-compact-set-in-a-vast-open-landscape-with-a-peaceful-horizon-e1737664759153.webp?fit=600%2C400&ssl=1","jetpack_sharing_enabled":true,"_links":{"self":[{"href":"https:\/\/1truenote.com\/en\/wp-json\/wp\/v2\/posts\/147","targetHints":{"allow":["GET"]}}],"collection":[{"href":"https:\/\/1truenote.com\/en\/wp-json\/wp\/v2\/posts"}],"about":[{"href":"https:\/\/1truenote.com\/en\/wp-json\/wp\/v2\/types\/post"}],"author":[{"embeddable":true,"href":"https:\/\/1truenote.com\/en\/wp-json\/wp\/v2\/users\/1"}],"replies":[{"embeddable":true,"href":"https:\/\/1truenote.com\/en\/wp-json\/wp\/v2\/comments?post=147"}],"version-history":[{"count":0,"href":"https:\/\/1truenote.com\/en\/wp-json\/wp\/v2\/posts\/147\/revisions"}],"wp:featuredmedia":[{"embeddable":true,"href":"https:\/\/1truenote.com\/en\/wp-json\/wp\/v2\/media\/148"}],"wp:attachment":[{"href":"https:\/\/1truenote.com\/en\/wp-json\/wp\/v2\/media?parent=147"}],"wp:term":[{"taxonomy":"category","embeddable":true,"href":"https:\/\/1truenote.com\/en\/wp-json\/wp\/v2\/categories?post=147"},{"taxonomy":"post_tag","embeddable":true,"href":"https:\/\/1truenote.com\/en\/wp-json\/wp\/v2\/tags?post=147"}],"curies":[{"name":"wp","href":"https:\/\/api.w.org\/{rel}","templated":true}]}}