{"id":141,"date":"2024-12-30T18:13:24","date_gmt":"2024-12-30T18:13:24","guid":{"rendered":"https:\/\/1truenote.com\/?p=141"},"modified":"2025-04-21T17:10:06","modified_gmt":"2025-04-21T17:10:06","slug":"quais-itens-de-decoracao-multifuncional-melhoram-o-conforto-em-microcasas-urbanas","status":"publish","type":"post","link":"https:\/\/1truenote.com\/en\/quais-itens-de-decoracao-multifuncional-melhoram-o-conforto-em-microcasas-urbanas\/","title":{"rendered":"Quais Itens de Decora\u00e7\u00e3o Multifuncional Melhoram o Conforto em Microcasas Urbanas?"},"content":{"rendered":"<h2 id='viver-bem-em-pequenos-espa\u00e7os-o-poder-da-decora\u00e7\u00e3o-multifuncional'  class=\"wp-block-heading\"><strong>Viver Bem em Pequenos Espa\u00e7os: O Poder da Decora\u00e7\u00e3o Multifuncional<\/strong><\/h2>\n\n\n\n<p>Nas cidades, onde cada metro quadrado tem um valor significativo, as microcasas urbanas t\u00eam se tornado uma solu\u00e7\u00e3o pr\u00e1tica e moderna para quem busca morar em locais centrais sem comprometer a qualidade de vida. No entanto, viver em espa\u00e7os reduzidos exige mais do que uma boa disposi\u00e7\u00e3o de m\u00f3veis: \u00e9 necess\u00e1rio transformar o ambiente em um lugar que combine funcionalidade, estilo e conforto.<\/p>\n\n\n\n<h3 id='por-que-a-multifuncionalidade-\u00e9-essencial'  class=\"wp-block-heading\"><strong>Por Que a Multifuncionalidade \u00c9 Essencial?<\/strong><\/h3>\n\n\n\n<p>Com espa\u00e7os compactos, surge a necessidade de m\u00f3veis e itens de decora\u00e7\u00e3o que desempenhem mais de uma fun\u00e7\u00e3o. Isso n\u00e3o apenas economiza espa\u00e7o, mas tamb\u00e9m transforma o lar em um ambiente pr\u00e1tico e organizado.<\/p>\n\n\n\n<p>Por exemplo, um sof\u00e1 que se converte em cama ou uma mesa que pode ser dobrada quando n\u00e3o est\u00e1 em uso s\u00e3o solu\u00e7\u00f5es que tornam o dia a dia mais \u00e1gil. Esses itens permitem que a casa se adapte \u00e0s necessidades de quem mora ali, seja para trabalhar, relaxar ou receber visitas.<\/p>\n\n\n\n<h3 id='o-papel-da-decora\u00e7\u00e3o-no-conforto'  class=\"wp-block-heading\"><strong>O Papel da Decora\u00e7\u00e3o no Conforto<\/strong><\/h3>\n\n\n\n<p>Embora muitas vezes vista como secund\u00e1ria, a decora\u00e7\u00e3o \u00e9 uma aliada poderosa na cria\u00e7\u00e3o de um espa\u00e7o acolhedor e funcional.<\/p>\n\n\n\n<p><strong>Estilo que otimiza:<\/strong> Pe\u00e7as decorativas, como espelhos ou lumin\u00e1rias multifuncionais, n\u00e3o s\u00f3 embelezam o ambiente, mas tamb\u00e9m ampliam a sensa\u00e7\u00e3o de espa\u00e7o e contribuem para a praticidade.<\/p>\n\n\n\n<p><strong>Organiza\u00e7\u00e3o com prop\u00f3sito:<\/strong> A decora\u00e7\u00e3o multifuncional ajuda a manter o ambiente organizado, eliminando a necessidade de objetos que ocupam espa\u00e7o sem oferecer valor real.<\/p>\n\n\n\n<p><strong>Ambiente fluido:<\/strong> Em uma microcasa, cada detalhe da decora\u00e7\u00e3o deve ajudar a criar um espa\u00e7o que seja fluido e intuitivo, promovendo conforto e harmonia.<\/p>\n\n\n\n<h3 id='o-que-este-artigo-vai-oferecer'  class=\"wp-block-heading\"><strong>O Que Este Artigo Vai Oferecer<\/strong><\/h3>\n\n\n\n<p>Neste artigo, exploraremos os melhores itens de decora\u00e7\u00e3o multifuncional que podem transformar microcasas urbanas em espa\u00e7os altamente funcionais e confort\u00e1veis. Vamos abordar:<\/p>\n\n\n\n<p>Ideias criativas para aproveitar ao m\u00e1ximo cada cent\u00edmetro.<\/p>\n\n\n\n<p>Solu\u00e7\u00f5es pr\u00e1ticas que combinam estilo e funcionalidade.<\/p>\n\n\n\n<p>Exemplos reais de itens e estrat\u00e9gias que t\u00eam ajudado moradores de microcasas a viver melhor.<\/p>\n\n\n\n<p>Se voc\u00ea est\u00e1 buscando inspira\u00e7\u00e3o para otimizar seu espa\u00e7o urbano sem renunciar a conforto e eleg\u00e2ncia, continue lendo. Descubra como a decora\u00e7\u00e3o multifuncional pode ser a chave para viver bem em pequenos ambientes.<\/p>\n\n\n\n<h2 id='itens-multifuncionais-a-solu\u00e7\u00e3o-para-viver-bem-em-pequenos-espa\u00e7os'  class=\"wp-block-heading\"><strong>Itens Multifuncionais: A Solu\u00e7\u00e3o Para Viver Bem em Pequenos Espa\u00e7os<\/strong><\/h2>\n\n\n\n<p>Morar em uma microcasa no ambiente urbano significa abra\u00e7ar a praticidade e a efici\u00eancia. Com espa\u00e7os reduzidos, cada elemento precisa ter uma fun\u00e7\u00e3o clara \u2014 ou, melhor ainda, m\u00faltiplas fun\u00e7\u00f5es. \u00c9 nesse contexto que os itens multifuncionais se tornam indispens\u00e1veis, oferecendo conforto, organiza\u00e7\u00e3o e estilo em ambientes compactos.<\/p>\n\n\n\n<h3 id='desafios-do-espa\u00e7o-urbano'  class=\"wp-block-heading\"><strong>Desafios do Espa\u00e7o Urbano<\/strong><\/h3>\n\n\n\n<p>As cidades oferecem muitas vantagens, mas a disponibilidade de espa\u00e7o n\u00e3o \u00e9 uma delas. Com o aumento da densidade populacional e o alto custo por metro quadrado, as microcasas urbanas se tornaram uma alternativa vi\u00e1vel e atraente.<\/p>\n\n\n\n<p><strong>Espa\u00e7o limitado, grandes necessidades:<\/strong> Em um ambiente compacto, como uma microcasa, h\u00e1 pouco espa\u00e7o para itens sup\u00e9rfluos ou grandes m\u00f3veis que ocupam \u00e1reas preciosas.<\/p>\n\n\n\n<p><strong>Demandas variadas:<\/strong> Mesmo em um espa\u00e7o pequeno, os moradores precisam de \u00e1reas para dormir, trabalhar, comer e relaxar \u2014 o que exige criatividade para atender a todas essas fun\u00e7\u00f5es.<\/p>\n\n\n\n<p>Esses desafios refor\u00e7am a import\u00e2ncia de itens que ofere\u00e7am mais de uma utilidade e otimizem o ambiente.<\/p>\n\n\n\n<h3 id='vantagens-dos-m\u00f3veis-multifuncionais'  class=\"wp-block-heading\"><strong>Vantagens dos M\u00f3veis Multifuncionais<\/strong><\/h3>\n\n\n\n<p>Os m\u00f3veis multifuncionais s\u00e3o verdadeiros aliados em microcasas, pois combinam efici\u00eancia e praticidade sem renunciar ao estilo.<\/p>\n\n\n\n<p><strong>Economia de espa\u00e7o:<\/strong> Um sof\u00e1 que se transforma em cama ou uma mesa dobr\u00e1vel que pode ser guardada facilmente permite que o mesmo espa\u00e7o seja usado para diferentes atividades ao longo do dia.<\/p>\n\n\n\n<p><strong>Facilidade de organiza\u00e7\u00e3o:<\/strong> Itens com compartimentos ocultos ou fun\u00e7\u00f5es integradas ajudam a manter o ambiente limpo e funcional, evitando o ac\u00famulo de objetos desnecess\u00e1rios.<\/p>\n\n\n\n<p><strong>Versatilidade para o dia a dia:<\/strong> M\u00f3veis multifuncionais se adaptam rapidamente \u00e0s mudan\u00e7as de necessidade, permitindo uma transi\u00e7\u00e3o fluida entre trabalho, lazer e descanso.<\/p>\n\n\n\n<p>Essas pe\u00e7as tornam o ambiente mais din\u00e2mico e pr\u00e1tico, proporcionando maior conforto e funcionalidade.<\/p>\n\n\n\n<h3 id='a-organiza\u00e7\u00e3o-como-benef\u00edcio-adicional'  class=\"wp-block-heading\"><strong>A Organiza\u00e7\u00e3o Como Benef\u00edcio Adicional<\/strong><\/h3>\n\n\n\n<p>A multifuncionalidade n\u00e3o \u00e9 apenas sobre economizar espa\u00e7o, mas tamb\u00e9m sobre promover uma organiza\u00e7\u00e3o eficiente e intuitiva.<\/p>\n\n\n\n<p><strong>Menos desordem, mais praticidade:<\/strong> Quando cada item tem m\u00faltiplas fun\u00e7\u00f5es, o n\u00famero total de objetos necess\u00e1rios \u00e9 reduzido, tornando mais f\u00e1cil manter tudo em seu lugar.<\/p>\n\n\n\n<p><strong>Ambientes adapt\u00e1veis:<\/strong> A flexibilidade dos m\u00f3veis multifuncionais permite que o espa\u00e7o seja reorganizado rapidamente, sem complica\u00e7\u00f5es ou gastos extras.<\/p>\n\n\n\n<p><strong>Est\u00e9tica limpa e moderna:<\/strong> Com menos itens vis\u00edveis, o ambiente parece mais amplo e convidativo, criando um espa\u00e7o que reflete calma e ordem.<\/p>\n\n\n\n<p>Com essas vantagens, os m\u00f3veis multifuncionais n\u00e3o apenas economizam espa\u00e7o, mas tamb\u00e9m transformam o modo como vivemos em \u00e1reas urbanas compactas.<\/p>\n\n\n\n<h2 id='o-poder-de-escolhas-inteligentes'  class=\"wp-block-heading\"><strong>O Poder de Escolhas Inteligentes<\/strong><\/h2>\n\n\n\n<p>A escolha de itens multifuncionais para uma microcasa urbana n\u00e3o \u00e9 apenas uma quest\u00e3o de necessidade, mas tamb\u00e9m de intelig\u00eancia. Eles oferecem uma solu\u00e7\u00e3o pr\u00e1tica e estilosa para os desafios do espa\u00e7o limitado, permitindo que o ambiente se torne mais funcional e agrad\u00e1vel.<\/p>\n\n\n\n<p>Ao abra\u00e7ar a multifuncionalidade, voc\u00ea transforma cada cent\u00edmetro do seu lar em uma oportunidade de viver melhor \u2014 com conforto, organiza\u00e7\u00e3o e beleza.<\/p>\n\n\n\n<h3 id='m\u00f3veis-essenciais-conforto-e-praticidade-em-cada-escolha'  class=\"wp-block-heading\"><strong>M\u00f3veis Essenciais: Conforto e Praticidade em Cada Escolha<\/strong><\/h3>\n\n\n\n<p>Em microcasas urbanas, onde o espa\u00e7o \u00e9 limitado, os m\u00f3veis n\u00e3o s\u00e3o apenas objetos funcionais, mas pe\u00e7as-chave para criar um ambiente confort\u00e1vel e eficiente. Escolher itens que combinem multifuncionalidade, estilo e durabilidade transforma o dia a dia e maximiza o potencial de cada metro quadrado. Aqui est\u00e3o tr\u00eas tipos de m\u00f3veis indispens\u00e1veis para quem busca praticidade e conforto sem comprometer o design.<\/p>\n\n\n\n<h3 id='sof\u00e1s-camas-descanso-e-versatilidade-em-um-s\u00f3-lugar'  class=\"wp-block-heading\"><strong>Sof\u00e1s-Camas: Descanso e Versatilidade em Um S\u00f3 Lugar<\/strong><\/h3>\n\n\n\n<p>Os sof\u00e1s-camas s\u00e3o protagonistas em espa\u00e7os reduzidos, oferecendo mais do que um local para relaxar.<\/p>\n\n\n\n<p><strong>Fun\u00e7\u00f5es combinadas:<\/strong> Durante o dia, eles servem como \u00e1rea de conviv\u00eancia, perfeitos para receber visitas ou simplesmente desfrutar de momentos de lazer. \u00c0 noite, transformam-se em uma cama confort\u00e1vel, ideal para descanso ou para acomodar h\u00f3spedes.<\/p>\n\n\n\n<p><strong>Design adapt\u00e1vel:<\/strong> Muitos modelos modernos contam com compartimentos para armazenar roupas de cama, economizando ainda mais espa\u00e7o e mantendo o ambiente organizado.<\/p>\n\n\n\n<p><strong>Estilo e personaliza\u00e7\u00e3o:<\/strong> Dispon\u00edveis em diferentes tamanhos e acabamentos, os sof\u00e1s-camas podem ser escolhidos para complementar o estilo da casa, seja ele mais contempor\u00e2neo ou minimalista.<\/p>\n\n\n\n<p>Essa pe\u00e7a \u00e9 uma solu\u00e7\u00e3o inteligente que combina funcionalidade com est\u00e9tica, tornando-se indispens\u00e1vel em microcasas.<\/p>\n\n\n\n<h3 id='mesas-dobr\u00e1veis-ou-extens\u00edveis-praticidade-sob-medida'  class=\"wp-block-heading\"><strong>Mesas Dobr\u00e1veis ou Extens\u00edveis: Praticidade Sob Medida<\/strong><\/h3>\n\n\n\n<p>Vers\u00e1teis e compactas, as mesas dobr\u00e1veis ou extens\u00edveis s\u00e3o perfeitas para otimizar o espa\u00e7o em microcasas urbanas.<\/p>\n\n\n\n<p><strong>Adapta\u00e7\u00e3o \u00e0s necessidades:<\/strong> Essas mesas podem ser usadas como espa\u00e7o para refei\u00e7\u00f5es, trabalho ou estudo, ajustando-se ao n\u00famero de pessoas e ao momento do dia.<\/p>\n\n\n\n<p><strong>Economia de espa\u00e7o:<\/strong> Quando n\u00e3o est\u00e3o em uso, podem ser dobradas ou retra\u00eddas, liberando a \u00e1rea para outras atividades.<\/p>\n\n\n\n<p><strong>Estilos variados:<\/strong> Com op\u00e7\u00f5es em madeira, vidro ou materiais mais modernos, elas se adaptam ao visual de qualquer ambiente sem sacrificar a funcionalidade.<\/p>\n\n\n\n<p>Essas mesas permitem que o espa\u00e7o se transforme rapidamente, garantindo que as atividades cotidianas ocorram de forma fluida.<\/p>\n\n\n\n<h3 id='prateleiras-ajust\u00e1veis-organiza\u00e7\u00e3o-que-tamb\u00e9m-decora'  class=\"wp-block-heading\"><strong>Prateleiras Ajust\u00e1veis: Organiza\u00e7\u00e3o Que Tamb\u00e9m Decora<\/strong><\/h3>\n\n\n\n<p>As prateleiras ajust\u00e1veis s\u00e3o um exemplo de como a funcionalidade pode se unir \u00e0 beleza em um s\u00f3 m\u00f3vel.<\/p>\n\n\n\n<p><strong>Armazenamento flex\u00edvel:<\/strong> Com alturas ajust\u00e1veis, essas prateleiras permitem organizar livros, plantas, objetos decorativos ou itens do dia a dia de forma personalizada.<\/p>\n\n\n\n<p><strong>Economia de espa\u00e7o vertical:<\/strong> Elas utilizam a altura das paredes para maximizar o armazenamento sem ocupar espa\u00e7o no ch\u00e3o, uma solu\u00e7\u00e3o ideal para ambientes compactos.<\/p>\n\n\n\n<p><strong>Estilo e praticidade:<\/strong> Modelos modernos oferecem acabamentos que se integram ao design da casa, ao mesmo tempo que mant\u00eam os itens organizados e acess\u00edveis.<\/p>\n\n\n\n<p>Combinando fun\u00e7\u00e3o e est\u00e9tica, as prateleiras ajust\u00e1veis s\u00e3o indispens\u00e1veis para quem deseja um ambiente ordenado e elegante.<\/p>\n\n\n\n<h3 id='transformando-espa\u00e7os-com-escolhas-inteligentes'  class=\"wp-block-heading\"><strong>Transformando Espa\u00e7os com Escolhas Inteligentes<\/strong><\/h3>\n\n\n\n<p>Cada um desses m\u00f3veis representa uma solu\u00e7\u00e3o pr\u00e1tica para os desafios das microcasas urbanas. Seja com sof\u00e1s-camas vers\u00e1teis, mesas que se adaptam \u00e0s necessidades ou prateleiras que decoram enquanto organizam, essas escolhas elevam o conforto e a funcionalidade do espa\u00e7o.<\/p>\n\n\n\n<p>Ao investir em m\u00f3veis que desempenham m\u00faltiplas fun\u00e7\u00f5es, voc\u00ea n\u00e3o apenas otimiza o ambiente, mas tamb\u00e9m transforma sua casa em um lugar acolhedor, eficiente e visualmente agrad\u00e1vel. Afinal, em espa\u00e7os reduzidos, cada detalhe conta \u2014 e cada escolha faz toda a diferen\u00e7a.<\/p>\n\n\n\n<h2 id='organiza\u00e7\u00e3o-com-estilo-solu\u00e7\u00f5es-criativas-para-microcasas-urbanas'  class=\"wp-block-heading\"><strong>Organiza\u00e7\u00e3o com Estilo: Solu\u00e7\u00f5es Criativas para Microcasas Urbanas<\/strong><\/h2>\n\n\n\n<p>Em microcasas, cada detalhe conta, e a organiza\u00e7\u00e3o se torna essencial para aproveitar ao m\u00e1ximo o espa\u00e7o dispon\u00edvel. No entanto, organiza\u00e7\u00e3o n\u00e3o precisa significar austeridade. Com solu\u00e7\u00f5es criativas, \u00e9 poss\u00edvel combinar funcionalidade e estilo, criando um ambiente pr\u00e1tico e, ao mesmo tempo, esteticamente agrad\u00e1vel.<\/p>\n\n\n\n<h3 id='ba\u00fas-decorativos-armazenamento-com-charme'  class=\"wp-block-heading\"><strong>Ba\u00fas Decorativos: Armazenamento com Charme<\/strong><\/h3>\n\n\n\n<p>Os ba\u00fas decorativos s\u00e3o uma escolha inteligente para quem precisa de espa\u00e7o extra para guardar objetos, mas n\u00e3o quer renunciar a um toque de estilo.<\/p>\n\n\n\n<p><strong>M\u00faltiplas fun\u00e7\u00f5es:<\/strong> Al\u00e9m de armazenar itens como cobertores, livros ou brinquedos, os ba\u00fas podem servir como assentos confort\u00e1veis em salas de estar ou quartos.<\/p>\n\n\n\n<p><strong>Variedade de estilos:<\/strong> Dispon\u00edveis em materiais como madeira, couro ou tecido, eles se adaptam a diferentes estilos de decora\u00e7\u00e3o, desde o moderno at\u00e9 o r\u00fastico.<\/p>\n\n\n\n<p><strong>Economia de espa\u00e7o:<\/strong> Ba\u00fas podem ser posicionados no p\u00e9 da cama, sob mesas ou em cantos estrat\u00e9gicos, utilizando \u00e1reas que muitas vezes seriam desperdi\u00e7adas.<\/p>\n\n\n\n<p>Essa solu\u00e7\u00e3o alia eleg\u00e2ncia e praticidade, ajudando a manter o ambiente organizado sem comprometer o design.<\/p>\n\n\n\n<h3 id='pain\u00e9is-modulares-personaliza\u00e7\u00e3o-e-versatilidade'  class=\"wp-block-heading\"><strong>Pain\u00e9is Modulares: Personaliza\u00e7\u00e3o e Versatilidade<\/strong><\/h3>\n\n\n\n<p>Os pain\u00e9is modulares s\u00e3o pe\u00e7as vers\u00e1teis que permitem organizar e decorar o ambiente ao mesmo tempo.<\/p>\n\n\n\n<p><strong>Exposi\u00e7\u00e3o personalizada:<\/strong> Eles podem ser usados para exibir fotografias, plantas pequenas, livros ou objetos decorativos, criando um ambiente que reflete a personalidade dos moradores.<\/p>\n\n\n\n<p><strong>Armazenamento oculto:<\/strong> Alguns pain\u00e9is possuem compartimentos que permitem esconder itens pessoais, mantendo a est\u00e9tica do espa\u00e7o limpa e organizada.<\/p>\n\n\n\n<p><strong>Adapta\u00e7\u00e3o ao espa\u00e7o:<\/strong> Com op\u00e7\u00f5es modulares, \u00e9 poss\u00edvel montar o painel de acordo com o tamanho e o formato da parede, aproveitando ao m\u00e1ximo cada cent\u00edmetro.<\/p>\n\n\n\n<p>Esses pain\u00e9is s\u00e3o uma maneira criativa de equilibrar estilo e funcionalidade, tornando-se uma pe\u00e7a central na decora\u00e7\u00e3o de microcasas.<\/p>\n\n\n\n<h3 id='ganchos-e-suportes-vers\u00e1teis-pequenos-detalhes-grandes-resultados'  class=\"wp-block-heading\"><strong>Ganchos e Suportes Vers\u00e1teis: Pequenos Detalhes, Grandes Resultados<\/strong><\/h3>\n\n\n\n<p>Muitas vezes subestimados, ganchos e suportes podem transformar paredes e cantos subutilizados em \u00e1reas extremamente pr\u00e1ticas.<\/p>\n\n\n\n<p><strong>Uso vertical:<\/strong> Ganchos instalados em paredes ou portas s\u00e3o perfeitos para pendurar bolsas, chap\u00e9us, casacos e at\u00e9 utens\u00edlios de cozinha, liberando espa\u00e7o em arm\u00e1rios e gavetas.<\/p>\n\n\n\n<p><strong>Estilo pr\u00e1tico:<\/strong> Suportes com designs modernos ou minimalistas acrescentam um toque de sofistica\u00e7\u00e3o enquanto organizam o ambiente.<\/p>\n\n\n\n<p><strong>Facilidade de instala\u00e7\u00e3o:<\/strong> Por serem pequenos e f\u00e1ceis de fixar, ganchos podem ser movidos ou reposicionados conforme as necessidades mudam.<\/p>\n\n\n\n<p>Esses acess\u00f3rios simples oferecem uma solu\u00e7\u00e3o acess\u00edvel e eficaz para quem busca otimizar espa\u00e7os menores.<\/p>\n\n\n\n<h2 id='estilo-e-organiza\u00e7\u00e3o-em-harmonia'  class=\"wp-block-heading\"><strong>Estilo e Organiza\u00e7\u00e3o em Harmonia<\/strong><\/h2>\n\n\n\n<p>Ba\u00fas decorativos, pain\u00e9is modulares e ganchos vers\u00e1teis s\u00e3o exemplos de como criatividade e funcionalidade podem caminhar juntas em microcasas urbanas. Essas solu\u00e7\u00f5es transformam o espa\u00e7o de forma inteligente, oferecendo organiza\u00e7\u00e3o sem abrir m\u00e3o de um ambiente bonito e convidativo.<\/p>\n\n\n\n<p>Ao optar por itens que combinam estilo e praticidade, voc\u00ea n\u00e3o apenas organiza sua casa, mas tamb\u00e9m cria um espa\u00e7o que reflete sua personalidade e atende \u00e0s suas necessidades di\u00e1rias. Afinal, o segredo para viver bem em pequenos espa\u00e7os est\u00e1 nos detalhes que fazem a diferen\u00e7a.<\/p>\n\n\n\n<h3 id='decora\u00e7\u00e3o-funcional-transformando-pequenos-espa\u00e7os-em-ambientes-acolhedores'  class=\"wp-block-heading\"><strong>Decora\u00e7\u00e3o Funcional: Transformando Pequenos Espa\u00e7os em Ambientes Acolhedores<\/strong><\/h3>\n\n\n\n<p>Decorar pequenos ambientes, como microcasas urbanas, exige uma abordagem que combine est\u00e9tica e funcionalidade. Cada pe\u00e7a deve contribuir para a organiza\u00e7\u00e3o, o conforto e a sensa\u00e7\u00e3o de amplitude, sem comprometer a harmonia do espa\u00e7o. Com solu\u00e7\u00f5es pr\u00e1ticas, \u00e9 poss\u00edvel criar um ambiente que atenda \u00e0s necessidades di\u00e1rias, enquanto transmite personalidade e aconchego.<\/p>\n\n\n\n<h3 id='espelhos-grandes-a-ilus\u00e3o-delitude'  class=\"wp-block-heading\"><strong>Espelhos Grandes: A Ilus\u00e3o de Amplitude<\/strong><\/h3>\n\n\n\n<p>Espelhos n\u00e3o s\u00e3o apenas pe\u00e7as decorativas; eles s\u00e3o aliados poderosos para quem busca ampliar visualmente pequenos espa\u00e7os.<\/p>\n\n\n\n<p><strong>Efeito de profundidade:<\/strong> Um espelho estrategicamente posicionado reflete a luz natural ou artificial, criando a ilus\u00e3o de um ambiente maior e mais iluminado.<\/p>\n\n\n\n<p><strong>Versatilidade de estilos:<\/strong> Dispon\u00edveis em formatos modernos, r\u00fasticos ou minimalistas, os espelhos podem complementar qualquer estilo de decora\u00e7\u00e3o.<\/p>\n\n\n\n<p><strong>Localiza\u00e7\u00e3o estrat\u00e9gica:<\/strong> Coloque espelhos em paredes pr\u00f3ximas a janelas ou em corredores estreitos para maximizar a sensa\u00e7\u00e3o de espa\u00e7o e fluidez.<\/p>\n\n\n\n<p>Combinando praticidade e eleg\u00e2ncia, os espelhos se tornam uma escolha indispens\u00e1vel para otimizar ambientes compactos.<\/p>\n\n\n\n<h3 id='tapetes-delimitadores-organiza\u00e7\u00e3o-com-estilo'  class=\"wp-block-heading\"><strong>Tapetes Delimitadores: Organiza\u00e7\u00e3o com Estilo<\/strong><\/h3>\n\n\n\n<p>Em um \u00fanico c\u00f4modo que serve para m\u00faltiplas fun\u00e7\u00f5es, como sala, quarto e escrit\u00f3rio, os tapetes podem ser usados para delimitar \u00e1reas espec\u00edficas de forma visual e funcional.<\/p>\n\n\n\n<p><strong>Divis\u00e3o visual:<\/strong> Escolha tapetes de cores ou texturas diferentes para separar espa\u00e7os de trabalho, descanso e lazer, ajudando a manter a organiza\u00e7\u00e3o.<\/p>\n\n\n\n<p><strong>Conforto adicional:<\/strong> Al\u00e9m de funcional, o uso de tapetes torna o ambiente mais acolhedor, oferecendo conforto t\u00e9rmico e suavizando o som.<\/p>\n\n\n\n<p><strong>Design harm\u00f4nico:<\/strong> Tapetes com padr\u00f5es ou tons neutros ajudam a unificar o ambiente, enquanto modelos coloridos podem adicionar um toque de personalidade.<\/p>\n\n\n\n<p>Essa solu\u00e7\u00e3o simples, mas eficaz, permite que um \u00fanico espa\u00e7o acomode diversas atividades sem comprometer o equil\u00edbrio visual.<\/p>\n\n\n\n<h3 id='lumin\u00e1rias-funcionais-ilumina\u00e7\u00e3o-que-facilita-o-dia-a-dia'  class=\"wp-block-heading\"><strong>Lumin\u00e1rias Funcionais: Ilumina\u00e7\u00e3o que Facilita o Dia a Dia<\/strong><\/h3>\n\n\n\n<p>As lumin\u00e1rias multifuncionais s\u00e3o perfeitas para pequenos ambientes, unindo ilumina\u00e7\u00e3o eficiente e utilidades extras.<\/p>\n\n\n\n<p><strong>Prateleiras embutidas:<\/strong> Algumas lumin\u00e1rias incluem compartimentos para armazenar livros, plantas ou objetos decorativos, otimizando o espa\u00e7o sem a necessidade de m\u00f3veis adicionais.<\/p>\n\n\n\n<p><strong>Pontos de carregamento:<\/strong> Modelos com entradas USB ou tomadas integradas s\u00e3o ideais para manter dispositivos carregados sem ocupar outros pontos de energia.<\/p>\n\n\n\n<p><strong>Design inovador:<\/strong> Dispon\u00edveis em formatos modernos e minimalistas, essas lumin\u00e1rias complementam a decora\u00e7\u00e3o enquanto oferecem praticidade.<\/p>\n\n\n\n<p>Ao incorporar lumin\u00e1rias funcionais, o ambiente ganha em efici\u00eancia e organiza\u00e7\u00e3o, al\u00e9m de uma ilumina\u00e7\u00e3o adequada para cada necessidade.<\/p>\n\n\n\n<h2 id='funcionalidade-e-estilo-em-perfeita-sintonia'  class=\"wp-block-heading\"><strong>Funcionalidade e Estilo em Perfeita Sintonia<\/strong><\/h2>\n\n\n\n<p>Espelhos que ampliam, tapetes que organizam e lumin\u00e1rias multifuncionais s\u00e3o exemplos de como a decora\u00e7\u00e3o pode ser planejada para atender tanto \u00e0 est\u00e9tica quanto \u00e0 funcionalidade.<\/p>\n\n\n\n<p>Essas escolhas inteligentes n\u00e3o apenas otimizam espa\u00e7os pequenos, mas tamb\u00e9m criam um ambiente que reflete a personalidade dos moradores, promovendo conforto e praticidade. Com solu\u00e7\u00f5es como essas, viver em um espa\u00e7o compacto pode ser uma experi\u00eancia encantadora, que alia beleza e efici\u00eancia em cada detalhe.<\/p>\n\n\n\n<h3 id='decora\u00e7\u00e3o-multifuncional-um-investimento-que-transforma-pequenos-espa\u00e7os'  class=\"wp-block-heading\"><strong>Decora\u00e7\u00e3o Multifuncional: Um Investimento que Transforma Pequenos Espa\u00e7os<\/strong><\/h3>\n\n\n\n<p>Optar por decora\u00e7\u00e3o multifuncional \u00e9 mais do que uma escolha pr\u00e1tica; \u00e9 um investimento inteligente para quem vive em espa\u00e7os compactos, como microcasas urbanas. Essa abordagem n\u00e3o apenas otimiza o ambiente, mas tamb\u00e9m oferece vantagens significativas em termos de custo, flexibilidade e estilo.<\/p>\n\n\n\n<p><strong>Economia Inteligente: Menos \u00e9 Mais<\/strong><\/p>\n\n\n\n<p>Reduzir o n\u00famero de itens necess\u00e1rios para decorar e organizar um ambiente \u00e9 uma forma eficaz de economizar sem comprometer a funcionalidade ou a beleza.<\/p>\n\n\n\n<p><strong>Menor custo inicial:<\/strong> M\u00f3veis e objetos que desempenham v\u00e1rias fun\u00e7\u00f5es eliminam a necessidade de adquirir m\u00faltiplos itens, resultando em um investimento inicial mais enxuto.<\/p>\n\n\n\n<p><strong>Durabilidade e valor a longo prazo:<\/strong> Por serem projetados para diversas utiliza\u00e7\u00f5es, os itens multifuncionais costumam ser fabricados com materiais de alta qualidade, garantindo maior durabilidade.<\/p>\n\n\n\n<p><strong>Aproveitamento integral do espa\u00e7o:<\/strong> Cada pe\u00e7a contribui para o m\u00e1ximo aproveitamento do ambiente, minimizando a necessidade de futuras adapta\u00e7\u00f5es ou compras adicionais.<\/p>\n\n\n\n<p>Essa abordagem permite criar um espa\u00e7o funcional e esteticamente agrad\u00e1vel sem exceder o or\u00e7amento.<\/p>\n\n\n\n<h3 id='flexibilidade-para-acompanhar-mudan\u00e7as'  class=\"wp-block-heading\"><strong>Flexibilidade para Acompanhar Mudan\u00e7as<\/strong><\/h3>\n\n\n\n<p>Um dos maiores benef\u00edcios da decora\u00e7\u00e3o multifuncional \u00e9 sua capacidade de se adaptar \u00e0s mudan\u00e7as nas necessidades e no uso do espa\u00e7o.<\/p>\n\n\n\n<p><strong>Reorganiza\u00e7\u00e3o facilitada:<\/strong> M\u00f3veis modulares ou dobr\u00e1veis podem ser facilmente reposicionados, ajustando-se a novas configura\u00e7\u00f5es do ambiente, como uma sala de estar que tamb\u00e9m funciona como escrit\u00f3rio.<\/p>\n\n\n\n<p><strong>Versatilidade de uso:<\/strong> Um sof\u00e1 que vira cama, uma mesa extens\u00edvel ou prateleiras ajust\u00e1veis oferecem flexibilidade para transformar o espa\u00e7o conforme necess\u00e1rio, sem esfor\u00e7o ou custos adicionais.<\/p>\n\n\n\n<p><strong>Solu\u00e7\u00f5es para diversas fases da vida:<\/strong> Desde uma casa para jovens profissionais at\u00e9 um lar para fam\u00edlias em crescimento, os itens multifuncionais acompanham as diferentes etapas da vida dos moradores.<\/p>\n\n\n\n<p>Essa flexibilidade traz praticidade ao cotidiano e torna o ambiente mais din\u00e2mico e funcional.<\/p>\n\n\n\n<h3 id='ambientes-modernos-e-cheios-de-estilo'  class=\"wp-block-heading\"><strong>Ambientes Modernos e Cheios de Estilo<\/strong><\/h3>\n\n\n\n<p>Al\u00e9m de pr\u00e1ticos, os itens multifuncionais s\u00e3o projetados para se integrarem ao design contempor\u00e2neo, combinando est\u00e9tica e efici\u00eancia.<\/p>\n\n\n\n<p><strong>Estilo inovador:<\/strong> Com designs modernos e acabamentos variados, essas pe\u00e7as complementam o visual do espa\u00e7o, tornando-o visualmente atraente e organizado.<\/p>\n\n\n\n<p><strong>Valoriza\u00e7\u00e3o do ambiente:<\/strong> A harmonia entre funcionalidade e beleza contribui para a cria\u00e7\u00e3o de um espa\u00e7o convidativo e sofisticado, que reflete a personalidade dos moradores.<\/p>\n\n\n\n<p><strong>Personaliza\u00e7\u00e3o com prop\u00f3sito:<\/strong> Muitos itens multifuncionais permitem adapta\u00e7\u00f5es, como cores e configura\u00e7\u00f5es, para atender \u00e0s prefer\u00eancias individuais, resultando em um ambiente \u00fanico.<\/p>\n\n\n\n<p>Essas caracter\u00edsticas transformam o conceito de decora\u00e7\u00e3o em uma experi\u00eancia criativa e funcional, que atende \u00e0s demandas da vida moderna.<\/p>\n\n\n\n<h2 id='decora\u00e7\u00e3o-multifuncional-um-caminho-para-viver-melhor'  class=\"wp-block-heading\"><strong>Decora\u00e7\u00e3o Multifuncional: Um Caminho para Viver Melhor<\/strong><\/h2>\n\n\n\n<p>Investir em decora\u00e7\u00e3o multifuncional \u00e9 uma maneira pr\u00e1tica de transformar pequenos espa\u00e7os em ambientes acolhedores, organizados e esteticamente impactantes.<\/p>\n\n\n\n<p>Com menos itens, mais flexibilidade e um design contempor\u00e2neo, os benef\u00edcios v\u00e3o al\u00e9m do visual, proporcionando uma experi\u00eancia de moradia que equilibra efici\u00eancia e estilo. Seja para quem est\u00e1 come\u00e7ando a decorar ou para quem busca renovar o espa\u00e7o, essa abordagem \u00e9 a chave para viver bem em qualquer ambiente compacto.<\/p>\n\n\n\n<h3 id='ideias-criativas-para-decora\u00e7\u00e3o-e-funcionalidade'  class=\"wp-block-heading\"><strong>Ideias Criativas para Decora\u00e7\u00e3o e Funcionalidade<\/strong><\/h3>\n\n\n\n<p>Os exemplos reais nos mostram que, com criatividade, qualquer microcasa pode se tornar um ambiente cheio de possibilidades. Aqui est\u00e3o algumas ideias inspiradoras para voc\u00ea aplicar:<\/p>\n\n\n\n<p><strong>M\u00f3veis personaliz\u00e1veis:<\/strong> Aposte em pe\u00e7as modulares que podem ser ajustadas para atender \u00e0s diferentes necessidades do dia, como um painel que funciona como mesa de trabalho pela manh\u00e3 e como suporte decorativo \u00e0 noite.<\/p>\n\n\n\n<p><strong>Armazenamento oculto:<\/strong> Sof\u00e1s, camas e bancos com compartimentos embutidos ajudam a organizar o ambiente sem comprometer o design.<\/p>\n\n\n\n<p><strong>Decora\u00e7\u00e3o vertical:<\/strong> Utilize paredes para instalar prateleiras, ganchos ou at\u00e9 jardins verticais, aproveitando o espa\u00e7o de forma criativa e funcional.<\/p>\n\n\n\n<p><strong>Estilo com prop\u00f3sito:<\/strong> Escolha pe\u00e7as decorativas que tenham uma fun\u00e7\u00e3o pr\u00e1tica, como lumin\u00e1rias com prateleiras embutidas ou tapetes delimitadores que separam \u00e1reas sem necessidade de divis\u00f3rias.<\/p>\n\n\n\n<p>Essas ideias transformam microcasas em espa\u00e7os modernos e adapt\u00e1veis, que atendem \u00e0s necessidades di\u00e1rias sem sacrificar estilo.<\/p>\n\n\n\n<h3 id='por-que-esses-exemplos-importam'  class=\"wp-block-heading\"><strong>Por Que Esses Exemplos Importam?<\/strong><\/h3>\n\n\n\n<p>As hist\u00f3rias de moradores bem-sucedidos e as solu\u00e7\u00f5es criativas que eles aplicaram mostram que o tamanho do espa\u00e7o n\u00e3o define o conforto ou a funcionalidade de um lar. \u00c9 a maneira como voc\u00ea organiza e utiliza cada metro quadrado que faz toda a diferen\u00e7a.<\/p>\n\n\n\n<p>Esses exemplos n\u00e3o s\u00e3o apenas inspiradores, mas tamb\u00e9m oferecem insights pr\u00e1ticos para quem busca criar um ambiente \u00fanico, eficiente e cheio de personalidade. Afinal, mesmo os menores espa\u00e7os podem se transformar em grandes lares com as escolhas certas.<\/p>\n\n\n\n<h3 id='escolhendo-itens-multifuncionais-dicas-para-transformar-seu-espa\u00e7o'  class=\"wp-block-heading\"><strong>Escolhendo Itens Multifuncionais: Dicas para Transformar Seu Espa\u00e7o<\/strong><\/h3>\n\n\n\n<p>Decorar uma microcasa urbana exige escolhas estrat\u00e9gicas, especialmente quando se trata de m\u00f3veis e itens multifuncionais. Esses elementos n\u00e3o apenas otimizam o espa\u00e7o, mas tamb\u00e9m definem o equil\u00edbrio entre conforto, praticidade e estilo. Aqui est\u00e3o dicas essenciais para selecionar as melhores pe\u00e7as e criar um ambiente funcional e personalizado.<\/p>\n\n\n\n<h3 id='invista-em-qualidade-e-durabilidade'  class=\"wp-block-heading\"><strong>Invista em Qualidade e Durabilidade<\/strong><\/h3>\n\n\n\n<p>A primeira regra para escolher itens multifuncionais \u00e9 garantir que eles sejam feitos para durar.<\/p>\n\n\n\n<p><strong>Materiais resistentes:<\/strong> Priorize m\u00f3veis de madeira s\u00f3lida, metais refor\u00e7ados ou pl\u00e1sticos de alta qualidade, que suportem o uso di\u00e1rio sem desgastar.<\/p>\n\n\n\n<p><strong>Confiabilidade em mecanismos:<\/strong> Verifique a robustez de partes m\u00f3veis, como dobradi\u00e7as, rod\u00edzios e mecanismos de extens\u00e3o, para evitar problemas no futuro.<\/p>\n\n\n\n<p><strong>Manuten\u00e7\u00e3o simples:<\/strong> Itens f\u00e1ceis de limpar e resistentes ao desgaste s\u00e3o ideais para a rotina de uma casa compacta, onde cada pe\u00e7a \u00e9 amplamente utilizada.<\/p>\n\n\n\n<p>Investir em qualidade n\u00e3o s\u00f3 prolonga a vida \u00fatil dos m\u00f3veis, mas tamb\u00e9m oferece tranquilidade ao saber que voc\u00ea n\u00e3o precisar\u00e1 substitu\u00ed-los com frequ\u00eancia.<\/p>\n\n\n\n<h3 id='combine-funcionalidade-e-estilo'  class=\"wp-block-heading\"><strong>Combine Funcionalidade e Estilo<\/strong><\/h3>\n\n\n\n<p>Ao escolher itens multifuncionais, \u00e9 importante que eles atendam \u00e0s necessidades pr\u00e1ticas, mas sem deixar de harmonizar com o estilo do ambiente.<\/p>\n\n\n\n<p><strong>Design compat\u00edvel:<\/strong> Opte por pe\u00e7as que combinem com a paleta de cores, texturas e temas da decora\u00e7\u00e3o, para que o ambiente permane\u00e7a visualmente coeso.<\/p>\n\n\n\n<p><strong>Solu\u00e7\u00f5es personalizadas:<\/strong> Escolha itens que se adaptem ao espa\u00e7o dispon\u00edvel, como mesas extens\u00edveis que podem ser usadas como escrivaninhas ou mesas de jantar, dependendo da necessidade.<\/p>\n\n\n\n<p><strong>Estilo que inspira:<\/strong> Pe\u00e7as com acabamentos modernos, minimalistas ou at\u00e9 r\u00fasticos podem complementar o ambiente e transmitir a personalidade dos moradores.<\/p>\n\n\n\n<p>Ao alinhar forma e fun\u00e7\u00e3o, voc\u00ea cria um espa\u00e7o que \u00e9 pr\u00e1tico e ao mesmo tempo acolhedor.<\/p>\n\n\n\n<h3 id='avalie-a-capacidade-de-adapta\u00e7\u00e3o-e-personaliza\u00e7\u00e3o'  class=\"wp-block-heading\"><strong>Avalie a Capacidade de Adapta\u00e7\u00e3o e Personaliza\u00e7\u00e3o<\/strong><\/h3>\n\n\n\n<p>Itens multifuncionais devem ser t\u00e3o vers\u00e1teis quanto o ambiente exige, adaptando-se \u00e0s mudan\u00e7as e diferentes usos ao longo do tempo.<\/p>\n\n\n\n<p><strong>Pe\u00e7as modulares:<\/strong> Prefira m\u00f3veis que podem ser reconfigurados, como estantes ajust\u00e1veis ou sof\u00e1s seccionais, que acompanham a evolu\u00e7\u00e3o das suas necessidades.<\/p>\n\n\n\n<p><strong>Armazenamento embutido:<\/strong> Cadeiras com compartimentos internos ou camas com gavetas integradas s\u00e3o exemplos de como o armazenamento pode ser incorporado de maneira inteligente.<\/p>\n\n\n\n<p><strong>Flexibilidade no uso:<\/strong> Escolha itens que possam ser facilmente movidos ou ajustados, permitindo que o espa\u00e7o seja reorganizado sem esfor\u00e7o.<\/p>\n\n\n\n<p>Essas caracter\u00edsticas ajudam a maximizar a funcionalidade e garantem que os m\u00f3veis continuem relevantes, mesmo que o layout do espa\u00e7o mude.<\/p>\n\n\n\n<h2 id='decora\u00e7\u00e3o-que-facilita-e-encanta'  class=\"wp-block-heading\"><strong>Decora\u00e7\u00e3o Que Facilita e Encanta<\/strong><\/h2>\n\n\n\n<p>Selecionar itens de decora\u00e7\u00e3o multifuncional para uma microcasa urbana \u00e9 mais do que uma quest\u00e3o de praticidade \u2014 \u00e9 sobre criar um ambiente que reflete suas necessidades e estilo de vida.<\/p>\n\n\n\n<p>Com m\u00f3veis de qualidade, designs que se alinham \u00e0 sua est\u00e9tica e op\u00e7\u00f5es adapt\u00e1veis, voc\u00ea transforma cada canto da casa em uma oportunidade de viver melhor. Essas escolhas n\u00e3o apenas resolvem os desafios de espa\u00e7o, mas tamb\u00e9m elevam o conforto e a beleza do ambiente, tornando-o verdadeiramente \u00fanico e acolhedor.<\/p>\n\n\n\n<h3 id='criatividade-e-conforto-concluindo-a-jornada-da-decora\u00e7\u00e3o-multifuncional'  class=\"wp-block-heading\"><strong>Criatividade e Conforto: Concluindo a Jornada da Decora\u00e7\u00e3o Multifuncional<\/strong><\/h3>\n\n\n\n<p>Decorar uma microcasa urbana \u00e9 um desafio que vai al\u00e9m de simplesmente organizar um espa\u00e7o compacto. \u00c9 uma oportunidade de transformar um ambiente reduzido em um lar funcional, confort\u00e1vel e cheio de personalidade. A escolha de itens multifuncionais \u00e9 o alicerce dessa transforma\u00e7\u00e3o, trazendo praticidade sem renunciar a est\u00e9tica e acolhimento.<\/p>\n\n\n\n<h3 id='funcionalidade-e-conforto-a-chave-para-pequenos-espa\u00e7os'  class=\"wp-block-heading\"><strong>Funcionalidade e Conforto: A Chave para Pequenos Espa\u00e7os<\/strong><\/h3>\n\n\n\n<p>Em microcasas, cada detalhe conta. Unir funcionalidade e conforto na decora\u00e7\u00e3o \u00e9 essencial para criar um ambiente que atenda \u00e0s demandas do dia a dia e proporcione bem-estar aos moradores.<\/p>\n\n\n\n<p><strong>Espa\u00e7os din\u00e2micos:<\/strong> M\u00f3veis e objetos que desempenham m\u00faltiplas fun\u00e7\u00f5es tornam o ambiente mais vers\u00e1til e adapt\u00e1vel.<\/p>\n\n\n\n<p><strong>Estilo com prop\u00f3sito:<\/strong> Quando funcionalidade e design caminham juntos, o resultado \u00e9 um espa\u00e7o que reflete a personalidade de seus moradores, sem sacrificar efici\u00eancia ou conforto.<\/p>\n\n\n\n<p>Essa harmonia entre praticidade e est\u00e9tica transforma a conviv\u00eancia em um espa\u00e7o reduzido em uma experi\u00eancia enriquecedora.<\/p>\n\n\n\n<h3 id='explore-solu\u00e7\u00f5es-criativas-e-novas-possibilidades'  class=\"wp-block-heading\"><strong>Explore Solu\u00e7\u00f5es Criativas e Novas Possibilidades<\/strong><\/h3>\n\n\n\n<p>A decora\u00e7\u00e3o multifuncional \u00e9 um convite \u00e0 criatividade. \u00c9 o momento de experimentar ideias que rompem com o convencional e encontrar solu\u00e7\u00f5es que se encaixem perfeitamente no seu estilo de vida.<\/p>\n\n\n\n<p><strong>Teste e adapte:<\/strong> N\u00e3o tenha medo de testar diferentes arranjos e fun\u00e7\u00f5es para os itens do ambiente. A flexibilidade \u00e9 a maior vantagem da decora\u00e7\u00e3o multifuncional.<\/p>\n\n\n\n<p><strong>Inspire-se:<\/strong> Busque refer\u00eancias em outros projetos, mas personalize as escolhas para que reflitam suas necessidades e gostos \u00fanicos.<\/p>\n\n\n\n<p><strong>Descubra novas perspectivas:<\/strong> O processo de decorar uma microcasa \u00e9 tamb\u00e9m uma oportunidade de aprender e reinventar o modo como utilizamos o espa\u00e7o ao nosso redor.<\/p>\n\n\n\n<p>Ao explorar novas possibilidades, cada escolha se torna um passo em dire\u00e7\u00e3o a um ambiente mais pr\u00e1tico e agrad\u00e1vel.<\/p>\n\n\n\n<h2 id='compartilhe-e-inspire-outros'  class=\"wp-block-heading\"><strong>Compartilhe e Inspire Outros<\/strong><\/h2>\n\n\n\n<p>A jornada de viver em uma microcasa \u00e9 \u00fanica para cada pessoa, mas o aprendizado pode ser coletivo. Ao compartilhar suas experi\u00eancias e descobertas, voc\u00ea contribui para uma comunidade que valoriza criatividade, efici\u00eancia e simplicidade.<\/p>\n\n\n\n<p><strong>Troque ideias:<\/strong> Participe de conversas com outros moradores de microcasas para descobrir novas solu\u00e7\u00f5es e oferecer insights valiosos.<\/p>\n\n\n\n<p><strong>Seja uma inspira\u00e7\u00e3o:<\/strong> Mostre como suas escolhas ajudaram a transformar o espa\u00e7o e inspire outros a fazerem o mesmo.<\/p>\n\n\n\n<p><strong>Aprenda com os outros:<\/strong> Cada troca de experi\u00eancia traz perspectivas diferentes e enriquece o processo de decorar e viver em pequenos ambientes.<\/p>\n\n\n\n<p>Essa troca de conhecimento fortalece uma rede de apoio que transforma desafios em oportunidades.<\/p>\n\n\n\n<h2 id='o-tamanho-n\u00e3o-define-um-lar'  class=\"wp-block-heading\"><strong>O Tamanho N\u00e3o Define um Lar<\/strong><\/h2>\n\n\n\n<p>Viver em uma microcasa urbana \u00e9 uma prova de que o tamanho do espa\u00e7o n\u00e3o limita o conforto ou a beleza de um lar. Com escolhas bem pensadas e uma abordagem criativa, \u00e9 poss\u00edvel criar um ambiente que n\u00e3o s\u00f3 atende \u00e0s necessidades pr\u00e1ticas, mas tamb\u00e9m acolhe e inspira.<\/p>\n\n\n\n<p>Ao unir funcionalidade e conforto, experimentar novas ideias e compartilhar suas descobertas, voc\u00ea transforma sua microcasa em muito mais do que um espa\u00e7o reduzido \u2014 ela se torna um reflexo do que h\u00e1 de mais importante na sua vida. Afinal, \u00e9 a forma como vivemos, e n\u00e3o o espa\u00e7o que ocupamos, que realmente importa.<\/p>","protected":false},"excerpt":{"rendered":"<p>Viver Bem em Pequenos Espa\u00e7os: O Poder da Decora\u00e7\u00e3o Multifuncional Nas cidades, onde cada metro quadrado tem um valor significativo,&#8230;<\/p>","protected":false},"author":1,"featured_media":142,"comment_status":"open","ping_status":"open","sticky":false,"template":"","format":"standard","meta":{"_kad_post_transparent":"","_kad_post_title":"","_kad_post_layout":"","_kad_post_sidebar_id":"","_kad_post_content_style":"","_kad_post_vertical_padding":"","_kad_post_feature":"","_kad_post_feature_position":"","_kad_post_header":false,"_kad_post_footer":false,"_kad_post_classname":"","footnotes":"","jetpack_publicize_message":"","jetpack_publicize_feature_enabled":true,"jetpack_social_post_already_shared":false,"jetpack_social_options":{"image_generator_settings":{"template":"highway","default_image_id":0,"font":"","enabled":false},"version":2}},"categories":[16],"tags":[13],"class_list":["post-141","post","type-post","status-publish","format-standard","has-post-thumbnail","hentry","category-casa-e-jardim","tag-minimalista"],"jetpack_publicize_connections":[],"jetpack_featured_media_url":"https:\/\/i0.wp.com\/1truenote.com\/wp-content\/uploads\/2024\/12\/DALL%C2%B7E-2024-12-06-02.46.10-An-inspiring-and-modern-urban-microhouse-interior-showcasing-multifunctional-furniture-like-a-sofa-bed-extendable-dining-table-and-modular-shelves-e1737664789691.webp?fit=600%2C400&ssl=1","jetpack_sharing_enabled":true,"_links":{"self":[{"href":"https:\/\/1truenote.com\/en\/wp-json\/wp\/v2\/posts\/141","targetHints":{"allow":["GET"]}}],"collection":[{"href":"https:\/\/1truenote.com\/en\/wp-json\/wp\/v2\/posts"}],"about":[{"href":"https:\/\/1truenote.com\/en\/wp-json\/wp\/v2\/types\/post"}],"author":[{"embeddable":true,"href":"https:\/\/1truenote.com\/en\/wp-json\/wp\/v2\/users\/1"}],"replies":[{"embeddable":true,"href":"https:\/\/1truenote.com\/en\/wp-json\/wp\/v2\/comments?post=141"}],"version-history":[{"count":0,"href":"https:\/\/1truenote.com\/en\/wp-json\/wp\/v2\/posts\/141\/revisions"}],"wp:featuredmedia":[{"embeddable":true,"href":"https:\/\/1truenote.com\/en\/wp-json\/wp\/v2\/media\/142"}],"wp:attachment":[{"href":"https:\/\/1truenote.com\/en\/wp-json\/wp\/v2\/media?parent=141"}],"wp:term":[{"taxonomy":"category","embeddable":true,"href":"https:\/\/1truenote.com\/en\/wp-json\/wp\/v2\/categories?post=141"},{"taxonomy":"post_tag","embeddable":true,"href":"https:\/\/1truenote.com\/en\/wp-json\/wp\/v2\/tags?post=141"}],"curies":[{"name":"wp","href":"https:\/\/api.w.org\/{rel}","templated":true}]}}