{"id":1380,"date":"2025-05-02T15:58:15","date_gmt":"2025-05-02T15:58:15","guid":{"rendered":"https:\/\/1truenote.com\/?p=1380"},"modified":"2025-05-02T15:58:19","modified_gmt":"2025-05-02T15:58:19","slug":"maio-amarelo-2025-mobilidade-humana","status":"publish","type":"post","link":"https:\/\/1truenote.com\/en\/maio-amarelo-2025-mobilidade-humana\/","title":{"rendered":"Maio Amarelo 2025: Mobilidade Humana, Responsabilidade de Todos"},"content":{"rendered":"<p>O m\u00eas de maio chegou e, com ele, a campanha Maio Amarelo 2025, que traz o tema \u201cMobilidade Humana, Responsabilidade Humana\u201d. A iniciativa busca conscientizar a sociedade sobre a import\u00e2ncia de um tr\u00e2nsito mais seguro e humano, destacando que cada indiv\u00edduo tem um papel fundamental na constru\u00e7\u00e3o de vias mais seguras para todos. (fonte: <a href=\"https:\/\/genyo.com.br\/maio-amarelo\/?utm_source=chatgpt.com\" target=\"_blank\" rel=\"noreferrer noopener\">Controle de Ponto Eletr\u00f4nico Digital<\/a>)<\/p>\n\n\n\n<hr class=\"wp-block-separator has-alpha-channel-opacity\"\/>\n\n\n\n<h2 id='\ud83d\udeb8-o-que-\u00e9-o-maio-amarelo'  class=\"wp-block-heading\">\ud83d\udeb8 O que \u00e9 o Maio Amarelo?<\/h2>\n\n\n\n<p>O Maio Amarelo \u00e9 um movimento internacional de conscientiza\u00e7\u00e3o para a redu\u00e7\u00e3o de acidentes de tr\u00e2nsito. Criado em 2014 pelo Observat\u00f3rio Nacional de Seguran\u00e7a Vi\u00e1ria (ONSV), o movimento surgiu como resposta \u00e0 D\u00e9cada de A\u00e7\u00e3o para Seguran\u00e7a no Tr\u00e2nsito, estabelecida pela ONU em 2011. (fonte: <a href=\"https:\/\/genyo.com.br\/maio-amarelo\/?utm_source=chatgpt.com\" target=\"_blank\" rel=\"noreferrer noopener\">Mundo Educa\u00e7\u00e3o<\/a>)<\/p>\n\n\n\n<p>A campanha utiliza o la\u00e7o amarelo como s\u00edmbolo, representando a aten\u00e7\u00e3o necess\u00e1ria para a seguran\u00e7a no tr\u00e2nsito. Durante todo o m\u00eas de maio, diversas a\u00e7\u00f5es s\u00e3o realizadas para promover a educa\u00e7\u00e3o e a conscientiza\u00e7\u00e3o sobre comportamentos seguros nas vias. (fonte: <a href=\"https:\/\/mundoeducacao.uol.com.br\/datas-comemorativas\/maio-amarelo.htm?utm_source=chatgpt.com\" target=\"_blank\" rel=\"noreferrer noopener\">Servi\u00e7os e Informa\u00e7\u00f5es do Brasil<\/a>)<\/p>\n\n\n\n<hr class=\"wp-block-separator has-alpha-channel-opacity\"\/>\n\n\n\n<h2 id='\ud83c\udfaf-objetivos-da-campanha-em-2025'  class=\"wp-block-heading\">\ud83c\udfaf Objetivos da campanha em 2025<\/h2>\n\n\n\n<p>A edi\u00e7\u00e3o de 2025 do Maio Amarelo tem como foco principal a promo\u00e7\u00e3o da mobilidade humana com responsabilidade. Entre os objetivos da campanha est\u00e3o (fonte: :<a href=\"https:\/\/www.onsv.org.br\/maioamarelo\/maio-amarelo-2025?utm_source=chatgpt.com\" target=\"_blank\" rel=\"noreferrer noopener\">Alese<\/a>)<\/p>\n\n\n\n<ul class=\"wp-block-list\">\n<li>Conscientizar motoristas, ciclistas e pedestres sobre a import\u00e2ncia de comportamentos seguros no tr\u00e2nsito.<\/li>\n\n\n\n<li>Reduzir o n\u00famero de acidentes e v\u00edtimas fatais nas vias.<\/li>\n\n\n\n<li>Estimular a empatia e o respeito entre todos os usu\u00e1rios das vias p\u00fablicas.<\/li>\n\n\n\n<li>Promover a\u00e7\u00f5es educativas em escolas, empresas e comunidades. (fonte: <a href=\"https:\/\/genyo.com.br\/maio-amarelo\/?utm_source=chatgpt.com\" target=\"_blank\" rel=\"noreferrer noopener\">Controle de Ponto Eletr\u00f4nico Digital<\/a><a href=\"https:\/\/al.se.leg.br\/acoes-da-campanha-maio-amarelo-buscam-reduzir-acidentes-no-transito\/?utm_source=chatgpt.com\" target=\"_blank\" rel=\"noreferrer noopener\">Alese<\/a>)<\/li>\n<\/ul>\n\n\n\n<p>A campanha busca engajar toda a sociedade na constru\u00e7\u00e3o de um tr\u00e2nsito mais seguro e humano. (fonte: <a href=\"https:\/\/genyo.com.br\/maio-amarelo\/?utm_source=chatgpt.com\" target=\"_blank\" rel=\"noreferrer noopener\">Controle de Ponto Eletr\u00f4nico Digital<\/a>)<\/p>\n\n\n\n<hr class=\"wp-block-separator has-alpha-channel-opacity\"\/>\n\n\n\n<h2 id='\ud83d\udcca-dados-alarmantes-sobre-o-tr\u00e2nsito-no-brasil'  class=\"wp-block-heading\">\ud83d\udcca Dados alarmantes sobre o tr\u00e2nsito no Brasil<\/h2>\n\n\n\n<p>O Brasil enfrenta n\u00fameros preocupantes relacionados a acidentes de tr\u00e2nsito. Segundo dados do Observat\u00f3rio Nacional de Seguran\u00e7a Vi\u00e1ria, em 2022, mais de 30 mil pessoas perderam a vida em acidentes nas vias brasileiras. (fonte: <a href=\"https:\/\/mundoeducacao.uol.com.br\/datas-comemorativas\/maio-amarelo.htm?utm_source=chatgpt.com\" target=\"_blank\" rel=\"noreferrer noopener\">Brasil Escola<\/a>)<\/p>\n\n\n\n<p>Esses n\u00fameros evidenciam a necessidade urgente de a\u00e7\u00f5es efetivas para promover a seguran\u00e7a no tr\u00e2nsito e reduzir o n\u00famero de v\u00edtimas. (fonte: <a href=\"https:\/\/genyo.com.br\/maio-amarelo\/?utm_source=chatgpt.com\" target=\"_blank\" rel=\"noreferrer noopener\">Servi\u00e7os e Informa\u00e7\u00f5es do Brasil<\/a>)<\/p>\n\n\n\n<hr class=\"wp-block-separator has-alpha-channel-opacity\"\/>\n\n\n\n<h2 id='\ud83d\udee0\ufe0f-a\u00e7\u00f5es-pr\u00e1ticas-para-participar-do-maio-amarelo'  class=\"wp-block-heading\">\ud83d\udee0\ufe0f A\u00e7\u00f5es pr\u00e1ticas para participar do Maio Amarelo<\/h2>\n\n\n\n<p>Engajar-se na campanha Maio Amarelo \u00e9 fundamental para promover mudan\u00e7as significativas no tr\u00e2nsito. Confira algumas a\u00e7\u00f5es que podem ser realizadas:<\/p>\n\n\n\n<ul class=\"wp-block-list\">\n<li><strong>Empresas<\/strong>: promover palestras e workshops sobre seguran\u00e7a no tr\u00e2nsito para colaboradores.<\/li>\n\n\n\n<li><strong>Escolas<\/strong>: realizar atividades educativas com alunos, como pe\u00e7as teatrais e concursos de desenhos.<\/li>\n\n\n\n<li><strong>Comunidades<\/strong>: organizar campanhas de conscientiza\u00e7\u00e3o em locais p\u00fablicos, distribuindo materiais informativos.<\/li>\n\n\n\n<li><strong>Indiv\u00edduos<\/strong>: compartilhar informa\u00e7\u00f5es sobre seguran\u00e7a no tr\u00e2nsito nas redes sociais e praticar comportamentos seguros diariamente.<\/li>\n<\/ul>\n\n\n\n<p>Cada a\u00e7\u00e3o, por menor que seja, contribui para a constru\u00e7\u00e3o de um tr\u00e2nsito mais seguro para todos.<\/p>\n\n\n\n<hr class=\"wp-block-separator has-alpha-channel-opacity\"\/>\n\n\n\n<h2 id='\ud83e\udd1d-conclus\u00e3o-juntos-por-um-tr\u00e2nsito-mais-seguro-maio-amarelo'  class=\"wp-block-heading\">\ud83e\udd1d Conclus\u00e3o: Juntos por um tr\u00e2nsito mais seguro &#8211; maio amarelo<\/h2>\n\n\n\n<p>O Maio Amarelo 2025 refor\u00e7a a ideia de que a mobilidade humana deve ser pautada pela responsabilidade de cada indiv\u00edduo. Ao adotarmos comportamentos seguros e respeitosos no tr\u00e2nsito, contribu\u00edmos para a redu\u00e7\u00e3o de acidentes e para a preserva\u00e7\u00e3o de vidas. (fonte: <a href=\"https:\/\/www.onsv.org.br\/maioamarelo\/maio-amarelo-2025?utm_source=chatgpt.com\" target=\"_blank\" rel=\"noreferrer noopener\">Home ONSV<\/a>)<\/p>\n\n\n\n<p>Participe da campanha, compartilhe informa\u00e7\u00f5es e pratique a seguran\u00e7a no tr\u00e2nsito diariamente. Juntos, podemos transformar nossas vias em espa\u00e7os mais seguros e humanos para todos.<\/p>\n\n\n\n<p>Voc\u00ea pode ver mais <a href=\"https:\/\/1truenote.com\/en\/\" data-type=\"link\" data-id=\"https:\/\/1truenote.com\/\">aqui<\/a>.<\/p>","protected":false},"excerpt":{"rendered":"<p>O m\u00eas de maio chegou e, com ele, a campanha Maio Amarelo 2025, que traz o tema \u201cMobilidade Humana, Responsabilidade&#8230;<\/p>","protected":false},"author":1,"featured_media":1381,"comment_status":"open","ping_status":"open","sticky":false,"template":"","format":"standard","meta":{"_kad_post_transparent":"","_kad_post_title":"","_kad_post_layout":"","_kad_post_sidebar_id":"","_kad_post_content_style":"","_kad_post_vertical_padding":"","_kad_post_feature":"","_kad_post_feature_position":"","_kad_post_header":false,"_kad_post_footer":false,"_kad_post_classname":"","footnotes":"","jetpack_publicize_message":"","jetpack_publicize_feature_enabled":true,"jetpack_social_post_already_shared":false,"jetpack_social_options":{"image_generator_settings":{"template":"highway","default_image_id":0,"font":"","enabled":false},"version":2}},"categories":[1],"tags":[],"class_list":["post-1380","post","type-post","status-publish","format-standard","has-post-thumbnail","hentry","category-novidades"],"jetpack_publicize_connections":[],"jetpack_featured_media_url":"https:\/\/i0.wp.com\/1truenote.com\/wp-content\/uploads\/2025\/05\/ChatGPT-Image-2-de-mai.-de-2025-12_56_34.png?fit=1536%2C1024&ssl=1","jetpack_sharing_enabled":true,"_links":{"self":[{"href":"https:\/\/1truenote.com\/en\/wp-json\/wp\/v2\/posts\/1380","targetHints":{"allow":["GET"]}}],"collection":[{"href":"https:\/\/1truenote.com\/en\/wp-json\/wp\/v2\/posts"}],"about":[{"href":"https:\/\/1truenote.com\/en\/wp-json\/wp\/v2\/types\/post"}],"author":[{"embeddable":true,"href":"https:\/\/1truenote.com\/en\/wp-json\/wp\/v2\/users\/1"}],"replies":[{"embeddable":true,"href":"https:\/\/1truenote.com\/en\/wp-json\/wp\/v2\/comments?post=1380"}],"version-history":[{"count":0,"href":"https:\/\/1truenote.com\/en\/wp-json\/wp\/v2\/posts\/1380\/revisions"}],"wp:featuredmedia":[{"embeddable":true,"href":"https:\/\/1truenote.com\/en\/wp-json\/wp\/v2\/media\/1381"}],"wp:attachment":[{"href":"https:\/\/1truenote.com\/en\/wp-json\/wp\/v2\/media?parent=1380"}],"wp:term":[{"taxonomy":"category","embeddable":true,"href":"https:\/\/1truenote.com\/en\/wp-json\/wp\/v2\/categories?post=1380"},{"taxonomy":"post_tag","embeddable":true,"href":"https:\/\/1truenote.com\/en\/wp-json\/wp\/v2\/tags?post=1380"}],"curies":[{"name":"wp","href":"https:\/\/api.w.org\/{rel}","templated":true}]}}