{"id":1371,"date":"2025-05-02T15:03:38","date_gmt":"2025-05-02T15:03:38","guid":{"rendered":"https:\/\/1truenote.com\/?p=1371"},"modified":"2025-05-02T15:03:41","modified_gmt":"2025-05-02T15:03:41","slug":"terremoto-argentina-chile-2025-alerta-tsunami","status":"publish","type":"post","link":"https:\/\/1truenote.com\/en\/terremoto-argentina-chile-2025-alerta-tsunami\/","title":{"rendered":"Terremoto de 7,4 graus atinge o sul da Argentina e Chile: alerta de tsunami \u00e9 emitido"},"content":{"rendered":"<p>Na manh\u00e3 desta sexta-feira, 2 de maio de 2025, um terremoto de magnitude 7,4 sacudiu as regi\u00f5es ao sul da Argentina e do Chile, com epicentro localizado a 219 km ao sul de Ushuaia, na prov\u00edncia argentina da Terra do Fogo. O tremor ocorreu \u00e0s 9h58 no hor\u00e1rio local, a uma profundidade de aproximadamente 10 km. (fonte: <a href=\"https:\/\/apnews.com\/article\/f1a59b92aa014eb71f8fada17ba8fb57?utm_source=chatgpt.com\" target=\"_blank\" rel=\"noreferrer noopener\">\u00daltimas Noticias<\/a>)<\/p>\n\n\n\n<hr class=\"wp-block-separator has-alpha-channel-opacity\"\/>\n\n\n\n<h2 id='\ud83d\udccd-impacto-nas-regi\u00f5es-afetadas-pelo-terremoto'  class=\"wp-block-heading\">\ud83d\udccd Impacto nas regi\u00f5es afetadas pelo terremoto<\/h2>\n\n\n\n<p>Apesar da intensidade do sismo, at\u00e9 o momento n\u00e3o h\u00e1 relatos de v\u00edtimas ou danos materiais significativos. Em Ushuaia, as autoridades suspenderam temporariamente as atividades aqu\u00e1ticas e a navega\u00e7\u00e3o no Canal de Beagle como medida de precau\u00e7\u00e3o. (fonte: <a href=\"https:\/\/www.clarin.com\/sociedad\/fuerte-temblor-epicentro-rioja-sintio-cordoba-59-magnitud-escala-richter_0_HF3K99Rb09.html?utm_source=chatgpt.com\" target=\"_blank\" rel=\"noreferrer noopener\">www.20minutos.es<\/a>)<\/p>\n\n\n\n<p>No Chile, o governo emitiu um alerta de tsunami para a regi\u00e3o de Magallanes, ordenando a evacua\u00e7\u00e3o das \u00e1reas costeiras. O presidente Gabriel Boric afirmou que todos os recursos est\u00e3o dispon\u00edveis para responder a poss\u00edveis emerg\u00eancias e instou a popula\u00e7\u00e3o a seguir as instru\u00e7\u00f5es das autoridades. (fonte: <a href=\"https:\/\/www.elcolombiano.com\/internacional\/terremoto-de-74-de-magnitud-en-argentina-IO27299045?utm_source=chatgpt.com\" target=\"_blank\" rel=\"noreferrer noopener\">CNN Brasil<\/a>)<\/p>\n\n\n\n<hr class=\"wp-block-separator has-alpha-channel-opacity\"\/>\n\n\n\n<h2 id='\ud83c\udf0a-alerta-de-tsunami-e-medidas-preventivas'  class=\"wp-block-heading\">\ud83c\udf0a Alerta de tsunami e medidas preventivas<\/h2>\n\n\n\n<p>O Servi\u00e7o Hidrogr\u00e1fico e Oceanogr\u00e1fico da Marinha do Chile (SHOA) informou que ondas de tsunami poderiam atingir a Ant\u00e1rtida dentro de uma hora ap\u00f3s o terremoto e outras localidades remotas em at\u00e9 12 horas. As autoridades solicitaram que todas as \u00e1reas de praia no territ\u00f3rio ant\u00e1rtico chileno fossem evacuadas. (fonte: <a href=\"https:\/\/apnews.com\/article\/f1a59b92aa014eb71f8fada17ba8fb57?utm_source=chatgpt.com\" target=\"_blank\" rel=\"noreferrer noopener\">AP News<\/a><a href=\"https:\/\/www.eltiempo.com\/mundo\/latinoamerica\/temblor-hoy-reportan-fuerte-sismo-de-7-5-de-magnitud-en-argentina-y-chile-vea-epicentro-y-detalles-3449997?utm_source=chatgpt.com\" target=\"_blank\" rel=\"noreferrer noopener\">El Tiempo<\/a>)<\/p>\n\n\n\n<hr class=\"wp-block-separator has-alpha-channel-opacity\"\/>\n\n\n\n<h2 id='\ud83e\udded-contexto-s\u00edsmico-da-regi\u00e3o'  class=\"wp-block-heading\">\ud83e\udded Contexto s\u00edsmico da regi\u00e3o<\/h2>\n\n\n\n<p>A regi\u00e3o sul da Am\u00e9rica do Sul, incluindo o sul da Argentina e o Chile, est\u00e1 situada na converg\u00eancia das placas tect\u00f4nicas de Nazca e Sul-Americana, tornando-a propensa a atividades s\u00edsmicas. Eventos como o ocorrido hoje refor\u00e7am a import\u00e2ncia de sistemas de alerta precoce e planos de evacua\u00e7\u00e3o eficientes para minimizar riscos \u00e0 popula\u00e7\u00e3o.<\/p>\n\n\n\n<hr class=\"wp-block-separator has-alpha-channel-opacity\"\/>\n\n\n\n<h2 id='\ud83d\udcf0-conclus\u00e3o-sobre-o-terremoto-na-argentina'  class=\"wp-block-heading\">\ud83d\udcf0 Conclus\u00e3o sobre o terremoto na Argentina<\/h2>\n\n\n\n<p>O terremoto de hoje serve como um lembrete da import\u00e2ncia da prepara\u00e7\u00e3o e da resposta r\u00e1pida a desastres naturais. As autoridades continuam monitorando a situa\u00e7\u00e3o e fornecendo atualiza\u00e7\u00f5es conforme necess\u00e1rio.<\/p>\n\n\n\n<p>\u00c9 crucial que os residentes das \u00e1reas afetadas permane\u00e7am atentos \u00e0s orienta\u00e7\u00f5es oficiais e estejam preparados para agir em caso de novas emerg\u00eancias. (fonte: <a href=\"https:\/\/www.infobae.com\/sociedad\/2025\/04\/27\/un-fuerte-sismo-sacudio-a-la-provincia-de-mendoza\/?utm_source=chatgpt.com\" target=\"_blank\" rel=\"noreferrer noopener\">infobae<\/a>)<\/p>\n\n\n\n<p>Voc\u00ea pode ver mais <a href=\"https:\/\/1truenote.com\/en\/\" data-type=\"link\" data-id=\"https:\/\/1truenote.com\/\">aqui<\/a>.<\/p>","protected":false},"excerpt":{"rendered":"<p>Na manh\u00e3 desta sexta-feira, 2 de maio de 2025, um terremoto de magnitude 7,4 sacudiu as regi\u00f5es ao sul da&#8230;<\/p>","protected":false},"author":1,"featured_media":1372,"comment_status":"open","ping_status":"open","sticky":false,"template":"","format":"standard","meta":{"_kad_post_transparent":"","_kad_post_title":"","_kad_post_layout":"","_kad_post_sidebar_id":"","_kad_post_content_style":"","_kad_post_vertical_padding":"","_kad_post_feature":"","_kad_post_feature_position":"","_kad_post_header":false,"_kad_post_footer":false,"_kad_post_classname":"","footnotes":"","jetpack_publicize_message":"","jetpack_publicize_feature_enabled":true,"jetpack_social_post_already_shared":false,"jetpack_social_options":{"image_generator_settings":{"template":"highway","default_image_id":0,"font":"","enabled":false},"version":2}},"categories":[1],"tags":[],"class_list":["post-1371","post","type-post","status-publish","format-standard","has-post-thumbnail","hentry","category-novidades"],"jetpack_publicize_connections":[],"jetpack_featured_media_url":"https:\/\/i0.wp.com\/1truenote.com\/wp-content\/uploads\/2025\/05\/ChatGPT-Image-2-de-mai.-de-2025-12_02_37.png?fit=1536%2C1024&ssl=1","jetpack_sharing_enabled":true,"_links":{"self":[{"href":"https:\/\/1truenote.com\/en\/wp-json\/wp\/v2\/posts\/1371","targetHints":{"allow":["GET"]}}],"collection":[{"href":"https:\/\/1truenote.com\/en\/wp-json\/wp\/v2\/posts"}],"about":[{"href":"https:\/\/1truenote.com\/en\/wp-json\/wp\/v2\/types\/post"}],"author":[{"embeddable":true,"href":"https:\/\/1truenote.com\/en\/wp-json\/wp\/v2\/users\/1"}],"replies":[{"embeddable":true,"href":"https:\/\/1truenote.com\/en\/wp-json\/wp\/v2\/comments?post=1371"}],"version-history":[{"count":0,"href":"https:\/\/1truenote.com\/en\/wp-json\/wp\/v2\/posts\/1371\/revisions"}],"wp:featuredmedia":[{"embeddable":true,"href":"https:\/\/1truenote.com\/en\/wp-json\/wp\/v2\/media\/1372"}],"wp:attachment":[{"href":"https:\/\/1truenote.com\/en\/wp-json\/wp\/v2\/media?parent=1371"}],"wp:term":[{"taxonomy":"category","embeddable":true,"href":"https:\/\/1truenote.com\/en\/wp-json\/wp\/v2\/categories?post=1371"},{"taxonomy":"post_tag","embeddable":true,"href":"https:\/\/1truenote.com\/en\/wp-json\/wp\/v2\/tags?post=1371"}],"curies":[{"name":"wp","href":"https:\/\/api.w.org\/{rel}","templated":true}]}}