{"id":137,"date":"2024-12-26T19:33:56","date_gmt":"2024-12-26T19:33:56","guid":{"rendered":"https:\/\/1truenote.com\/?p=137"},"modified":"2025-04-21T17:10:08","modified_gmt":"2025-04-21T17:10:08","slug":"como-adotar-o-minimalismo-em-microcasas-modulares-para-casais-com-filhos-pequenos","status":"publish","type":"post","link":"https:\/\/1truenote.com\/en\/como-adotar-o-minimalismo-em-microcasas-modulares-para-casais-com-filhos-pequenos\/","title":{"rendered":"Adotar o Minimalismo em Microcasas Modulares para Casais com Filhos Pequenos"},"content":{"rendered":"<h2 id='um-novo-olhar-para-o-lar-microcasas-modulares-e-minimalismo-para-fam\u00edlias'  class=\"wp-block-heading\"><strong>Um Novo Olhar para o Lar: Microcasas Modulares e Minimalismo para Fam\u00edlias<\/strong><\/h2>\n\n\n\n<p>Viver em uma microcasa modular pode parecer um desafio, especialmente para casais com filhos pequenos. Com o espa\u00e7o reduzido e as demandas de uma fam\u00edlia em crescimento, muitas pessoas podem questionar se \u00e9 poss\u00edvel criar um ambiente funcional, confort\u00e1vel e adaptado \u00e0s necessidades di\u00e1rias. No entanto, essa forma de moradia n\u00e3o s\u00f3 \u00e9 vi\u00e1vel, mas tamb\u00e9m apresenta vantagens \u00fanicas que transformam o conceito de lar.<\/p>\n\n\n\n<p>Em um ambiente compacto, cada cent\u00edmetro \u00e9 projetado para ser \u00fatil e acolhedor. Essa organiza\u00e7\u00e3o faz com que as microcasas modulares sejam uma op\u00e7\u00e3o pr\u00e1tica e eficiente para fam\u00edlias que valorizam simplicidade e conex\u00e3o. Embora viver com menos espa\u00e7o exija ajustes, a recompensa est\u00e1 em um estilo de vida que prioriza o essencial, reduz o estresse da desordem e fortalece os la\u00e7os familiares.<\/p>\n\n\n\n<h3 id='minimalismo-e-praticidade-uma-combina\u00e7\u00e3o-perfeita'  class=\"wp-block-heading\"><strong>Minimalismo e Praticidade: Uma Combina\u00e7\u00e3o Perfeita<\/strong><\/h3>\n\n\n\n<p>O minimalismo, quando aplicado a microcasas, se torna mais do que uma filosofia \u2014 \u00e9 uma necessidade pr\u00e1tica. Para fam\u00edlias com filhos pequenos, essa abordagem pode trazer in\u00fameros benef\u00edcios:<\/p>\n\n\n\n<p><strong>Facilidade na organiza\u00e7\u00e3o:<\/strong> Com menos objetos, o tempo gasto em tarefas dom\u00e9sticas diminui, permitindo que os pais se concentrem em momentos de qualidade com os filhos.<\/p>\n\n\n\n<p><strong>Ambiente mais seguro:<\/strong> Espa\u00e7os bem planejados reduzem o risco de acidentes dom\u00e9sticos, oferecendo maior seguran\u00e7a para crian\u00e7as pequenas.<\/p>\n\n\n\n<p><strong>Foco no essencial:<\/strong> O minimalismo elimina distra\u00e7\u00f5es desnecess\u00e1rias, ajudando a criar um ambiente que promove criatividade, aprendizado e intera\u00e7\u00e3o familiar.<\/p>\n\n\n\n<p>Ao alinhar o minimalismo com as necessidades de uma microcasa modular, as fam\u00edlias encontram uma maneira pr\u00e1tica e eficiente de viver com prop\u00f3sito e funcionalidade.<\/p>\n\n\n\n<p>Ajudar fam\u00edlias a transformar microcasas modulares em lares que atendam \u00e0s suas necessidades, sem abrir m\u00e3o do conforto ou da funcionalidade. Aqui, exploraremos estrat\u00e9gias pr\u00e1ticas para:<\/p>\n\n\n\n<p>Planejar espa\u00e7os que maximizem o uso eficiente do ambiente.<\/p>\n\n\n\n<p>Selecionar m\u00f3veis e itens decorativos que sejam funcionais e dur\u00e1veis.<\/p>\n\n\n\n<p>Incorporar rotinas minimalistas que simplifiquem o dia a dia e promovam um estilo de vida sustent\u00e1vel.<\/p>\n\n\n\n<p>Se voc\u00ea est\u00e1 em busca de inspira\u00e7\u00e3o para viver com mais prop\u00f3sito em um espa\u00e7o menor, continue lendo. Descubra como o minimalismo pode transformar desafios em oportunidades e criar um lar onde simplicidade e praticidade coexistem em harmonia.<\/p>\n\n\n\n<h2 id='minimalismo-em-fam\u00edlia-benef\u00edcios-que-transformam-o-dia-a-dia'  class=\"wp-block-heading\"><strong>Minimalismo em Fam\u00edlia: Benef\u00edcios Que Transformam o Dia a Dia<\/strong><\/h2>\n\n\n\n<p>Adotar o minimalismo em uma microcasa modular \u00e9 mais do que uma estrat\u00e9gia para viver em um espa\u00e7o compacto; \u00e9 uma escolha que redefine prioridades e transforma a din\u00e2mica familiar. Para casais com filhos pequenos, essa abordagem oferece uma vida mais pr\u00e1tica, organizada e focada no que realmente importa: os momentos compartilhados.<\/p>\n\n\n\n<h3 id='menos-objetos-mais-tranquilidade'  class=\"wp-block-heading\"><strong>Menos Objetos, Mais Tranquilidade<\/strong><\/h3>\n\n\n\n<p>Um dos maiores benef\u00edcios do minimalismo \u00e9 a redu\u00e7\u00e3o do estresse di\u00e1rio causado pelo excesso de objetos.<\/p>\n\n\n\n<p><strong>Simplifica\u00e7\u00e3o da rotina:<\/strong> Com menos itens para organizar e limpar, as tarefas dom\u00e9sticas se tornam mais r\u00e1pidas e menos cansativas, liberando tempo para atividades em fam\u00edlia.<\/p>\n\n\n\n<p><strong>Ambiente mais acolhedor:<\/strong> Um espa\u00e7o livre de desordem cria uma sensa\u00e7\u00e3o de calma e equil\u00edbrio, essencial para crian\u00e7as pequenas que precisam de um ambiente est\u00e1vel e seguro.<\/p>\n\n\n\n<p><strong>Foco no essencial:<\/strong> Eliminar o excesso ajuda a fam\u00edlia a se concentrar no que \u00e9 realmente necess\u00e1rio, evitando distra\u00e7\u00f5es e promovendo uma vida mais intencional.<\/p>\n\n\n\n<p>Essa abordagem transforma o lar em um ref\u00fagio de tranquilidade, ideal para o bem-estar de todos os membros da fam\u00edlia.<\/p>\n\n\n\n<h3 id='organiza\u00e7\u00e3o-que-maximiza-o-espa\u00e7o'  class=\"wp-block-heading\"><strong>Organiza\u00e7\u00e3o Que Maximiza o Espa\u00e7o<\/strong><\/h3>\n\n\n\n<p>A organiza\u00e7\u00e3o eficiente \u00e9 essencial em microcasas modulares, e o minimalismo \u00e9 a chave para aproveitar cada cent\u00edmetro de forma inteligente.<\/p>\n\n\n\n<p><strong>Solu\u00e7\u00f5es criativas:<\/strong> Prateleiras verticais, m\u00f3veis com armazenamento embutido e divis\u00f3rias multifuncionais ajudam a criar um ambiente pr\u00e1tico e organizado.<\/p>\n\n\n\n<p><strong>Facilidade de acesso:<\/strong> Com menos objetos, \u00e9 mais f\u00e1cil localizar o que \u00e9 necess\u00e1rio, reduzindo o tempo gasto procurando itens e aumentando a efici\u00eancia do dia a dia.<\/p>\n\n\n\n<p><strong>Espa\u00e7o funcional:<\/strong> Cada \u00e1rea da casa pode ser projetada para atender a m\u00faltiplas fun\u00e7\u00f5es, como um espa\u00e7o de brincadeiras que tamb\u00e9m serve como local de descanso.<\/p>\n\n\n\n<p>Essa organiza\u00e7\u00e3o permite que o ambiente atenda \u00e0s necessidades de todos os membros da fam\u00edlia, sem comprometer a funcionalidade ou o conforto.<\/p>\n\n\n\n<h3 id='prioridade-para-momentos-em-fam\u00edlia'  class=\"wp-block-heading\"><strong>Prioridade para Momentos em Fam\u00edlia<\/strong><\/h3>\n\n\n\n<p>O minimalismo incentiva as fam\u00edlias a trocarem o ac\u00famulo de bens por experi\u00eancias significativas.<\/p>\n\n\n\n<p><strong>Mais tempo juntos:<\/strong> Com menos foco em objetos e tarefas dom\u00e9sticas, sobra mais tempo para atividades em fam\u00edlia, como brincar com os filhos, cozinhar juntos ou explorar a natureza.<\/p>\n\n\n\n<p><strong>Fortalecimento de la\u00e7os:<\/strong> A simplicidade do minimalismo cria espa\u00e7o para intera\u00e7\u00f5es mais aut\u00eanticas e conex\u00f5es profundas entre pais e filhos.<\/p>\n\n\n\n<p><strong>Valoriza\u00e7\u00e3o do presente:<\/strong> Em vez de buscar constantemente o pr\u00f3ximo item a adquirir, as fam\u00edlias aprendem a apreciar os momentos e as experi\u00eancias que realmente importam.<\/p>\n\n\n\n<p>Ao priorizar as rela\u00e7\u00f5es familiares, o minimalismo transforma a vida em microcasas modulares em uma oportunidade para criar mem\u00f3rias duradouras e fortalecer a unidade familiar.<\/p>\n\n\n\n<h2 id='minimalismo-um-estilo-de-vida-para-toda-a-fam\u00edlia'  class=\"wp-block-heading\"><strong>Minimalismo: Um Estilo de Vida para Toda a Fam\u00edlia<\/strong><\/h2>\n\n\n\n<p>Adotar o minimalismo em uma microcasa modular \u00e9 uma decis\u00e3o que beneficia tanto os pais quanto os filhos. Com menos objetos para gerenciar, mais organiza\u00e7\u00e3o e um foco maior nos momentos em fam\u00edlia, a vida em um espa\u00e7o compacto se torna uma experi\u00eancia enriquecedora e equilibrada.<\/p>\n\n\n\n<p>Essa abordagem n\u00e3o apenas melhora o ambiente f\u00edsico, mas tamb\u00e9m promove um estilo de vida mais conectado, intencional e pleno. Para fam\u00edlias que desejam viver com mais prop\u00f3sito, o minimalismo oferece um caminho claro para alcan\u00e7ar simplicidade e harmonia.<\/p>\n\n\n\n<h3 id='planejando-espa\u00e7os-que-funcionar\u00e3o-para-toda-a-fam\u00edlia'  class=\"wp-block-heading\"><strong>Planejando Espa\u00e7os que Funcionar\u00e3o para Toda a Fam\u00edlia<\/strong><\/h3>\n\n\n\n<p>Planejar o espa\u00e7o de uma microcasa modular para casais com filhos pequenos requer criatividade, flexibilidade e aten\u00e7\u00e3o \u00e0s necessidades de todos os membros da fam\u00edlia. Cada metro quadrado deve ser pensado para atender fun\u00e7\u00f5es diversas, promovendo conforto, praticidade e harmonia em um ambiente compacto.<\/p>\n\n\n\n<h3 id='\u00e1reas-multifuncionais-versatilidade-no-dia-a-dia'  class=\"wp-block-heading\"><strong>\u00c1reas Multifuncionais: Versatilidade no Dia a Dia<\/strong><\/h3>\n\n\n\n<p>Um dos principais segredos para otimizar o espa\u00e7o em microcasas modulares \u00e9 criar \u00e1reas multifuncionais.<\/p>\n\n\n\n<p><strong>Sala que vira espa\u00e7o de conviv\u00eancia e lazer:<\/strong> Uma sala de estar equipada com m\u00f3veis dobr\u00e1veis ou embutidos pode facilmente se transformar em um espa\u00e7o de brincadeiras durante o dia ou em uma \u00e1rea para assistir filmes \u00e0 noite.<\/p>\n\n\n\n<p><strong>Cozinha integrada:<\/strong> Uma cozinha aberta conectada \u00e0 sala ajuda a maximizar o espa\u00e7o e facilita a intera\u00e7\u00e3o entre os membros da fam\u00edlia enquanto refei\u00e7\u00f5es s\u00e3o preparadas.<\/p>\n\n\n\n<p><strong>M\u00f3veis adapt\u00e1veis:<\/strong> Sof\u00e1s-camas, mesas extens\u00edveis e bancos com armazenamento interno ajudam a ampliar as possibilidades do ambiente sem comprometer o espa\u00e7o dispon\u00edvel.<\/p>\n\n\n\n<p>Essa flexibilidade permite que o mesmo espa\u00e7o atenda diferentes necessidades ao longo do dia, tornando a rotina mais pr\u00e1tica e eficiente.<\/p>\n\n\n\n<h3 id='quartos-compartilhados-harmonia-e-conforto'  class=\"wp-block-heading\"><strong>Quartos Compartilhados: Harmonia e Conforto<\/strong><\/h3>\n\n\n\n<p>Quartos compartilhados podem ser um desafio em microcasas modulares, mas com as solu\u00e7\u00f5es certas, \u00e9 poss\u00edvel criar um ambiente confort\u00e1vel para todos.<\/p>\n\n\n\n<p><strong>Beliches compactos e seguros:<\/strong> Optar por beliches com armazenamento embutido ou camas elevadas deixa mais espa\u00e7o livre para brincar ou estudar.<\/p>\n\n\n\n<p><strong>Separa\u00e7\u00e3o visual:<\/strong> Cortinas, divis\u00f3rias leves ou pain\u00e9is decorativos ajudam a criar privacidade e delimitar \u00e1reas pessoais dentro do mesmo quarto.<\/p>\n\n\n\n<p><strong>Design que cresce com a fam\u00edlia:<\/strong> Escolher m\u00f3veis que acompanhem o crescimento das crian\u00e7as, como camas ajust\u00e1veis e prateleiras modulares, evita a necessidade de constantes trocas e reformas.<\/p>\n\n\n\n<p>Com planejamento cuidadoso, quartos compartilhados podem ser tanto funcionais quanto acolhedores, promovendo a conviv\u00eancia harmoniosa entre pais e filhos.<\/p>\n\n\n\n<h3 id='zonas-de-uso-espec\u00edfico-organiza\u00e7\u00e3o-sem-comprometer-o-espa\u00e7o'  class=\"wp-block-heading\"><strong>Zonas de Uso Espec\u00edfico: Organiza\u00e7\u00e3o Sem Comprometer o Espa\u00e7o<\/strong><\/h3>\n\n\n\n<p>Uma microcasa modular bem planejada deve incluir zonas dedicadas a atividades espec\u00edficas, mesmo em espa\u00e7os reduzidos.<\/p>\n\n\n\n<p><strong>Espa\u00e7o para brincar:<\/strong> Reserve um canto da sala ou do quarto para as crian\u00e7as guardarem brinquedos e realizarem atividades l\u00fadicas. Organizadores verticais ou caixas empilh\u00e1veis ajudam a manter a \u00e1rea sempre arrumada.<\/p>\n\n\n\n<p><strong>Local para estudo e trabalho:<\/strong> Uma mesa dobr\u00e1vel ou um pequeno escrit\u00f3rio integrado \u00e0 cozinha ou \u00e0 sala permite que os pais acompanhem tarefas escolares enquanto realizam outras atividades.<\/p>\n\n\n\n<p><strong>Cantinho de descanso:<\/strong> Criar um espa\u00e7o com almofadas, tapetes ou cadeiras confort\u00e1veis permite que todos tenham um local para relaxar ou ler.<\/p>\n\n\n\n<p>Essas zonas n\u00e3o precisam ser grandes; o importante \u00e9 que sejam bem definidas e organizadas para facilitar a rotina da fam\u00edlia.<\/p>\n\n\n\n<h2 id='planejar-\u00e9-cuidar'  class=\"wp-block-heading\"><strong>Planejar \u00e9 Cuidar<\/strong><\/h2>\n\n\n\n<p>Com planejamento cuidadoso, uma microcasa modular pode atender a todas as necessidades de uma fam\u00edlia com filhos pequenos. Criar \u00e1reas multifuncionais, quartos compartilhados bem estruturados e zonas espec\u00edficas para atividades permite que o espa\u00e7o seja aproveitado ao m\u00e1ximo, sem abrir m\u00e3o de conforto ou funcionalidade.<\/p>\n\n\n\n<p>Essas solu\u00e7\u00f5es inteligentes mostram que, mesmo em um ambiente compacto, \u00e9 poss\u00edvel viver de forma organizada, acolhedora e pr\u00e1tica, onde cada membro da fam\u00edlia encontra o que precisa para se sentir em casa.<\/p>\n\n\n\n<h3 id='escolhendo-m\u00f3veis-e-decora\u00e7\u00e3o-que-fazem-a-diferen\u00e7a'  class=\"wp-block-heading\"><strong>Escolhendo M\u00f3veis e Decora\u00e7\u00e3o que Fazem a Diferen\u00e7a<\/strong><\/h3>\n\n\n\n<p>Em uma microcasa modular, cada elemento conta. Desde a escolha dos m\u00f3veis at\u00e9 os detalhes da decora\u00e7\u00e3o, \u00e9 essencial unir funcionalidade, estilo e praticidade para criar um ambiente que atenda \u00e0s necessidades de todos os membros da fam\u00edlia. Com solu\u00e7\u00f5es inteligentes, \u00e9 poss\u00edvel aproveitar ao m\u00e1ximo o espa\u00e7o dispon\u00edvel, promovendo conforto e organiza\u00e7\u00e3o.<\/p>\n\n\n\n<h3 id='m\u00f3veis-que-crescem-com-a-fam\u00edlia'  class=\"wp-block-heading\"><strong>M\u00f3veis que Crescem com a Fam\u00edlia<\/strong><\/h3>\n\n\n\n<p>Fam\u00edlias com filhos pequenos precisam de m\u00f3veis que se adaptem ao longo do tempo, acompanhando as mudan\u00e7as nas necessidades da casa.<\/p>\n\n\n\n<p><strong>Ber\u00e7os convers\u00edveis:<\/strong> Modelos que podem ser transformados em camas ou sof\u00e1s s\u00e3o ideais para economizar espa\u00e7o e evitar a necessidade de comprar novos m\u00f3veis conforme as crian\u00e7as crescem.<\/p>\n\n\n\n<p><strong>Mesas ajust\u00e1veis:<\/strong> Mesas que podem ser reguladas em altura s\u00e3o perfeitas para acompanhar o crescimento dos pequenos, servindo tanto para refei\u00e7\u00f5es quanto para atividades escolares.<\/p>\n\n\n\n<p><strong>Prateleiras modulares:<\/strong> Sistemas de armazenamento que podem ser expandidos ou reorganizados ajudam a acomodar novos itens \u00e0 medida que a fam\u00edlia cresce.<\/p>\n\n\n\n<p>Esses m\u00f3veis adapt\u00e1veis n\u00e3o s\u00f3 economizam espa\u00e7o, mas tamb\u00e9m promovem economia e praticidade a longo prazo.<\/p>\n\n\n\n<h3 id='itens-multifuncionais-praticidade-em-cada-detalhe'  class=\"wp-block-heading\"><strong>Itens Multifuncionais: Praticidade em Cada Detalhe<\/strong><\/h3>\n\n\n\n<p>Em uma microcasa, itens multifuncionais s\u00e3o indispens\u00e1veis para otimizar o espa\u00e7o e facilitar o dia a dia.<\/p>\n\n\n\n<p><strong>Camas com armazenamento:<\/strong> Modelos com gavetas ou compartimentos embutidos s\u00e3o excelentes para guardar roupas, brinquedos ou itens sazonais sem ocupar espa\u00e7o adicional.<\/p>\n\n\n\n<p><strong>Sof\u00e1s-camas:<\/strong> Perfeitos para receber visitas ou criar uma \u00e1rea de descanso adicional, esses m\u00f3veis combinam conforto e funcionalidade.<\/p>\n\n\n\n<p><strong>Mesas dobr\u00e1veis:<\/strong> Ideais para refei\u00e7\u00f5es ou estudos, elas podem ser recolhidas quando n\u00e3o est\u00e3o em uso, liberando espa\u00e7o para outras atividades.<\/p>\n\n\n\n<p>Essas solu\u00e7\u00f5es transformam at\u00e9 os menores ambientes em espa\u00e7os vers\u00e1teis e organizados.<\/p>\n\n\n\n<h3 id='decora\u00e7\u00e3o-simples-e-funcional'  class=\"wp-block-heading\"><strong>Decora\u00e7\u00e3o Simples e Funcional<\/strong><\/h3>\n\n\n\n<p>A decora\u00e7\u00e3o em uma microcasa deve refletir a personalidade da fam\u00edlia sem criar desordem ou comprometer o espa\u00e7o.<\/p>\n\n\n\n<p><strong>Elementos personalizados:<\/strong> Fotos, quadros pequenos ou objetos decorativos feitos \u00e0 m\u00e3o podem trazer aconchego ao lar sem sobrecarregar o ambiente.<\/p>\n\n\n\n<p><strong>Paleta de cores neutras:<\/strong> Tons claros ajudam a criar a sensa\u00e7\u00e3o de amplitude, enquanto toques de cor podem ser adicionados por meio de almofadas, cortinas ou tapetes.<\/p>\n\n\n\n<p><strong>Organizadores decorativos:<\/strong> Cestos, caixas ou estantes abertas n\u00e3o s\u00f3 ajudam a manter a casa em ordem, mas tamb\u00e9m complementam a est\u00e9tica do espa\u00e7o.<\/p>\n\n\n\n<p>Ao optar por uma decora\u00e7\u00e3o simples e funcional, o ambiente ganha personalidade sem comprometer a praticidade.<\/p>\n\n\n\n<h2 id='funcionalidade-e-estilo-em-harmonia'  class=\"wp-block-heading\"><strong>Funcionalidade e Estilo em Harmonia<\/strong><\/h2>\n\n\n\n<p>A escolha de m\u00f3veis e decora\u00e7\u00e3o para uma microcasa modular exige equil\u00edbrio entre est\u00e9tica e funcionalidade. M\u00f3veis adapt\u00e1veis, itens multifuncionais e uma decora\u00e7\u00e3o pensada para evitar excessos s\u00e3o as chaves para criar um ambiente confort\u00e1vel, organizado e acolhedor.<\/p>\n\n\n\n<p>Com essas escolhas, cada canto da casa reflete n\u00e3o apenas a personalidade da fam\u00edlia, mas tamb\u00e9m seu compromisso com um estilo de vida mais simples, pr\u00e1tico e harmonioso. Afinal, viver bem n\u00e3o depende do tamanho do espa\u00e7o, mas de como ele \u00e9 aproveitado.<\/p>\n\n\n\n<h3 id='organiza\u00e7\u00e3o-no-dia-a-dia-estrat\u00e9gias-para-viver-bem-em-espa\u00e7os-compactos'  class=\"wp-block-heading\"><strong>Organiza\u00e7\u00e3o no Dia a Dia: Estrat\u00e9gias para Viver Bem em Espa\u00e7os Compactos<\/strong><\/h3>\n\n\n\n<p>Manter uma microcasa modular organizada \u00e9 um desafio que exige planejamento e aten\u00e7\u00e3o aos detalhes. No entanto, com estrat\u00e9gias pr\u00e1ticas e rotinas adaptadas, \u00e9 poss\u00edvel criar um ambiente funcional e harmonioso para toda a fam\u00edlia. Quando cada membro participa do processo e o espa\u00e7o \u00e9 bem utilizado, a vida cotidiana se torna mais leve e eficiente.<\/p>\n\n\n\n<h3 id='rotinas-minimalistas-ordem-e-simplicidade'  class=\"wp-block-heading\"><strong>Rotinas Minimalistas: Ordem e Simplicidade<\/strong><\/h3>\n\n\n\n<p>Implementar rotinas minimalistas \u00e9 o primeiro passo para garantir que o espa\u00e7o permane\u00e7a organizado e acolhedor.<\/p>\n\n\n\n<p><strong>Designe fun\u00e7\u00f5es claras para cada \u00e1rea:<\/strong> Divida o espa\u00e7o em zonas espec\u00edficas, como \u00e1reas de lazer, estudo e descanso, e mantenha os itens relacionados a cada atividade em seus respectivos lugares.<\/p>\n\n\n\n<p><strong>Limpeza e organiza\u00e7\u00e3o di\u00e1ria:<\/strong> Separe 10 a 15 minutos no final de cada dia para organizar objetos fora do lugar e realizar pequenas limpezas. Isso evita o ac\u00famulo de bagun\u00e7a e mant\u00e9m o ambiente agrad\u00e1vel.<\/p>\n\n\n\n<p><strong>Revis\u00e3o regular de pertences:<\/strong> Periodicamente, analise o que est\u00e1 sendo usado e elimine ou doe o que n\u00e3o \u00e9 mais necess\u00e1rio. Esse h\u00e1bito ajuda a evitar a superlota\u00e7\u00e3o do espa\u00e7o.<\/p>\n\n\n\n<p>Essas pr\u00e1ticas simples garantem que o ambiente se mantenha funcional e convidativo, mesmo com o passar do tempo.<\/p>\n\n\n\n<h3 id='gest\u00e3o-de-brinquedos-e-roupas-infantis'  class=\"wp-block-heading\"><strong>Gest\u00e3o de Brinquedos e Roupas Infantis<\/strong><\/h3>\n\n\n\n<p>Com crian\u00e7as em casa, gerenciar brinquedos e roupas \u00e9 essencial para evitar excessos e manter o espa\u00e7o organizado.<\/p>\n\n\n\n<p><strong>Rotatividade de brinquedos:<\/strong> Em vez de deixar todos os brinquedos dispon\u00edveis ao mesmo tempo, adote um sistema de rota\u00e7\u00e3o. Mantenha uma parte guardada e alterne os itens regularmente, o que tamb\u00e9m mant\u00e9m o interesse das crian\u00e7as.<\/p>\n\n\n\n<p><strong>Estoque compacto de roupas:<\/strong> Fique atento \u00e0s mudan\u00e7as de esta\u00e7\u00e3o e tamanhos. Mantenha apenas as pe\u00e7as que est\u00e3o em uso e armazene ou doe o que n\u00e3o for necess\u00e1rio.<\/p>\n\n\n\n<p><strong>Organizadores acess\u00edveis:<\/strong> Utilize caixas transparentes, cestos ou prateleiras baixas para facilitar o acesso e a organiza\u00e7\u00e3o pelos pr\u00f3prios pequenos.<\/p>\n\n\n\n<p>Essas estrat\u00e9gias ajudam a criar um ambiente ordenado, ensinam \u00e0s crian\u00e7as o valor do cuidado com os pr\u00f3prios objetos e facilitam a rotina dos pais.<\/p>\n\n\n\n<h3 id='aproveitamento-inteligente-de-espa\u00e7os-subutilizados'  class=\"wp-block-heading\"><strong>Aproveitamento Inteligente de Espa\u00e7os Subutilizados<\/strong><\/h3>\n\n\n\n<p>Espa\u00e7os pequenos exigem criatividade para aproveitar cada canto de forma eficiente.<\/p>\n\n\n\n<p><strong>\u00c1reas sob m\u00f3veis:<\/strong> Utilize o espa\u00e7o sob camas, sof\u00e1s e mesas para armazenar itens menos usados, como roupas sazonais, utens\u00edlios ou brinquedos extras.<\/p>\n\n\n\n<p><strong>Cantinhos e paredes:<\/strong> Instale prateleiras verticais, ganchos ou suportes em paredes para organizar livros, acess\u00f3rios ou materiais escolares sem ocupar \u00e1reas \u00fateis do piso.<\/p>\n\n\n\n<p><strong>M\u00f3veis integrados:<\/strong> Opte por pe\u00e7as como bancos com compartimentos internos ou mesas dobr\u00e1veis, que servem a m\u00faltiplos prop\u00f3sitos e economizam espa\u00e7o.<\/p>\n\n\n\n<p>Essa abordagem transforma at\u00e9 os menores cantos em \u00e1reas funcionais e bem aproveitadas, mantendo a casa organizada e pr\u00e1tica.<\/p>\n\n\n\n<h2 id='rotina-e-organiza\u00e7\u00e3o-como-aliadas'  class=\"wp-block-heading\"><strong>Rotina e Organiza\u00e7\u00e3o como Aliadas<\/strong><\/h2>\n\n\n\n<p>Com rotinas bem definidas, gest\u00e3o eficiente de objetos e um olhar atento para espa\u00e7os subutilizados, \u00e9 poss\u00edvel transformar o dia a dia em uma microcasa modular em uma experi\u00eancia fluida e harmoniosa.<\/p>\n\n\n\n<p>Essas estrat\u00e9gias n\u00e3o apenas mant\u00eam o ambiente funcional, mas tamb\u00e9m criam uma sensa\u00e7\u00e3o de leveza e equil\u00edbrio, permitindo que a fam\u00edlia aproveite ao m\u00e1ximo cada momento em um espa\u00e7o compacto, por\u00e9m cheio de possibilidades.<\/p>\n\n\n\n<h3 id='sustentabilidade-e-minimalismo-uma-combina\u00e7\u00e3o-transformadora-para-fam\u00edlias'  class=\"wp-block-heading\"><strong>Sustentabilidade e Minimalismo: Uma Combina\u00e7\u00e3o Transformadora para Fam\u00edlias<\/strong><\/h3>\n\n\n\n<p>Adotar o minimalismo em uma microcasa modular vai al\u00e9m de simplificar o espa\u00e7o \u2014 \u00e9 uma oportunidade de viver de forma mais sustent\u00e1vel, incorporando pr\u00e1ticas que beneficiam o planeta e ensinam valores essenciais \u00e0s futuras gera\u00e7\u00f5es. Para fam\u00edlias com filhos pequenos, essa integra\u00e7\u00e3o \u00e9 especialmente poderosa, pois cada escolha reflete um compromisso com um estilo de vida mais consciente e equilibrado.<\/p>\n\n\n\n<h3 id='escolhas-ecol\u00f3gicas-que-fazem-a-diferen\u00e7a'  class=\"wp-block-heading\"><strong>Escolhas Ecol\u00f3gicas que Fazem a Diferen\u00e7a<\/strong><\/h3>\n\n\n\n<p>A sustentabilidade come\u00e7a com as escolhas feitas na decora\u00e7\u00e3o e nos m\u00f3veis da microcasa.<\/p>\n\n\n\n<p><strong>Materiais reciclados e naturais:<\/strong> Priorize m\u00f3veis feitos de madeira certificada, bambu ou materiais reciclados. Esses itens n\u00e3o apenas reduzem o impacto ambiental, mas tamb\u00e9m conferem ao espa\u00e7o uma est\u00e9tica \u00fanica e acolhedora.<\/p>\n\n\n\n<p><strong>T\u00eaxteis org\u00e2nicos:<\/strong> Almofadas, cortinas e tapetes feitos de algod\u00e3o org\u00e2nico ou fibras naturais s\u00e3o dur\u00e1veis, confort\u00e1veis e ecologicamente corretos.<\/p>\n\n\n\n<p><strong>Pinturas e acabamentos n\u00e3o t\u00f3xicos:<\/strong> Escolha tintas \u00e0 base de \u00e1gua e vernizes livres de compostos qu\u00edmicos agressivos para proteger a sa\u00fade da fam\u00edlia e o meio ambiente.<\/p>\n\n\n\n<p>Essas escolhas criam um lar que combina funcionalidade, beleza e responsabilidade ambiental.<\/p>\n\n\n\n<h3 id='pr\u00e1ticas-simples-que-educam-e-inspiram'  class=\"wp-block-heading\"><strong>Pr\u00e1ticas Simples que Educam e Inspiram<\/strong><\/h3>\n\n\n\n<p>O dia a dia \u00e9 uma oportunidade para integrar h\u00e1bitos sustent\u00e1veis na rotina familiar e ensinar \u00e0s crian\u00e7as a import\u00e2ncia de cuidar do planeta.<\/p>\n\n\n\n<p><strong>Redu\u00e7\u00e3o de desperd\u00edcios:<\/strong> Planeje as compras para evitar o desperd\u00edcio de alimentos e use recipientes reutiliz\u00e1veis para armazenar sobras. Ensine \u00e0s crian\u00e7as a aproveitarem ao m\u00e1ximo o que j\u00e1 t\u00eam antes de adquirir algo novo.<\/p>\n\n\n\n<p><strong>Compostagem e reciclagem:<\/strong> Monte um pequeno sistema de compostagem para res\u00edduos org\u00e2nicos e separe o lixo recicl\u00e1vel. Envolva as crian\u00e7as no processo, mostrando como essas a\u00e7\u00f5es t\u00eam um impacto positivo.<\/p>\n\n\n\n<p><strong>Reutiliza\u00e7\u00e3o criativa:<\/strong> Transforme caixas, garrafas ou tecidos antigos em novos objetos decorativos ou brinquedos, incentivando a criatividade e a consci\u00eancia ecol\u00f3gica.<\/p>\n\n\n\n<p>Essas pr\u00e1ticas n\u00e3o apenas reduzem o impacto ambiental, mas tamb\u00e9m ensinam valores fundamentais de respeito e cuidado.<\/p>\n\n\n\n<h3 id='sistemas-modulares-efici\u00eancia-sustent\u00e1vel'  class=\"wp-block-heading\"><strong>Sistemas Modulares: Efici\u00eancia Sustent\u00e1vel<\/strong><\/h3>\n\n\n\n<p>Os sistemas modulares s\u00e3o aliados valiosos para quem busca um lar sustent\u00e1vel e eficiente.<\/p>\n\n\n\n<p><strong>Flexibilidade para mudan\u00e7as:<\/strong> M\u00f3veis e estruturas modulares podem ser adaptados conforme a fam\u00edlia cresce ou as necessidades mudam, reduzindo a necessidade de novos investimentos.<\/p>\n\n\n\n<p><strong>Redu\u00e7\u00e3o de materiais:<\/strong> Por serem pr\u00e9-fabricados, esses sistemas minimizam desperd\u00edcios durante a constru\u00e7\u00e3o e oferecem solu\u00e7\u00f5es pr\u00e1ticas para espa\u00e7os compactos.<\/p>\n\n\n\n<p><strong>Durabilidade e economia:<\/strong> Feitos para durar, os m\u00f3dulos evitam gastos frequentes e reduzem o impacto ambiental a longo prazo.<\/p>\n\n\n\n<p>Ao investir em sistemas modulares, as fam\u00edlias n\u00e3o s\u00f3 economizam recursos, mas tamb\u00e9m vivem em um espa\u00e7o que se adapta a elas, promovendo funcionalidade e sustentabilidade.<\/p>\n\n\n\n<h2 id='um-estilo-de-vida-que-une-fam\u00edlia-e-natureza'  class=\"wp-block-heading\"><strong>Um Estilo de Vida Que Une Fam\u00edlia e Natureza<\/strong><\/h2>\n\n\n\n<p>Incorporar sustentabilidade no minimalismo familiar \u00e9 uma forma de alinhar o estilo de vida \u00e0s necessidades do planeta e aos valores que desejamos transmitir \u00e0s futuras gera\u00e7\u00f5es. Com escolhas conscientes, pr\u00e1ticas di\u00e1rias simples e sistemas eficientes, \u00e9 poss\u00edvel criar um lar que n\u00e3o apenas acolhe, mas tamb\u00e9m inspira.<\/p>\n\n\n\n<p>Essa abordagem transforma a microcasa em um exemplo de como pequenas a\u00e7\u00f5es, combinadas com um design inteligente e valores s\u00f3lidos, podem resultar em um espa\u00e7o harmonioso, funcional e sustent\u00e1vel \u2014 perfeito para fam\u00edlias que desejam fazer a diferen\u00e7a.<\/p>\n\n\n\n<h3 id='fam\u00edlias-que-transformaram-microcasas-modulares-em-lares-inspiradores'  class=\"wp-block-heading\"><strong>Fam\u00edlias que Transformaram Microcasas Modulares em Lares Inspiradores<\/strong><\/h3>\n\n\n\n<p>Viver em uma microcasa modular com filhos pequenos pode parecer desafiador \u00e0 primeira vista, mas muitas fam\u00edlias ao redor do mundo t\u00eam demonstrado que \u00e9 poss\u00edvel criar um lar confort\u00e1vel, funcional e sustent\u00e1vel mesmo em espa\u00e7os reduzidos. Suas hist\u00f3rias de adapta\u00e7\u00e3o e criatividade s\u00e3o um testemunho de como o minimalismo e a flexibilidade podem transformar ambientes compactos em espa\u00e7os ideais para o dia a dia familiar.<\/p>\n\n\n\n<h3 id='ideias-criativas-para-microcasas-familiares'  class=\"wp-block-heading\"><strong>Ideias Criativas para Microcasas Familiares<\/strong><\/h3>\n\n\n\n<p>As fam\u00edlias que vivem em microcasas modulares frequentemente recorrem \u00e0 criatividade para superar limita\u00e7\u00f5es de espa\u00e7o. Aqui est\u00e3o algumas ideias que t\u00eam inspirado outras pessoas:<\/p>\n\n\n\n<p><strong>Estantes multifuncionais:<\/strong> Transformar uma estante em divis\u00f3ria entre ambientes, como sala e quarto, oferecendo privacidade sem ocupar espa\u00e7o adicional.<\/p>\n\n\n\n<p><strong>Espa\u00e7os de brincar integrados:<\/strong> Criar cantinhos de brincadeiras sob camas suspensas ou ao lado de janelas para maximizar o uso de \u00e1reas menos utilizadas.<\/p>\n\n\n\n<p><strong>\u00c1reas externas aproveitadas:<\/strong> Varandas ou decks modulares adicionam espa\u00e7o para atividades familiares, como refei\u00e7\u00f5es ou momentos de lazer, sem comprometer o espa\u00e7o interno.<\/p>\n\n\n\n<p><strong>Decora\u00e7\u00e3o pr\u00e1tica:<\/strong> Priorizar objetos decorativos que tamb\u00e9m t\u00eam fun\u00e7\u00e3o pr\u00e1tica, como lumin\u00e1rias que servem de prateleiras ou bancos que armazenam itens.<\/p>\n\n\n\n<h3 id='inspira\u00e7\u00e3o-para-adotar-um-novo-estilo-de-vida'  class=\"wp-block-heading\"><strong>Inspira\u00e7\u00e3o Para Adotar um Novo Estilo de Vida<\/strong><\/h3>\n\n\n\n<p>Essas hist\u00f3rias mostram que viver em uma microcasa modular n\u00e3o \u00e9 apenas poss\u00edvel, mas pode ser uma experi\u00eancia enriquecedora para toda a fam\u00edlia. O segredo est\u00e1 na combina\u00e7\u00e3o de solu\u00e7\u00f5es pr\u00e1ticas e uma mentalidade aberta ao minimalismo, que valoriza momentos e conex\u00f5es mais do que bens materiais.<\/p>\n\n\n\n<p>Ao explorar ideias criativas e aprender com exemplos reais, as fam\u00edlias podem descobrir que os desafios do espa\u00e7o compacto s\u00e3o facilmente superados pela funcionalidade e pelo aconchego que uma microcasa modular pode oferecer. Afinal, \u00e9 o que acontece dentro das paredes \u2014 e n\u00e3o o tamanho delas \u2014 que realmente define um lar.<\/p>\n\n\n\n<h2 id='minimalismo-em-fam\u00edlia-conex\u00f5es-que-realmente-importam'  class=\"wp-block-heading\"><strong>Minimalismo em Fam\u00edlia: Conex\u00f5es Que Realmente Importam<\/strong><\/h2>\n\n\n\n<p>Criar um lar em uma microcasa modular vai al\u00e9m de apenas projetar um espa\u00e7o funcional; \u00e9 sobre construir um ambiente que valorize o que realmente importa: as conex\u00f5es familiares e a simplicidade. Em um mundo onde o excesso e a pressa muitas vezes dominam, adotar o minimalismo permite desacelerar, repensar prioridades e aproveitar a vida de forma mais intencional.<\/p>\n\n\n\n<h3 id='o-valor-da-simplicidade-e-da-conex\u00e3o-familiar'  class=\"wp-block-heading\"><strong>O Valor da Simplicidade e da Conex\u00e3o Familiar<\/strong><\/h3>\n\n\n\n<p>Quando o lar se torna um lugar de simplicidade e funcionalidade, ele tamb\u00e9m se transforma em um espa\u00e7o onde as rela\u00e7\u00f5es familiares podem prosperar.<\/p>\n\n\n\n<p><strong>Mais momentos, menos distra\u00e7\u00f5es:<\/strong> Com menos objetos e desordem, as fam\u00edlias t\u00eam mais tempo e energia para se concentrarem umas nas outras, fortalecendo la\u00e7os e criando mem\u00f3rias significativas.<\/p>\n\n\n\n<p><strong>Ambiente acolhedor:<\/strong> Uma microcasa organizada e bem planejada promove conforto, seguran\u00e7a e bem-estar, oferecendo o espa\u00e7o perfeito para que todos se sintam \u00e0 vontade.<\/p>\n\n\n\n<p><strong>Simplicidade que une:<\/strong> O minimalismo incentiva as fam\u00edlias a compartilharem experi\u00eancias e momentos, mostrando que o que realmente importa n\u00e3o \u00e9 o que possu\u00edmos, mas como vivemos.<\/p>\n\n\n\n<p>Esse foco na conex\u00e3o cria uma base s\u00f3lida para um lar onde todos se sentem valorizados e apoiados.<\/p>\n\n\n\n<h3 id='um-convite-para-adotar-o-minimalismo'  class=\"wp-block-heading\"><strong>Um Convite Para Adotar o Minimalismo<\/strong><\/h3>\n\n\n\n<p>O minimalismo n\u00e3o \u00e9 uma ren\u00fancia, mas sim um ganho \u2014 um estilo de vida que transforma o espa\u00e7o f\u00edsico e a maneira como interagimos com ele.<\/p>\n\n\n\n<p><strong>Transforme o dia a dia:<\/strong> Experimente eliminar o excesso e adotar h\u00e1bitos que promovam organiza\u00e7\u00e3o e funcionalidade. Perceba como pequenas mudan\u00e7as podem trazer grandes impactos na rotina familiar.<\/p>\n\n\n\n<p><strong>Redefina o conceito de lar:<\/strong> Descubra o poder de viver com menos, criando um espa\u00e7o onde tudo tem um prop\u00f3sito e contribui para a harmonia geral.<\/p>\n\n\n\n<p><strong>Abrace a transforma\u00e7\u00e3o:<\/strong> Permita-se experimentar um estilo de vida que valoriza experi\u00eancias, sustentabilidade e conex\u00f5es acima de bens materiais.<\/p>\n\n\n\n<p>Ao dar o primeiro passo, voc\u00ea poder\u00e1 se surpreender com a leveza e a alegria que o minimalismo pode trazer para a sua fam\u00edlia.<\/p>\n\n\n\n<h3 id='compartilhando-e-aprendendo-com-outras-fam\u00edlias'  class=\"wp-block-heading\"><strong>Compartilhando e Aprendendo com Outras Fam\u00edlias<\/strong><\/h3>\n\n\n\n<p>A jornada do minimalismo em microcasas \u00e9 \u00fanica para cada fam\u00edlia, mas tamb\u00e9m pode ser enriquecida ao compartilhar desafios e solu\u00e7\u00f5es com outras pessoas.<\/p>\n\n\n\n<p><strong>Troque experi\u00eancias:<\/strong> Converse com outras fam\u00edlias que vivem em microcasas para aprender com suas estrat\u00e9gias e ideias criativas.<\/p>\n\n\n\n<p><strong>Inspire e seja inspirado:<\/strong> Compartilhe suas pr\u00f3prias hist\u00f3rias de sucesso e desafios superados, contribuindo para uma comunidade de apoio e inspira\u00e7\u00e3o.<\/p>\n\n\n\n<p><strong>Cres\u00e7a juntos:<\/strong> O aprendizado coletivo ajuda a encontrar novas formas de maximizar o espa\u00e7o, simplificar o dia a dia e tornar o minimalismo ainda mais eficaz.<\/p>\n\n\n\n<p>Essa troca de ideias fortalece a percep\u00e7\u00e3o de que n\u00e3o estamos sozinhos na busca por uma vida mais simples e conectada.<\/p>\n\n\n\n<h2 id='um-novo-come\u00e7o-para-toda-a-fam\u00edlia'  class=\"wp-block-heading\"><strong>Um Novo Come\u00e7o Para Toda a Fam\u00edlia<\/strong><\/h2>\n\n\n\n<p>Adotar o minimalismo em uma microcasa modular \u00e9 mais do que uma decis\u00e3o pr\u00e1tica; \u00e9 uma mudan\u00e7a de mentalidade que pode transformar n\u00e3o apenas o lar, mas tamb\u00e9m as rela\u00e7\u00f5es familiares e a maneira como encaramos a vida.<\/p>\n\n\n\n<p>Ao priorizar o essencial, valorizar as conex\u00f5es e compartilhar experi\u00eancias, as fam\u00edlias podem criar um ambiente onde cada membro encontra prop\u00f3sito, conforto e felicidade. Afinal, viver com menos n\u00e3o significa abrir m\u00e3o \u2014 significa criar espa\u00e7o para o que realmente importa.<\/p>","protected":false},"excerpt":{"rendered":"<p>Um Novo Olhar para o Lar: Microcasas Modulares e Minimalismo para Fam\u00edlias Viver em uma microcasa modular pode parecer um&#8230;<\/p>","protected":false},"author":1,"featured_media":300,"comment_status":"open","ping_status":"open","sticky":false,"template":"","format":"standard","meta":{"_kad_post_transparent":"","_kad_post_title":"","_kad_post_layout":"","_kad_post_sidebar_id":"","_kad_post_content_style":"","_kad_post_vertical_padding":"","_kad_post_feature":"","_kad_post_feature_position":"","_kad_post_header":false,"_kad_post_footer":false,"_kad_post_classname":"","footnotes":"","jetpack_publicize_message":"","jetpack_publicize_feature_enabled":true,"jetpack_social_post_already_shared":false,"jetpack_social_options":{"image_generator_settings":{"template":"highway","default_image_id":0,"font":"","enabled":false},"version":2}},"categories":[16],"tags":[13],"class_list":["post-137","post","type-post","status-publish","format-standard","has-post-thumbnail","hentry","category-casa-e-jardim","tag-minimalista"],"jetpack_publicize_connections":[],"jetpack_featured_media_url":"https:\/\/i0.wp.com\/1truenote.com\/wp-content\/uploads\/2024\/11\/DALL%C2%B7E-2025-01-01-16.13.17-A-beautifully-designed-modular-microhouse-set-in-a-tranquil-lush-forest-setting.-The-house-features-an-innovative-eco-friendly-design-with-large-fl-e1737663684520.webp?fit=600%2C400&ssl=1","jetpack_sharing_enabled":true,"_links":{"self":[{"href":"https:\/\/1truenote.com\/en\/wp-json\/wp\/v2\/posts\/137","targetHints":{"allow":["GET"]}}],"collection":[{"href":"https:\/\/1truenote.com\/en\/wp-json\/wp\/v2\/posts"}],"about":[{"href":"https:\/\/1truenote.com\/en\/wp-json\/wp\/v2\/types\/post"}],"author":[{"embeddable":true,"href":"https:\/\/1truenote.com\/en\/wp-json\/wp\/v2\/users\/1"}],"replies":[{"embeddable":true,"href":"https:\/\/1truenote.com\/en\/wp-json\/wp\/v2\/comments?post=137"}],"version-history":[{"count":0,"href":"https:\/\/1truenote.com\/en\/wp-json\/wp\/v2\/posts\/137\/revisions"}],"wp:featuredmedia":[{"embeddable":true,"href":"https:\/\/1truenote.com\/en\/wp-json\/wp\/v2\/media\/300"}],"wp:attachment":[{"href":"https:\/\/1truenote.com\/en\/wp-json\/wp\/v2\/media?parent=137"}],"wp:term":[{"taxonomy":"category","embeddable":true,"href":"https:\/\/1truenote.com\/en\/wp-json\/wp\/v2\/categories?post=137"},{"taxonomy":"post_tag","embeddable":true,"href":"https:\/\/1truenote.com\/en\/wp-json\/wp\/v2\/tags?post=137"}],"curies":[{"name":"wp","href":"https:\/\/api.w.org\/{rel}","templated":true}]}}