{"id":1364,"date":"2025-05-02T14:35:35","date_gmt":"2025-05-02T14:35:35","guid":{"rendered":"https:\/\/1truenote.com\/?p=1364"},"modified":"2025-09-26T12:57:15","modified_gmt":"2025-09-26T15:57:15","slug":"nana-caymmi-legado-musical","status":"publish","type":"post","link":"https:\/\/1truenote.com\/en\/nana-caymmi-legado-musical\/","title":{"rendered":"Nana Caymmi: A Voz que Ecoar\u00e1 para Sempre na M\u00fasica Brasileira"},"content":{"rendered":"<p>Nana Caymmi, uma das maiores int\u00e9rpretes da m\u00fasica brasileira, nos deixou no dia 1\u00ba de maio de 2025, aos 84 anos. Sua partida encerra um cap\u00edtulo brilhante da MPB, mas seu legado permanece vivo atrav\u00e9s de suas can\u00e7\u00f5es e da influ\u00eancia que exerceu sobre gera\u00e7\u00f5es de artistas. (fonte: <a href=\"https:\/\/ipiauonline.com.br\/nana-caymmi-uma-das-maiores-cantoras-do-brasil-morre-aos-84-anos\/?utm_source=chatgpt.com\" target=\"_blank\" rel=\"noreferrer noopener\">Wikipedia<\/a>)<\/p>\n\n\n\n<hr class=\"wp-block-separator has-alpha-channel-opacity\"\/>\n\n\n\n<h2 id='nana-caymmi-uma-carreira-marcada-por-emo\u00e7\u00e3o-e-profundidade'  class=\"wp-block-heading\">Nana Caymmi: Uma Carreira Marcada por Emo\u00e7\u00e3o e Profundidade<\/h2>\n\n\n\n<p>Filha do ic\u00f4nico Dorival Caymmi e da cantora Stella Maris, Nana nasceu em um ber\u00e7o musical. Desde cedo, demonstrou talento e sensibilidade, caracter\u00edsticas que definiriam sua trajet\u00f3ria art\u00edstica. Sua voz, carregada de emo\u00e7\u00e3o, tornou-se sua marca registrada, capaz de transmitir sentimentos profundos e tocar o cora\u00e7\u00e3o do p\u00fablico. (fonte: <a href=\"https:\/\/www.musicasdobrasil.net\/biografias\/artistas\/nana-caymmi.html?utm_source=chatgpt.com\" target=\"_blank\" rel=\"noreferrer noopener\">Discografia Discos do Brasil<\/a>)<\/p>\n\n\n\n<hr class=\"wp-block-separator has-alpha-channel-opacity\"\/>\n\n\n\n<h2 id='discografia-que-reflete-sua-alma'  class=\"wp-block-heading\">Discografia que Reflete sua Alma<\/h2>\n\n\n\n<p>Ao longo de sua carreira, Nana lan\u00e7ou \u00e1lbuns memor\u00e1veis que evidenciam sua versatilidade e paix\u00e3o pela m\u00fasica. Obras como &#8220;Bolero&#8221; (1993) e &#8220;Resposta ao Tempo&#8221; (1998) s\u00e3o exemplos de sua capacidade de interpretar diferentes estilos com maestria. Seu repert\u00f3rio inclui desde cl\u00e1ssicos da MPB at\u00e9 boleros e can\u00e7\u00f5es internacionais, sempre com uma abordagem \u00fanica e pessoal. (fonte: <a href=\"https:\/\/www.elfikurten.com.br\/2024\/12\/nana-caymmi.html?utm_source=chatgpt.com\" target=\"_blank\" rel=\"noreferrer noopener\">AllMusic<\/a>)<\/p>\n\n\n\n<hr class=\"wp-block-separator has-alpha-channel-opacity\"\/>\n\n\n\n<h2 id='colabora\u00e7\u00f5es-e-reconhecimento'  class=\"wp-block-heading\">Colabora\u00e7\u00f5es e Reconhecimento<\/h2>\n\n\n\n<p>Nana colaborou com diversos artistas renomados, incluindo seus irm\u00e3os Dori e Danilo Caymmi, al\u00e9m de nomes como Tom Jobim e Milton Nascimento. Sua contribui\u00e7\u00e3o para a m\u00fasica brasileira foi reconhecida com pr\u00eamios e indica\u00e7\u00f5es, como o Latin Grammy de Melhor \u00c1lbum de M\u00fasica Popular Brasileira. (fonte: <a href=\"https:\/\/ipiauonline.com.br\/nana-caymmi-uma-das-maiores-cantoras-do-brasil-morre-aos-84-anos\/?utm_source=chatgpt.com\" target=\"_blank\" rel=\"noreferrer noopener\">O TEMPO<\/a>)<\/p>\n\n\n\n<hr class=\"wp-block-separator has-alpha-channel-opacity\"\/>\n\n\n\n<h2 id='legado-que-transcende-gera\u00e7\u00f5es'  class=\"wp-block-heading\">Legado que Transcende Gera\u00e7\u00f5es<\/h2>\n\n\n\n<p>Mais do que uma cantora, Nana Caymmi foi uma contadora de hist\u00f3rias, capaz de transformar sentimentos em m\u00fasica. Sua influ\u00eancia \u00e9 percept\u00edvel em artistas contempor\u00e2neos que buscam em sua obra inspira\u00e7\u00e3o e profundidade. Sua voz continuar\u00e1 a ecoar, lembrando-nos da beleza e da emo\u00e7\u00e3o que a m\u00fasica pode proporcionar.<\/p>\n\n\n\n<p>Voc\u00ea pode ver mais <a href=\"https:\/\/1truenote.com\/en\/\" data-type=\"link\" data-id=\"https:\/\/1truenote.com\/\">aqui<\/a>.<\/p>","protected":false},"excerpt":{"rendered":"<p>Nana Caymmi, uma das maiores int\u00e9rpretes da m\u00fasica brasileira, nos deixou no dia 1\u00ba de maio de 2025, aos 84&#8230;<\/p>","protected":false},"author":1,"featured_media":1365,"comment_status":"open","ping_status":"open","sticky":false,"template":"","format":"standard","meta":{"_kad_post_transparent":"","_kad_post_title":"","_kad_post_layout":"","_kad_post_sidebar_id":"","_kad_post_content_style":"","_kad_post_vertical_padding":"","_kad_post_feature":"","_kad_post_feature_position":"","_kad_post_header":false,"_kad_post_footer":false,"_kad_post_classname":"","footnotes":"","jetpack_publicize_message":"","jetpack_publicize_feature_enabled":true,"jetpack_social_post_already_shared":false,"jetpack_social_options":{"image_generator_settings":{"template":"highway","default_image_id":0,"font":"","enabled":false},"version":2}},"categories":[1],"tags":[],"class_list":["post-1364","post","type-post","status-publish","format-standard","has-post-thumbnail","hentry","category-novidades"],"jetpack_publicize_connections":[],"jetpack_featured_media_url":"https:\/\/i0.wp.com\/1truenote.com\/wp-content\/uploads\/2025\/05\/ChatGPT-Image-2-de-mai.-de-2025-11_34_22.png?fit=1536%2C1024&ssl=1","jetpack_sharing_enabled":true,"_links":{"self":[{"href":"https:\/\/1truenote.com\/en\/wp-json\/wp\/v2\/posts\/1364","targetHints":{"allow":["GET"]}}],"collection":[{"href":"https:\/\/1truenote.com\/en\/wp-json\/wp\/v2\/posts"}],"about":[{"href":"https:\/\/1truenote.com\/en\/wp-json\/wp\/v2\/types\/post"}],"author":[{"embeddable":true,"href":"https:\/\/1truenote.com\/en\/wp-json\/wp\/v2\/users\/1"}],"replies":[{"embeddable":true,"href":"https:\/\/1truenote.com\/en\/wp-json\/wp\/v2\/comments?post=1364"}],"version-history":[{"count":1,"href":"https:\/\/1truenote.com\/en\/wp-json\/wp\/v2\/posts\/1364\/revisions"}],"predecessor-version":[{"id":4271,"href":"https:\/\/1truenote.com\/en\/wp-json\/wp\/v2\/posts\/1364\/revisions\/4271"}],"wp:featuredmedia":[{"embeddable":true,"href":"https:\/\/1truenote.com\/en\/wp-json\/wp\/v2\/media\/1365"}],"wp:attachment":[{"href":"https:\/\/1truenote.com\/en\/wp-json\/wp\/v2\/media?parent=1364"}],"wp:term":[{"taxonomy":"category","embeddable":true,"href":"https:\/\/1truenote.com\/en\/wp-json\/wp\/v2\/categories?post=1364"},{"taxonomy":"post_tag","embeddable":true,"href":"https:\/\/1truenote.com\/en\/wp-json\/wp\/v2\/tags?post=1364"}],"curies":[{"name":"wp","href":"https:\/\/api.w.org\/{rel}","templated":true}]}}