{"id":1353,"date":"2025-04-30T18:27:31","date_gmt":"2025-04-30T18:27:31","guid":{"rendered":"https:\/\/1truenote.com\/?p=1353"},"modified":"2025-04-30T18:27:34","modified_gmt":"2025-04-30T18:27:34","slug":"tendencias-de-decoracao","status":"publish","type":"post","link":"https:\/\/1truenote.com\/en\/tendencias-de-decoracao\/","title":{"rendered":"As 7 Tend\u00eancias de Decora\u00e7\u00e3o que V\u00e3o Deixar sua Casa Atualizada em 2025"},"content":{"rendered":"<p>Tem coisa mais gostosa do que repaginar a casa e sentir aquele ar de novidade no ar? Pois 2025 chegou com tend\u00eancias de decora\u00e7\u00e3o que misturam aconchego, praticidade e prop\u00f3sito. E o melhor: voc\u00ea n\u00e3o precisa quebrar tudo ou gastar horrores pra deixar seu lar com cara de Pinterest atualizado.<\/p>\n\n\n\n<p>Prepare-se para conhecer as apostas certeiras do ano sobre tend\u00eancias de decora\u00e7\u00e3o \u2014 da paleta de cores \u00e0s texturas naturais \u2014 tudo pensado pra transformar sua casa num espa\u00e7o que realmente tem a sua cara.<\/p>\n\n\n\n<hr class=\"wp-block-separator has-alpha-channel-opacity\"\/>\n\n\n\n<h2 id='1-tend\u00eancias-de-decora\u00e7\u00e3o-o-novo-queridinho'  class=\"wp-block-heading\">1. Tend\u00eancias de Decora\u00e7\u00e3o: o novo queridinho<\/h2>\n\n\n\n<p>O minimalismo ganhou uma nova vers\u00e3o, mais leve e afetiva. Sai o branco absoluto e entra uma est\u00e9tica mais natural, com formas curvas, cores terrosas e materiais crus. Essa tend\u00eancia \u00e9 perfeita pra quem quer um ambiente com menos excessos, mas cheio de acolhimento.<\/p>\n\n\n\n<p>Pense em m\u00f3veis de linhas suaves, tecidos como linho e algod\u00e3o, e elementos que remetem \u00e0 natureza. A casa fica com aquele ar calmo, sabe? Como se abra\u00e7asse a gente no fim do dia.<\/p>\n\n\n\n<hr class=\"wp-block-separator has-alpha-channel-opacity\"\/>\n\n\n\n<h2 id='2-paleta-quente-e-terrosa-adeus-tons-frios'  class=\"wp-block-heading\">2. Paleta quente e terrosa: adeus tons frios<\/h2>\n\n\n\n<p>Esquece aquele cinza sem gra\u00e7a que dominou os \u00faltimos anos. Em 2025, as cores da moda para casa s\u00e3o os tons quentes e terrosos \u2014 como argila, mostarda suave, verde-oliva e ros\u00ea queimado.<\/p>\n\n\n\n<p>Esses tons aquecem o ambiente e criam uma sensa\u00e7\u00e3o de conforto imediato. E a boa not\u00edcia? Eles combinam muito bem entre si. Voc\u00ea pode usar um verde-musgo nas paredes e completar com acess\u00f3rios mostarda, por exemplo. Fica chique, moderno e super acolhedor.<\/p>\n\n\n\n<hr class=\"wp-block-separator has-alpha-channel-opacity\"\/>\n\n\n\n<h2 id='3-texturas-naturais-est\u00e3o-em-tudo'  class=\"wp-block-heading\">3. Texturas naturais est\u00e3o em tudo<\/h2>\n\n\n\n<p>Quer deixar sua casa com mais personalidade? Aposte nas texturas. Cestos de palha, madeira r\u00fastica, cer\u00e2mica artesanal, mantas de tric\u00f4&#8230; tudo isso ajuda a criar um ambiente com alma.<\/p>\n\n\n\n<p>O segredo aqui \u00e9 misturar. Um sof\u00e1 com tecido de linho, uma mesa com madeira de demoli\u00e7\u00e3o e almofadas de croch\u00ea, por exemplo, podem coexistir lindamente. A casa fica com aquele ar de feita com cuidado, sabe?<\/p>\n\n\n\n<hr class=\"wp-block-separator has-alpha-channel-opacity\"\/>\n\n\n\n<h2 id='4-ambientes-multifuncionais-s\u00e3o-a-nova-regra'  class=\"wp-block-heading\">4. Ambientes multifuncionais s\u00e3o a nova regra<\/h2>\n\n\n\n<p>Com a rotina cada vez mais din\u00e2mica, os espa\u00e7os da casa precisam se adaptar. Por isso, ambientes multifuncionais est\u00e3o em alta. A sala n\u00e3o \u00e9 s\u00f3 sala: vira home office de dia e espa\u00e7o de relax \u00e0 noite. O quarto pode ter uma \u00e1rea de leitura ou at\u00e9 mesmo um cantinho fitness.<\/p>\n\n\n\n<p>Aqui, a dica \u00e9 investir em m\u00f3veis vers\u00e1teis \u2014 como mesas dobr\u00e1veis, prateleiras modulares e at\u00e9 biombos que criam divis\u00f5es sutis. Assim, voc\u00ea aproveita melhor cada cantinho da casa.<\/p>\n\n\n\n<hr class=\"wp-block-separator has-alpha-channel-opacity\"\/>\n\n\n\n<h2 id='5-decora\u00e7\u00e3o-sustent\u00e1vel-menos-impacto-mais-sentido'  class=\"wp-block-heading\">5. Decora\u00e7\u00e3o sustent\u00e1vel: menos impacto, mais sentido<\/h2>\n\n\n\n<p>A sustentabilidade n\u00e3o \u00e9 mais um diferencial \u2014 \u00e9 uma necessidade. E isso chegou com for\u00e7a na decora\u00e7\u00e3o. Em 2025, ganha espa\u00e7o quem consome de forma mais consciente, reaproveita pe\u00e7as, escolhe marcas locais e valoriza o feito \u00e0 m\u00e3o.<\/p>\n\n\n\n<p>Al\u00e9m disso, materiais reciclados e recicl\u00e1veis aparecem com mais destaque. Lumin\u00e1rias feitas de papel\u00e3o, pisos com reaproveitamento de madeira e tintas ecol\u00f3gicas s\u00e3o s\u00f3 alguns exemplos. Bonito e com prop\u00f3sito? A gente ama!<\/p>\n\n\n\n<hr class=\"wp-block-separator has-alpha-channel-opacity\"\/>\n\n\n\n<h2 id='6-cantinhos-sensoriais-para-cuidar-da-mente'  class=\"wp-block-heading\">6. Cantinhos sensoriais: para cuidar da mente<\/h2>\n\n\n\n<p>A casa tamb\u00e9m virou nosso ref\u00fagio mental. Por isso, criar pequenos espa\u00e7os para relaxar, meditar, ler ou simplesmente respirar virou tend\u00eancia forte. N\u00e3o precisa de muito: um tapete fofinho, uma poltrona confort\u00e1vel, plantas e uma lumin\u00e1ria com luz quente j\u00e1 resolvem.<\/p>\n\n\n\n<p>Esses cantinhos viram verdadeiros santu\u00e1rios dentro de casa. E ajudam muito a desconectar do caos l\u00e1 fora \u2014 especialmente depois de um dia intenso.<\/p>\n\n\n\n<hr class=\"wp-block-separator has-alpha-channel-opacity\"\/>\n\n\n\n<h2 id='7-arte-afetiva-e-mem\u00f3ria-afetiva-no-d\u00e9cor'  class=\"wp-block-heading\">7. Arte afetiva e mem\u00f3ria afetiva no d\u00e9cor<\/h2>\n\n\n\n<p>Sabe aquele quadro que sua av\u00f3 pintou? Ou aquela foto antiga da sua inf\u00e2ncia? Pois \u00e9. Em 2025, o toque pessoal na decora\u00e7\u00e3o tem mais valor do que uma obra car\u00edssima.<\/p>\n\n\n\n<p>A tend\u00eancia \u00e9 usar objetos com hist\u00f3ria. Pode ser uma moldura vintage garimpada em brech\u00f3, uma colcha feita \u00e0 m\u00e3o, ou at\u00e9 livros herdados de algu\u00e9m especial. Quando a casa conta sua hist\u00f3ria, ela fica muito mais do que bonita \u2014 ela vira \u00fanica.<\/p>\n\n\n\n<hr class=\"wp-block-separator has-alpha-channel-opacity\"\/>\n\n\n\n<figure class=\"wp-block-image aligncenter size-large is-resized\"><img data-recalc-dims=\"1\" fetchpriority=\"high\" decoding=\"async\" width=\"683\" height=\"1024\" src=\"https:\/\/i0.wp.com\/1truenote.com\/wp-content\/uploads\/2025\/04\/ChatGPT-Image-30-de-abr.-de-2025-15_25_02.png?resize=683%2C1024&#038;ssl=1\" alt=\"Tend\u00eancias de Decora\u00e7\u00e3o\" class=\"wp-image-1354\" style=\"width:324px;height:auto\" srcset=\"https:\/\/i0.wp.com\/1truenote.com\/wp-content\/uploads\/2025\/04\/ChatGPT-Image-30-de-abr.-de-2025-15_25_02.png?resize=683%2C1024&amp;ssl=1 683w, https:\/\/i0.wp.com\/1truenote.com\/wp-content\/uploads\/2025\/04\/ChatGPT-Image-30-de-abr.-de-2025-15_25_02.png?resize=200%2C300&amp;ssl=1 200w, https:\/\/i0.wp.com\/1truenote.com\/wp-content\/uploads\/2025\/04\/ChatGPT-Image-30-de-abr.-de-2025-15_25_02.png?resize=768%2C1152&amp;ssl=1 768w, https:\/\/i0.wp.com\/1truenote.com\/wp-content\/uploads\/2025\/04\/ChatGPT-Image-30-de-abr.-de-2025-15_25_02.png?w=1024&amp;ssl=1 1024w\" sizes=\"(max-width: 683px) 100vw, 683px\" \/><\/figure>\n\n\n\n<h2 id='sua-casa-seu-estilo-tend\u00eancias-de-decora\u00e7\u00e3o'  class=\"wp-block-heading\">Sua casa, seu estilo, tend\u00eancias de decora\u00e7\u00e3o<\/h2>\n\n\n\n<p>O mais bonito de 2025 \u00e9 que a decora\u00e7\u00e3o est\u00e1 cada vez menos sobre seguir regras, e mais sobre refletir quem a gente \u00e9. As <a href=\"https:\/\/casacor.abril.com.br\/pt-BR\/noticias\/decoracao\/tendencias-de-decoracao-2025\" data-type=\"link\" data-id=\"https:\/\/casacor.abril.com.br\/pt-BR\/noticias\/decoracao\/tendencias-de-decoracao-2025\" target=\"_blank\" rel=\"noopener\">tend\u00eancias de decora\u00e7\u00e3o<\/a> est\u00e3o a\u00ed pra inspirar, mas a real beleza mora no afeto que voc\u00ea coloca em cada cantinho do seu lar.<\/p>\n\n\n\n<p>Ent\u00e3o, se algo vibrou a\u00ed dentro enquanto voc\u00ea lia esse texto, j\u00e1 sabe: \u00e9 sinal de que \u00e9 hora de mudar. Pode ser uma cor nova na parede, um cantinho de descanso ou uma pe\u00e7a com valor emocional. O importante \u00e9 se sentir bem \u2014 e em casa.<\/p>\n\n\n\n<p>Gostou de Tend\u00eancias de Decora\u00e7\u00e3o? Voc\u00ea pode ver mais <a href=\"https:\/\/1truenote.com\/en\/\" data-type=\"link\" data-id=\"https:\/\/1truenote.com\/\">aqui<\/a>.<\/p>","protected":false},"excerpt":{"rendered":"<p>Tem coisa mais gostosa do que repaginar a casa e sentir aquele ar de novidade no ar? Pois 2025 chegou&#8230;<\/p>","protected":false},"author":1,"featured_media":1354,"comment_status":"open","ping_status":"open","sticky":false,"template":"","format":"standard","meta":{"_kad_post_transparent":"","_kad_post_title":"","_kad_post_layout":"","_kad_post_sidebar_id":"","_kad_post_content_style":"","_kad_post_vertical_padding":"","_kad_post_feature":"","_kad_post_feature_position":"","_kad_post_header":false,"_kad_post_footer":false,"_kad_post_classname":"","footnotes":"","jetpack_publicize_message":"","jetpack_publicize_feature_enabled":true,"jetpack_social_post_already_shared":false,"jetpack_social_options":{"image_generator_settings":{"template":"highway","default_image_id":0,"font":"","enabled":false},"version":2}},"categories":[16,1],"tags":[14],"class_list":["post-1353","post","type-post","status-publish","format-standard","has-post-thumbnail","hentry","category-casa-e-jardim","category-novidades","tag-interiores-inovadores"],"jetpack_publicize_connections":[],"jetpack_featured_media_url":"https:\/\/i0.wp.com\/1truenote.com\/wp-content\/uploads\/2025\/04\/ChatGPT-Image-30-de-abr.-de-2025-15_25_02.png?fit=1024%2C1536&ssl=1","jetpack_sharing_enabled":true,"_links":{"self":[{"href":"https:\/\/1truenote.com\/en\/wp-json\/wp\/v2\/posts\/1353","targetHints":{"allow":["GET"]}}],"collection":[{"href":"https:\/\/1truenote.com\/en\/wp-json\/wp\/v2\/posts"}],"about":[{"href":"https:\/\/1truenote.com\/en\/wp-json\/wp\/v2\/types\/post"}],"author":[{"embeddable":true,"href":"https:\/\/1truenote.com\/en\/wp-json\/wp\/v2\/users\/1"}],"replies":[{"embeddable":true,"href":"https:\/\/1truenote.com\/en\/wp-json\/wp\/v2\/comments?post=1353"}],"version-history":[{"count":0,"href":"https:\/\/1truenote.com\/en\/wp-json\/wp\/v2\/posts\/1353\/revisions"}],"wp:featuredmedia":[{"embeddable":true,"href":"https:\/\/1truenote.com\/en\/wp-json\/wp\/v2\/media\/1354"}],"wp:attachment":[{"href":"https:\/\/1truenote.com\/en\/wp-json\/wp\/v2\/media?parent=1353"}],"wp:term":[{"taxonomy":"category","embeddable":true,"href":"https:\/\/1truenote.com\/en\/wp-json\/wp\/v2\/categories?post=1353"},{"taxonomy":"post_tag","embeddable":true,"href":"https:\/\/1truenote.com\/en\/wp-json\/wp\/v2\/tags?post=1353"}],"curies":[{"name":"wp","href":"https:\/\/api.w.org\/{rel}","templated":true}]}}