{"id":1347,"date":"2025-04-30T17:57:16","date_gmt":"2025-04-30T17:57:16","guid":{"rendered":"https:\/\/1truenote.com\/?p=1347"},"modified":"2025-09-26T12:58:00","modified_gmt":"2025-09-26T15:58:00","slug":"tendencias-de-bem-estar-2025-saude-tecnologia","status":"publish","type":"post","link":"https:\/\/1truenote.com\/en\/tendencias-de-bem-estar-2025-saude-tecnologia\/","title":{"rendered":"Tend\u00eancias de Bem-Estar 2025: O que est\u00e1 em alta para uma vida mais equilibrada"},"content":{"rendered":"<p>O ano de 2025 chegou com tudo, trazendo novas formas de cuidar da mente, do corpo e das emo\u00e7\u00f5es.<\/p>\n\n\n\n<p>Se voc\u00ea est\u00e1 buscando maneiras de viver com mais equil\u00edbrio e sa\u00fade, vale a pena conhecer as principais tend\u00eancias de bem-estar que est\u00e3o bombando neste ano. (fonte: <a href=\"https:\/\/forbes.com.br\/forbes-collab\/2025\/03\/5-tendencias-de-bem-estar-que-podem-estar-te-prejudicando-secretamente\/?utm_source=chatgpt.com\" target=\"_blank\" rel=\"noreferrer noopener\">Forbes Brasil<\/a>)<\/p>\n\n\n\n<hr class=\"wp-block-separator has-alpha-channel-opacity\"\/>\n\n\n\n<h2 id='\ud83e\uddd8\u200d\u2640\ufe0f-tend\u00eancias-de-bem-estar-prioridade-nas-empresas'  class=\"wp-block-heading\">\ud83e\uddd8\u200d\u2640\ufe0f Tend\u00eancias de Bem-Estar: prioridade nas empresas<\/h2>\n\n\n\n<p>A sa\u00fade mental no trabalho tornou-se uma prioridade em 2025. Empresas est\u00e3o implementando programas de apoio psicol\u00f3gico, jornadas flex\u00edveis e ambientes mais acolhedores para promover o bem-estar dos colaboradores.<\/p>\n\n\n\n<p>A Norma Regulamentadora n\u00ba 1 (NR-1) exige que as organiza\u00e7\u00f5es incluam a avalia\u00e7\u00e3o e a gest\u00e3o de riscos psicossociais em seus Programas de Gerenciamento de Riscos (PGR). (fonte: \u200b<a href=\"https:\/\/cndl.org.br\/varejosa\/2025-tera-como-foco-saude-mental-no-trabalho\/?utm_source=chatgpt.com\" target=\"_blank\" rel=\"noreferrer noopener\">Exame<\/a>)<\/p>\n\n\n\n<hr class=\"wp-block-separator has-alpha-channel-opacity\"\/>\n\n\n\n<h2 id='\ud83e\udd57-nutri\u00e7\u00e3o-personalizada-alimenta\u00e7\u00e3o-sob-medida'  class=\"wp-block-heading\">\ud83e\udd57 Nutri\u00e7\u00e3o personalizada: alimenta\u00e7\u00e3o sob medida<\/h2>\n\n\n\n<p>A nutri\u00e7\u00e3o personalizada est\u00e1 em alta, com dietas e suplementos adaptados \u00e0s necessidades individuais. Utilizando dados gen\u00e9ticos e biom\u00e9tricos, \u00e9 poss\u00edvel criar planos alimentares que promovem a sa\u00fade e o bem-estar de forma eficaz. (fonte: <a href=\"https:\/\/novabrasilfm.com.br\/bem-viver\/25-tendencias-de-bem-estar-que-transformarao-sua-vida-em-2025?utm_source=chatgpt.com\" target=\"_blank\" rel=\"noreferrer noopener\">Novabrasil<\/a>)<\/p>\n\n\n\n<hr class=\"wp-block-separator has-alpha-channel-opacity\"\/>\n\n\n\n<h2 id='\ud83d\udcf1-tecnologia-no-bem-estar-wearables-e-aplicativos'  class=\"wp-block-heading\">\ud83d\udcf1 Tecnologia no bem-estar: wearables e aplicativos<\/h2>\n\n\n\n<p>A tecnologia est\u00e1 cada vez mais presente na rotina de quem busca bem-estar. Dispositivos como <em>smartwatches<\/em> e aplicativos de sa\u00fade ajudam a monitorar atividades f\u00edsicas, qualidade do sono e n\u00edveis de estresse, oferecendo insights valiosos para uma vida mais saud\u00e1vel. (fonte: \u200b<a href=\"https:\/\/novabrasilfm.com.br\/bem-viver\/25-tendencias-de-bem-estar-que-transformarao-sua-vida-em-2025?utm_source=chatgpt.com\" target=\"_blank\" rel=\"noreferrer noopener\">Novabrasil<\/a>)<\/p>\n\n\n\n<hr class=\"wp-block-separator has-alpha-channel-opacity\"\/>\n\n\n\n<h2 id='\ud83c\udfcb\ufe0f\u200d\u2642\ufe0f-treinos-h\u00edbridos-flexibilidade-e-conveni\u00eancia'  class=\"wp-block-heading\">\ud83c\udfcb\ufe0f\u200d\u2642\ufe0f Treinos h\u00edbridos: flexibilidade e conveni\u00eancia<\/h2>\n\n\n\n<p>Os treinos h\u00edbridos, que combinam sess\u00f5es presenciais e online, ganharam popularidade em 2025. Essa abordagem oferece flexibilidade para praticar exerc\u00edcios em casa ou na academia, adaptando-se \u00e0s necessidades e hor\u00e1rios de cada pessoa. (fonte: \u200b<a href=\"https:\/\/www.manualfitness.com.br\/post\/as-principais-tend%C3%AAncias-fitness-para-2025-o-que-esperar-no-mundo-da-sa%C3%BAde-e-bem-estar?utm_source=chatgpt.com\" target=\"_blank\" rel=\"noreferrer noopener\">Novabrasil<\/a>)<\/p>\n\n\n\n<hr class=\"wp-block-separator has-alpha-channel-opacity\"\/>\n\n\n\n<h2 id='\ud83c\udf3f-sustentabilidade-e-bem-estar-uma-conex\u00e3o-crescente'  class=\"wp-block-heading\">\ud83c\udf3f Sustentabilidade e bem-estar: uma conex\u00e3o crescente<\/h2>\n\n\n\n<p>A preocupa\u00e7\u00e3o com o meio ambiente tamb\u00e9m influencia as escolhas de bem-estar. Produtos ecol\u00f3gicos, pr\u00e1ticas sustent\u00e1veis e um estilo de vida mais consciente est\u00e3o em alta, refletindo o desejo de cuidar do planeta enquanto cuidamos de n\u00f3s mesmos .\u200b<\/p>\n\n\n\n<figure class=\"wp-block-image size-large\"><img data-recalc-dims=\"1\" fetchpriority=\"high\" decoding=\"async\" width=\"1024\" height=\"683\" src=\"https:\/\/i0.wp.com\/1truenote.com\/wp-content\/uploads\/2025\/04\/ChatGPT-Image-30-de-abr.-de-2025-14_56_19.png?resize=1024%2C683&#038;ssl=1\" alt=\"Tend\u00eancias de Bem-Estar\" class=\"wp-image-1348\" srcset=\"https:\/\/i0.wp.com\/1truenote.com\/wp-content\/uploads\/2025\/04\/ChatGPT-Image-30-de-abr.-de-2025-14_56_19.png?resize=1024%2C683&amp;ssl=1 1024w, https:\/\/i0.wp.com\/1truenote.com\/wp-content\/uploads\/2025\/04\/ChatGPT-Image-30-de-abr.-de-2025-14_56_19.png?resize=300%2C200&amp;ssl=1 300w, https:\/\/i0.wp.com\/1truenote.com\/wp-content\/uploads\/2025\/04\/ChatGPT-Image-30-de-abr.-de-2025-14_56_19.png?resize=768%2C512&amp;ssl=1 768w, https:\/\/i0.wp.com\/1truenote.com\/wp-content\/uploads\/2025\/04\/ChatGPT-Image-30-de-abr.-de-2025-14_56_19.png?w=1536&amp;ssl=1 1536w\" sizes=\"(max-width: 1024px) 100vw, 1024px\" \/><\/figure>\n\n\n\n<h2 id='tend\u00eancias-de-bem-estar-um-2025-mais-leve-come\u00e7a-com-pequenas-escolhas'  class=\"wp-block-heading\">Tend\u00eancias de Bem-Estar: Um 2025 mais leve come\u00e7a com pequenas escolhas<\/h2>\n\n\n\n<p>O bem-estar deixou de ser um luxo e virou prioridade \u2014 e 2025 s\u00f3 refor\u00e7a isso.<br>Seja cuidando da sa\u00fade mental no trabalho, repensando a alimenta\u00e7\u00e3o ou explorando a tecnologia a favor da qualidade de vida, o importante \u00e9 dar um passo de cada vez.<\/p>\n\n\n\n<p>Mais do que seguir uma tend\u00eancias de bem-estar, \u00e9 sobre escutar seu corpo, respeitar seus limites e criar uma rotina que fa\u00e7a sentido pra voc\u00ea.<\/p>\n\n\n\n<p>E a\u00ed, qual dessas ideias voc\u00ea vai experimentar primeiro? Voc\u00ea pode ver mais <a href=\"https:\/\/1truenote.com\/en\/\" data-type=\"link\" data-id=\"https:\/\/1truenote.com\/\">aqui<\/a>.<\/p>","protected":false},"excerpt":{"rendered":"<p>O ano de 2025 chegou com tudo, trazendo novas formas de cuidar da mente, do corpo e das emo\u00e7\u00f5es. Se&#8230;<\/p>","protected":false},"author":1,"featured_media":1348,"comment_status":"open","ping_status":"open","sticky":false,"template":"","format":"standard","meta":{"_kad_post_transparent":"","_kad_post_title":"","_kad_post_layout":"","_kad_post_sidebar_id":"","_kad_post_content_style":"","_kad_post_vertical_padding":"","_kad_post_feature":"","_kad_post_feature_position":"","_kad_post_header":false,"_kad_post_footer":false,"_kad_post_classname":"","footnotes":"","jetpack_publicize_message":"","jetpack_publicize_feature_enabled":true,"jetpack_social_post_already_shared":false,"jetpack_social_options":{"image_generator_settings":{"template":"highway","default_image_id":0,"font":"","enabled":false},"version":2}},"categories":[1],"tags":[],"class_list":["post-1347","post","type-post","status-publish","format-standard","has-post-thumbnail","hentry","category-novidades"],"jetpack_publicize_connections":[],"jetpack_featured_media_url":"https:\/\/i0.wp.com\/1truenote.com\/wp-content\/uploads\/2025\/04\/ChatGPT-Image-30-de-abr.-de-2025-14_56_19.png?fit=1536%2C1024&ssl=1","jetpack_sharing_enabled":true,"_links":{"self":[{"href":"https:\/\/1truenote.com\/en\/wp-json\/wp\/v2\/posts\/1347","targetHints":{"allow":["GET"]}}],"collection":[{"href":"https:\/\/1truenote.com\/en\/wp-json\/wp\/v2\/posts"}],"about":[{"href":"https:\/\/1truenote.com\/en\/wp-json\/wp\/v2\/types\/post"}],"author":[{"embeddable":true,"href":"https:\/\/1truenote.com\/en\/wp-json\/wp\/v2\/users\/1"}],"replies":[{"embeddable":true,"href":"https:\/\/1truenote.com\/en\/wp-json\/wp\/v2\/comments?post=1347"}],"version-history":[{"count":1,"href":"https:\/\/1truenote.com\/en\/wp-json\/wp\/v2\/posts\/1347\/revisions"}],"predecessor-version":[{"id":4274,"href":"https:\/\/1truenote.com\/en\/wp-json\/wp\/v2\/posts\/1347\/revisions\/4274"}],"wp:featuredmedia":[{"embeddable":true,"href":"https:\/\/1truenote.com\/en\/wp-json\/wp\/v2\/media\/1348"}],"wp:attachment":[{"href":"https:\/\/1truenote.com\/en\/wp-json\/wp\/v2\/media?parent=1347"}],"wp:term":[{"taxonomy":"category","embeddable":true,"href":"https:\/\/1truenote.com\/en\/wp-json\/wp\/v2\/categories?post=1347"},{"taxonomy":"post_tag","embeddable":true,"href":"https:\/\/1truenote.com\/en\/wp-json\/wp\/v2\/tags?post=1347"}],"curies":[{"name":"wp","href":"https:\/\/api.w.org\/{rel}","templated":true}]}}