{"id":1156,"date":"2025-04-24T17:44:51","date_gmt":"2025-04-24T17:44:51","guid":{"rendered":"https:\/\/1truenote.com\/?p=1156"},"modified":"2025-09-26T12:58:57","modified_gmt":"2025-09-26T15:58:57","slug":"coisas-que-voce-nunca-percebeu","status":"publish","type":"post","link":"https:\/\/1truenote.com\/en\/coisas-que-voce-nunca-percebeu\/","title":{"rendered":"Top 10 Coisas que voc\u00ea nunca percebeu (e v\u00e3o mudar sua vis\u00e3o do mundo)"},"content":{"rendered":"<p>Sabe aquelas pequenas descobertas que fazem voc\u00ea pensar: &#8220;Como nunca reparei nisso antes?&#8221; Prepare-se para uma lista que vai te surpreender com fatos curiosos e detalhes que passam despercebidos no nosso dia a dia.\u200b Aqui vai a lista de 10 <strong>coisas que voc\u00ea nunca percebeu<\/strong>:<\/p>\n\n\n\n<hr class=\"wp-block-separator has-alpha-channel-opacity\"\/>\n\n\n\n<h2 id='1-o-mel-\u00e9-o-\u00fanico-alimento-que-n\u00e3o-estraga'  class=\"wp-block-heading\">1. O mel \u00e9 o \u00fanico alimento que n\u00e3o estraga<\/h2>\n\n\n\n<p>Com certeza essa era uma das coisas que voc\u00ea nunca percebeu. Voc\u00ea sabia que o mel pode durar indefinidamente? Gra\u00e7as \u00e0s suas propriedades naturais, ele n\u00e3o apodrece e pode ser consumido mesmo ap\u00f3s anos armazenado. (fonte: \u200b<a href=\"https:\/\/pt.quizur.com\/list\/10-curiosidades-que-voce-provavelmente-nao-sabia-EDBg?utm_source=chatgpt.com\" target=\"_blank\" rel=\"noreferrer noopener\">Quizur<\/a>)<\/p>\n\n\n\n<hr class=\"wp-block-separator has-alpha-channel-opacity\"\/>\n\n\n\n<h2 id='2-a-\u00e1gua-quente-congela-mais-r\u00e1pido-que-a-fria'  class=\"wp-block-heading\">2. A \u00e1gua quente congela mais r\u00e1pido que a fria<\/h2>\n\n\n\n<p>Parece contradit\u00f3rio, mas em certas condi\u00e7\u00f5es, a \u00e1gua quente congela mais rapidamente do que a fria. Esse fen\u00f4meno \u00e9 conhecido como Efeito Mpemba. (fonte: \u200b<a href=\"https:\/\/segredosdomundo.r7.com\/curiosidades-inuteis\/?utm_source=chatgpt.com\" target=\"_blank\" rel=\"noreferrer noopener\">Segredos do Mundo<\/a>)<br>Essa era uma das coisas que voc\u00ea nunca percebeu?<\/p>\n\n\n\n<hr class=\"wp-block-separator has-alpha-channel-opacity\"\/>\n\n\n\n<h2 id='3-os-tubar\u00f5es-entram-em-coma-se-virados-de-cabe\u00e7a-para-baixo'  class=\"wp-block-heading\">3. Os tubar\u00f5es entram em coma se virados de cabe\u00e7a para baixo<\/h2>\n\n\n\n<p>Ao serem colocados de barriga para cima, alguns tubar\u00f5es entram em um estado de imobilidade chamado de &#8220;tonicidade&#8221;. \u00c9 uma t\u00e9cnica usada por cientistas para estud\u00e1-los com seguran\u00e7a.\u200b (fonte: <a href=\"https:\/\/pt.quizur.com\/list\/10-curiosidades-que-voce-provavelmente-nao-sabia-EDBg?utm_source=chatgpt.com\" target=\"_blank\" rel=\"noreferrer noopener\">Quizur<\/a>)<\/p>\n\n\n\n<hr class=\"wp-block-separator has-alpha-channel-opacity\"\/>\n\n\n\n<h2 id='4-o-algod\u00e3o-doce-foi-inventado-por-um-dentista'  class=\"wp-block-heading\">4. O algod\u00e3o doce foi inventado por um dentista<\/h2>\n\n\n\n<p>Ironia do destino: O doce que \u00e9 o pesadelo dos dentes foi criado por um dentista no s\u00e9culo XIX. Ele acreditava que a guloseima atrairia mais pacientes para seu consult\u00f3rio.\u200b Essa era uma das coisas que voc\u00ea nunca percebeu?<\/p>\n\n\n\n<hr class=\"wp-block-separator has-alpha-channel-opacity\"\/>\n\n\n\n<h2 id='5-a-l\u00edngua-humana-\u00e9-\u00fanica-como-a-impress\u00e3o-digital'  class=\"wp-block-heading\">5. A l\u00edngua humana \u00e9 \u00fanica como a impress\u00e3o digital<\/h2>\n\n\n\n<p>Com certeza essa era uma das coisas que voc\u00ea nunca percebeu. Assim como as impress\u00f5es digitais, cada pessoa possui uma l\u00edngua com padr\u00f5es \u00fanicos. Isso tem sido explorado em estudos de biometria para identifica\u00e7\u00e3o pessoal. (fonte: \u200b<a href=\"https:\/\/www.dentrodahistoria.com.br\/blog\/educacao\/curiosidades-corpo-humano\/?utm_source=chatgpt.com\" target=\"_blank\" rel=\"noreferrer noopener\">Dentro da Hist\u00f3ria<\/a>)<\/p>\n\n\n\n<hr class=\"wp-block-separator has-alpha-channel-opacity\"\/>\n\n\n\n<h2 id='6-o-c\u00e9rebro-humano-\u00e9-composto-por-75-de-\u00e1gua'  class=\"wp-block-heading\">6. O c\u00e9rebro humano \u00e9 composto por 75% de \u00e1gua<\/h2>\n\n\n\n<p>Nosso c\u00e9rebro \u00e9 surpreendentemente aquoso. Essa alta concentra\u00e7\u00e3o de \u00e1gua \u00e9 essencial para a condu\u00e7\u00e3o de impulsos el\u00e9tricos e funcionamento adequado das c\u00e9lulas cerebrais.\u200b<\/p>\n\n\n\n<hr class=\"wp-block-separator has-alpha-channel-opacity\"\/>\n\n\n\n<h2 id='7-a-terra-orbita-o-sol-a-aproximadamente-107-mil-km-h'  class=\"wp-block-heading\">7. A Terra orbita o Sol a aproximadamente 107 mil km\/h<\/h2>\n\n\n\n<p>Mesmo sentados, estamos viajando pelo espa\u00e7o a uma velocidade impressionante. A Terra completa uma volta ao redor do Sol a cada 365 dias, percorrendo essa dist\u00e2ncia a uma velocidade m\u00e9dia de 107 mil quil\u00f4metros por hora. (fonte: \u200b<a href=\"https:\/\/www.dentrodahistoria.com.br\/blog\/educacao\/curiosidades-corpo-humano\/?utm_source=chatgpt.com\" target=\"_blank\" rel=\"noreferrer noopener\">Dentro da Hist\u00f3ria<\/a>)<\/p>\n\n\n\n<hr class=\"wp-block-separator has-alpha-channel-opacity\"\/>\n\n\n\n<h2 id='8-a-maioria-das-vacas-n\u00e3o-consegue-descer-escadas'  class=\"wp-block-heading\">8. A maioria das vacas n\u00e3o consegue descer escadas<\/h2>\n\n\n\n<p>Devido \u00e0 estrutura de suas pernas traseiras, as vacas t\u00eam dificuldade em descer escadas. Elas podem subir com relativa facilidade, mas descer \u00e9 um verdadeiro desafio.\u200b (fonte: <a href=\"https:\/\/brasilescola.uol.com.br\/curiosidades?utm_source=chatgpt.com\" target=\"_blank\" rel=\"noreferrer noopener\">Brasil Escola<\/a>)<\/p>\n\n\n\n<hr class=\"wp-block-separator has-alpha-channel-opacity\"\/>\n\n\n\n<h2 id='9-a-primeira-chamada-de-telefone-m\u00f3vel-foi-feita-em-1973'  class=\"wp-block-heading\">9. A primeira chamada de telefone m\u00f3vel foi feita em 1973<\/h2>\n\n\n\n<p>Martin Cooper, engenheiro da Motorola, realizou a primeira liga\u00e7\u00e3o de um celular em 3 de abril de 1973, em Nova York. O aparelho pesava cerca de 1,1 kg e media 25 cm de comprimento.\u200b (fonte: <a href=\"https:\/\/www.ef.com.br\/blog\/language\/50-fatos-inacreditaveis-sobre-o-mundo\/?utm_source=chatgpt.com\" target=\"_blank\" rel=\"noreferrer noopener\">EF Education First | Brasil<\/a>)<\/p>\n\n\n\n<hr class=\"wp-block-separator has-alpha-channel-opacity\"\/>\n\n\n\n<h2 id='10-o-nariz-humano-pode-distinguir-at\u00e9-um-trilh\u00e3o-de-odores'  class=\"wp-block-heading\">10. O nariz humano pode distinguir at\u00e9 um trilh\u00e3o de odores<\/h2>\n\n\n\n<p>Nosso olfato \u00e9 mais poderoso do que imaginamos. Estudos indicam que o nariz humano \u00e9 capaz de diferenciar at\u00e9 um trilh\u00e3o de cheiros distintos, superando a capacidade de muitos animais.\u200b<\/p>\n\n\n\n<hr class=\"wp-block-separator has-alpha-channel-opacity\"\/>\n\n\n\n<h2 id='coisas-que-voc\u00ea-nunca-percebeu'  class=\"wp-block-heading\">Coisas que voc\u00ea nunca percebeu<\/h2>\n\n\n\n<p>O mundo est\u00e1 repleto de detalhes fascinantes que muitas vezes passam despercebidos. Ao prestar aten\u00e7\u00e3o nessas curiosidades, ampliamos nosso conhecimento e enxergamos o cotidiano com novos olhos.<\/p>\n\n\n\n<p>Ali\u00e1s, j\u00e1 reparou como a gente passa a vida inteira cercado por coisas incr\u00edveis e nem se d\u00e1 conta? \u00c0s vezes, tudo que falta \u00e9 um olhar mais curioso \u2014 aquele que questiona o \u00f3bvio e se encanta com os detalhes. E o mais legal \u00e9 que, depois que a gente percebe uma dessas curiosidades, nunca mais enxerga o mundo do mesmo jeito. \u2728<\/p>\n\n\n\n<p>Compartilhe essas descobertas com seus amigos e continue explorando as maravilhas que nos cercam!<\/p>\n\n\n\n<p>O que achou do Top 10 coisas que voc\u00ea nunca percebeu? Se voc\u00ea curtiu, pode ver mais <a href=\"https:\/\/1truenote.com\/en\/\" data-type=\"link\" data-id=\"https:\/\/1truenote.com\/\">aqui<\/a>.<\/p>","protected":false},"excerpt":{"rendered":"<p>Sabe aquelas pequenas descobertas que fazem voc\u00ea pensar: &#8220;Como nunca reparei nisso antes?&#8221; Prepare-se para uma lista que vai te&#8230;<\/p>","protected":false},"author":1,"featured_media":1200,"comment_status":"open","ping_status":"open","sticky":false,"template":"","format":"standard","meta":{"_kad_post_transparent":"","_kad_post_title":"","_kad_post_layout":"","_kad_post_sidebar_id":"","_kad_post_content_style":"","_kad_post_vertical_padding":"","_kad_post_feature":"","_kad_post_feature_position":"","_kad_post_header":false,"_kad_post_footer":false,"_kad_post_classname":"","footnotes":"","jetpack_publicize_message":"","jetpack_publicize_feature_enabled":true,"jetpack_social_post_already_shared":false,"jetpack_social_options":{"image_generator_settings":{"template":"highway","default_image_id":0,"font":"","enabled":false},"version":2}},"categories":[1],"tags":[],"class_list":["post-1156","post","type-post","status-publish","format-standard","has-post-thumbnail","hentry","category-novidades"],"jetpack_publicize_connections":[],"jetpack_featured_media_url":"https:\/\/i0.wp.com\/1truenote.com\/wp-content\/uploads\/2025\/04\/DALL%C2%B7E-2025-04-25-10.16.40-An-editorial-style-captivating-image-representing-surprising-discoveries-and-self-awareness.-A-curious-young-person-looking-amazed-standing-in-front.webp?fit=1792%2C1024&ssl=1","jetpack_sharing_enabled":true,"_links":{"self":[{"href":"https:\/\/1truenote.com\/en\/wp-json\/wp\/v2\/posts\/1156","targetHints":{"allow":["GET"]}}],"collection":[{"href":"https:\/\/1truenote.com\/en\/wp-json\/wp\/v2\/posts"}],"about":[{"href":"https:\/\/1truenote.com\/en\/wp-json\/wp\/v2\/types\/post"}],"author":[{"embeddable":true,"href":"https:\/\/1truenote.com\/en\/wp-json\/wp\/v2\/users\/1"}],"replies":[{"embeddable":true,"href":"https:\/\/1truenote.com\/en\/wp-json\/wp\/v2\/comments?post=1156"}],"version-history":[{"count":1,"href":"https:\/\/1truenote.com\/en\/wp-json\/wp\/v2\/posts\/1156\/revisions"}],"predecessor-version":[{"id":4280,"href":"https:\/\/1truenote.com\/en\/wp-json\/wp\/v2\/posts\/1156\/revisions\/4280"}],"wp:featuredmedia":[{"embeddable":true,"href":"https:\/\/1truenote.com\/en\/wp-json\/wp\/v2\/media\/1200"}],"wp:attachment":[{"href":"https:\/\/1truenote.com\/en\/wp-json\/wp\/v2\/media?parent=1156"}],"wp:term":[{"taxonomy":"category","embeddable":true,"href":"https:\/\/1truenote.com\/en\/wp-json\/wp\/v2\/categories?post=1156"},{"taxonomy":"post_tag","embeddable":true,"href":"https:\/\/1truenote.com\/en\/wp-json\/wp\/v2\/tags?post=1156"}],"curies":[{"name":"wp","href":"https:\/\/api.w.org\/{rel}","templated":true}]}}